{"id":39660,"date":"2025-05-05T16:55:02","date_gmt":"2025-05-05T19:55:02","guid":{"rendered":"https:\/\/larevistadigital.com.ar\/blog\/?p=39660"},"modified":"2025-05-05T16:55:02","modified_gmt":"2025-05-05T19:55:02","slug":"la-provincia-anuncio-el-nuevo-sistema-integrado-de-control-de-cargas","status":"publish","type":"post","link":"https:\/\/larevistadigital.com.ar\/blog\/la-provincia-anuncio-el-nuevo-sistema-integrado-de-control-de-cargas\/","title":{"rendered":"La Provincia anunci\u00f3 el nuevo Sistema Integrado de Control de Cargas"},"content":{"rendered":"<h2>Se trata de la instalaci\u00f3n de 40 balanzas din\u00e1micas para el control de peso de lo que se transporte en las rutas provinciales.<\/h2>\n<p>05 De Mayo de 2025<\/p>\n<p>El ministro de Gobierno, Carlos Bianco y el ministro de Infraestructura y Servicios P\u00fablicos, Gabriel Katopodis, anunciaron el Nuevo Sistema Integrado de Control de Cargas, en el marco de Mejoramiento y Modernizaci\u00f3n del Sistema Vial de la Provincia de Buenos Aires.<\/p>\n<p>En ese sentido, Katopodis expres\u00f3: \u201cMilei y Caputo no hicieron un solo km de ruta en 500 d\u00edas de gesti\u00f3n. Frente a ese abandono, el gobernador Axel Kicillof tiene la convicci\u00f3n de seguir apostando a la inversi\u00f3n en infraestructura como palanca para el desarrollo productivo\u201d. Y continu\u00f3: \u201cEn ese marco, estamos planificando y coordinando las acciones para completar el plan vial que incluye 508 obras y proyectos, que equivalen a 4.580 km a intervenir\u201d.<\/p>\n<blockquote>\n<h3><em>\u201cNecesitamos, adem\u00e1s, controlar lo que se transporta arriba de las rutas. Por eso pusimos en marcha un nuevo Sistema Integrado de Control de Cargas con balanzas din\u00e1micas para tener un mejor seguimiento de toda la log\u00edstica, el flujo y las prioridades de inversi\u00f3n\u201d<\/em>, se\u00f1al\u00f3.<\/h3>\n<\/blockquote>\n<p>En tanto, Carlos Bianco afirm\u00f3: \u201cEn Villa Itat\u00ed, partido de Quilmes, desde que comenz\u00f3 la gesti\u00f3n del gobernador Kicillof, la Provincia lleva financiadas obras por 31.700 millones de pesos, en valores actualizados. Es un compromiso que tomamos al principio de la gesti\u00f3n y lo venimos ejecutando, incluso con tareas que no tienen que ver directamente con competencias provinciales, como son la gesti\u00f3n de residuos s\u00f3lidos urbanos, la limpieza y mantenimiento de las calles y los cursos de agua en el barrio\u201d.<\/p>\n<blockquote>\n<h3>Por su parte, el presidente del Banco Provincia, Juan Cuatrromo, expres\u00f3: \u201cContinuamos poniendo a disposici\u00f3n todas las herramientas que tiene la banca p\u00fablica para asistir a la ciudad de Bah\u00eda Blanca. Ya hemos generado cr\u00e9ditos por $110.000 millones, abarcando a familias, empresas, microemprendedores, y un leasing para el municipio\u201d.<\/h3>\n<\/blockquote>\n<p>Este nuevo sistema apunta a fortalecer las medidas de conservaci\u00f3n de la red vial bonaerense y a reforzar el control de las cargas permitidas para la circulaci\u00f3n, con el fin de atenuar el deterioro y prolongar la vida \u00fatil del pavimento. Adem\u00e1s, representa un avance en cuanto a la innovaci\u00f3n y la modernizaci\u00f3n en el control del tr\u00e1nsito, ya que permiten un monitoreo m\u00e1s preciso, eficiente y en tiempo real.<\/p>\n<blockquote>\n<h3>En ese sentido, entre 2025-2027 y por etapas, m\u00e1s de 20 corredores provinciales contar\u00e1n con 40 nuevos p\u00f3rticos con balanzas din\u00e1micas para el control de pesos y cargas, que permitir\u00e1n mejorar la seguridad vial y la conservaci\u00f3n de la infraestructura, con una inversi\u00f3n estimada de $13.391 millones.<\/h3>\n<\/blockquote>\n<p>La implementaci\u00f3n estar\u00e1 cargo de la Direcci\u00f3n de Vialidad y AUBASA, dependientes del Ministerio de Infraestructura y Servicios P\u00fablicos, seg\u00fan sus \u00e1reas de concesi\u00f3n. En 2025, ser\u00e1n 14 balanzas a instalar y entre 2026 y 2027, otras 20, que se suman a 3 que ya est\u00e1n en funcionamiento y otras 3 que est\u00e1n en proceso de rehabilitaci\u00f3n.\u00a0 En tanto, la fiscalizaci\u00f3n y el control ser\u00e1 a partir de operativos en conjunto con Vialidad, ARBA; los Ministerios de Transporte, Desarrollo Agrario, Producci\u00f3n, Ciencia e Innovaci\u00f3n Tecnol\u00f3gica; AUBASA, fuerzas de seguridad, entre otros.<\/p>\n<p>La priorizaci\u00f3n en la ubicaci\u00f3n de las balanzas de control, que alcanzar\u00e1n a m\u00e1s de 20 rutas provinciales, responde a criterios productivos regionales, a oportunidades log\u00edsticas a potenciar seg\u00fan la planificaci\u00f3n estrat\u00e9gica territorial y a cuestiones administrativas, como los contratos ya existentes para la instalaci\u00f3n de estos dispositivos.<\/p>\n<blockquote>\n<h3>\u201cEn el mundo estamos viviendo una guerra comercial, donde los planes de infraestructura son las herramientas con las que las potencias disputan los mercados. El Gobierno Nacional no tiene mejor idea que desfinanciarlo\u201d, continu\u00f3 Katopodis.<\/h3>\n<\/blockquote>\n<p>Y concluy\u00f3: \u201cMilei est\u00e1 destruyendo todo. Cuando se termine la timba financiera no va a quedar nada, por eso es decisi\u00f3n de Axel llevar adelante Obras P\u00fablicas que se puedan ver y tocar\u201d.<\/p>\n<p>Adem\u00e1s, durante la Conferencia, Carlos Bianco afirm\u00f3: \u201cEn Villa Itat\u00ed, partido de Quilmes, desde que comenz\u00f3 la gesti\u00f3n del gobernador Kicillof, la Provincia lleva financiadas obras por 31.700 millones de pesos, en valores actualizados. Es un compromiso que tomamos al principio de la gesti\u00f3n y lo venimos ejecutando, incluso con tareas que no tienen que ver directamente con competencias provinciales, como son la gesti\u00f3n de residuos s\u00f3lidos urbanos, la limpieza y mantenimiento de las calles y los cursos de agua en el barrio\u201d.<\/p>\n<p>Por su parte, el presidente del Banco Provincia, Juan Cuatrromo, expres\u00f3: \u201cContinuamos poniendo a disposici\u00f3n todas las herramientas que tiene la banca p\u00fablica para asistir a la ciudad de Bah\u00eda Blanca. Ya hemos generado cr\u00e9ditos por $110.000 millones, abarcando a familias, empresas, microemprendedores, y un leasing para el municipio\u201d.<\/p>\n<p>&nbsp;<\/p>\n<p><strong>MEJORAMIENTO Y MODERNIZACI\u00d3N DEL SISTEMA VIAL DE LA PBA<\/strong><\/p>\n<p>El Ministerio de Infraestructura y Servicios P\u00fablicos avanza con plan de acci\u00f3n para los pr\u00f3ximos 30 meses que incluye 508 obras y proyectos vigentes, que equivalen a 4.580 km a intervenir<\/p>\n<p>Este Plan, que contempla una inversi\u00f3n proyectada 2025-2027 de $1.9 billones de pesos, incluye tres l\u00edneas de acci\u00f3n. La primera contempla obras y proyectos en\u00a0<strong>Corredores Productivos<\/strong>\u00a0como el de la Costa Atl\u00e1ntica, RP 41, RP 51 y en el Corredor del Oeste (RP 65 \u2013 RN 33).<\/p>\n<p>Como segunda l\u00ednea de acci\u00f3n, se ejecutar\u00e1n obras y proyectos de\u00a0<strong>Estrategia Log\u00edstica de la Regi\u00f3n Metropolitana de Buenos Aires\u00a0<\/strong>que incluye la Ruta Provincial 4; la Ruta Provincial 6; la Autopista Presidente Per\u00f3n, una obra paralizada por Naci\u00f3n; adem\u00e1s del Programa de Movilidad y Accesibilidad Sostenible (MAS) y la jerarquizaci\u00f3n de arterias urbanas.<\/p>\n<p>Un tercer eje es el de\u00a0<strong>Rehabilitaci\u00f3n Integral<\/strong>\u00a0con 35 obras y proyectos para la repavimentaci\u00f3n de 1.127 km, 1.500 kil\u00f3metros de mejora en caminos rurales, y el sistema integrado de control de cargas.<\/p>\n<p>A partir del Plan Estrat\u00e9gico de Infraestructura 2024-2027, el Ministerio de Infraestructura y Servicios P\u00fablicos defini\u00f3 al eje\u00a0<strong>Conectividad y Log\u00edstica<\/strong>\u00a0como de una de sus cinco l\u00edneas de gesti\u00f3n, a partir del cual se propone consolidar nuevos corredores viales que refuercen la infraestructura existente y potencien la integraci\u00f3n de las distintas regiones y puertos de la provincia para dinamizar su crecimiento.<\/p>\n","protected":false},"excerpt":{"rendered":"<div class=\"mh-excerpt\"><p>Se trata de la instalaci\u00f3n de 40 balanzas din\u00e1micas para el control de peso de lo que se transporte en las rutas provinciales. 05 De Mayo de 2025 El ministro de Gobierno, Carlos Bianco y <a class=\"mh-excerpt-more\" href=\"https:\/\/larevistadigital.com.ar\/blog\/la-provincia-anuncio-el-nuevo-sistema-integrado-de-control-de-cargas\/\" title=\"La Provincia anunci\u00f3 el nuevo Sistema Integrado de Control de Cargas\">[Leer M\u00e1s]<\/a><\/p>\n<\/div>","protected":false},"author":3,"featured_media":39661,"comment_status":"open","ping_status":"open","sticky":false,"template":"","format":"standard","meta":{"_jetpack_memberships_contains_paid_content":false,"footnotes":"","jetpack_publicize_message":"","jetpack_publicize_feature_enabled":true,"jetpack_social_post_already_shared":true,"jetpack_social_options":{"image_generator_settings":{"template":"highway","default_image_id":0,"font":"","enabled":false},"version":2}},"categories":[24,51],"tags":[],"class_list":{"0":"post-39660","1":"post","2":"type-post","3":"status-publish","4":"format-standard","5":"has-post-thumbnail","7":"category-politica-provincial","8":"category-regionales"},"jetpack_publicize_connections":[],"jetpack_featured_media_url":"https:\/\/i0.wp.com\/larevistadigital.com.ar\/blog\/wp-content\/uploads\/AR75853-1_1.jpg?fit=700%2C467&ssl=1","jetpack_sharing_enabled":true,"jetpack_shortlink":"https:\/\/wp.me\/p8qtrQ-ajG","jetpack-related-posts":[{"id":39657,"url":"https:\/\/larevistadigital.com.ar\/blog\/bianco-detallo-los-preparativos-para-las-elecciones-legislativas-provinciales\/","url_meta":{"origin":39660,"position":0},"title":"Bianco detall\u00f3 los preparativos para las elecciones legislativas provinciales","author":"Alejandro Sosa Ruda","date":"5 mayo, 2025","format":false,"excerpt":"El Ministro de Gobierno bonaerense brind\u00f3 una rueda de prensa junto a su par de Infraestructura y Servicios P\u00fablicos, Gabriel Katopodis, y el presidente del Banco Provincia, Juan Cuattromo. 05 de Mayo de 2025 BUENOS AIRES -\u00a0 \u00a0\u201cUnos 22 mil efectivos de la Polic\u00eda bonaerense estar\u00e1n a disposici\u00f3n del Comando\u2026","rel":"","context":"En \u00abDESTACADAS\u00bb","block_context":{"text":"DESTACADAS","link":"https:\/\/larevistadigital.com.ar\/blog\/category\/destacadas\/"},"img":{"alt_text":"","src":"https:\/\/i0.wp.com\/larevistadigital.com.ar\/blog\/wp-content\/uploads\/foto_19.jpeg?fit=743%2C530&ssl=1&resize=350%2C200","width":350,"height":200,"srcset":"https:\/\/i0.wp.com\/larevistadigital.com.ar\/blog\/wp-content\/uploads\/foto_19.jpeg?fit=743%2C530&ssl=1&resize=350%2C200 1x, https:\/\/i0.wp.com\/larevistadigital.com.ar\/blog\/wp-content\/uploads\/foto_19.jpeg?fit=743%2C530&ssl=1&resize=525%2C300 1.5x, https:\/\/i0.wp.com\/larevistadigital.com.ar\/blog\/wp-content\/uploads\/foto_19.jpeg?fit=743%2C530&ssl=1&resize=700%2C400 2x"},"classes":[]},{"id":41837,"url":"https:\/\/larevistadigital.com.ar\/blog\/finalizaron-las-obras-de-mejoras-y-repavimentacion-de-la-ruta-provincial-63\/","url_meta":{"origin":39660,"position":1},"title":"Finalizaron las obras de mejoras y repavimentaci\u00f3n de la Ruta Provincial 63","author":"Alejandro Sosa Ruda","date":"8 octubre, 2025","format":false,"excerpt":"El Ministerio de Infraestructura y Servicios P\u00fablicos de la Provincia de Buenos Aires concluy\u00f3 los trabajos de mejora y repavimentaci\u00f3n en un tramo de 29,5 kil\u00f3metros de la Ruta Provincial 63, que conecta las localidades de Tordillo y Dolores. Estas obras optimizan la circulaci\u00f3n y la seguridad vial de miles\u2026","rel":"","context":"En \u00abREGIONALES\u00bb","block_context":{"text":"REGIONALES","link":"https:\/\/larevistadigital.com.ar\/blog\/category\/regionales\/"},"img":{"alt_text":"","src":"https:\/\/i0.wp.com\/larevistadigital.com.ar\/blog\/wp-content\/uploads\/20251008191548_repavimentacion-ruta-provincial-63-dolores-tordillo.jpg?fit=880%2C512&ssl=1&resize=350%2C200","width":350,"height":200,"srcset":"https:\/\/i0.wp.com\/larevistadigital.com.ar\/blog\/wp-content\/uploads\/20251008191548_repavimentacion-ruta-provincial-63-dolores-tordillo.jpg?fit=880%2C512&ssl=1&resize=350%2C200 1x, https:\/\/i0.wp.com\/larevistadigital.com.ar\/blog\/wp-content\/uploads\/20251008191548_repavimentacion-ruta-provincial-63-dolores-tordillo.jpg?fit=880%2C512&ssl=1&resize=525%2C300 1.5x, https:\/\/i0.wp.com\/larevistadigital.com.ar\/blog\/wp-content\/uploads\/20251008191548_repavimentacion-ruta-provincial-63-dolores-tordillo.jpg?fit=880%2C512&ssl=1&resize=700%2C400 2x"},"classes":[]},{"id":42498,"url":"https:\/\/larevistadigital.com.ar\/blog\/bianco-el-gobierno-nacional-le-debe-129-billones-a-la-provincia\/","url_meta":{"origin":39660,"position":2},"title":"Bianco: \u201cEl Gobierno nacional le debe $12,9 billones a la Provincia\u201d","author":"Alejandro Sosa Ruda","date":"17 noviembre, 2025","format":false,"excerpt":"El ministro de Gobierno, Carlos Bianco, llev\u00f3 a cabo una nueva conferencia de prensa junto al ministro de Infraestructura y Servicios P\u00fablicos, Gabriel Katopodis, y al presidente de AUBASA, Jos\u00e9 Arteaga. El ministro de Gobierno de la Provincia de Buenos Aires, Carlos Bianco, brind\u00f3 hoy la habitual conferencia de prensa\u2026","rel":"","context":"En \u00abDESTACADAS\u00bb","block_context":{"text":"DESTACADAS","link":"https:\/\/larevistadigital.com.ar\/blog\/category\/destacadas\/"},"img":{"alt_text":"","src":"https:\/\/i0.wp.com\/larevistadigital.com.ar\/blog\/wp-content\/uploads\/Screenshot_20251117_134850_Drive.jpg?fit=743%2C530&ssl=1&resize=350%2C200","width":350,"height":200,"srcset":"https:\/\/i0.wp.com\/larevistadigital.com.ar\/blog\/wp-content\/uploads\/Screenshot_20251117_134850_Drive.jpg?fit=743%2C530&ssl=1&resize=350%2C200 1x, https:\/\/i0.wp.com\/larevistadigital.com.ar\/blog\/wp-content\/uploads\/Screenshot_20251117_134850_Drive.jpg?fit=743%2C530&ssl=1&resize=525%2C300 1.5x, https:\/\/i0.wp.com\/larevistadigital.com.ar\/blog\/wp-content\/uploads\/Screenshot_20251117_134850_Drive.jpg?fit=743%2C530&ssl=1&resize=700%2C400 2x"},"classes":[]},{"id":19319,"url":"https:\/\/larevistadigital.com.ar\/blog\/ayacucho-el-intendente-se-reunio-con-el-ministro-de-infraestructura-y-servicios-agustin-simone\/","url_meta":{"origin":39660,"position":3},"title":"AYACUCHO: EL INTENDENTE SE REUNI\u00d3 CON EL MINISTRO DE INFRAESTRUCTURA Y SERVICIOS, AGUST\u00cdN SIMONE","author":"Alejandro Sosa Ruda","date":"18 marzo, 2021","format":false,"excerpt":"El ministro de Infraestructura y Servicios P\u00fablicos de la Provincia, Agust\u00edn Simone, recibi\u00f3 al intendente de Ayacucho, Emilio Cordonnier, para conversar sobre proyectos vinculados a la obra p\u00fablica en nuestra ciudad. En ese sentido, hablaron sobre el presupuesto asignado a Ayacucho para este 2021 y sobre obras que fueron paralizadas\u2026","rel":"","context":"En \u00abREGIONALES\u00bb","block_context":{"text":"REGIONALES","link":"https:\/\/larevistadigital.com.ar\/blog\/category\/regionales\/"},"img":{"alt_text":"","src":"https:\/\/i0.wp.com\/larevistadigital.com.ar\/blog\/wp-content\/uploads\/Captura-de-pantalla-2021-03-18-104522.png?fit=843%2C562&ssl=1&resize=350%2C200","width":350,"height":200,"srcset":"https:\/\/i0.wp.com\/larevistadigital.com.ar\/blog\/wp-content\/uploads\/Captura-de-pantalla-2021-03-18-104522.png?fit=843%2C562&ssl=1&resize=350%2C200 1x, https:\/\/i0.wp.com\/larevistadigital.com.ar\/blog\/wp-content\/uploads\/Captura-de-pantalla-2021-03-18-104522.png?fit=843%2C562&ssl=1&resize=525%2C300 1.5x, https:\/\/i0.wp.com\/larevistadigital.com.ar\/blog\/wp-content\/uploads\/Captura-de-pantalla-2021-03-18-104522.png?fit=843%2C562&ssl=1&resize=700%2C400 2x"},"classes":[]},{"id":1437,"url":"https:\/\/larevistadigital.com.ar\/blog\/dietrich-presento-a-empresarios-del-transporte-de-cargas-de-todo-el-pais-los-avances-del-plan-de-transporte\/","url_meta":{"origin":39660,"position":4},"title":"DIETRICH PRESENT\u00d3 A EMPRESARIOS DEL TRANSPORTE DE CARGAS DE TODO EL PA\u00cdS LOS AVANCES DEL PLAN DE TRANSPORTE","author":"editor","date":"18 marzo, 2017","format":false,"excerpt":"El ministro de Transporte de la Naci\u00f3n, Guillermo Dietrich, expuso ante la Federaci\u00f3n Argentina de Entidades Empresarias del Autotransporte de Cargas, los avances del plan vial federal y las pol\u00edticas dirigidas al sector enmarcados en el plan de Nacional de Transporte tras 15 meses de gesti\u00f3n y su impacto en\u2026","rel":"","context":"En \u00abGREMIALES\u00bb","block_context":{"text":"GREMIALES","link":"https:\/\/larevistadigital.com.ar\/blog\/category\/gremiales\/"},"img":{"alt_text":"","src":"https:\/\/i0.wp.com\/larevistadigital.com.ar\/blog\/wp-content\/uploads\/2017\/03\/PRSENTACI%C3%93N-DE-DIETRICH-ANTE-LA-FADEEAC.jpg?fit=1200%2C740&ssl=1&resize=350%2C200","width":350,"height":200,"srcset":"https:\/\/i0.wp.com\/larevistadigital.com.ar\/blog\/wp-content\/uploads\/2017\/03\/PRSENTACI%C3%93N-DE-DIETRICH-ANTE-LA-FADEEAC.jpg?fit=1200%2C740&ssl=1&resize=350%2C200 1x, https:\/\/i0.wp.com\/larevistadigital.com.ar\/blog\/wp-content\/uploads\/2017\/03\/PRSENTACI%C3%93N-DE-DIETRICH-ANTE-LA-FADEEAC.jpg?fit=1200%2C740&ssl=1&resize=525%2C300 1.5x, https:\/\/i0.wp.com\/larevistadigital.com.ar\/blog\/wp-content\/uploads\/2017\/03\/PRSENTACI%C3%93N-DE-DIETRICH-ANTE-LA-FADEEAC.jpg?fit=1200%2C740&ssl=1&resize=700%2C400 2x, https:\/\/i0.wp.com\/larevistadigital.com.ar\/blog\/wp-content\/uploads\/2017\/03\/PRSENTACI%C3%93N-DE-DIETRICH-ANTE-LA-FADEEAC.jpg?fit=1200%2C740&ssl=1&resize=1050%2C600 3x"},"classes":[]},{"id":35926,"url":"https:\/\/larevistadigital.com.ar\/blog\/se-inauguro-una-nueva-casa-de-la-provincia-en-pila-y-cuenta-con-oficina-del-ips\/","url_meta":{"origin":39660,"position":5},"title":"SE INAUGUR\u00d3 UNA NUEVA CASA DE LA PROVINCIA EN PILA Y CUENTA CON OFICINA DEL IPS","author":"Alejandro Sosa Ruda","date":"27 abril, 2024","format":false,"excerpt":"El gobernador Axel Kicillof encabez\u00f3 este viernes el acto inaugural de la quinta Casa de la Provincia, esta vez en la localidad de Pila.\u00a0\u00a0 27 de anril de 1024 BUENOS AIRES -\u00a0 El nuevo edificio, que cuenta con una oficina del IPS, est\u00e1 pensado para garantizar el acceso a los\u2026","rel":"","context":"En \u00abPOLITICA PROVINCIAL\u00bb","block_context":{"text":"POLITICA PROVINCIAL","link":"https:\/\/larevistadigital.com.ar\/blog\/category\/politica\/politica-provincial\/"},"img":{"alt_text":"","src":"https:\/\/i0.wp.com\/larevistadigital.com.ar\/blog\/wp-content\/uploads\/casa-de-la-provincia-pilaaa-1000x600-1.jpg?fit=1000%2C600&ssl=1&resize=350%2C200","width":350,"height":200,"srcset":"https:\/\/i0.wp.com\/larevistadigital.com.ar\/blog\/wp-content\/uploads\/casa-de-la-provincia-pilaaa-1000x600-1.jpg?fit=1000%2C600&ssl=1&resize=350%2C200 1x, https:\/\/i0.wp.com\/larevistadigital.com.ar\/blog\/wp-content\/uploads\/casa-de-la-provincia-pilaaa-1000x600-1.jpg?fit=1000%2C600&ssl=1&resize=525%2C300 1.5x, https:\/\/i0.wp.com\/larevistadigital.com.ar\/blog\/wp-content\/uploads\/casa-de-la-provincia-pilaaa-1000x600-1.jpg?fit=1000%2C600&ssl=1&resize=700%2C400 2x"},"classes":[]}],"_links":{"self":[{"href":"https:\/\/larevistadigital.com.ar\/blog\/wp-json\/wp\/v2\/posts\/39660","targetHints":{"allow":["GET"]}}],"collection":[{"href":"https:\/\/larevistadigital.com.ar\/blog\/wp-json\/wp\/v2\/posts"}],"about":[{"href":"https:\/\/larevistadigital.com.ar\/blog\/wp-json\/wp\/v2\/types\/post"}],"author":[{"embeddable":true,"href":"https:\/\/larevistadigital.com.ar\/blog\/wp-json\/wp\/v2\/users\/3"}],"replies":[{"embeddable":true,"href":"https:\/\/larevistadigital.com.ar\/blog\/wp-json\/wp\/v2\/comments?post=39660"}],"version-history":[{"count":1,"href":"https:\/\/larevistadigital.com.ar\/blog\/wp-json\/wp\/v2\/posts\/39660\/revisions"}],"predecessor-version":[{"id":39662,"href":"https:\/\/larevistadigital.com.ar\/blog\/wp-json\/wp\/v2\/posts\/39660\/revisions\/39662"}],"wp:featuredmedia":[{"embeddable":true,"href":"https:\/\/larevistadigital.com.ar\/blog\/wp-json\/wp\/v2\/media\/39661"}],"wp:attachment":[{"href":"https:\/\/larevistadigital.com.ar\/blog\/wp-json\/wp\/v2\/media?parent=39660"}],"wp:term":[{"taxonomy":"category","embeddable":true,"href":"https:\/\/larevistadigital.com.ar\/blog\/wp-json\/wp\/v2\/categories?post=39660"},{"taxonomy":"post_tag","embeddable":true,"href":"https:\/\/larevistadigital.com.ar\/blog\/wp-json\/wp\/v2\/tags?post=39660"}],"curies":[{"name":"wp","href":"https:\/\/api.w.org\/{rel}","templated":true}]}}