{"id":39704,"date":"2025-05-07T18:49:06","date_gmt":"2025-05-07T21:49:06","guid":{"rendered":"https:\/\/larevistadigital.com.ar\/blog\/?p=39704"},"modified":"2025-05-07T18:49:06","modified_gmt":"2025-05-07T21:49:06","slug":"chascomus-operativo-conjunto-de-policia-de-seg-vial-comando-de-prevencion-rural-dir-de-invest-en-funcion-judicial-y-epc-lezama-detuvo-luego-de-una-persecucion-a-dos-individuos","status":"publish","type":"post","link":"https:\/\/larevistadigital.com.ar\/blog\/chascomus-operativo-conjunto-de-policia-de-seg-vial-comando-de-prevencion-rural-dir-de-invest-en-funcion-judicial-y-epc-lezama-detuvo-luego-de-una-persecucion-a-dos-individuos\/","title":{"rendered":"Chascom\u00fas: Operativo conjunto de Polic\u00eda de Seg. Vial, Comando de Prevenci\u00f3n Rural, Dir. de Invest. en Funci\u00f3n Judicial, y EPC Lezama, detuvo luego de una persecuci\u00f3n a dos individuos"},"content":{"rendered":"<p data-start=\"278\" data-end=\"459\"><strong data-start=\"278\" data-end=\"459\">Tras una cinematogr\u00e1fica fuga por varias localidades bonaerenses, la polic\u00eda logr\u00f3 detener a dos hombres en un operativo conjunto que involucr\u00f3 a m\u00faltiples fuerzas de seguridad.<\/strong><\/p>\n<p data-start=\"278\" data-end=\"459\">07 de Mayo de 2025<\/p>\n<p data-start=\"461\" data-end=\"806\"><strong>CHASCOM\u00daS &#8211;\u00a0<\/strong> Un operativo coordinado entre distintas fuerzas policiales bonaerenses culmin\u00f3 este martes con la detenci\u00f3n de dos sujetos oriundos de Avellaneda, quienes fueron protagonistas de una extensa persecuci\u00f3n sobre la Ruta 2 tras cometer m\u00faltiples delitos en localidades como Villa Gesell, Lezama, Chascom\u00fas y otras zonas del interior de la provincia.<\/p>\n<blockquote>\n<h3 data-start=\"808\" data-end=\"1140\">Todo comenz\u00f3 cuando se emiti\u00f3 una alerta sobre un veh\u00edculo que se hab\u00eda dado a la fuga de Villa Gesell luego de protagonizar varios il\u00edcitos contra la propiedad. La sospecha se confirm\u00f3 cuando la Estaci\u00f3n de Polic\u00eda Comunal de Lezama detect\u00f3 la participaci\u00f3n de ese mismo autom\u00f3vil en otro hecho delictivo dentro de su jurisdicci\u00f3n.<\/h3>\n<\/blockquote>\n<p data-start=\"1142\" data-end=\"1545\">Gracias al trabajo del sistema de monitoreo local y la r\u00e1pida intervenci\u00f3n del Destacamento Vial Samboromb\u00f3n, se logr\u00f3 establecer la direcci\u00f3n de fuga hacia la Ruta 2. Poco despu\u00e9s, el veh\u00edculo fue captado por las c\u00e1maras del Centro de Monitoreo de Chascom\u00fas, cometiendo otro robo en plena Avenida Alfons\u00edn. Tras este nuevo episodio, los delincuentes continuaron su huida en direcci\u00f3n a Capital Federal.<\/p>\n<blockquote>\n<h3 data-start=\"1547\" data-end=\"1887\">El auto fue finalmente localizado en el estacionamiento de un local de comidas r\u00e1pidas. Al verse acorralados, los ocupantes intentaron escapar nuevamente, iniciando as\u00ed una peligrosa persecuci\u00f3n en la que intervinieron agentes de la SubDDI de Villa Gesell, SubDDI de Chascom\u00fas, el Comando de Prevenci\u00f3n Rural y la Polic\u00eda Comunal de Lezama.<\/h3>\n<\/blockquote>\n<p data-start=\"1889\" data-end=\"2245\">La fuga termin\u00f3 cuando los efectivos lograron detener el veh\u00edculo y aprehender a los dos hombres, ambos mayores de edad y con extensos antecedentes penales. Dentro del rodado se secuestr\u00f3 una importante cantidad de elementos robados, presuntamente vinculados a los delitos cometidos recientemente en distintas localidades, as\u00ed como tambi\u00e9n estupefacientes.<\/p>\n<p data-start=\"2247\" data-end=\"2504\">Por razones de jurisdicci\u00f3n, la causa fue inicialmente tomada por la UFI Descentralizada de Brandsen, a cargo de la Dra. Albisu, quien posteriormente deleg\u00f3 la investigaci\u00f3n a la UFI N\u00b09 de Chascom\u00fas, bajo la direcci\u00f3n de la Dra. Daniela Bertoletti Tramuja.<\/p>\n<h3 data-start=\"2506\" data-end=\"2557\"><span style=\"color: #ff0000\">Una persecuci\u00f3n que expone un problema de fondo<\/span><\/h3>\n<p data-start=\"2559\" data-end=\"3043\">El caso evidencia no solo la eficacia de los operativos interjurisdiccionales, sino tambi\u00e9n la preocupante frecuencia con la que delincuentes con prontuarios pesados logran circular y actuar en diferentes ciudades sin mayores obst\u00e1culos. La coordinaci\u00f3n entre fuerzas y el uso de tecnolog\u00eda de monitoreo fueron clave para evitar consecuencias mayores, pero tambi\u00e9n ponen sobre la mesa la necesidad de fortalecer los mecanismos de prevenci\u00f3n y control en todo el corredor de la Ruta 2.<\/p>\n","protected":false},"excerpt":{"rendered":"<div class=\"mh-excerpt\"><p>Tras una cinematogr\u00e1fica fuga por varias localidades bonaerenses, la polic\u00eda logr\u00f3 detener a dos hombres en un operativo conjunto que involucr\u00f3 a m\u00faltiples fuerzas de seguridad. 07 de Mayo de 2025 CHASCOM\u00daS &#8211;\u00a0 Un operativo <a class=\"mh-excerpt-more\" href=\"https:\/\/larevistadigital.com.ar\/blog\/chascomus-operativo-conjunto-de-policia-de-seg-vial-comando-de-prevencion-rural-dir-de-invest-en-funcion-judicial-y-epc-lezama-detuvo-luego-de-una-persecucion-a-dos-individuos\/\" title=\"Chascom\u00fas: Operativo conjunto de Polic\u00eda de Seg. Vial, Comando de Prevenci\u00f3n Rural, Dir. de Invest. en Funci\u00f3n Judicial, y EPC Lezama, detuvo luego de una persecuci\u00f3n a dos individuos\">[Leer M\u00e1s]<\/a><\/p>\n<\/div>","protected":false},"author":3,"featured_media":12370,"comment_status":"open","ping_status":"open","sticky":false,"template":"","format":"standard","meta":{"_jetpack_memberships_contains_paid_content":false,"footnotes":"","jetpack_publicize_message":"","jetpack_publicize_feature_enabled":true,"jetpack_social_post_already_shared":true,"jetpack_social_options":{"image_generator_settings":{"template":"highway","default_image_id":0,"font":"","enabled":false},"version":2}},"categories":[41,44],"tags":[],"class_list":{"0":"post-39704","1":"post","2":"type-post","3":"status-publish","4":"format-standard","5":"has-post-thumbnail","7":"category-destacadas","8":"category-policiales"},"jetpack_publicize_connections":[],"jetpack_featured_media_url":"https:\/\/i0.wp.com\/larevistadigital.com.ar\/blog\/wp-content\/uploads\/Policia-Local-Dolores-678x381.jpg?fit=678%2C381&ssl=1","jetpack_sharing_enabled":true,"jetpack_shortlink":"https:\/\/wp.me\/p8qtrQ-ako","jetpack-related-posts":[{"id":39722,"url":"https:\/\/larevistadigital.com.ar\/blog\/cayeron-los-ladrones-del-corredor-atlantico-persecucion-cinematografica-termino-con-dos-detenidos-en-samborombon\/","url_meta":{"origin":39704,"position":0},"title":"Cayeron \u201cLos ladrones del Corredor Atl\u00e1ntico\u201d: persecuci\u00f3n cinematogr\u00e1fica termin\u00f3 con dos detenidos en Samboromb\u00f3n","author":"Alejandro Sosa Ruda","date":"10 mayo, 2025","format":false,"excerpt":"Tras una serie de robos en distintas localidades de la Costa Atl\u00e1ntica, la Polic\u00eda Bonaerense detuvo a dos delincuentes que hu\u00edan a bordo de un Gol Trend negro. Hab\u00edan protagonizado un raid delictivo entre Villa Gesell y Chascom\u00fas. 09 de Mayo de 2025 BUENOS AIRES -\u00a0 La historia parece sacada\u2026","rel":"","context":"En \u00abPOLICIALES\u00bb","block_context":{"text":"POLICIALES","link":"https:\/\/larevistadigital.com.ar\/blog\/category\/policiales\/"},"img":{"alt_text":"","src":"https:\/\/i0.wp.com\/larevistadigital.com.ar\/blog\/wp-content\/uploads\/d5b8dbd389aaae16eb22d0e2faf672a862557ce4.jpg?fit=1112%2C900&ssl=1&resize=350%2C200","width":350,"height":200,"srcset":"https:\/\/i0.wp.com\/larevistadigital.com.ar\/blog\/wp-content\/uploads\/d5b8dbd389aaae16eb22d0e2faf672a862557ce4.jpg?fit=1112%2C900&ssl=1&resize=350%2C200 1x, https:\/\/i0.wp.com\/larevistadigital.com.ar\/blog\/wp-content\/uploads\/d5b8dbd389aaae16eb22d0e2faf672a862557ce4.jpg?fit=1112%2C900&ssl=1&resize=525%2C300 1.5x, https:\/\/i0.wp.com\/larevistadigital.com.ar\/blog\/wp-content\/uploads\/d5b8dbd389aaae16eb22d0e2faf672a862557ce4.jpg?fit=1112%2C900&ssl=1&resize=700%2C400 2x, https:\/\/i0.wp.com\/larevistadigital.com.ar\/blog\/wp-content\/uploads\/d5b8dbd389aaae16eb22d0e2faf672a862557ce4.jpg?fit=1112%2C900&ssl=1&resize=1050%2C600 3x"},"classes":[]},{"id":44965,"url":"https:\/\/larevistadigital.com.ar\/blog\/tras-intensa-persecucion-con-apoyo-del-centro-de-monitoreo-municipal-la-subddi-chascomus-capturo-a-dos-personas\/","url_meta":{"origin":39704,"position":1},"title":"Tras intensa persecuci\u00f3n, con apoyo del Centro de Monitoreo Municipal, la SubDDI Chascom\u00fas captur\u00f3 a dos personas","author":"Alejandro Sosa Ruda","date":"6 abril, 2026","format":false,"excerpt":"En horas de la noche de ayer, personal de la SubDDI llev\u00f3 adelante un procedimiento que culmin\u00f3 con la aprehensi\u00f3n de dos personas, tras una intensa persecuci\u00f3n que cont\u00f3 con el acompa\u00f1amiento clave del Centro de Monitoreo. 06 de abril de 2026 CHASCOM\u00daS -\u00a0 \u00a0El hecho se inici\u00f3 cuando, en\u2026","rel":"","context":"En \u00abINTERES GENERAL\u00bb","block_context":{"text":"INTERES GENERAL","link":"https:\/\/larevistadigital.com.ar\/blog\/category\/interes-general\/"},"img":{"alt_text":"","src":"https:\/\/i0.wp.com\/larevistadigital.com.ar\/blog\/wp-content\/uploads\/69d3f4e1e01f0.png?fit=668%2C445&ssl=1&resize=350%2C200","width":350,"height":200,"srcset":"https:\/\/i0.wp.com\/larevistadigital.com.ar\/blog\/wp-content\/uploads\/69d3f4e1e01f0.png?fit=668%2C445&ssl=1&resize=350%2C200 1x, https:\/\/i0.wp.com\/larevistadigital.com.ar\/blog\/wp-content\/uploads\/69d3f4e1e01f0.png?fit=668%2C445&ssl=1&resize=525%2C300 1.5x"},"classes":[]},{"id":41007,"url":"https:\/\/larevistadigital.com.ar\/blog\/detuvieron-a-un-automovilista-en-el-peaje-de-samborombon-por-un-robo-agravado-en-lezama\/","url_meta":{"origin":39704,"position":2},"title":"Detuvieron a un automovilista en el peaje de Samboromb\u00f3n por un robo agravado en Lezama","author":"Alejandro Sosa Ruda","date":"20 agosto, 2025","format":false,"excerpt":"El hombre, oriundo de Villa Elisa, fue interceptado en un operativo cerrojo de la Polic\u00eda en la Ruta 2. El hecho investigado ocurri\u00f3 en agosto de 2024, cuando tres delincuentes asaltaron una vivienda en Lezama. 20 de agosto de 2025 CHASCOM\u00daS -\u00a0 \u00a0Un automovilista oriundo de la localidad de Villa\u2026","rel":"","context":"En \u00abINTERES GENERAL\u00bb","block_context":{"text":"INTERES GENERAL","link":"https:\/\/larevistadigital.com.ar\/blog\/category\/interes-general\/"},"img":{"alt_text":"","src":"https:\/\/i0.wp.com\/larevistadigital.com.ar\/blog\/wp-content\/uploads\/c61b352c4c92352806b4793db9e625ede332cc32.jpg?fit=1140%2C749&ssl=1&resize=350%2C200","width":350,"height":200,"srcset":"https:\/\/i0.wp.com\/larevistadigital.com.ar\/blog\/wp-content\/uploads\/c61b352c4c92352806b4793db9e625ede332cc32.jpg?fit=1140%2C749&ssl=1&resize=350%2C200 1x, https:\/\/i0.wp.com\/larevistadigital.com.ar\/blog\/wp-content\/uploads\/c61b352c4c92352806b4793db9e625ede332cc32.jpg?fit=1140%2C749&ssl=1&resize=525%2C300 1.5x, https:\/\/i0.wp.com\/larevistadigital.com.ar\/blog\/wp-content\/uploads\/c61b352c4c92352806b4793db9e625ede332cc32.jpg?fit=1140%2C749&ssl=1&resize=700%2C400 2x, https:\/\/i0.wp.com\/larevistadigital.com.ar\/blog\/wp-content\/uploads\/c61b352c4c92352806b4793db9e625ede332cc32.jpg?fit=1140%2C749&ssl=1&resize=1050%2C600 3x"},"classes":[]},{"id":31558,"url":"https:\/\/larevistadigital.com.ar\/blog\/villa-gesell-intento-matar-a-su-mujer-disparandole-en-el-rostro-y-se-fue\/","url_meta":{"origin":39704,"position":3},"title":"VILLA GESELL: INTENT\u00d3 MATAR A SU MUJER DISPAR\u00c1NDOLE EN EL ROSTRO Y SE FUE","author":"Alejandro Sosa Ruda","date":"15 mayo, 2023","format":false,"excerpt":"Un remisero geselino est\u00e1 acusado de tentativa de femicidio, tras balear en el rostro a su pareja delante de su hijo de 11 a\u00f1os, que lo delat\u00f3 ante la polic\u00eda. 15 de Mayo de 2023 VILLA GESELL -\u00a0 \u00a0Un hombre que trabajaba como remisero, se encuentra pr\u00f3fugo de la justicia,\u2026","rel":"","context":"En \u00abPOLICIALES\u00bb","block_context":{"text":"POLICIALES","link":"https:\/\/larevistadigital.com.ar\/blog\/category\/policiales\/"},"img":{"alt_text":"","src":"https:\/\/i0.wp.com\/larevistadigital.com.ar\/blog\/wp-content\/uploads\/Captura-de-pantalla-2023-05-15-180414.png?fit=807%2C431&ssl=1&resize=350%2C200","width":350,"height":200,"srcset":"https:\/\/i0.wp.com\/larevistadigital.com.ar\/blog\/wp-content\/uploads\/Captura-de-pantalla-2023-05-15-180414.png?fit=807%2C431&ssl=1&resize=350%2C200 1x, https:\/\/i0.wp.com\/larevistadigital.com.ar\/blog\/wp-content\/uploads\/Captura-de-pantalla-2023-05-15-180414.png?fit=807%2C431&ssl=1&resize=525%2C300 1.5x, https:\/\/i0.wp.com\/larevistadigital.com.ar\/blog\/wp-content\/uploads\/Captura-de-pantalla-2023-05-15-180414.png?fit=807%2C431&ssl=1&resize=700%2C400 2x"},"classes":[]},{"id":45004,"url":"https:\/\/larevistadigital.com.ar\/blog\/persecucion-de-pelicula-en-ruta-2-huyeron-en-contramano-con-un-auto-robado-y-terminaron-detenidos\/","url_meta":{"origin":39704,"position":4},"title":"Persecuci\u00f3n de pel\u00edcula en Ruta 2: huyeron en contramano con un auto robado y terminaron detenidos","author":"Alejandro Sosa Ruda","date":"7 abril, 2026","format":false,"excerpt":"Dos j\u00f3venes de Chascom\u00fas escaparon a alta velocidad durante varios kil\u00f3metros, pusieron en riesgo a conductores y fueron interceptados tras un despiste en Lezama. 07 de abril de 2026 Una intensa y peligrosa persecuci\u00f3n policial se desat\u00f3 durante la noche del domingo 5 y mantuvo en vilo a quienes circulaban\u2026","rel":"","context":"En \u00abDESTACADAS\u00bb","block_context":{"text":"DESTACADAS","link":"https:\/\/larevistadigital.com.ar\/blog\/category\/destacadas\/"},"img":{"alt_text":"","src":"https:\/\/i0.wp.com\/larevistadigital.com.ar\/blog\/wp-content\/uploads\/ce93bffaa1f71968f316e7c4c5b8c776c368251c.jpg?fit=1140%2C724&ssl=1&resize=350%2C200","width":350,"height":200,"srcset":"https:\/\/i0.wp.com\/larevistadigital.com.ar\/blog\/wp-content\/uploads\/ce93bffaa1f71968f316e7c4c5b8c776c368251c.jpg?fit=1140%2C724&ssl=1&resize=350%2C200 1x, https:\/\/i0.wp.com\/larevistadigital.com.ar\/blog\/wp-content\/uploads\/ce93bffaa1f71968f316e7c4c5b8c776c368251c.jpg?fit=1140%2C724&ssl=1&resize=525%2C300 1.5x, https:\/\/i0.wp.com\/larevistadigital.com.ar\/blog\/wp-content\/uploads\/ce93bffaa1f71968f316e7c4c5b8c776c368251c.jpg?fit=1140%2C724&ssl=1&resize=700%2C400 2x, https:\/\/i0.wp.com\/larevistadigital.com.ar\/blog\/wp-content\/uploads\/ce93bffaa1f71968f316e7c4c5b8c776c368251c.jpg?fit=1140%2C724&ssl=1&resize=1050%2C600 3x"},"classes":[]},{"id":43223,"url":"https:\/\/larevistadigital.com.ar\/blog\/villa-gesell-encontraron-a-un-ladron-en-el-patio-de-su-casa\/","url_meta":{"origin":39704,"position":5},"title":"Villa Gesell: Encontraron a un ladr\u00f3n en el patio de su casa","author":"Alejandro Sosa Ruda","date":"9 enero, 2026","format":false,"excerpt":"Un hombre fue aprehendido esta madrugada luego de un intento de robo en una propiedad ubicada en Circunvalaci\u00f3n entre 104 y 104 bis. El hecho ocurri\u00f3 cerca de las 5:30, cuando el sujeto fue detectado intentando forzar veh\u00edculos y el acceso a la vivienda. Al notar la presencia del intruso\u2026","rel":"","context":"En \u00abPOLICIALES\u00bb","block_context":{"text":"POLICIALES","link":"https:\/\/larevistadigital.com.ar\/blog\/category\/policiales\/"},"img":{"alt_text":"","src":"https:\/\/i0.wp.com\/larevistadigital.com.ar\/blog\/wp-content\/uploads\/Captura-de-pantalla-2026-01-09-115957.jpg?fit=806%2C450&ssl=1&resize=350%2C200","width":350,"height":200,"srcset":"https:\/\/i0.wp.com\/larevistadigital.com.ar\/blog\/wp-content\/uploads\/Captura-de-pantalla-2026-01-09-115957.jpg?fit=806%2C450&ssl=1&resize=350%2C200 1x, https:\/\/i0.wp.com\/larevistadigital.com.ar\/blog\/wp-content\/uploads\/Captura-de-pantalla-2026-01-09-115957.jpg?fit=806%2C450&ssl=1&resize=525%2C300 1.5x, https:\/\/i0.wp.com\/larevistadigital.com.ar\/blog\/wp-content\/uploads\/Captura-de-pantalla-2026-01-09-115957.jpg?fit=806%2C450&ssl=1&resize=700%2C400 2x"},"classes":[]}],"_links":{"self":[{"href":"https:\/\/larevistadigital.com.ar\/blog\/wp-json\/wp\/v2\/posts\/39704","targetHints":{"allow":["GET"]}}],"collection":[{"href":"https:\/\/larevistadigital.com.ar\/blog\/wp-json\/wp\/v2\/posts"}],"about":[{"href":"https:\/\/larevistadigital.com.ar\/blog\/wp-json\/wp\/v2\/types\/post"}],"author":[{"embeddable":true,"href":"https:\/\/larevistadigital.com.ar\/blog\/wp-json\/wp\/v2\/users\/3"}],"replies":[{"embeddable":true,"href":"https:\/\/larevistadigital.com.ar\/blog\/wp-json\/wp\/v2\/comments?post=39704"}],"version-history":[{"count":1,"href":"https:\/\/larevistadigital.com.ar\/blog\/wp-json\/wp\/v2\/posts\/39704\/revisions"}],"predecessor-version":[{"id":39705,"href":"https:\/\/larevistadigital.com.ar\/blog\/wp-json\/wp\/v2\/posts\/39704\/revisions\/39705"}],"wp:featuredmedia":[{"embeddable":true,"href":"https:\/\/larevistadigital.com.ar\/blog\/wp-json\/wp\/v2\/media\/12370"}],"wp:attachment":[{"href":"https:\/\/larevistadigital.com.ar\/blog\/wp-json\/wp\/v2\/media?parent=39704"}],"wp:term":[{"taxonomy":"category","embeddable":true,"href":"https:\/\/larevistadigital.com.ar\/blog\/wp-json\/wp\/v2\/categories?post=39704"},{"taxonomy":"post_tag","embeddable":true,"href":"https:\/\/larevistadigital.com.ar\/blog\/wp-json\/wp\/v2\/tags?post=39704"}],"curies":[{"name":"wp","href":"https:\/\/api.w.org\/{rel}","templated":true}]}}