{"id":39748,"date":"2025-05-14T22:52:02","date_gmt":"2025-05-15T01:52:02","guid":{"rendered":"https:\/\/larevistadigital.com.ar\/blog\/?p=39748"},"modified":"2025-05-14T23:30:41","modified_gmt":"2025-05-15T02:30:41","slug":"dolores-conmovida-tres-detenidos-por-un-caso-de-abuso-sexual-a-un-menor","status":"publish","type":"post","link":"https:\/\/larevistadigital.com.ar\/blog\/dolores-conmovida-tres-detenidos-por-un-caso-de-abuso-sexual-a-un-menor\/","title":{"rendered":"Dolores conmovida: tres detenidos por un caso de abuso sexual a un menor"},"content":{"rendered":"<h2 data-start=\"282\" data-end=\"448\"><strong data-start=\"282\" data-end=\"448\">Dos de los acusados son docentes en funciones: un inspector y un profesor. La investigaci\u00f3n est\u00e1 en manos de la fiscal M\u00f3nica Ferr\u00e9 y sigue bajo estricta reserva.<\/strong><\/h2>\n<p>14 de Mayo de 2025<\/p>\n<p data-start=\"450\" data-end=\"790\"><strong>DOLORES &#8211;<\/strong>\u00a0 La comunidad de Dolores amaneci\u00f3 sacudida este martes tras conocerse la detenci\u00f3n de tres hombres acusados de abuso sexual contra un menor de edad. El caso, que viene siendo investigado desde enero de 2024, tom\u00f3 un giro determinante con los arrestos realizados en las \u00faltimas horas tras una serie de allanamientos ordenados por la Justicia.<\/p>\n<p data-start=\"792\" data-end=\"1178\">Lo que agrava a\u00fan m\u00e1s la situaci\u00f3n es que dos de los acusados tienen v\u00ednculos directos con el sistema educativo. Uno de ellos, de 52 a\u00f1os y residente de Villa Gesell, se desempe\u00f1aba como inspector de ense\u00f1anza en la regi\u00f3n. El segundo es un profesor de 37 a\u00f1os, mientras que el tercero, de 24 a\u00f1os, no tendr\u00eda conexi\u00f3n con el \u00e1mbito escolar. Los otros dos implicados residen en Dolores.<\/p>\n<blockquote>\n<h3 data-start=\"1180\" data-end=\"1485\">La causa est\u00e1 a cargo de la fiscal M\u00f3nica Ferr\u00e9, titular de la Unidad Funcional de Instrucci\u00f3n N\u00b0 1, con intervenci\u00f3n del Juzgado de Garant\u00edas N\u00b0 2. Por tratarse de un delito de extrema gravedad y con una v\u00edctima menor de edad, las actuaciones judiciales se manejaron con la mayor reserva desde su inicio.<\/h3>\n<\/blockquote>\n<p data-start=\"1487\" data-end=\"1674\">Este martes, los tres detenidos fueron trasladados a sede judicial para prestar declaraci\u00f3n indagatoria, pero optaron por negarse a declarar, tal como lo permite el C\u00f3digo Procesal Penal.<\/p>\n<p data-start=\"1676\" data-end=\"1927\">Si bien las autoridades judiciales aclararon que el hecho investigado no se produjo en un contexto escolar, el caso genera gran preocupaci\u00f3n por la responsabilidad p\u00fablica de al menos dos de los implicados, que ejerc\u00edan cargos en el sistema educativo.<\/p>\n<h3 data-start=\"1929\" data-end=\"1978\"><span style=\"color: #ff0000\">Un llamado a la responsabilidad institucional<\/span><\/h3>\n<p data-start=\"1980\" data-end=\"2411\">La investigaci\u00f3n contin\u00faa su curso y se esperan novedades en los pr\u00f3ximos d\u00edas. Mientras tanto, el caso reabre un debate necesario sobre los protocolos de selecci\u00f3n y control en funciones sensibles como la ense\u00f1anza y la supervisi\u00f3n educativa. M\u00e1s all\u00e1 del resultado judicial, la situaci\u00f3n plantea una reflexi\u00f3n urgente sobre la necesidad de resguardar siempre la integridad de ni\u00f1os, ni\u00f1as y adolescentes, dentro y fuera del aula.<\/p>\n","protected":false},"excerpt":{"rendered":"<div class=\"mh-excerpt\"><p>Dos de los acusados son docentes en funciones: un inspector y un profesor. La investigaci\u00f3n est\u00e1 en manos de la fiscal M\u00f3nica Ferr\u00e9 y sigue bajo estricta reserva. 14 de Mayo de 2025 DOLORES &#8211;\u00a0 <a class=\"mh-excerpt-more\" href=\"https:\/\/larevistadigital.com.ar\/blog\/dolores-conmovida-tres-detenidos-por-un-caso-de-abuso-sexual-a-un-menor\/\" title=\"Dolores conmovida: tres detenidos por un caso de abuso sexual a un menor\">[Leer M\u00e1s]<\/a><\/p>\n<\/div>","protected":false},"author":3,"featured_media":39749,"comment_status":"open","ping_status":"open","sticky":false,"template":"","format":"standard","meta":{"_jetpack_memberships_contains_paid_content":false,"footnotes":"","jetpack_publicize_message":"","jetpack_publicize_feature_enabled":true,"jetpack_social_post_already_shared":true,"jetpack_social_options":{"image_generator_settings":{"template":"highway","default_image_id":0,"font":"","enabled":false},"version":2}},"categories":[43,44,51],"tags":[],"class_list":{"0":"post-39748","1":"post","2":"type-post","3":"status-publish","4":"format-standard","5":"has-post-thumbnail","7":"category-dolores","8":"category-policiales","9":"category-regionales"},"jetpack_publicize_connections":[],"jetpack_featured_media_url":"https:\/\/i0.wp.com\/larevistadigital.com.ar\/blog\/wp-content\/uploads\/6a3ecd4459ba6c19037caa75bc1e42e29d25ffe1.jpeg?fit=1140%2C642&ssl=1","jetpack_sharing_enabled":true,"jetpack_shortlink":"https:\/\/wp.me\/p8qtrQ-al6","jetpack-related-posts":[{"id":34873,"url":"https:\/\/larevistadigital.com.ar\/blog\/pinamar-condenan-a-ex-concejal-por-abuso-agravado-contra-una-menor-a-16-anos-de-carcel\/","url_meta":{"origin":39748,"position":0},"title":"PINAMAR: CONDENAN A EX CONCEJAL POR ABUSO AGRAVADO CONTRA UNA MENOR A 16 A\u00d1OS DE CARCEL","author":"Alejandro Sosa Ruda","date":"18 diciembre, 2023","format":false,"excerpt":"Claudio Galarza estaba detenido desde 2018. Roc\u00edo Ayel\u00e9n Salazar, su pareja, fue sentenciada a 10 a\u00f1os de prisi\u00f3n por facilitar el abuso. 18 de diciembre de 2023 PINAMAR -\u00a0\u00a0Claudio Marcelo Galarza, ex concejal de Pinamar, fue condenado a 16 a\u00f1os de prisi\u00f3n por abuso sexual agravado en perjuicio de una\u2026","rel":"","context":"En \u00abPOLICIALES\u00bb","block_context":{"text":"POLICIALES","link":"https:\/\/larevistadigital.com.ar\/blog\/category\/policiales\/"},"img":{"alt_text":"","src":"https:\/\/i0.wp.com\/larevistadigital.com.ar\/blog\/wp-content\/uploads\/20231215150651_whatsapp-image-2023-12-15-at-15-04-30.jpg?fit=880%2C512&ssl=1&resize=350%2C200","width":350,"height":200,"srcset":"https:\/\/i0.wp.com\/larevistadigital.com.ar\/blog\/wp-content\/uploads\/20231215150651_whatsapp-image-2023-12-15-at-15-04-30.jpg?fit=880%2C512&ssl=1&resize=350%2C200 1x, https:\/\/i0.wp.com\/larevistadigital.com.ar\/blog\/wp-content\/uploads\/20231215150651_whatsapp-image-2023-12-15-at-15-04-30.jpg?fit=880%2C512&ssl=1&resize=525%2C300 1.5x, https:\/\/i0.wp.com\/larevistadigital.com.ar\/blog\/wp-content\/uploads\/20231215150651_whatsapp-image-2023-12-15-at-15-04-30.jpg?fit=880%2C512&ssl=1&resize=700%2C400 2x"},"classes":[]},{"id":25547,"url":"https:\/\/larevistadigital.com.ar\/blog\/mercedes-condenan-a-dos-acusados-de-abuso-sexual\/","url_meta":{"origin":39748,"position":1},"title":"MERCEDES: CONDENAN A DOS ACUSADOS DE ABUSO SEXUAL","author":"Alejandro Sosa Ruda","date":"1 junio, 2022","format":false,"excerpt":"El caso -que gener\u00f3 gran conmoci\u00f3n- se remonta al 1\u00ba de diciembre de 2019, cuando una menor de edad denunci\u00f3 una violaci\u00f3n grupal. El Tribunal conden\u00f3 a Brian Ezequiel Ruiz a 12 a\u00f1os de prisi\u00f3n, mientras que Ricardo Sebasti\u00e1n \u00c1lvarez recibi\u00f3 10 a\u00f1os. MERCEDES -\u00a0 El caso de la violaci\u00f3n\u2026","rel":"","context":"En \u00abPOLICIALES\u00bb","block_context":{"text":"POLICIALES","link":"https:\/\/larevistadigital.com.ar\/blog\/category\/policiales\/"},"img":{"alt_text":"","src":"https:\/\/i0.wp.com\/larevistadigital.com.ar\/blog\/wp-content\/uploads\/20220601174819_lujan-condenados-abuso.jpg?fit=880%2C512&ssl=1&resize=350%2C200","width":350,"height":200,"srcset":"https:\/\/i0.wp.com\/larevistadigital.com.ar\/blog\/wp-content\/uploads\/20220601174819_lujan-condenados-abuso.jpg?fit=880%2C512&ssl=1&resize=350%2C200 1x, https:\/\/i0.wp.com\/larevistadigital.com.ar\/blog\/wp-content\/uploads\/20220601174819_lujan-condenados-abuso.jpg?fit=880%2C512&ssl=1&resize=525%2C300 1.5x, https:\/\/i0.wp.com\/larevistadigital.com.ar\/blog\/wp-content\/uploads\/20220601174819_lujan-condenados-abuso.jpg?fit=880%2C512&ssl=1&resize=700%2C400 2x"},"classes":[]},{"id":29187,"url":"https:\/\/larevistadigital.com.ar\/blog\/conocido-periodista-costero-fue-condenado-a-10-anos-de-prision-de-cumplimiento-efectivo-por-abuso-sexual\/","url_meta":{"origin":39748,"position":2},"title":"CONOCIDO PERIODISTA COSTERO FUE CONDENADO A 10 A\u00d1OS DE PRISI\u00d3N DE CUMPLIMIENTO EFECTIVO POR ABUSO SEXUAL","author":"Alejandro Sosa Ruda","date":"30 noviembre, 2022","format":false,"excerpt":"Despu\u00e9s de m\u00e1s de tres a\u00f1os de idas y venidas de la Justicia, finalmente este martes se confirm\u00f3 la condena al periodista costero Eduardo Arias, a quien el Tribunal en lo Criminal N\u00b0 1 de Dolores, lo conden\u00f3 a 10 a\u00f1os de prisi\u00f3n de cumplimiento efectivo, despu\u00e9s de haber sido\u2026","rel":"","context":"En \u00abDOLORES\u00bb","block_context":{"text":"DOLORES","link":"https:\/\/larevistadigital.com.ar\/blog\/category\/dolores\/"},"img":{"alt_text":"","src":"https:\/\/i0.wp.com\/larevistadigital.com.ar\/blog\/wp-content\/uploads\/20221130081057_eduardo-arias-condena.jpg?fit=880%2C512&ssl=1&resize=350%2C200","width":350,"height":200,"srcset":"https:\/\/i0.wp.com\/larevistadigital.com.ar\/blog\/wp-content\/uploads\/20221130081057_eduardo-arias-condena.jpg?fit=880%2C512&ssl=1&resize=350%2C200 1x, https:\/\/i0.wp.com\/larevistadigital.com.ar\/blog\/wp-content\/uploads\/20221130081057_eduardo-arias-condena.jpg?fit=880%2C512&ssl=1&resize=525%2C300 1.5x, https:\/\/i0.wp.com\/larevistadigital.com.ar\/blog\/wp-content\/uploads\/20221130081057_eduardo-arias-condena.jpg?fit=880%2C512&ssl=1&resize=700%2C400 2x"},"classes":[]},{"id":18933,"url":"https:\/\/larevistadigital.com.ar\/blog\/detienen-a-ex-funcionario-judicial-de-dolores-por-violacion-luego-de-permanecer-5-anos-profugo\/","url_meta":{"origin":39748,"position":3},"title":"DETIENEN A EX FUNCIONARIO JUDICIAL DE DOLORES POR VIOLACI\u00d3N, LUEGO DE PERMANECER 5 A\u00d1OS PR\u00d3FUGO","author":"Alejandro Sosa Ruda","date":"19 febrero, 2021","format":false,"excerpt":"Hab\u00eda sido sentenciado a 9 a\u00f1os en junio de 2015 por abuso sexual a dos ni\u00f1as. Fue detenido en Tandil. DOLORES - Un ex funcionario judicial de Dolores condenado por la violaci\u00f3n de dos menores que se encontraba pr\u00f3fugo desde hace cinco a\u00f1os fue detenido ayer en Tandil. Miguel \u00c1ngel\u2026","rel":"","context":"En \u00abDOLORES\u00bb","block_context":{"text":"DOLORES","link":"https:\/\/larevistadigital.com.ar\/blog\/category\/dolores\/"},"img":{"alt_text":"","src":"https:\/\/i0.wp.com\/larevistadigital.com.ar\/blog\/wp-content\/uploads\/9a797013a690a26831e1a1d38fb60d7e671b3072.jpeg?fit=1140%2C846&ssl=1&resize=350%2C200","width":350,"height":200,"srcset":"https:\/\/i0.wp.com\/larevistadigital.com.ar\/blog\/wp-content\/uploads\/9a797013a690a26831e1a1d38fb60d7e671b3072.jpeg?fit=1140%2C846&ssl=1&resize=350%2C200 1x, https:\/\/i0.wp.com\/larevistadigital.com.ar\/blog\/wp-content\/uploads\/9a797013a690a26831e1a1d38fb60d7e671b3072.jpeg?fit=1140%2C846&ssl=1&resize=525%2C300 1.5x, https:\/\/i0.wp.com\/larevistadigital.com.ar\/blog\/wp-content\/uploads\/9a797013a690a26831e1a1d38fb60d7e671b3072.jpeg?fit=1140%2C846&ssl=1&resize=700%2C400 2x, https:\/\/i0.wp.com\/larevistadigital.com.ar\/blog\/wp-content\/uploads\/9a797013a690a26831e1a1d38fb60d7e671b3072.jpeg?fit=1140%2C846&ssl=1&resize=1050%2C600 3x"},"classes":[]},{"id":31214,"url":"https:\/\/larevistadigital.com.ar\/blog\/dolores-fue-condenado-por-abusar-de-los-alumnos-particulares-de-su-esposa-la-mujer-fue-absuelta\/","url_meta":{"origin":39748,"position":4},"title":"DOLORES: FUE CONDENADO POR ABUSAR DE LOS ALUMNOS PARTICULARES DE SU ESPOSA. LA MUJER FUE ABSUELTA","author":"Alejandro Sosa Ruda","date":"24 abril, 2023","format":false,"excerpt":"Esteban Sosa abus\u00f3 de ni\u00f1os que ten\u00edan entre 6 y 10 a\u00f1os y concurr\u00edan a su casa para tomar clases particulares con su esposa, no qued\u00f3 acreditada la participaci\u00f3n de la mujer. 24 de abril de 2023 DOLORES -\u00a0 El Tribunal Oral N\u00ba 1 dict\u00f3 la sentencia en el caso\u2026","rel":"","context":"En \u00abDOLORES\u00bb","block_context":{"text":"DOLORES","link":"https:\/\/larevistadigital.com.ar\/blog\/category\/dolores\/"},"img":{"alt_text":"","src":"https:\/\/i0.wp.com\/larevistadigital.com.ar\/blog\/wp-content\/uploads\/1a0f30622921843faa2c9781eb37b3e59202a671.jpg?fit=1140%2C684&ssl=1&resize=350%2C200","width":350,"height":200,"srcset":"https:\/\/i0.wp.com\/larevistadigital.com.ar\/blog\/wp-content\/uploads\/1a0f30622921843faa2c9781eb37b3e59202a671.jpg?fit=1140%2C684&ssl=1&resize=350%2C200 1x, https:\/\/i0.wp.com\/larevistadigital.com.ar\/blog\/wp-content\/uploads\/1a0f30622921843faa2c9781eb37b3e59202a671.jpg?fit=1140%2C684&ssl=1&resize=525%2C300 1.5x, https:\/\/i0.wp.com\/larevistadigital.com.ar\/blog\/wp-content\/uploads\/1a0f30622921843faa2c9781eb37b3e59202a671.jpg?fit=1140%2C684&ssl=1&resize=700%2C400 2x, https:\/\/i0.wp.com\/larevistadigital.com.ar\/blog\/wp-content\/uploads\/1a0f30622921843faa2c9781eb37b3e59202a671.jpg?fit=1140%2C684&ssl=1&resize=1050%2C600 3x"},"classes":[]},{"id":33869,"url":"https:\/\/larevistadigital.com.ar\/blog\/moreno-desmantelan-red-de-pornografia-infantil-y-detienen-a-acusados-de-abuso\/","url_meta":{"origin":39748,"position":5},"title":"MORENO: DESMANTELAN RED DE PORNOGRAF\u00cdA INFANTIL Y DETIENEN A ACUSADOS DE ABUSO","author":"Alejandro Sosa Ruda","date":"5 octubre, 2023","format":false,"excerpt":"Hubo varios allanamientos. Secuestraron dispositivos electr\u00f3nicos, armas de fuego y municiones. 05 de octubre de 2023 MORENO -\u00a0 Luego de una serie de allanamientos fue desmantelada una\u00a0red de pornograf\u00eda infantil y uno de los detenidos est\u00e1 acusado de abuso sexual de una menor\u00a0en Moreno y Ramallo, informaron fuentes judiciales. Los\u2026","rel":"","context":"En \u00abREGIONALES\u00bb","block_context":{"text":"REGIONALES","link":"https:\/\/larevistadigital.com.ar\/blog\/category\/regionales\/"},"img":{"alt_text":"","src":"https:\/\/i0.wp.com\/larevistadigital.com.ar\/blog\/wp-content\/uploads\/POLICIA-4.jpg?fit=880%2C512&ssl=1&resize=350%2C200","width":350,"height":200,"srcset":"https:\/\/i0.wp.com\/larevistadigital.com.ar\/blog\/wp-content\/uploads\/POLICIA-4.jpg?fit=880%2C512&ssl=1&resize=350%2C200 1x, https:\/\/i0.wp.com\/larevistadigital.com.ar\/blog\/wp-content\/uploads\/POLICIA-4.jpg?fit=880%2C512&ssl=1&resize=525%2C300 1.5x, https:\/\/i0.wp.com\/larevistadigital.com.ar\/blog\/wp-content\/uploads\/POLICIA-4.jpg?fit=880%2C512&ssl=1&resize=700%2C400 2x"},"classes":[]}],"_links":{"self":[{"href":"https:\/\/larevistadigital.com.ar\/blog\/wp-json\/wp\/v2\/posts\/39748","targetHints":{"allow":["GET"]}}],"collection":[{"href":"https:\/\/larevistadigital.com.ar\/blog\/wp-json\/wp\/v2\/posts"}],"about":[{"href":"https:\/\/larevistadigital.com.ar\/blog\/wp-json\/wp\/v2\/types\/post"}],"author":[{"embeddable":true,"href":"https:\/\/larevistadigital.com.ar\/blog\/wp-json\/wp\/v2\/users\/3"}],"replies":[{"embeddable":true,"href":"https:\/\/larevistadigital.com.ar\/blog\/wp-json\/wp\/v2\/comments?post=39748"}],"version-history":[{"count":2,"href":"https:\/\/larevistadigital.com.ar\/blog\/wp-json\/wp\/v2\/posts\/39748\/revisions"}],"predecessor-version":[{"id":39756,"href":"https:\/\/larevistadigital.com.ar\/blog\/wp-json\/wp\/v2\/posts\/39748\/revisions\/39756"}],"wp:featuredmedia":[{"embeddable":true,"href":"https:\/\/larevistadigital.com.ar\/blog\/wp-json\/wp\/v2\/media\/39749"}],"wp:attachment":[{"href":"https:\/\/larevistadigital.com.ar\/blog\/wp-json\/wp\/v2\/media?parent=39748"}],"wp:term":[{"taxonomy":"category","embeddable":true,"href":"https:\/\/larevistadigital.com.ar\/blog\/wp-json\/wp\/v2\/categories?post=39748"},{"taxonomy":"post_tag","embeddable":true,"href":"https:\/\/larevistadigital.com.ar\/blog\/wp-json\/wp\/v2\/tags?post=39748"}],"curies":[{"name":"wp","href":"https:\/\/api.w.org\/{rel}","templated":true}]}}