{"id":39792,"date":"2025-05-19T17:25:51","date_gmt":"2025-05-19T20:25:51","guid":{"rendered":"https:\/\/larevistadigital.com.ar\/blog\/?p=39792"},"modified":"2025-05-19T17:25:51","modified_gmt":"2025-05-19T20:25:51","slug":"chascomus-se-conformo-la-mesa-barrial-san-cayetano","status":"publish","type":"post","link":"https:\/\/larevistadigital.com.ar\/blog\/chascomus-se-conformo-la-mesa-barrial-san-cayetano\/","title":{"rendered":"Chascom\u00fas: Se conform\u00f3 la Mesa Barrial San Cayetano"},"content":{"rendered":"<h2 class=\"excerpt\">Distintas instituciones y organizaciones junto al \u00e1rea de la Municipalidad de Chascom\u00fas conforman el nuevo espacio de di\u00e1logo.<\/h2>\n<p>19 de Mayo de 2025<\/p>\n<div id=\"miDiv1\" class=\"text\">\n<p><strong>CHASCOM\u00daS &#8211;\u00a0<\/strong> \u00a0El pasado viernes se conform\u00f3 la mesa barrial del San Cayetano, al tiempo que tuvo lugar la primera reuni\u00f3n. Se trata de un espacio de di\u00e1logo con participaci\u00f3n de organizaciones sociales, referentes barriales, el \u00e1rea de Desarrollo Social municipal y personal de Salud del CAPS.<\/p>\n<blockquote>\n<h3>Este primer encuentro permiti\u00f3 la construcci\u00f3n de una agenda com\u00fan, conocer las acciones realizadas hasta el momento y la unificaci\u00f3n de criterios para el abordaje de las distintas problem\u00e1ticas.<\/h3>\n<\/blockquote>\n<p>La idea es pensar soluciones colectivas, atendiendo especial atenci\u00f3n a aquellos vecinos y vecinas que se encuentren en contextos de mayor vulnerabilidad. El pr\u00f3ximo encuentro se realizar\u00e1 el mes pr\u00f3ximo y tendr\u00e1n continuidad mensual.<\/p>\n<\/div>\n","protected":false},"excerpt":{"rendered":"<div class=\"mh-excerpt\"><p>Distintas instituciones y organizaciones junto al \u00e1rea de la Municipalidad de Chascom\u00fas conforman el nuevo espacio de di\u00e1logo. 19 de Mayo de 2025 CHASCOM\u00daS &#8211;\u00a0 \u00a0El pasado viernes se conform\u00f3 la mesa barrial del San <a class=\"mh-excerpt-more\" href=\"https:\/\/larevistadigital.com.ar\/blog\/chascomus-se-conformo-la-mesa-barrial-san-cayetano\/\" title=\"Chascom\u00fas: Se conform\u00f3 la Mesa Barrial San Cayetano\">[Leer M\u00e1s]<\/a><\/p>\n<\/div>","protected":false},"author":3,"featured_media":39793,"comment_status":"open","ping_status":"open","sticky":false,"template":"","format":"standard","meta":{"_jetpack_memberships_contains_paid_content":false,"footnotes":"","jetpack_publicize_message":"","jetpack_publicize_feature_enabled":true,"jetpack_social_post_already_shared":true,"jetpack_social_options":{"image_generator_settings":{"template":"highway","default_image_id":0,"font":"","enabled":false},"version":2}},"categories":[6],"tags":[],"class_list":{"0":"post-39792","1":"post","2":"type-post","3":"status-publish","4":"format-standard","5":"has-post-thumbnail","7":"category-chascomus"},"jetpack_publicize_connections":[],"jetpack_featured_media_url":"https:\/\/i0.wp.com\/larevistadigital.com.ar\/blog\/wp-content\/uploads\/682b68e58ff73.png?fit=668%2C445&ssl=1","jetpack_sharing_enabled":true,"jetpack_shortlink":"https:\/\/wp.me\/p8qtrQ-alO","jetpack-related-posts":[{"id":11531,"url":"https:\/\/larevistadigital.com.ar\/blog\/chascomus-battisacchi-una-ciudad-se-construye-con-la-voz-de-cada-vecino-y-para-escuchar-hay-que-estar-cerca\/","url_meta":{"origin":39792,"position":0},"title":"CHASCOM\u00daS: BATTISACCHI: \u201cUNA CIUDAD SE CONSTRUYE CON LA VOZ DE CADA VECINO. Y PARA ESCUCHAR HAY QUE ESTAR CERCA\u201d","author":"Alejandro Sosa Ruda","date":"26 julio, 2019","format":false,"excerpt":"El precandidato a intendente de \"Juntos por el Cambio\", Osvaldo Battisacchi, junto al grupo de precandidatos a concejales y consejeros escolares que lo acompa\u00f1an en la Lista 135 - 3 Rojo A, contin\u00faa recorriendo los barrios de nuestra ciudad. En declaraciones period\u00edsticas, el Dr. Battisacchi, sostuvo \u201cEstamos recorriendo los barrios\u2026","rel":"","context":"En \u00abCHASCOM\u00daS\u00bb","block_context":{"text":"CHASCOM\u00daS","link":"https:\/\/larevistadigital.com.ar\/blog\/category\/chascomus\/"},"img":{"alt_text":"","src":"https:\/\/i0.wp.com\/larevistadigital.com.ar\/blog\/wp-content\/uploads\/Batti-con-vecinos-m.jpg?fit=1152%2C864&ssl=1&resize=350%2C200","width":350,"height":200,"srcset":"https:\/\/i0.wp.com\/larevistadigital.com.ar\/blog\/wp-content\/uploads\/Batti-con-vecinos-m.jpg?fit=1152%2C864&ssl=1&resize=350%2C200 1x, https:\/\/i0.wp.com\/larevistadigital.com.ar\/blog\/wp-content\/uploads\/Batti-con-vecinos-m.jpg?fit=1152%2C864&ssl=1&resize=525%2C300 1.5x, https:\/\/i0.wp.com\/larevistadigital.com.ar\/blog\/wp-content\/uploads\/Batti-con-vecinos-m.jpg?fit=1152%2C864&ssl=1&resize=700%2C400 2x, https:\/\/i0.wp.com\/larevistadigital.com.ar\/blog\/wp-content\/uploads\/Batti-con-vecinos-m.jpg?fit=1152%2C864&ssl=1&resize=1050%2C600 3x"},"classes":[]},{"id":37172,"url":"https:\/\/larevistadigital.com.ar\/blog\/preparativos-para-la-apertura-de-una-nueva-farmacia-en-el-barrio-san-cayetano\/","url_meta":{"origin":39792,"position":1},"title":"Preparativos para la apertura de una nueva farmacia en el barrio San Cayetano","author":"Alejandro Sosa Ruda","date":"10 septiembre, 2024","format":false,"excerpt":"El nuevo local, ubicado en el ingreso al barrio, mejorar\u00e1 el acceso a medicamentos para los vecinos de la zona norte de Chascom\u00fas. 10 de Septiembre de 2024 CHASCOM\u00daS -\u00a0 En la avenida Juan Manuel de Rosas 2494, avanzan los trabajos previos para la apertura de una nueva farmacia en\u2026","rel":"","context":"En \u00abINTERES GENERAL\u00bb","block_context":{"text":"INTERES GENERAL","link":"https:\/\/larevistadigital.com.ar\/blog\/category\/interes-general\/"},"img":{"alt_text":"","src":"https:\/\/i0.wp.com\/larevistadigital.com.ar\/blog\/wp-content\/uploads\/66df3c6153b9c.png?fit=668%2C445&ssl=1&resize=350%2C200","width":350,"height":200,"srcset":"https:\/\/i0.wp.com\/larevistadigital.com.ar\/blog\/wp-content\/uploads\/66df3c6153b9c.png?fit=668%2C445&ssl=1&resize=350%2C200 1x, https:\/\/i0.wp.com\/larevistadigital.com.ar\/blog\/wp-content\/uploads\/66df3c6153b9c.png?fit=668%2C445&ssl=1&resize=525%2C300 1.5x"},"classes":[]},{"id":26442,"url":"https:\/\/larevistadigital.com.ar\/blog\/chascomus-por-segundo-dia-consecutivo-se-allano-una-vivienda-en-san-cayetano-con-secuestro-de-drogas-y-un-sujeto-detenido\/","url_meta":{"origin":39792,"position":2},"title":"CHASCOM\u00daS: POR SEGUNDO D\u00cdA CONSECUTIVO, SE ALLAN\u00d3 UNA VIVIENDA EN SAN CAYETANO, CON SECUESTRO DE DROGAS Y UN SUJETO DETENIDO","author":"Alejandro Sosa Ruda","date":"8 julio, 2022","format":false,"excerpt":"En menos de 24 hs. se realizaron dos allanamientos en el Barrio San Cayetano, con secuestro de drogas y detenidos. CHASCOM\u00daS -\u00a0 Afortunadamente para los vecinos, pero fruto de trabajos de inteligencia e investigaci\u00f3n, se allan\u00f3 una vivienda en el Barrio San Cayetano, donde se secuestr\u00f3 droga y se detuvo\u2026","rel":"","context":"En \u00abDESTACADAS\u00bb","block_context":{"text":"DESTACADAS","link":"https:\/\/larevistadigital.com.ar\/blog\/category\/destacadas\/"},"img":{"alt_text":"","src":"https:\/\/i0.wp.com\/larevistadigital.com.ar\/blog\/wp-content\/uploads\/WhatsApp-Image-2022-07-07-at-10.39.24-PM.jpeg?fit=1160%2C868&ssl=1&resize=350%2C200","width":350,"height":200,"srcset":"https:\/\/i0.wp.com\/larevistadigital.com.ar\/blog\/wp-content\/uploads\/WhatsApp-Image-2022-07-07-at-10.39.24-PM.jpeg?fit=1160%2C868&ssl=1&resize=350%2C200 1x, https:\/\/i0.wp.com\/larevistadigital.com.ar\/blog\/wp-content\/uploads\/WhatsApp-Image-2022-07-07-at-10.39.24-PM.jpeg?fit=1160%2C868&ssl=1&resize=525%2C300 1.5x, https:\/\/i0.wp.com\/larevistadigital.com.ar\/blog\/wp-content\/uploads\/WhatsApp-Image-2022-07-07-at-10.39.24-PM.jpeg?fit=1160%2C868&ssl=1&resize=700%2C400 2x, https:\/\/i0.wp.com\/larevistadigital.com.ar\/blog\/wp-content\/uploads\/WhatsApp-Image-2022-07-07-at-10.39.24-PM.jpeg?fit=1160%2C868&ssl=1&resize=1050%2C600 3x"},"classes":[]},{"id":3028,"url":"https:\/\/larevistadigital.com.ar\/blog\/chascomus-alexa-oyhamburu-se-reunio-con-vecinos-de-san-cayetano\/","url_meta":{"origin":39792,"position":3},"title":"CHASCOM\u00daS: ALEXA OYHAMBURU SE REUNI\u00d3 CON VECINOS DE SAN CAYETANO","author":"Alejandro Sosa Ruda","date":"9 agosto, 2017","format":false,"excerpt":"Alexa Oyhamburu, \u00a0pre candidata a concejal por el espacio que conduce Florencio Randazzo, fue calurosamente recibida por vecinos del barrio San Cayetano, en donde un grupo de vecinos le expres\u00f3 su afecto, adem\u00e1s de pedir ayuda en diversos temas en los que se sienten olvidados lamentablemente postergados por la desidia\u2026","rel":"","context":"En \u00abCHASCOM\u00daS\u00bb","block_context":{"text":"CHASCOM\u00daS","link":"https:\/\/larevistadigital.com.ar\/blog\/category\/chascomus\/"},"img":{"alt_text":"","src":"https:\/\/i0.wp.com\/larevistadigital.com.ar\/blog\/wp-content\/uploads\/2017\/08\/IMG-20170806-WA0012.jpg?fit=1200%2C676&ssl=1&resize=350%2C200","width":350,"height":200,"srcset":"https:\/\/i0.wp.com\/larevistadigital.com.ar\/blog\/wp-content\/uploads\/2017\/08\/IMG-20170806-WA0012.jpg?fit=1200%2C676&ssl=1&resize=350%2C200 1x, https:\/\/i0.wp.com\/larevistadigital.com.ar\/blog\/wp-content\/uploads\/2017\/08\/IMG-20170806-WA0012.jpg?fit=1200%2C676&ssl=1&resize=525%2C300 1.5x, https:\/\/i0.wp.com\/larevistadigital.com.ar\/blog\/wp-content\/uploads\/2017\/08\/IMG-20170806-WA0012.jpg?fit=1200%2C676&ssl=1&resize=700%2C400 2x, https:\/\/i0.wp.com\/larevistadigital.com.ar\/blog\/wp-content\/uploads\/2017\/08\/IMG-20170806-WA0012.jpg?fit=1200%2C676&ssl=1&resize=1050%2C600 3x"},"classes":[]},{"id":17295,"url":"https:\/\/larevistadigital.com.ar\/blog\/se-termina-la-paciencia-de-los-vecinos-del-barrio-san-cayetano\/","url_meta":{"origin":39792,"position":4},"title":"SE TERMINA LA PACIENCIA DE LOS VECINOS DEL BARRIO SAN CAYETANO","author":"Alejandro Sosa Ruda","date":"29 octubre, 2020","format":false,"excerpt":"Luego de que mucha agua pas\u00f3 bajo el puente, parece que la paciencia de los vecinos del Barrio San Cayetano se est\u00e1 terminando. Paciencia que a decir verdad, ha sido por dem\u00e1s de considerada con las autoridades. Hoy por hoy, los vecinos del San Cayetano est\u00e1n decididos a que si\u2026","rel":"","context":"En \u00abDESTACADAS\u00bb","block_context":{"text":"DESTACADAS","link":"https:\/\/larevistadigital.com.ar\/blog\/category\/destacadas\/"},"img":{"alt_text":"","src":"https:\/\/i0.wp.com\/larevistadigital.com.ar\/blog\/wp-content\/uploads\/convocatoria.jpeg?fit=675%2C1200&ssl=1&resize=350%2C200","width":350,"height":200,"srcset":"https:\/\/i0.wp.com\/larevistadigital.com.ar\/blog\/wp-content\/uploads\/convocatoria.jpeg?fit=675%2C1200&ssl=1&resize=350%2C200 1x, https:\/\/i0.wp.com\/larevistadigital.com.ar\/blog\/wp-content\/uploads\/convocatoria.jpeg?fit=675%2C1200&ssl=1&resize=525%2C300 1.5x"},"classes":[]},{"id":42013,"url":"https:\/\/larevistadigital.com.ar\/blog\/chascomus-jovenes-de-envion-participaron-del-cierre-provincial-del-programa-futuro-y-memoria\/","url_meta":{"origin":39792,"position":5},"title":"Chascom\u00fas: J\u00f3venes de Envi\u00f3n participaron del cierre provincial del programa Futuro y Memoria","author":"Alejandro Sosa Ruda","date":"16 octubre, 2025","format":false,"excerpt":"Los grupos de las sedes 30 de Mayo y San Cayetano compartieron una jornada de aprendizaje y encuentro en la Rep\u00fablica de los Ni\u00f1os. 16 de Octubre de 2025 CHASCOM\u00daS -\u00a0 \u00a0El cierre anual del programa provincial Futuro y Memoria, impulsado por la Subsecretar\u00eda de Derechos Humanos de la provincia\u2026","rel":"","context":"En \u00abCHASCOM\u00daS\u00bb","block_context":{"text":"CHASCOM\u00daS","link":"https:\/\/larevistadigital.com.ar\/blog\/category\/chascomus\/"},"img":{"alt_text":"","src":"https:\/\/i0.wp.com\/larevistadigital.com.ar\/blog\/wp-content\/uploads\/68f125c949f9c.png?fit=668%2C445&ssl=1&resize=350%2C200","width":350,"height":200,"srcset":"https:\/\/i0.wp.com\/larevistadigital.com.ar\/blog\/wp-content\/uploads\/68f125c949f9c.png?fit=668%2C445&ssl=1&resize=350%2C200 1x, https:\/\/i0.wp.com\/larevistadigital.com.ar\/blog\/wp-content\/uploads\/68f125c949f9c.png?fit=668%2C445&ssl=1&resize=525%2C300 1.5x"},"classes":[]}],"_links":{"self":[{"href":"https:\/\/larevistadigital.com.ar\/blog\/wp-json\/wp\/v2\/posts\/39792","targetHints":{"allow":["GET"]}}],"collection":[{"href":"https:\/\/larevistadigital.com.ar\/blog\/wp-json\/wp\/v2\/posts"}],"about":[{"href":"https:\/\/larevistadigital.com.ar\/blog\/wp-json\/wp\/v2\/types\/post"}],"author":[{"embeddable":true,"href":"https:\/\/larevistadigital.com.ar\/blog\/wp-json\/wp\/v2\/users\/3"}],"replies":[{"embeddable":true,"href":"https:\/\/larevistadigital.com.ar\/blog\/wp-json\/wp\/v2\/comments?post=39792"}],"version-history":[{"count":1,"href":"https:\/\/larevistadigital.com.ar\/blog\/wp-json\/wp\/v2\/posts\/39792\/revisions"}],"predecessor-version":[{"id":39794,"href":"https:\/\/larevistadigital.com.ar\/blog\/wp-json\/wp\/v2\/posts\/39792\/revisions\/39794"}],"wp:featuredmedia":[{"embeddable":true,"href":"https:\/\/larevistadigital.com.ar\/blog\/wp-json\/wp\/v2\/media\/39793"}],"wp:attachment":[{"href":"https:\/\/larevistadigital.com.ar\/blog\/wp-json\/wp\/v2\/media?parent=39792"}],"wp:term":[{"taxonomy":"category","embeddable":true,"href":"https:\/\/larevistadigital.com.ar\/blog\/wp-json\/wp\/v2\/categories?post=39792"},{"taxonomy":"post_tag","embeddable":true,"href":"https:\/\/larevistadigital.com.ar\/blog\/wp-json\/wp\/v2\/tags?post=39792"}],"curies":[{"name":"wp","href":"https:\/\/api.w.org\/{rel}","templated":true}]}}