{"id":39795,"date":"2025-05-19T17:30:29","date_gmt":"2025-05-19T20:30:29","guid":{"rendered":"https:\/\/larevistadigital.com.ar\/blog\/?p=39795"},"modified":"2025-05-19T17:30:29","modified_gmt":"2025-05-19T20:30:29","slug":"chascobot-un-importante-servicio-de-turismo","status":"publish","type":"post","link":"https:\/\/larevistadigital.com.ar\/blog\/chascobot-un-importante-servicio-de-turismo\/","title":{"rendered":"ChascoBot: un importante servicio de Turismo"},"content":{"rendered":"<h2 class=\"excerpt\">Esta herramienta tecnol\u00f3gica brinda atenci\u00f3n al turista las 24 hs. todos los d\u00edas del a\u00f1o.<\/h2>\n<p>19 de Mayo de 2025<\/p>\n<div id=\"miDiv1\" class=\"text\">\n<p><strong>CHASCOM\u00daS &#8211;<\/strong>\u00a0 La Municipalidad de Chascom\u00fas cuenta con una importante herramienta tecnol\u00f3gica que brinda informaci\u00f3n al turista las 24 hs., los 365 d\u00edas del a\u00f1o.<\/p>\n<blockquote>\n<h3>ChascoBot fue dise\u00f1ado para responder preguntas frecuentes y proporcionar informaci\u00f3n sobre los distintos puntos tur\u00edsticos que ofrece la ciudad. Incluye un folleto digital, agenda de eventos y detalles sobre visitas guiadas gratuitas.<\/h3>\n<\/blockquote>\n<p>Los interesados podr\u00e1n enviar un mensaje a trav\u00e9s de WhatsApp al n\u00famero +5492241615542, para acceder al men\u00fa principal que ofrece las diferentes opciones, incluso fuera del horario de atenci\u00f3n de la oficina de turismo.<\/p>\n<blockquote>\n<h3>Desde el municipio informan que ChascoBot es un importante avance en la estrategia de comunicaci\u00f3n al turista dado que no s\u00f3lo agiliza el acceso a la informaci\u00f3n, sino que mejora sustancialmente la experiencia a trav\u00e9s de la respuesta inmediata de consultas en cualquier momento del d\u00eda.<\/h3>\n<\/blockquote>\n<p>La innovaci\u00f3n es uno de los pilares fundamentales de esta iniciativa que el \u00e1rea de turismo integra a su oferta de servicios.<\/p>\n<\/div>\n","protected":false},"excerpt":{"rendered":"<div class=\"mh-excerpt\"><p>Esta herramienta tecnol\u00f3gica brinda atenci\u00f3n al turista las 24 hs. todos los d\u00edas del a\u00f1o. 19 de Mayo de 2025 CHASCOM\u00daS &#8211;\u00a0 La Municipalidad de Chascom\u00fas cuenta con una importante herramienta tecnol\u00f3gica que brinda informaci\u00f3n <a class=\"mh-excerpt-more\" href=\"https:\/\/larevistadigital.com.ar\/blog\/chascobot-un-importante-servicio-de-turismo\/\" title=\"ChascoBot: un importante servicio de Turismo\">[Leer M\u00e1s]<\/a><\/p>\n<\/div>","protected":false},"author":3,"featured_media":39796,"comment_status":"open","ping_status":"open","sticky":false,"template":"","format":"standard","meta":{"_jetpack_memberships_contains_paid_content":false,"footnotes":"","jetpack_publicize_message":"","jetpack_publicize_feature_enabled":true,"jetpack_social_post_already_shared":true,"jetpack_social_options":{"image_generator_settings":{"template":"highway","default_image_id":0,"font":"","enabled":false},"version":2}},"categories":[6,30],"tags":[],"class_list":{"0":"post-39795","1":"post","2":"type-post","3":"status-publish","4":"format-standard","5":"has-post-thumbnail","7":"category-chascomus","8":"category-turismo"},"jetpack_publicize_connections":[],"jetpack_featured_media_url":"https:\/\/i0.wp.com\/larevistadigital.com.ar\/blog\/wp-content\/uploads\/682b70d7b49e6.png?fit=668%2C445&ssl=1","jetpack_sharing_enabled":true,"jetpack_shortlink":"https:\/\/wp.me\/p8qtrQ-alR","jetpack-related-posts":[{"id":43293,"url":"https:\/\/larevistadigital.com.ar\/blog\/chascomus-chatbot-un-guia-gratuito-a-disposicion-de-todos\/","url_meta":{"origin":39795,"position":0},"title":"Chascom\u00fas Chatbot: Un gu\u00eda gratuito a disposici\u00f3n de todos!","author":"Alejandro Sosa Ruda","date":"12 enero, 2026","format":false,"excerpt":"Se trata del ChatBot, que ofrece la Municipalidad de Chascom\u00fas, el cual recibe numerosas consultas diariamente sobre diferentes servicios tur\u00edsticos que brinda nuestra ciudad El \u00e1rea de Turismo de la Municipalidad de Chascom\u00fas cuenta con una herramienta digital de atenci\u00f3n al turista que es todo un \u00e9xito y que, si\u2026","rel":"","context":"En \u00abCHASCOM\u00daS\u00bb","block_context":{"text":"CHASCOM\u00daS","link":"https:\/\/larevistadigital.com.ar\/blog\/category\/chascomus\/"},"img":{"alt_text":"","src":"https:\/\/i0.wp.com\/larevistadigital.com.ar\/blog\/wp-content\/uploads\/696533318862f.png?fit=668%2C445&ssl=1&resize=350%2C200","width":350,"height":200,"srcset":"https:\/\/i0.wp.com\/larevistadigital.com.ar\/blog\/wp-content\/uploads\/696533318862f.png?fit=668%2C445&ssl=1&resize=350%2C200 1x, https:\/\/i0.wp.com\/larevistadigital.com.ar\/blog\/wp-content\/uploads\/696533318862f.png?fit=668%2C445&ssl=1&resize=525%2C300 1.5x"},"classes":[]},{"id":17091,"url":"https:\/\/larevistadigital.com.ar\/blog\/rechazo-de-una-iniciativa-municipal-del-ateneo-y-la-plaza-arturo-illia\/","url_meta":{"origin":39795,"position":1},"title":"RECHAZO DE UNA INICIATIVA MUNICIPAL DEL ATENEO Y  LA PLAZA ARTURO ILLIA","author":"Alejandro Sosa Ruda","date":"21 octubre, 2020","format":false,"excerpt":"El Diario El Fuerte, hizo p\u00fablico un comunicado del Ateneo y la Plaza Arturo Illia, firmado por Ana de Otaz\u00faa, Beatriz Fayos y Miguel Angel Cerimele rechazando la iniciativa municipal de trasladar oficinas municipales al Edificio del Turista, se\u00f1alando tambi\u00e9n que es un lugar inapropiado para la instalaci\u00f3n del Museo\u2026","rel":"","context":"En \u00abINTERES GENERAL\u00bb","block_context":{"text":"INTERES GENERAL","link":"https:\/\/larevistadigital.com.ar\/blog\/category\/interes-general\/"},"img":{"alt_text":"","src":"https:\/\/i0.wp.com\/larevistadigital.com.ar\/blog\/wp-content\/uploads\/turista-elfuerte-21deoctubre.png?fit=737%2C415&ssl=1&resize=350%2C200","width":350,"height":200,"srcset":"https:\/\/i0.wp.com\/larevistadigital.com.ar\/blog\/wp-content\/uploads\/turista-elfuerte-21deoctubre.png?fit=737%2C415&ssl=1&resize=350%2C200 1x, https:\/\/i0.wp.com\/larevistadigital.com.ar\/blog\/wp-content\/uploads\/turista-elfuerte-21deoctubre.png?fit=737%2C415&ssl=1&resize=525%2C300 1.5x, https:\/\/i0.wp.com\/larevistadigital.com.ar\/blog\/wp-content\/uploads\/turista-elfuerte-21deoctubre.png?fit=737%2C415&ssl=1&resize=700%2C400 2x"},"classes":[]},{"id":579,"url":"https:\/\/larevistadigital.com.ar\/blog\/reunion-la-subcomision-turismo\/","url_meta":{"origin":39795,"position":2},"title":"Reuni\u00f3n de la subcomisi\u00f3n de turismo","author":"editor","date":"6 marzo, 2017","format":false,"excerpt":"La subcomisi\u00f3n de turismo de la C\u00e1mara de Comercio. Industria, Producci\u00f3n y Servicios de Chascom\u00fas, mantendr\u00e1 una nueva reuni\u00f3n, ma\u00f1ana lunes en la sede de Alvear y Soler. Ser\u00e1 a partir de las 20 horas. A la misma se invita a todos los prestadores tur\u00edsticos, caba\u00f1eros y vecinos interesados, a\u2026","rel":"","context":"En \u00abCHASCOM\u00daS\u00bb","block_context":{"text":"CHASCOM\u00daS","link":"https:\/\/larevistadigital.com.ar\/blog\/category\/chascomus\/"},"img":{"alt_text":"","src":"https:\/\/i0.wp.com\/larevistadigital.com.ar\/blog\/wp-content\/uploads\/2017\/03\/camara_elfuerte_050317.jpg?fit=917%2C695&ssl=1&resize=350%2C200","width":350,"height":200,"srcset":"https:\/\/i0.wp.com\/larevistadigital.com.ar\/blog\/wp-content\/uploads\/2017\/03\/camara_elfuerte_050317.jpg?fit=917%2C695&ssl=1&resize=350%2C200 1x, https:\/\/i0.wp.com\/larevistadigital.com.ar\/blog\/wp-content\/uploads\/2017\/03\/camara_elfuerte_050317.jpg?fit=917%2C695&ssl=1&resize=525%2C300 1.5x, https:\/\/i0.wp.com\/larevistadigital.com.ar\/blog\/wp-content\/uploads\/2017\/03\/camara_elfuerte_050317.jpg?fit=917%2C695&ssl=1&resize=700%2C400 2x"},"classes":[]},{"id":16695,"url":"https:\/\/larevistadigital.com.ar\/blog\/gen-chascomus-convoca-marcha-para-el-11-10-en-defensa-del-edificio-del-viejo-macoba\/","url_meta":{"origin":39795,"position":3},"title":"GEN CHASCOM\u00daS: CONVOCA MARCHA PARA EL 11\/10, EN DEFENSA DEL EDIFICIO DEL \u00abVIEJO MACOBA\u00bb","author":"Alejandro Sosa Ruda","date":"4 octubre, 2020","format":false,"excerpt":"El partido GEN, ha hecho p\u00fablica una nota en la que manifiesta su opini\u00f3n con respecto a la actualidad del turismo en Chascom\u00fas, y sobre todo de la decisi\u00f3n del ejecutivo local de convertir el edificio del viejo edificio del turista en la oficina del Secretario de Turismo. Aqu\u00ed reproducimos\u2026","rel":"","context":"En \u00abDESTACADAS\u00bb","block_context":{"text":"DESTACADAS","link":"https:\/\/larevistadigital.com.ar\/blog\/category\/destacadas\/"},"img":{"alt_text":"","src":"https:\/\/i0.wp.com\/larevistadigital.com.ar\/blog\/wp-content\/uploads\/120741173_2189320741212900_7563358647628148590_n.jpg?fit=678%2C438&ssl=1&resize=350%2C200","width":350,"height":200,"srcset":"https:\/\/i0.wp.com\/larevistadigital.com.ar\/blog\/wp-content\/uploads\/120741173_2189320741212900_7563358647628148590_n.jpg?fit=678%2C438&ssl=1&resize=350%2C200 1x, https:\/\/i0.wp.com\/larevistadigital.com.ar\/blog\/wp-content\/uploads\/120741173_2189320741212900_7563358647628148590_n.jpg?fit=678%2C438&ssl=1&resize=525%2C300 1.5x"},"classes":[]},{"id":17205,"url":"https:\/\/larevistadigital.com.ar\/blog\/debe-darse-intervencion-al-concejo-asesor-de-patrimonio-en-la-cuestion-del-edificio-del-turista-en-chascomus\/","url_meta":{"origin":39795,"position":4},"title":"DEBE DARSE INTERVENCI\u00d3N AL CONCEJO ASESOR DE PATRIMONIO EN LA CUESTI\u00d3N DEL \u00abEDIFICIO DEL TURISTA\u00bb EN CHASCOM\u00daS","author":"Alejandro Sosa Ruda","date":"25 octubre, 2020","format":false,"excerpt":"Por An\u00edbal Jos\u00e9 Maffeo En estos \u00faltimos d\u00edas se ha desatado el debate respecto del cambio de destino de la construcci\u00f3n conocida como \u201cEdificio del Turista\u201d, ubicado en la costanera frente a la plazoleta \u201cAtilio Bramuglia\u201d, en donde, finalizadas ya todas las concesiones comerciales, se instalar\u00edan oficinas del municipio para\u2026","rel":"","context":"En \u00abINTERES GENERAL\u00bb","block_context":{"text":"INTERES GENERAL","link":"https:\/\/larevistadigital.com.ar\/blog\/category\/interes-general\/"},"img":{"alt_text":"","src":"https:\/\/i0.wp.com\/larevistadigital.com.ar\/blog\/wp-content\/uploads\/12227030_10208163861558892_9095732445554866982_n-1.jpg?fit=1000%2C998&ssl=1&resize=350%2C200","width":350,"height":200,"srcset":"https:\/\/i0.wp.com\/larevistadigital.com.ar\/blog\/wp-content\/uploads\/12227030_10208163861558892_9095732445554866982_n-1.jpg?fit=1000%2C998&ssl=1&resize=350%2C200 1x, https:\/\/i0.wp.com\/larevistadigital.com.ar\/blog\/wp-content\/uploads\/12227030_10208163861558892_9095732445554866982_n-1.jpg?fit=1000%2C998&ssl=1&resize=525%2C300 1.5x, https:\/\/i0.wp.com\/larevistadigital.com.ar\/blog\/wp-content\/uploads\/12227030_10208163861558892_9095732445554866982_n-1.jpg?fit=1000%2C998&ssl=1&resize=700%2C400 2x"},"classes":[]},{"id":37263,"url":"https:\/\/larevistadigital.com.ar\/blog\/chascomus-se-prepara-para-promocionar-su-propuesta-en-la-feria-internacional-de-turismo\/","url_meta":{"origin":39795,"position":5},"title":"Chascom\u00fas se prepara para promocionar su propuesta en la Feria Internacional de Turismo","author":"Alejandro Sosa Ruda","date":"20 septiembre, 2024","format":false,"excerpt":"La ciudad participar\u00e1 del stand institucional de la Provincia de Buenos Aires en el mayor encuentro tur\u00edstico de Am\u00e9rica Latina. 20 de Septirmbre de 2024 CHASCOM\u00daS -\u00a0 Chascom\u00fas volver\u00e1 a ser parte de la Feria Internacional de Turismo (FIT), el evento m\u00e1s importante del sector en Am\u00e9rica Latina en el\u2026","rel":"","context":"En \u00abINTERES GENERAL\u00bb","block_context":{"text":"INTERES GENERAL","link":"https:\/\/larevistadigital.com.ar\/blog\/category\/interes-general\/"},"img":{"alt_text":"","src":"https:\/\/i0.wp.com\/larevistadigital.com.ar\/blog\/wp-content\/uploads\/66ec59b167292.png?fit=668%2C445&ssl=1&resize=350%2C200","width":350,"height":200,"srcset":"https:\/\/i0.wp.com\/larevistadigital.com.ar\/blog\/wp-content\/uploads\/66ec59b167292.png?fit=668%2C445&ssl=1&resize=350%2C200 1x, https:\/\/i0.wp.com\/larevistadigital.com.ar\/blog\/wp-content\/uploads\/66ec59b167292.png?fit=668%2C445&ssl=1&resize=525%2C300 1.5x"},"classes":[]}],"_links":{"self":[{"href":"https:\/\/larevistadigital.com.ar\/blog\/wp-json\/wp\/v2\/posts\/39795","targetHints":{"allow":["GET"]}}],"collection":[{"href":"https:\/\/larevistadigital.com.ar\/blog\/wp-json\/wp\/v2\/posts"}],"about":[{"href":"https:\/\/larevistadigital.com.ar\/blog\/wp-json\/wp\/v2\/types\/post"}],"author":[{"embeddable":true,"href":"https:\/\/larevistadigital.com.ar\/blog\/wp-json\/wp\/v2\/users\/3"}],"replies":[{"embeddable":true,"href":"https:\/\/larevistadigital.com.ar\/blog\/wp-json\/wp\/v2\/comments?post=39795"}],"version-history":[{"count":1,"href":"https:\/\/larevistadigital.com.ar\/blog\/wp-json\/wp\/v2\/posts\/39795\/revisions"}],"predecessor-version":[{"id":39797,"href":"https:\/\/larevistadigital.com.ar\/blog\/wp-json\/wp\/v2\/posts\/39795\/revisions\/39797"}],"wp:featuredmedia":[{"embeddable":true,"href":"https:\/\/larevistadigital.com.ar\/blog\/wp-json\/wp\/v2\/media\/39796"}],"wp:attachment":[{"href":"https:\/\/larevistadigital.com.ar\/blog\/wp-json\/wp\/v2\/media?parent=39795"}],"wp:term":[{"taxonomy":"category","embeddable":true,"href":"https:\/\/larevistadigital.com.ar\/blog\/wp-json\/wp\/v2\/categories?post=39795"},{"taxonomy":"post_tag","embeddable":true,"href":"https:\/\/larevistadigital.com.ar\/blog\/wp-json\/wp\/v2\/tags?post=39795"}],"curies":[{"name":"wp","href":"https:\/\/api.w.org\/{rel}","templated":true}]}}