{"id":39798,"date":"2025-05-19T17:42:01","date_gmt":"2025-05-19T20:42:01","guid":{"rendered":"https:\/\/larevistadigital.com.ar\/blog\/?p=39798"},"modified":"2025-05-19T17:42:01","modified_gmt":"2025-05-19T20:42:01","slug":"chascomus-este-martes-20-5-la-academia-ccu-brindara-una-masterclass-gratuita-para-emprendedores","status":"publish","type":"post","link":"https:\/\/larevistadigital.com.ar\/blog\/chascomus-este-martes-20-5-la-academia-ccu-brindara-una-masterclass-gratuita-para-emprendedores\/","title":{"rendered":"Chascom\u00fas: Este martes 20\/5, la Academia CCU brindar\u00e1 una masterclass gratuita para emprendedores"},"content":{"rendered":"<h3 class=\"excerpt\">La masterclass \u201cClaves para tu negocio: crecer y destacarse en la era digital\u201d tiene como prop\u00f3sito capacitar a quienes buscan hacer crecer sus proyectos en el entorno digital.<\/h3>\n<p>19 de Mayo de 2025<\/p>\n<div id=\"miDiv1\" class=\"text\">\n<p><strong>CHASCOM\u00daS &#8211;\u00a0<\/strong> La Academia CCU Argentina, reconocida compa\u00f1\u00eda multicategor\u00eda que produce y comercializa marcas como Villa del Sur, Heineken, Imperial y Schneider, apuesta al desarrollo local con iniciativas que fortalecen el ecosistema emprendedor.<\/p>\n<blockquote>\n<h3>En el marco de su programa de formaci\u00f3n y capacitaci\u00f3n, la compa\u00f1\u00eda presenta una masterclass presencial y gratuita en Chascom\u00fas, dirigida a emprendedores del sector comercial y gastron\u00f3mico.<\/h3>\n<\/blockquote>\n<p>La misma se realizar\u00e1 este martes 20 de mayo, desde las 14 horas, y estar\u00e1 a cargo de <strong>Denisse Borgognone<\/strong>, especialista en marketing digital y desarrollo de marca personal, en el Hotel Howard Johnson.<\/p>\n<blockquote>\n<h3><em><strong>\u201cClaves para tu negocio: crecer y destacarse en la era digital\u201d<\/strong><\/em> propone un enfoque pr\u00e1ctico sobre c\u00f3mo construir una marca personal s\u00f3lida, elegir los canales de comunicaci\u00f3n adecuados seg\u00fan el tipo de negocio, y aprovechar el influencer marketing de manera efectiva.<\/h3>\n<\/blockquote>\n<p>Al respecto, el intendente <strong>Javier Gast\u00f3n<\/strong>, se\u00f1al\u00f3: <strong><em>\u201cDesde el municipio de Chascom\u00fas, valoramos profundamente la iniciativa de CCU Argentina de ofrecer capacitaci\u00f3n gratuita a nuestros emprendedores y pymes. Este tipo de acciones fortalecen nuestro ecosistema local y generan nuevas oportunidades para nuestra comunidad. Seguiremos trabajando juntos para impulsar el desarrollo y el crecimiento de nuestra ciudad.\u201d<\/em><\/strong><\/p>\n<blockquote>\n<h3>Cabe se\u00f1alar que con presencia en la localidad a trav\u00e9s de la planta Villa del Sur, la compa\u00f1\u00eda reafirma su compromiso llevando a cabo iniciativas gratuitas para promover la formaci\u00f3n y generar nuevas oportunidades para pymes y emprendedores en las comunidades donde opera.<\/h3>\n<\/blockquote>\n<p><strong>Juan Pablo Barrale<\/strong>, gerente de Asuntos Corporativos y Sustentabilidad de CCU Argentina, se\u00f1al\u00f3 que: <strong><em>\u201cCon Academia CCU, queremos generar un impacto real y positivo en cada comunidad. Este a\u00f1o decidimos redoblar la apuesta, ampliando nuestro alcance con nuevas alianzas estrat\u00e9gicas que nos permitan llegar a m\u00e1s emprendedores, clientes y j\u00f3venes. Nuestro compromiso es construir un mejor vivir para todos, brindando herramientas que potencien el desarrollo personal y profesional\u201d<\/em><\/strong>.<\/p>\n<h3><span style=\"color: #ff0000\"><strong>Academia CCU<\/strong><\/span><\/h3>\n<p>El programa de formaci\u00f3n naci\u00f3 como una plataforma gratuita con m\u00e1s de 20 cursos online sobre administraci\u00f3n, ventas, marketing digital y finanzas. Hoy se extiende a trav\u00e9s de clases presenciales en distintas ciudades del pa\u00eds en alianza con gobiernos locales y socios estrat\u00e9gicos. Est\u00e1 dirigida a quienes gestionan almacenes, kioscos, autoservicios, bares o restaurantes, que buscan hacer crecer sus negocios digitales.<\/p>\n<p>Durante mayo, las masterclasses llegaron tambi\u00e9n a Las Heras (Mendoza), Santa Fe, Salta y Luj\u00e1n. La inscripci\u00f3n es gratuita y los cupos son limitados.<\/p>\n<h3><span style=\"color: #ff0000\"><strong>Alianza p\u00fablico-privada para el desarrollo local<\/strong><\/span><\/h3>\n<p>Esta actividad se enmarca en el acuerdo de colaboraci\u00f3n entre el Municipio de Chascom\u00fas y CCU Argentina, mediante el cual se impulsan acciones conjuntas orientadas a fortalecer el entramado productivo local, promover la formaci\u00f3n y generar nuevas oportunidades para emprendedores, pymes y j\u00f3venes de la ciudad.<\/p>\n<\/div>\n","protected":false},"excerpt":{"rendered":"<div class=\"mh-excerpt\"><p>La masterclass \u201cClaves para tu negocio: crecer y destacarse en la era digital\u201d tiene como prop\u00f3sito capacitar a quienes buscan hacer crecer sus proyectos en el entorno digital. 19 de Mayo de 2025 CHASCOM\u00daS &#8211;\u00a0 <a class=\"mh-excerpt-more\" href=\"https:\/\/larevistadigital.com.ar\/blog\/chascomus-este-martes-20-5-la-academia-ccu-brindara-una-masterclass-gratuita-para-emprendedores\/\" title=\"Chascom\u00fas: Este martes 20\/5, la Academia CCU brindar\u00e1 una masterclass gratuita para emprendedores\">[Leer M\u00e1s]<\/a><\/p>\n<\/div>","protected":false},"author":3,"featured_media":39799,"comment_status":"open","ping_status":"open","sticky":false,"template":"","format":"standard","meta":{"_jetpack_memberships_contains_paid_content":false,"footnotes":"","jetpack_publicize_message":"","jetpack_publicize_feature_enabled":true,"jetpack_social_post_already_shared":true,"jetpack_social_options":{"image_generator_settings":{"template":"highway","default_image_id":0,"font":"","enabled":false},"version":2}},"categories":[6],"tags":[],"class_list":{"0":"post-39798","1":"post","2":"type-post","3":"status-publish","4":"format-standard","5":"has-post-thumbnail","7":"category-chascomus"},"jetpack_publicize_connections":[],"jetpack_featured_media_url":"https:\/\/i0.wp.com\/larevistadigital.com.ar\/blog\/wp-content\/uploads\/682b7064c2027.png?fit=668%2C445&ssl=1","jetpack_sharing_enabled":true,"jetpack_shortlink":"https:\/\/wp.me\/p8qtrQ-alU","jetpack-related-posts":[{"id":39824,"url":"https:\/\/larevistadigital.com.ar\/blog\/chascomus-gran-interes-y-participacion-en-la-destacada-masterclass-claves-para-tu-negocio\/","url_meta":{"origin":39798,"position":0},"title":"Chascom\u00fas: Gran inter\u00e9s y participaci\u00f3n en la destacada Masterclass \u00abClaves para tu negocio\u00bb","author":"Alejandro Sosa Ruda","date":"21 mayo, 2025","format":false,"excerpt":"M\u00e1s de cien vecinos emprendedores y miembros de empresas se reunieron para continuar form\u00e1ndose con el prop\u00f3sito de crecer y destacarse en el entorno digital 21 de Mayo de 2025 CHASCOM\u00daS -\u00a0 El \u00faltimo martes por la tarde, en el Hotel Howard Johnson, la reconocida Academia CCU Argentina, compa\u00f1\u00eda multicategor\u00eda\u2026","rel":"","context":"En \u00abINTERES GENERAL\u00bb","block_context":{"text":"INTERES GENERAL","link":"https:\/\/larevistadigital.com.ar\/blog\/category\/interes-general\/"},"img":{"alt_text":"","src":"https:\/\/i0.wp.com\/larevistadigital.com.ar\/blog\/wp-content\/uploads\/682e11b55e323.png?fit=668%2C445&ssl=1&resize=350%2C200","width":350,"height":200,"srcset":"https:\/\/i0.wp.com\/larevistadigital.com.ar\/blog\/wp-content\/uploads\/682e11b55e323.png?fit=668%2C445&ssl=1&resize=350%2C200 1x, https:\/\/i0.wp.com\/larevistadigital.com.ar\/blog\/wp-content\/uploads\/682e11b55e323.png?fit=668%2C445&ssl=1&resize=525%2C300 1.5x"},"classes":[]},{"id":40771,"url":"https:\/\/larevistadigital.com.ar\/blog\/chascomus-cursos-de-formacion-laboral\/","url_meta":{"origin":39798,"position":1},"title":"Chascom\u00fas: Cursos de formaci\u00f3n laboral","author":"Alejandro Sosa Ruda","date":"5 agosto, 2025","format":false,"excerpt":"Especialmente destinados a los emprendedores locales se dictan a partir de un convenio con el Centro Regional de Formaci\u00f3n N\u00b0402-UPCN Abrieron las inscripciones a estas capacitaciones impulsadas desde la Municipalidad de Chascom\u00fas Habilidades digitales Cupos limitados Requisitos: mayor de 18 a\u00f1os, tener primario completo Destinatarios: emprendedores, artesanos, comerciantes y otros\u2026","rel":"","context":"En \u00abCHASCOM\u00daS\u00bb","block_context":{"text":"CHASCOM\u00daS","link":"https:\/\/larevistadigital.com.ar\/blog\/category\/chascomus\/"},"img":{"alt_text":"","src":"https:\/\/i0.wp.com\/larevistadigital.com.ar\/blog\/wp-content\/uploads\/68923c12df6ac.png?fit=668%2C445&ssl=1&resize=350%2C200","width":350,"height":200,"srcset":"https:\/\/i0.wp.com\/larevistadigital.com.ar\/blog\/wp-content\/uploads\/68923c12df6ac.png?fit=668%2C445&ssl=1&resize=350%2C200 1x, https:\/\/i0.wp.com\/larevistadigital.com.ar\/blog\/wp-content\/uploads\/68923c12df6ac.png?fit=668%2C445&ssl=1&resize=525%2C300 1.5x"},"classes":[]},{"id":42143,"url":"https:\/\/larevistadigital.com.ar\/blog\/chascomus-la-empresa-ccu-argentina-villa-del-sur-brindo-un-taller-laboral-a-estudiantes-secundarios\/","url_meta":{"origin":39798,"position":2},"title":"Chascom\u00fas: La empresa CCU Argentina &#8211; Villa del Sur brind\u00f3 un taller laboral a estudiantes secundarios","author":"Alejandro Sosa Ruda","date":"21 octubre, 2025","format":false,"excerpt":"A trav\u00e9s del programa Coordenadas, desde la Municipalidad se trabaja para acercar a los j\u00f3venes estudiantes con el mundo del trabajo. 21 de Octubre de 2025 CHASCOM\u00daS -\u00a0 \u00a0Durante la ma\u00f1ana de este martes, en el marco del programa \"Coordenadas\", empresa CCU Argentina - Villa del Sur brind\u00f3 un taller\u2026","rel":"","context":"En \u00abCHASCOM\u00daS\u00bb","block_context":{"text":"CHASCOM\u00daS","link":"https:\/\/larevistadigital.com.ar\/blog\/category\/chascomus\/"},"img":{"alt_text":"","src":"https:\/\/i0.wp.com\/larevistadigital.com.ar\/blog\/wp-content\/uploads\/68f7b8718a9f4.png?fit=668%2C445&ssl=1&resize=350%2C200","width":350,"height":200,"srcset":"https:\/\/i0.wp.com\/larevistadigital.com.ar\/blog\/wp-content\/uploads\/68f7b8718a9f4.png?fit=668%2C445&ssl=1&resize=350%2C200 1x, https:\/\/i0.wp.com\/larevistadigital.com.ar\/blog\/wp-content\/uploads\/68f7b8718a9f4.png?fit=668%2C445&ssl=1&resize=525%2C300 1.5x"},"classes":[]},{"id":37133,"url":"https:\/\/larevistadigital.com.ar\/blog\/comenzo-el-martes-un-nuevo-ciclo-de-fortalecimiento-para-emprendedores\/","url_meta":{"origin":39798,"position":3},"title":"Comenz\u00f3 el martes un nuevo ciclo de fortalecimiento para emprendedores","author":"Alejandro Sosa Ruda","date":"5 septiembre, 2024","format":false,"excerpt":"Incluye la asistencia t\u00e9cnica para la elaboraci\u00f3n de planes de negocios, as\u00ed como tambi\u00e9n la implementaci\u00f3n de mejoras espec\u00edficas para quienes culminan el trayecto formativo. 04 de Septiembre de 2024 CHASCOM\u00daS -\u00a0 Se trata de la \u201cCapacitaci\u00f3n para el fortalecimiento de emprendimientos\u201d, que realiza la direcci\u00f3n municipal de Desarrollo Productivo\u2026","rel":"","context":"En \u00abCHASCOM\u00daS\u00bb","block_context":{"text":"CHASCOM\u00daS","link":"https:\/\/larevistadigital.com.ar\/blog\/category\/chascomus\/"},"img":{"alt_text":"","src":"https:\/\/i0.wp.com\/larevistadigital.com.ar\/blog\/wp-content\/uploads\/66d7492739011.png?fit=668%2C445&ssl=1&resize=350%2C200","width":350,"height":200,"srcset":"https:\/\/i0.wp.com\/larevistadigital.com.ar\/blog\/wp-content\/uploads\/66d7492739011.png?fit=668%2C445&ssl=1&resize=350%2C200 1x, https:\/\/i0.wp.com\/larevistadigital.com.ar\/blog\/wp-content\/uploads\/66d7492739011.png?fit=668%2C445&ssl=1&resize=525%2C300 1.5x"},"classes":[]},{"id":45270,"url":"https:\/\/larevistadigital.com.ar\/blog\/chascomus-emprendedores-locales-acceden-a-nuevos-mercados-con-apoyo-del-estado\/","url_meta":{"origin":39798,"position":4},"title":"Chascom\u00fas: Emprendedores locales acceden a nuevos mercados con apoyo del Estado","author":"Alejandro Sosa Ruda","date":"23 abril, 2026","format":false,"excerpt":"Gracias a la articulaci\u00f3n entre el Municipio y la Provincia, productores locales se suman a los Mercados Bonaerenses Fijos, que impulsa la comercializaci\u00f3n directa, reduce costos y ampl\u00eda oportunidades en un contexto econ\u00f3mico desafiante. 23 de abril de 2026 CHASCOM\u00daS -\u00a0 \u00a0Los emprendedores locales de Chascom\u00fas comienzan a ampliar sus\u2026","rel":"","context":"En \u00abCHASCOM\u00daS\u00bb","block_context":{"text":"CHASCOM\u00daS","link":"https:\/\/larevistadigital.com.ar\/blog\/category\/chascomus\/"},"img":{"alt_text":"","src":"https:\/\/i0.wp.com\/larevistadigital.com.ar\/blog\/wp-content\/uploads\/69ea50e14da4e.png?fit=668%2C445&ssl=1&resize=350%2C200","width":350,"height":200,"srcset":"https:\/\/i0.wp.com\/larevistadigital.com.ar\/blog\/wp-content\/uploads\/69ea50e14da4e.png?fit=668%2C445&ssl=1&resize=350%2C200 1x, https:\/\/i0.wp.com\/larevistadigital.com.ar\/blog\/wp-content\/uploads\/69ea50e14da4e.png?fit=668%2C445&ssl=1&resize=525%2C300 1.5x"},"classes":[]},{"id":38216,"url":"https:\/\/larevistadigital.com.ar\/blog\/chascomus-herramientas-financieras-para-emprendedores-y-productores\/","url_meta":{"origin":39798,"position":5},"title":"Chascom\u00fas: Herramientas financieras para emprendedores y productores","author":"Alejandro Sosa Ruda","date":"11 diciembre, 2024","format":false,"excerpt":"Desde el \u00e1rea de Desarrollo Tur\u00edstico y Productivo se fortalecen los v\u00ednculos con distintas entidades bancarias. 11 de diciembre de 2024 CHASCOM\u00daS -\u00a0 En esta oportunidad se trata del Banco de la Naci\u00f3n Argentina. La subsecretaria Jimena Arano y la directora de Desarrollo Productivo, Mar\u00eda Eugenia Pietrantuono, fueron recibidas por\u2026","rel":"","context":"En \u00abINTERES GENERAL\u00bb","block_context":{"text":"INTERES GENERAL","link":"https:\/\/larevistadigital.com.ar\/blog\/category\/interes-general\/"},"img":{"alt_text":"","src":"https:\/\/i0.wp.com\/larevistadigital.com.ar\/blog\/wp-content\/uploads\/6759d088db695.png?fit=668%2C445&ssl=1&resize=350%2C200","width":350,"height":200,"srcset":"https:\/\/i0.wp.com\/larevistadigital.com.ar\/blog\/wp-content\/uploads\/6759d088db695.png?fit=668%2C445&ssl=1&resize=350%2C200 1x, https:\/\/i0.wp.com\/larevistadigital.com.ar\/blog\/wp-content\/uploads\/6759d088db695.png?fit=668%2C445&ssl=1&resize=525%2C300 1.5x"},"classes":[]}],"_links":{"self":[{"href":"https:\/\/larevistadigital.com.ar\/blog\/wp-json\/wp\/v2\/posts\/39798","targetHints":{"allow":["GET"]}}],"collection":[{"href":"https:\/\/larevistadigital.com.ar\/blog\/wp-json\/wp\/v2\/posts"}],"about":[{"href":"https:\/\/larevistadigital.com.ar\/blog\/wp-json\/wp\/v2\/types\/post"}],"author":[{"embeddable":true,"href":"https:\/\/larevistadigital.com.ar\/blog\/wp-json\/wp\/v2\/users\/3"}],"replies":[{"embeddable":true,"href":"https:\/\/larevistadigital.com.ar\/blog\/wp-json\/wp\/v2\/comments?post=39798"}],"version-history":[{"count":1,"href":"https:\/\/larevistadigital.com.ar\/blog\/wp-json\/wp\/v2\/posts\/39798\/revisions"}],"predecessor-version":[{"id":39800,"href":"https:\/\/larevistadigital.com.ar\/blog\/wp-json\/wp\/v2\/posts\/39798\/revisions\/39800"}],"wp:featuredmedia":[{"embeddable":true,"href":"https:\/\/larevistadigital.com.ar\/blog\/wp-json\/wp\/v2\/media\/39799"}],"wp:attachment":[{"href":"https:\/\/larevistadigital.com.ar\/blog\/wp-json\/wp\/v2\/media?parent=39798"}],"wp:term":[{"taxonomy":"category","embeddable":true,"href":"https:\/\/larevistadigital.com.ar\/blog\/wp-json\/wp\/v2\/categories?post=39798"},{"taxonomy":"post_tag","embeddable":true,"href":"https:\/\/larevistadigital.com.ar\/blog\/wp-json\/wp\/v2\/tags?post=39798"}],"curies":[{"name":"wp","href":"https:\/\/api.w.org\/{rel}","templated":true}]}}