{"id":39801,"date":"2025-05-19T17:56:39","date_gmt":"2025-05-19T20:56:39","guid":{"rendered":"https:\/\/larevistadigital.com.ar\/blog\/?p=39801"},"modified":"2025-05-19T17:57:35","modified_gmt":"2025-05-19T20:57:35","slug":"chascomus-sera-sede-del-10-congreso-nacional-e-internacional-de-agrobiotecnologia","status":"publish","type":"post","link":"https:\/\/larevistadigital.com.ar\/blog\/chascomus-sera-sede-del-10-congreso-nacional-e-internacional-de-agrobiotecnologia\/","title":{"rendered":"Chascom\u00fas ser\u00e1 sede del 10\u00b0 Congreso Nacional e Internacional de Agrobiotecnolog\u00eda"},"content":{"rendered":"<h3 class=\"excerpt\">Nuestra ciudad recibir\u00e1 a referentes nacionales e internacionales del sector cient\u00edfico, tecnol\u00f3gico y agropecuario.<\/h3>\n<p>19 de Mayo de 2025<\/p>\n<div id=\"miDiv1\" class=\"text\">\n<p><strong>CHASCOM\u00daS &#8211;\u00a0<\/strong> La ciudad de Chascom\u00fas se prepara para recibir el 10\u00b0 Congreso Nacional e Internacional de Agrobiotecnolog\u00eda, que se desarrollar\u00e1 los d\u00edas 22 y 23 de mayo en el Instituto Tecnol\u00f3gico de Chascom\u00fas (INTECH) y en el emblem\u00e1tico Teatro Municipal Brazzola.<\/p>\n<blockquote>\n<h3>El evento reunir\u00e1 a destacados especialistas, autoridades gubernamentales, investigadores, empresarios y estudiantes de todo el pa\u00eds y del exterior, para debatir sobre el presente y el futuro de la agrobiotecnolog\u00eda.<\/h3>\n<\/blockquote>\n<p>Este importante encuentro comienza el jueves 22, a las 9 horas, con las acreditaciones y acto de apertura en el Teatro Brazzola, donde el Intendente Javier Gast\u00f3n recibir\u00e1 a autoridades locales, provinciales y nacionales, entre ellos, el ministro de Desarrollo Agrario de la provincia, Javier Rodr\u00edguez.<\/p>\n<blockquote>\n<h3>Durante dos jornadas, se desarrollar\u00e1n paneles tem\u00e1ticos, mesas de debate y conversatorios sobre temas estrat\u00e9gicos como propiedad intelectual, ciencia y tecnolog\u00eda aplicada al agro, inteligencia artificial, digitalizaci\u00f3n, innovaci\u00f3n en biotecnolog\u00eda vegetal y animal, disputas por la renta agraria y el rol del Estado.<\/h3>\n<\/blockquote>\n<p>Adem\u00e1s de ser un espacio clave para el intercambio acad\u00e9mico y productivo, el Congreso se consolida como una herramienta para dinamizar el turismo de reuniones en Chascom\u00fas, generando movimiento econ\u00f3mico fuera de la temporada tur\u00edstica tradicional. Hoteler\u00eda, gastronom\u00eda, transporte y otros rubros se ven beneficiados por la llegada de visitantes que, adem\u00e1s de participar del evento, aprovechan para conocer la ciudad, su historia, naturaleza y cultura.<\/p>\n<blockquote>\n<h3>La agenda tambi\u00e9n incluye actividades culturales y una cena especial para los asistentes, fortaleciendo los lazos entre ciencia, comunidad y territorio.<\/h3>\n<\/blockquote>\n<p>Este congreso, organizado por la Municipalidad de Chascom\u00fas, el Ministerio de Desarrollo Agrario de la Provincia de Buenos Aires, el INTECh y respaldado por diversas instituciones, reafirma a Chascom\u00fas como un polo cient\u00edfico-tecnol\u00f3gico de referencia y pone en valor la articulaci\u00f3n entre el conocimiento y el desarrollo local y regional.<\/p>\n<\/div>\n","protected":false},"excerpt":{"rendered":"<div class=\"mh-excerpt\"><p>Nuestra ciudad recibir\u00e1 a referentes nacionales e internacionales del sector cient\u00edfico, tecnol\u00f3gico y agropecuario. 19 de Mayo de 2025 CHASCOM\u00daS &#8211;\u00a0 La ciudad de Chascom\u00fas se prepara para recibir el 10\u00b0 Congreso Nacional e Internacional <a class=\"mh-excerpt-more\" href=\"https:\/\/larevistadigital.com.ar\/blog\/chascomus-sera-sede-del-10-congreso-nacional-e-internacional-de-agrobiotecnologia\/\" title=\"Chascom\u00fas ser\u00e1 sede del 10\u00b0 Congreso Nacional e Internacional de Agrobiotecnolog\u00eda\">[Leer M\u00e1s]<\/a><\/p>\n<\/div>","protected":false},"author":3,"featured_media":39802,"comment_status":"open","ping_status":"open","sticky":false,"template":"","format":"standard","meta":{"_jetpack_memberships_contains_paid_content":false,"footnotes":"","jetpack_publicize_message":"","jetpack_publicize_feature_enabled":true,"jetpack_social_post_already_shared":true,"jetpack_social_options":{"image_generator_settings":{"template":"highway","default_image_id":0,"font":"","enabled":false},"version":2}},"categories":[6],"tags":[],"class_list":{"0":"post-39801","1":"post","2":"type-post","3":"status-publish","4":"format-standard","5":"has-post-thumbnail","7":"category-chascomus"},"jetpack_publicize_connections":[],"jetpack_featured_media_url":"https:\/\/i0.wp.com\/larevistadigital.com.ar\/blog\/wp-content\/uploads\/682b72206b212.png?fit=668%2C445&ssl=1","jetpack_sharing_enabled":true,"jetpack_shortlink":"https:\/\/wp.me\/p8qtrQ-alX","jetpack-related-posts":[{"id":39871,"url":"https:\/\/larevistadigital.com.ar\/blog\/javier-rodriguez-estamos-aca-para-defender-la-soberania-tecnologica\/","url_meta":{"origin":39801,"position":0},"title":"Javier Rodr\u00edguez: \u00abEstamos ac\u00e1 para defender la soberan\u00eda tecnol\u00f3gica\u00bb","author":"Alejandro Sosa Ruda","date":"23 mayo, 2025","format":false,"excerpt":"El ministro de Desarrollo Agrario de la provincia de Buenos Aires encabez\u00f3 la apertura del 10\u00b0 Congreso de Agrobiotecnolog\u00eda, que se extender\u00e1 hasta el viernes. 23 de Mayo de 2025 CHASCOM\u00daS -\u00a0 Este jueves comenz\u00f3 el 10\u00b0 Congreso Nacional e Internacional de Agrobiotecnolog\u00eda, Propiedad Intelectual y Pol\u00edticas P\u00fablicas en Chascom\u00fas,\u2026","rel":"","context":"En \u00abDESTACADAS\u00bb","block_context":{"text":"DESTACADAS","link":"https:\/\/larevistadigital.com.ar\/blog\/category\/destacadas\/"},"img":{"alt_text":"","src":"https:\/\/i0.wp.com\/larevistadigital.com.ar\/blog\/wp-content\/uploads\/WhatsApp-Image-2025-05-22-at-20.10.17.jpeg?fit=700%2C468&ssl=1&resize=350%2C200","width":350,"height":200,"srcset":"https:\/\/i0.wp.com\/larevistadigital.com.ar\/blog\/wp-content\/uploads\/WhatsApp-Image-2025-05-22-at-20.10.17.jpeg?fit=700%2C468&ssl=1&resize=350%2C200 1x, https:\/\/i0.wp.com\/larevistadigital.com.ar\/blog\/wp-content\/uploads\/WhatsApp-Image-2025-05-22-at-20.10.17.jpeg?fit=700%2C468&ssl=1&resize=525%2C300 1.5x, https:\/\/i0.wp.com\/larevistadigital.com.ar\/blog\/wp-content\/uploads\/WhatsApp-Image-2025-05-22-at-20.10.17.jpeg?fit=700%2C468&ssl=1&resize=700%2C400 2x"},"classes":[]},{"id":37651,"url":"https:\/\/larevistadigital.com.ar\/blog\/nuevas-carreras-universitarias-en-el-centro-universitario-de-chascomus\/","url_meta":{"origin":39801,"position":1},"title":"Nuevas carreras universitarias en el Centro Universitario de Chascom\u00fas","author":"Alejandro Sosa Ruda","date":"30 octubre, 2024","format":false,"excerpt":"Las mismas tienen como destinatarios a docentes de escuelas t\u00e9cnicas de la Provincia de Buenos Aires. 30 de octubre de 2024 CHASCOM\u00daS -\u00a0 En el d\u00eda de ayer se present\u00f3 y dio inicio a la Diplomatura en Agrobiotecnolog\u00eda que se ofrece con instancias de presencialidad en el Instituto Tecnol\u00f3gico Chascom\u00fas\u2026","rel":"","context":"En \u00abINTERES GENERAL\u00bb","block_context":{"text":"INTERES GENERAL","link":"https:\/\/larevistadigital.com.ar\/blog\/category\/interes-general\/"},"img":{"alt_text":"","src":"https:\/\/i0.wp.com\/larevistadigital.com.ar\/blog\/wp-content\/uploads\/6722736e2b6c3.png?fit=668%2C445&ssl=1&resize=350%2C200","width":350,"height":200,"srcset":"https:\/\/i0.wp.com\/larevistadigital.com.ar\/blog\/wp-content\/uploads\/6722736e2b6c3.png?fit=668%2C445&ssl=1&resize=350%2C200 1x, https:\/\/i0.wp.com\/larevistadigital.com.ar\/blog\/wp-content\/uploads\/6722736e2b6c3.png?fit=668%2C445&ssl=1&resize=525%2C300 1.5x"},"classes":[]},{"id":39918,"url":"https:\/\/larevistadigital.com.ar\/blog\/teatro-brazzola-gala-aniversario-de-chascomus\/","url_meta":{"origin":39801,"position":2},"title":"Teatro Brazzola: Gala aniversario de Chascom\u00fas","author":"Alejandro Sosa Ruda","date":"29 mayo, 2025","format":false,"excerpt":"La cita es en las v\u00edsperas del 30 de mayo, desde las 20 horas, en el Teatro Municipal Brazzola. 29 de Mayo de 2025 CHASCOM\u00daS -\u00a0 \u00a0En el marco de los actos celebratorios por el 246\u00b0 aniversario de la fundaci\u00f3n de Chascom\u00fas, este jueves 29 de mayo, la Orquesta Filarm\u00f3nica\u2026","rel":"","context":"En \u00abCHASCOM\u00daS\u00bb","block_context":{"text":"CHASCOM\u00daS","link":"https:\/\/larevistadigital.com.ar\/blog\/category\/chascomus\/"},"img":{"alt_text":"","src":"https:\/\/i0.wp.com\/larevistadigital.com.ar\/blog\/wp-content\/uploads\/6837486f2a7e0.png?fit=668%2C445&ssl=1&resize=350%2C200","width":350,"height":200,"srcset":"https:\/\/i0.wp.com\/larevistadigital.com.ar\/blog\/wp-content\/uploads\/6837486f2a7e0.png?fit=668%2C445&ssl=1&resize=350%2C200 1x, https:\/\/i0.wp.com\/larevistadigital.com.ar\/blog\/wp-content\/uploads\/6837486f2a7e0.png?fit=668%2C445&ssl=1&resize=525%2C300 1.5x"},"classes":[]},{"id":38826,"url":"https:\/\/larevistadigital.com.ar\/blog\/chascomus-oferta-educativa-universitaria\/","url_meta":{"origin":39801,"position":3},"title":"Chascom\u00fas: Oferta educativa universitaria","author":"Alejandro Sosa Ruda","date":"24 febrero, 2025","format":false,"excerpt":"Se ampl\u00edan las posibilidades de continuar estudiando sin necesidad de migrar 24 de Febrero de 2025 CHASCOM\u00daS -\u00a0 \u00a0A partir de la inauguraci\u00f3n del Centro Universitario local, se ampli\u00f3 la oferta acad\u00e9mica terciaria y universitaria en nuestra ciudad. Esta pol\u00edtica de la Municipalidad de Chascom\u00fas, tiene como fin igualar las\u2026","rel":"","context":"En \u00abINTERES GENERAL\u00bb","block_context":{"text":"INTERES GENERAL","link":"https:\/\/larevistadigital.com.ar\/blog\/category\/interes-general\/"},"img":{"alt_text":"","src":"https:\/\/i0.wp.com\/larevistadigital.com.ar\/blog\/wp-content\/uploads\/67bcb0e86a85e.png?fit=668%2C445&ssl=1&resize=350%2C200","width":350,"height":200,"srcset":"https:\/\/i0.wp.com\/larevistadigital.com.ar\/blog\/wp-content\/uploads\/67bcb0e86a85e.png?fit=668%2C445&ssl=1&resize=350%2C200 1x, https:\/\/i0.wp.com\/larevistadigital.com.ar\/blog\/wp-content\/uploads\/67bcb0e86a85e.png?fit=668%2C445&ssl=1&resize=525%2C300 1.5x"},"classes":[]},{"id":39813,"url":"https:\/\/larevistadigital.com.ar\/blog\/chascomus-este-domingo-se-realizara-el-acto-oficial-en-conmemoracion-de-la-revolucion-de-mayo\/","url_meta":{"origin":39801,"position":4},"title":"Chascom\u00fas: Este domingo se realizar\u00e1 el acto oficial en conmemoraci\u00f3n de la Revoluci\u00f3n de Mayo","author":"Alejandro Sosa Ruda","date":"20 mayo, 2025","format":false,"excerpt":"Comenzar\u00e1 a las 11,50 horas, en la Plaza Independencia y ser\u00e1 encabezado por el intendente Javier Gast\u00f3n. 20 de Mayo de 2025 CHASCOM\u00daS -\u00a0 \u00a0La Municipalidad de Chascom\u00fas invita a los vecinos a participar de los actos a celebrarse en la jornada de este domingo 25 de mayo, en conmemoraci\u00f3n\u2026","rel":"","context":"En \u00abCHASCOM\u00daS\u00bb","block_context":{"text":"CHASCOM\u00daS","link":"https:\/\/larevistadigital.com.ar\/blog\/category\/chascomus\/"},"img":{"alt_text":"","src":"https:\/\/i0.wp.com\/larevistadigital.com.ar\/blog\/wp-content\/uploads\/682cab20e594a.png?fit=668%2C445&ssl=1&resize=350%2C200","width":350,"height":200,"srcset":"https:\/\/i0.wp.com\/larevistadigital.com.ar\/blog\/wp-content\/uploads\/682cab20e594a.png?fit=668%2C445&ssl=1&resize=350%2C200 1x, https:\/\/i0.wp.com\/larevistadigital.com.ar\/blog\/wp-content\/uploads\/682cab20e594a.png?fit=668%2C445&ssl=1&resize=525%2C300 1.5x"},"classes":[]},{"id":39936,"url":"https:\/\/larevistadigital.com.ar\/blog\/atencion-bailarines-y-bailarinas-se-pone-en-marcha-una-nueva-edicion-de-el-brazzola-produce-esta-vez-dedicada-a-la-danza\/","url_meta":{"origin":39801,"position":5},"title":"Atenci\u00f3n bailarines y bailarinas: Se pone en marcha una nueva edici\u00f3n de \u201cEl Brazzola Produce\u201d, esta vez dedicada a la danza","author":"Alejandro Sosa Ruda","date":"30 mayo, 2025","format":false,"excerpt":"La convocatoria est\u00e1 dirigida a grupos y academias locales, que podr\u00e1n registrar sus propuestas art\u00edsticas en el escenario del teatro municipal. 30 de Mayo de 2025 CHASCOM\u00daS\u00a0 -\u00a0 \u00a0Se pone en marcha una nueva edici\u00f3n de \u201cEl Brazzola Produce\u201d, esta vez dedicada a la danza La convocatoria est\u00e1 dirigida a\u2026","rel":"","context":"En \u00abCHASCOM\u00daS\u00bb","block_context":{"text":"CHASCOM\u00daS","link":"https:\/\/larevistadigital.com.ar\/blog\/category\/chascomus\/"},"img":{"alt_text":"","src":"https:\/\/i0.wp.com\/larevistadigital.com.ar\/blog\/wp-content\/uploads\/6838924f8fc1a.png?fit=668%2C445&ssl=1&resize=350%2C200","width":350,"height":200,"srcset":"https:\/\/i0.wp.com\/larevistadigital.com.ar\/blog\/wp-content\/uploads\/6838924f8fc1a.png?fit=668%2C445&ssl=1&resize=350%2C200 1x, https:\/\/i0.wp.com\/larevistadigital.com.ar\/blog\/wp-content\/uploads\/6838924f8fc1a.png?fit=668%2C445&ssl=1&resize=525%2C300 1.5x"},"classes":[]}],"_links":{"self":[{"href":"https:\/\/larevistadigital.com.ar\/blog\/wp-json\/wp\/v2\/posts\/39801","targetHints":{"allow":["GET"]}}],"collection":[{"href":"https:\/\/larevistadigital.com.ar\/blog\/wp-json\/wp\/v2\/posts"}],"about":[{"href":"https:\/\/larevistadigital.com.ar\/blog\/wp-json\/wp\/v2\/types\/post"}],"author":[{"embeddable":true,"href":"https:\/\/larevistadigital.com.ar\/blog\/wp-json\/wp\/v2\/users\/3"}],"replies":[{"embeddable":true,"href":"https:\/\/larevistadigital.com.ar\/blog\/wp-json\/wp\/v2\/comments?post=39801"}],"version-history":[{"count":2,"href":"https:\/\/larevistadigital.com.ar\/blog\/wp-json\/wp\/v2\/posts\/39801\/revisions"}],"predecessor-version":[{"id":39804,"href":"https:\/\/larevistadigital.com.ar\/blog\/wp-json\/wp\/v2\/posts\/39801\/revisions\/39804"}],"wp:featuredmedia":[{"embeddable":true,"href":"https:\/\/larevistadigital.com.ar\/blog\/wp-json\/wp\/v2\/media\/39802"}],"wp:attachment":[{"href":"https:\/\/larevistadigital.com.ar\/blog\/wp-json\/wp\/v2\/media?parent=39801"}],"wp:term":[{"taxonomy":"category","embeddable":true,"href":"https:\/\/larevistadigital.com.ar\/blog\/wp-json\/wp\/v2\/categories?post=39801"},{"taxonomy":"post_tag","embeddable":true,"href":"https:\/\/larevistadigital.com.ar\/blog\/wp-json\/wp\/v2\/tags?post=39801"}],"curies":[{"name":"wp","href":"https:\/\/api.w.org\/{rel}","templated":true}]}}