{"id":39807,"date":"2025-05-20T09:31:06","date_gmt":"2025-05-20T12:31:06","guid":{"rendered":"https:\/\/larevistadigital.com.ar\/blog\/?p=39807"},"modified":"2025-05-20T09:31:06","modified_gmt":"2025-05-20T12:31:06","slug":"comunicado-de-lito-fernandez-y-lla-de-chascomus","status":"publish","type":"post","link":"https:\/\/larevistadigital.com.ar\/blog\/comunicado-de-lito-fernandez-y-lla-de-chascomus\/","title":{"rendered":"Comunicado de Lito Fern\u00e1ndez y LLA de Chascom\u00fas"},"content":{"rendered":"<p>Chascom\u00fas 19 de mayo del 2025<\/p>\n<h3><span style=\"color: #ff0000\"><strong>COMUNICADO<\/strong><\/span><\/h3>\n<p><strong><em>La sede de La Libertad Avanza quiere saludar y felicitar la enorme elecci\u00f3n que llevaron a cabo los libertarios en la Ciudad Aut\u00f3noma de Buenos Aires.<\/em><\/strong><br \/>\n<strong><em>Tambien a todos aquellos partidos pol\u00edticos que participaron, no es importante la posici\u00f3n en el que quedaron es importante seguir construyendo este modelo de agenda de LLA que venimos construyendo para el resto del del pa\u00eds, por eso el equipo La Libertad Avanzada Chascom\u00fas, invita a todos aquellos que se quieran acercar vecinos ciudadanos dirigentes de cualquier partido pol\u00edtico a trabajar en una agenda para nuestra ciudad ser\u00e1n bienvenidos sin ego\u00edsmos sin pretensiones y sin especulaciones las puertas y nuestra mesa siempre est\u00e1n abierta para construir y sacar nuestra ciudad adelante.<\/em><\/strong><\/p>\n<p>Chascom\u00fas provincia de Buenos<\/p>\n","protected":false},"excerpt":{"rendered":"<div class=\"mh-excerpt\"><p>Chascom\u00fas 19 de mayo del 2025 COMUNICADO La sede de La Libertad Avanza quiere saludar y felicitar la enorme elecci\u00f3n que llevaron a cabo los libertarios en la Ciudad Aut\u00f3noma de Buenos Aires. Tambien a <a class=\"mh-excerpt-more\" href=\"https:\/\/larevistadigital.com.ar\/blog\/comunicado-de-lito-fernandez-y-lla-de-chascomus\/\" title=\"Comunicado de Lito Fern\u00e1ndez y LLA de Chascom\u00fas\">[Leer M\u00e1s]<\/a><\/p>\n<\/div>","protected":false},"author":3,"featured_media":39808,"comment_status":"open","ping_status":"open","sticky":false,"template":"","format":"standard","meta":{"_jetpack_memberships_contains_paid_content":false,"footnotes":"","jetpack_publicize_message":"","jetpack_publicize_feature_enabled":true,"jetpack_social_post_already_shared":true,"jetpack_social_options":{"image_generator_settings":{"template":"highway","default_image_id":0,"font":"","enabled":false},"version":2}},"categories":[50,12],"tags":[],"class_list":{"0":"post-39807","1":"post","2":"type-post","3":"status-publish","4":"format-standard","5":"has-post-thumbnail","7":"category-interes-general","8":"category-politica"},"jetpack_publicize_connections":[],"jetpack_featured_media_url":"https:\/\/i0.wp.com\/larevistadigital.com.ar\/blog\/wp-content\/uploads\/LITO-FERNANDEZ-KARIBNA-MILEI-.jpg?fit=839%2C536&ssl=1","jetpack_sharing_enabled":true,"jetpack_shortlink":"https:\/\/wp.me\/p8qtrQ-am3","jetpack-related-posts":[{"id":38518,"url":"https:\/\/larevistadigital.com.ar\/blog\/chascomus-lito-fernandez-referente-de-lla-mantuvo-una-importante-reunion-con-los-mas-destacados-dirigentes-del-partido-libertario\/","url_meta":{"origin":39807,"position":0},"title":"Chascom\u00fas: Lito Fern\u00e1ndez, referente de LLA, mantuvo una importante reuni\u00f3n con los m\u00e1s destacados dirigentes del partido libertario","author":"Alejandro Sosa Ruda","date":"23 enero, 2025","format":false,"excerpt":"Se abordaron temas de inter\u00e9s para Chascom\u00fas y la zona, adem\u00e1s de estrat\u00e9gias pol\u00edticas para el a\u00f1o electoral. 23 de Enero de 2024 BUENOS AIRES -\u00a0 El titular de Anses y coordinador de la Libertad Avanza en Chascom\u00fas Antonio Lito Fernandez, mantuvo una reuni\u00f3n de la que participaron: Karina Milei,\u2026","rel":"","context":"En \u00abINTERES GENERAL\u00bb","block_context":{"text":"INTERES GENERAL","link":"https:\/\/larevistadigital.com.ar\/blog\/category\/interes-general\/"},"img":{"alt_text":"","src":"https:\/\/i0.wp.com\/larevistadigital.com.ar\/blog\/wp-content\/uploads\/WhatsApp_Image_2025-01-23_at_10.16.50-q6Yuknf09-transformed.jpeg?fit=960%2C1200&ssl=1&resize=350%2C200","width":350,"height":200,"srcset":"https:\/\/i0.wp.com\/larevistadigital.com.ar\/blog\/wp-content\/uploads\/WhatsApp_Image_2025-01-23_at_10.16.50-q6Yuknf09-transformed.jpeg?fit=960%2C1200&ssl=1&resize=350%2C200 1x, https:\/\/i0.wp.com\/larevistadigital.com.ar\/blog\/wp-content\/uploads\/WhatsApp_Image_2025-01-23_at_10.16.50-q6Yuknf09-transformed.jpeg?fit=960%2C1200&ssl=1&resize=525%2C300 1.5x, https:\/\/i0.wp.com\/larevistadigital.com.ar\/blog\/wp-content\/uploads\/WhatsApp_Image_2025-01-23_at_10.16.50-q6Yuknf09-transformed.jpeg?fit=960%2C1200&ssl=1&resize=700%2C400 2x"},"classes":[]},{"id":40231,"url":"https:\/\/larevistadigital.com.ar\/blog\/chascomus-sera-sede-del-circuito-buenos-aires-aventura\/","url_meta":{"origin":39807,"position":1},"title":"Chascom\u00fas ser\u00e1 sede del Circuito Buenos Aires Aventura","author":"Alejandro Sosa Ruda","date":"30 junio, 2025","format":false,"excerpt":"Avanzan las gestiones con Deportes PBA para incorporar este evento a la agenda local y lograr la iluminaci\u00f3n del Estadio Municipal. 30 de Junio de 2025 CHASCOM\u00daS -\u00a0 El secretario de Cultura, Deportes y Relaciones Institucionales, Pablo N\u00e1poli; junto al subsecretario de Deportes municipal, Pablo Francese; particip\u00f3 de una reuni\u00f3n\u2026","rel":"","context":"En \u00abCHASCOM\u00daS\u00bb","block_context":{"text":"CHASCOM\u00daS","link":"https:\/\/larevistadigital.com.ar\/blog\/category\/chascomus\/"},"img":{"alt_text":"","src":"https:\/\/i0.wp.com\/larevistadigital.com.ar\/blog\/wp-content\/uploads\/6862c8d6b8bb7.png?fit=668%2C445&ssl=1&resize=350%2C200","width":350,"height":200,"srcset":"https:\/\/i0.wp.com\/larevistadigital.com.ar\/blog\/wp-content\/uploads\/6862c8d6b8bb7.png?fit=668%2C445&ssl=1&resize=350%2C200 1x, https:\/\/i0.wp.com\/larevistadigital.com.ar\/blog\/wp-content\/uploads\/6862c8d6b8bb7.png?fit=668%2C445&ssl=1&resize=525%2C300 1.5x"},"classes":[]},{"id":39306,"url":"https:\/\/larevistadigital.com.ar\/blog\/chascomus-de-la-mano-de-lito-fernandez-se-inauguro-el-nuevo-local-de-la-libertad-avanza\/","url_meta":{"origin":39807,"position":2},"title":"Chascom\u00fas: De la mano de Lito Fernandez se inaugur\u00f3 el nuevo local de La Libertad Avanza","author":"Alejandro Sosa Ruda","date":"5 abril, 2025","format":false,"excerpt":"Finalmente, se inaugur\u00f3 el local de los libertarios, que promete estar abierto y al servicio de los vecinos por mucho tiempo. 05 de Abril de 2025 CHASCOM\u00daS -\u00a0\u00a0Con el compromiso asumido de \"llevar las banderas de la libertad\" hacia todos los rincones del pa\u00eds, en la ciudad de Chascom\u00fas se\u2026","rel":"","context":"En \u00abDESTACADAS\u00bb","block_context":{"text":"DESTACADAS","link":"https:\/\/larevistadigital.com.ar\/blog\/category\/destacadas\/"},"img":{"alt_text":"","src":"https:\/\/i0.wp.com\/larevistadigital.com.ar\/blog\/wp-content\/uploads\/GnyYocGWoAAzyca.jpg?fit=1200%2C903&ssl=1&resize=350%2C200","width":350,"height":200,"srcset":"https:\/\/i0.wp.com\/larevistadigital.com.ar\/blog\/wp-content\/uploads\/GnyYocGWoAAzyca.jpg?fit=1200%2C903&ssl=1&resize=350%2C200 1x, https:\/\/i0.wp.com\/larevistadigital.com.ar\/blog\/wp-content\/uploads\/GnyYocGWoAAzyca.jpg?fit=1200%2C903&ssl=1&resize=525%2C300 1.5x, https:\/\/i0.wp.com\/larevistadigital.com.ar\/blog\/wp-content\/uploads\/GnyYocGWoAAzyca.jpg?fit=1200%2C903&ssl=1&resize=700%2C400 2x, https:\/\/i0.wp.com\/larevistadigital.com.ar\/blog\/wp-content\/uploads\/GnyYocGWoAAzyca.jpg?fit=1200%2C903&ssl=1&resize=1050%2C600 3x"},"classes":[]},{"id":40276,"url":"https:\/\/larevistadigital.com.ar\/blog\/chascomus-pablo-napoli-visito-el-centro-de-lalin-agolada-y-silleda-de-buenos-aires\/","url_meta":{"origin":39807,"position":3},"title":"Chascom\u00fas: Pablo N\u00e1poli visit\u00f3 el Centro de Lal\u00edn, Agolada y Silleda de Buenos Aires","author":"Alejandro Sosa Ruda","date":"2 julio, 2025","format":false,"excerpt":"Particip\u00f3 del tradicional evento del cocido que re\u00fane cada a\u00f1o a numerosos descendientes gallegos El \u00faltimo domingo, tuvo lugar la fiesta gastron\u00f3mica que se celebra anualmente en el Centro de Lal\u00edn, Agolada y Silleda de Buenos Aires, para honrar el cocido, un plato tradicional gallego, de la cual particip\u00f3 el\u2026","rel":"","context":"En \u00abCHASCOM\u00daS\u00bb","block_context":{"text":"CHASCOM\u00daS","link":"https:\/\/larevistadigital.com.ar\/blog\/category\/chascomus\/"},"img":{"alt_text":"","src":"https:\/\/i0.wp.com\/larevistadigital.com.ar\/blog\/wp-content\/uploads\/68656928b5052.png?fit=668%2C445&ssl=1&resize=350%2C200","width":350,"height":200,"srcset":"https:\/\/i0.wp.com\/larevistadigital.com.ar\/blog\/wp-content\/uploads\/68656928b5052.png?fit=668%2C445&ssl=1&resize=350%2C200 1x, https:\/\/i0.wp.com\/larevistadigital.com.ar\/blog\/wp-content\/uploads\/68656928b5052.png?fit=668%2C445&ssl=1&resize=525%2C300 1.5x"},"classes":[]},{"id":17392,"url":"https:\/\/larevistadigital.com.ar\/blog\/una-respuesta-con-sabor-a-poco-por-jose-ochoa\/","url_meta":{"origin":39807,"position":4},"title":"\u00abUNA RESPUESTA CON SABOR A POCO\u00bb  Por Jos\u00e9 Ochoa","author":"Alejandro Sosa Ruda","date":"2 noviembre, 2020","format":false,"excerpt":"Con fecha 16 de octubre del corriente el Sr. Secretario de Gobierno Municipal contest\u00f3 el pedido de informes que present\u00e9 con respecto a la calidad del agua potable de nuestra localidad. Dicha respuesta es demasiado escueta, poco precisa, y sin los detalles importantes que debemos conocer los vecinos de Chascom\u00fas\u2026","rel":"","context":"En \u00abCHASCOM\u00daS\u00bb","block_context":{"text":"CHASCOM\u00daS","link":"https:\/\/larevistadigital.com.ar\/blog\/category\/chascomus\/"},"img":{"alt_text":"","src":"https:\/\/i0.wp.com\/larevistadigital.com.ar\/blog\/wp-content\/uploads\/19275143_110499019564811_3619769794743143774_n.jpg?fit=700%2C420&ssl=1&resize=350%2C200","width":350,"height":200,"srcset":"https:\/\/i0.wp.com\/larevistadigital.com.ar\/blog\/wp-content\/uploads\/19275143_110499019564811_3619769794743143774_n.jpg?fit=700%2C420&ssl=1&resize=350%2C200 1x, https:\/\/i0.wp.com\/larevistadigital.com.ar\/blog\/wp-content\/uploads\/19275143_110499019564811_3619769794743143774_n.jpg?fit=700%2C420&ssl=1&resize=525%2C300 1.5x, https:\/\/i0.wp.com\/larevistadigital.com.ar\/blog\/wp-content\/uploads\/19275143_110499019564811_3619769794743143774_n.jpg?fit=700%2C420&ssl=1&resize=700%2C400 2x"},"classes":[]},{"id":40762,"url":"https:\/\/larevistadigital.com.ar\/blog\/desde-este-miercoles-chascomus-participara-en-las-rondas-de-negocios-de-meet-up-argentina\/","url_meta":{"origin":39807,"position":5},"title":"Desde este mi\u00e9rcoles Chascom\u00fas participar\u00e1 en las Rondas de Negocios de MEET UP Argentina","author":"Alejandro Sosa Ruda","date":"5 agosto, 2025","format":false,"excerpt":"Sin lugar a dudas es el encuentro m\u00e1s importante de la industria del Turismo de Reuniones en el pa\u00eds y nuestra ciudad ofrecer\u00e1 sus servicios. 05 de Agosto de 2025 CHASCOM\u00daS -\u00a0 \u00a0En las jornadas de este mi\u00e9rcoles 6 y jueves 7 de agosto, referentes del \u00e1rea de Turismo de\u2026","rel":"","context":"En \u00abCHASCOM\u00daS\u00bb","block_context":{"text":"CHASCOM\u00daS","link":"https:\/\/larevistadigital.com.ar\/blog\/category\/chascomus\/"},"img":{"alt_text":"","src":"https:\/\/i0.wp.com\/larevistadigital.com.ar\/blog\/wp-content\/uploads\/689233ce776d6.png?fit=668%2C445&ssl=1&resize=350%2C200","width":350,"height":200,"srcset":"https:\/\/i0.wp.com\/larevistadigital.com.ar\/blog\/wp-content\/uploads\/689233ce776d6.png?fit=668%2C445&ssl=1&resize=350%2C200 1x, https:\/\/i0.wp.com\/larevistadigital.com.ar\/blog\/wp-content\/uploads\/689233ce776d6.png?fit=668%2C445&ssl=1&resize=525%2C300 1.5x"},"classes":[]}],"_links":{"self":[{"href":"https:\/\/larevistadigital.com.ar\/blog\/wp-json\/wp\/v2\/posts\/39807","targetHints":{"allow":["GET"]}}],"collection":[{"href":"https:\/\/larevistadigital.com.ar\/blog\/wp-json\/wp\/v2\/posts"}],"about":[{"href":"https:\/\/larevistadigital.com.ar\/blog\/wp-json\/wp\/v2\/types\/post"}],"author":[{"embeddable":true,"href":"https:\/\/larevistadigital.com.ar\/blog\/wp-json\/wp\/v2\/users\/3"}],"replies":[{"embeddable":true,"href":"https:\/\/larevistadigital.com.ar\/blog\/wp-json\/wp\/v2\/comments?post=39807"}],"version-history":[{"count":1,"href":"https:\/\/larevistadigital.com.ar\/blog\/wp-json\/wp\/v2\/posts\/39807\/revisions"}],"predecessor-version":[{"id":39809,"href":"https:\/\/larevistadigital.com.ar\/blog\/wp-json\/wp\/v2\/posts\/39807\/revisions\/39809"}],"wp:featuredmedia":[{"embeddable":true,"href":"https:\/\/larevistadigital.com.ar\/blog\/wp-json\/wp\/v2\/media\/39808"}],"wp:attachment":[{"href":"https:\/\/larevistadigital.com.ar\/blog\/wp-json\/wp\/v2\/media?parent=39807"}],"wp:term":[{"taxonomy":"category","embeddable":true,"href":"https:\/\/larevistadigital.com.ar\/blog\/wp-json\/wp\/v2\/categories?post=39807"},{"taxonomy":"post_tag","embeddable":true,"href":"https:\/\/larevistadigital.com.ar\/blog\/wp-json\/wp\/v2\/tags?post=39807"}],"curies":[{"name":"wp","href":"https:\/\/api.w.org\/{rel}","templated":true}]}}