{"id":39810,"date":"2025-05-20T14:54:52","date_gmt":"2025-05-20T17:54:52","guid":{"rendered":"https:\/\/larevistadigital.com.ar\/blog\/?p=39810"},"modified":"2025-05-20T14:54:52","modified_gmt":"2025-05-20T17:54:52","slug":"chascomus-en-junio-se-reviviran-los-exitos-de-sandro-en-el-brazzola","status":"publish","type":"post","link":"https:\/\/larevistadigital.com.ar\/blog\/chascomus-en-junio-se-reviviran-los-exitos-de-sandro-en-el-brazzola\/","title":{"rendered":"Chascom\u00fas: En junio se revivir\u00e1n los \u00e9xitos de Sandro en el Brazzola"},"content":{"rendered":"<h2>Llega el espect\u00e1culo \u201cCulto Gitano\u201d, el homenaje a SANDRO, por Fernando Samart\u00edn.<\/h2>\n<p>20 de Mayo de 2025<\/p>\n<p><strong>CHASCOM\u00daS\u00a0 &#8211;\u00a0<\/strong> \u00a0La cita es el s\u00e1bado 21 de junio, desde las 21 hs., cuando Fernando Samart\u00edn, en la piel del GITANO, suba al escenario del Teatro Municipal Brazzola, ofreciendo un recorrido por los temas m\u00e1s recordados e ic\u00f3nicos del \u00cddolo de Am\u00e9rica, acompa\u00f1ado por quienes fueron sus m\u00fasicos.<\/p>\n<blockquote>\n<h3>Fernando Samart\u00edn fue ganador de los Premios ACE y Hugo a revelaci\u00f3n por la comedia musical \u00abPor amor a Sandro\u2019\u2019.<\/h3>\n<\/blockquote>\n<p>Ha recorrido los escenarios m\u00e1s prestigiosos de Argentina y Latinoam\u00e9rica como el Teatro Gran Rex, Teatro \u00d3pera, Luna Park, Caupolican de Santiago de Chile, Conrad de Punta del Este o Melico Salazar de Costa Rica como invitado de la prestigiosa Orquesta Filarm\u00f3nica.<\/p>\n<blockquote>\n<h3>Un espect\u00e1culo imperdible, un homenaje a una figura \u00fanica que marc\u00f3 y sigue marcando generaciones en toda Latinoam\u00e9rica.<\/h3>\n<\/blockquote>\n<p>Las entradas est\u00e1n en venta en el Teatro Municipal Brazzola, de lunes a viernes de 9 a 16:30 hs. y por Entradaweb (https:\/\/www.entradaweb.com.ar\/evento\/5c6016f2\/step\/1), con un valor de: Plateas Numeradas Filas de la 1 a 10 $ 32.000; de la fila 11 a 16 $ 30.000 y Pullman: $ 28.000<\/p>\n","protected":false},"excerpt":{"rendered":"<div class=\"mh-excerpt\"><p>Llega el espect\u00e1culo \u201cCulto Gitano\u201d, el homenaje a SANDRO, por Fernando Samart\u00edn. 20 de Mayo de 2025 CHASCOM\u00daS\u00a0 &#8211;\u00a0 \u00a0La cita es el s\u00e1bado 21 de junio, desde las 21 hs., cuando Fernando Samart\u00edn, en <a class=\"mh-excerpt-more\" href=\"https:\/\/larevistadigital.com.ar\/blog\/chascomus-en-junio-se-reviviran-los-exitos-de-sandro-en-el-brazzola\/\" title=\"Chascom\u00fas: En junio se revivir\u00e1n los \u00e9xitos de Sandro en el Brazzola\">[Leer M\u00e1s]<\/a><\/p>\n<\/div>","protected":false},"author":3,"featured_media":39811,"comment_status":"open","ping_status":"open","sticky":false,"template":"","format":"standard","meta":{"_jetpack_memberships_contains_paid_content":false,"footnotes":"","jetpack_publicize_message":"","jetpack_publicize_feature_enabled":true,"jetpack_social_post_already_shared":true,"jetpack_social_options":{"image_generator_settings":{"template":"highway","default_image_id":0,"font":"","enabled":false},"version":2}},"categories":[51,30],"tags":[],"class_list":{"0":"post-39810","1":"post","2":"type-post","3":"status-publish","4":"format-standard","5":"has-post-thumbnail","7":"category-regionales","8":"category-turismo"},"jetpack_publicize_connections":[],"jetpack_featured_media_url":"https:\/\/i0.wp.com\/larevistadigital.com.ar\/blog\/wp-content\/uploads\/682cabb460118.png?fit=668%2C445&ssl=1","jetpack_sharing_enabled":true,"jetpack_shortlink":"https:\/\/wp.me\/p8qtrQ-am6","jetpack-related-posts":[{"id":36356,"url":"https:\/\/larevistadigital.com.ar\/blog\/atencion-chascomus-se-sortean-entradas-para-el-espectaculo-de-hernan-piquin\/","url_meta":{"origin":39810,"position":0},"title":"ATENCI\u00d3N CHASCOM\u00daS: SE SORTEAN ENTRADAS PARA EL ESPECT\u00c1CULO DE HERN\u00c1N PIQU\u00cdN","author":"Alejandro Sosa Ruda","date":"19 junio, 2024","format":false,"excerpt":"Ser\u00e1 el viernes a trav\u00e9s de la cuenta de Instagram del teatro Brazzola. 19 de Junio de 2024 CHASCOM\u00daS -\u00a0 El Teatro Municipal Brazzola sortea dos entradas para el espect\u00e1culo \u201cEl \u00faltimo tango\u201d de Hern\u00e1n Piqu\u00edn, anunciado para el pr\u00f3ximo s\u00e1bado 22 a las 21 hs. Los interesados en participar\u2026","rel":"","context":"En \u00abCULTURA\u00bb","block_context":{"text":"CULTURA","link":"https:\/\/larevistadigital.com.ar\/blog\/category\/cultura\/"},"img":{"alt_text":"","src":"https:\/\/i0.wp.com\/larevistadigital.com.ar\/blog\/wp-content\/uploads\/2024_06_20_01_53_45_5118486.jpg?fit=600%2C529&ssl=1&resize=350%2C200","width":350,"height":200,"srcset":"https:\/\/i0.wp.com\/larevistadigital.com.ar\/blog\/wp-content\/uploads\/2024_06_20_01_53_45_5118486.jpg?fit=600%2C529&ssl=1&resize=350%2C200 1x, https:\/\/i0.wp.com\/larevistadigital.com.ar\/blog\/wp-content\/uploads\/2024_06_20_01_53_45_5118486.jpg?fit=600%2C529&ssl=1&resize=525%2C300 1.5x"},"classes":[]},{"id":35915,"url":"https:\/\/larevistadigital.com.ar\/blog\/manana-toca-electric-gauchos-en-chascomus\/","url_meta":{"origin":39810,"position":1},"title":"MA\u00d1ANA TOCA \u00abELECTRIC GAUCHOS\u00bb EN CHASCOM\u00daS","author":"Alejandro Sosa Ruda","date":"25 abril, 2024","format":false,"excerpt":"Una interesante propuesta para disfrutar en familia. 25 de abril de 2024 CHASCOM\u00daS -\u00a0 El grupo musical \"Electric Gauchos\", conocido por su fascinante colectivo internacional de m\u00fasicos, llega a Chascom\u00fas para ofrecer un espect\u00e1culo de m\u00fasica instrumental de alta calidad, dise\u00f1ado para un p\u00fablico que aprecia los matices y los\u2026","rel":"","context":"En \u00abCULTURA\u00bb","block_context":{"text":"CULTURA","link":"https:\/\/larevistadigital.com.ar\/blog\/category\/cultura\/"},"img":{"alt_text":"","src":"https:\/\/i0.wp.com\/larevistadigital.com.ar\/blog\/wp-content\/uploads\/439498418_830383385800943_176963449248749253_n.jpg?fit=675%2C1200&ssl=1&resize=350%2C200","width":350,"height":200,"srcset":"https:\/\/i0.wp.com\/larevistadigital.com.ar\/blog\/wp-content\/uploads\/439498418_830383385800943_176963449248749253_n.jpg?fit=675%2C1200&ssl=1&resize=350%2C200 1x, https:\/\/i0.wp.com\/larevistadigital.com.ar\/blog\/wp-content\/uploads\/439498418_830383385800943_176963449248749253_n.jpg?fit=675%2C1200&ssl=1&resize=525%2C300 1.5x"},"classes":[]},{"id":39918,"url":"https:\/\/larevistadigital.com.ar\/blog\/teatro-brazzola-gala-aniversario-de-chascomus\/","url_meta":{"origin":39810,"position":2},"title":"Teatro Brazzola: Gala aniversario de Chascom\u00fas","author":"Alejandro Sosa Ruda","date":"29 mayo, 2025","format":false,"excerpt":"La cita es en las v\u00edsperas del 30 de mayo, desde las 20 horas, en el Teatro Municipal Brazzola. 29 de Mayo de 2025 CHASCOM\u00daS -\u00a0 \u00a0En el marco de los actos celebratorios por el 246\u00b0 aniversario de la fundaci\u00f3n de Chascom\u00fas, este jueves 29 de mayo, la Orquesta Filarm\u00f3nica\u2026","rel":"","context":"En \u00abCHASCOM\u00daS\u00bb","block_context":{"text":"CHASCOM\u00daS","link":"https:\/\/larevistadigital.com.ar\/blog\/category\/chascomus\/"},"img":{"alt_text":"","src":"https:\/\/i0.wp.com\/larevistadigital.com.ar\/blog\/wp-content\/uploads\/6837486f2a7e0.png?fit=668%2C445&ssl=1&resize=350%2C200","width":350,"height":200,"srcset":"https:\/\/i0.wp.com\/larevistadigital.com.ar\/blog\/wp-content\/uploads\/6837486f2a7e0.png?fit=668%2C445&ssl=1&resize=350%2C200 1x, https:\/\/i0.wp.com\/larevistadigital.com.ar\/blog\/wp-content\/uploads\/6837486f2a7e0.png?fit=668%2C445&ssl=1&resize=525%2C300 1.5x"},"classes":[]},{"id":36107,"url":"https:\/\/larevistadigital.com.ar\/blog\/un-lujo-en-junio-llega-hernan-piquin-al-brazzola-con-el-ultimo-tango\/","url_meta":{"origin":39810,"position":3},"title":"UN LUJO: EN JUNIO LLEGA HERN\u00c1N PIQU\u00cdN AL BRAZZOLA CON \u201cEL \u00daLTIMO TANGO\u201d","author":"Alejandro Sosa Ruda","date":"22 mayo, 2024","format":false,"excerpt":"El espect\u00e1culo narra la apasionante historia de amor entre Mar\u00eda de Buenos Aires, una joven bailarina de tango, enigm\u00e1tica y apasionada que se cruza en el camino de Eugenio, un bohemio y talentoso bailar\u00edn de tango. 22 de Mayo de 2024 CHASCOM\u00daS -\u00a0 Las entradas ya est\u00e1n a la venta\u2026","rel":"","context":"En \u00abINTERES GENERAL\u00bb","block_context":{"text":"INTERES GENERAL","link":"https:\/\/larevistadigital.com.ar\/blog\/category\/interes-general\/"},"img":{"alt_text":"","src":"https:\/\/i0.wp.com\/larevistadigital.com.ar\/blog\/wp-content\/uploads\/2024_05_22_01_10_41_4756620.jpg?fit=600%2C529&ssl=1&resize=350%2C200","width":350,"height":200,"srcset":"https:\/\/i0.wp.com\/larevistadigital.com.ar\/blog\/wp-content\/uploads\/2024_05_22_01_10_41_4756620.jpg?fit=600%2C529&ssl=1&resize=350%2C200 1x, https:\/\/i0.wp.com\/larevistadigital.com.ar\/blog\/wp-content\/uploads\/2024_05_22_01_10_41_4756620.jpg?fit=600%2C529&ssl=1&resize=525%2C300 1.5x"},"classes":[]},{"id":6527,"url":"https:\/\/larevistadigital.com.ar\/blog\/chascomus-se-incorporaron-nuevos-equipos-con-sonido-digital-en-el-teatro-brazzola\/","url_meta":{"origin":39810,"position":4},"title":"CHASCOM\u00daS: SE INCORPORARON NUEVOS EQUIPOS CON SONIDO DIGITAL EN EL TEATRO BRAZZOLA","author":"Alejandro Sosa Ruda","date":"18 septiembre, 2018","format":false,"excerpt":"Utilizando los fondos propios provenientes de porcentaje de entradas vendidas, seg\u00fan lo establece la ordenanza, fueron adquiridos nuevos equipos y luminarias espec\u00edficas para modernizar el Teatro Municipal Brazzola y poner en valor el patrimonio de todos los vecinos. Gracias a estos fondos se pudo cambiar el sistema de sonido, consola,\u2026","rel":"","context":"En \u00abCHASCOM\u00daS\u00bb","block_context":{"text":"CHASCOM\u00daS","link":"https:\/\/larevistadigital.com.ar\/blog\/category\/chascomus\/"},"img":{"alt_text":"","src":"https:\/\/i0.wp.com\/larevistadigital.com.ar\/blog\/wp-content\/uploads\/2018\/09\/41814265_2068592146494993_36692498315214848_o.jpg?fit=1200%2C800&ssl=1&resize=350%2C200","width":350,"height":200,"srcset":"https:\/\/i0.wp.com\/larevistadigital.com.ar\/blog\/wp-content\/uploads\/2018\/09\/41814265_2068592146494993_36692498315214848_o.jpg?fit=1200%2C800&ssl=1&resize=350%2C200 1x, https:\/\/i0.wp.com\/larevistadigital.com.ar\/blog\/wp-content\/uploads\/2018\/09\/41814265_2068592146494993_36692498315214848_o.jpg?fit=1200%2C800&ssl=1&resize=525%2C300 1.5x, https:\/\/i0.wp.com\/larevistadigital.com.ar\/blog\/wp-content\/uploads\/2018\/09\/41814265_2068592146494993_36692498315214848_o.jpg?fit=1200%2C800&ssl=1&resize=700%2C400 2x, https:\/\/i0.wp.com\/larevistadigital.com.ar\/blog\/wp-content\/uploads\/2018\/09\/41814265_2068592146494993_36692498315214848_o.jpg?fit=1200%2C800&ssl=1&resize=1050%2C600 3x"},"classes":[]},{"id":39936,"url":"https:\/\/larevistadigital.com.ar\/blog\/atencion-bailarines-y-bailarinas-se-pone-en-marcha-una-nueva-edicion-de-el-brazzola-produce-esta-vez-dedicada-a-la-danza\/","url_meta":{"origin":39810,"position":5},"title":"Atenci\u00f3n bailarines y bailarinas: Se pone en marcha una nueva edici\u00f3n de \u201cEl Brazzola Produce\u201d, esta vez dedicada a la danza","author":"Alejandro Sosa Ruda","date":"30 mayo, 2025","format":false,"excerpt":"La convocatoria est\u00e1 dirigida a grupos y academias locales, que podr\u00e1n registrar sus propuestas art\u00edsticas en el escenario del teatro municipal. 30 de Mayo de 2025 CHASCOM\u00daS\u00a0 -\u00a0 \u00a0Se pone en marcha una nueva edici\u00f3n de \u201cEl Brazzola Produce\u201d, esta vez dedicada a la danza La convocatoria est\u00e1 dirigida a\u2026","rel":"","context":"En \u00abCHASCOM\u00daS\u00bb","block_context":{"text":"CHASCOM\u00daS","link":"https:\/\/larevistadigital.com.ar\/blog\/category\/chascomus\/"},"img":{"alt_text":"","src":"https:\/\/i0.wp.com\/larevistadigital.com.ar\/blog\/wp-content\/uploads\/6838924f8fc1a.png?fit=668%2C445&ssl=1&resize=350%2C200","width":350,"height":200,"srcset":"https:\/\/i0.wp.com\/larevistadigital.com.ar\/blog\/wp-content\/uploads\/6838924f8fc1a.png?fit=668%2C445&ssl=1&resize=350%2C200 1x, https:\/\/i0.wp.com\/larevistadigital.com.ar\/blog\/wp-content\/uploads\/6838924f8fc1a.png?fit=668%2C445&ssl=1&resize=525%2C300 1.5x"},"classes":[]}],"_links":{"self":[{"href":"https:\/\/larevistadigital.com.ar\/blog\/wp-json\/wp\/v2\/posts\/39810","targetHints":{"allow":["GET"]}}],"collection":[{"href":"https:\/\/larevistadigital.com.ar\/blog\/wp-json\/wp\/v2\/posts"}],"about":[{"href":"https:\/\/larevistadigital.com.ar\/blog\/wp-json\/wp\/v2\/types\/post"}],"author":[{"embeddable":true,"href":"https:\/\/larevistadigital.com.ar\/blog\/wp-json\/wp\/v2\/users\/3"}],"replies":[{"embeddable":true,"href":"https:\/\/larevistadigital.com.ar\/blog\/wp-json\/wp\/v2\/comments?post=39810"}],"version-history":[{"count":1,"href":"https:\/\/larevistadigital.com.ar\/blog\/wp-json\/wp\/v2\/posts\/39810\/revisions"}],"predecessor-version":[{"id":39812,"href":"https:\/\/larevistadigital.com.ar\/blog\/wp-json\/wp\/v2\/posts\/39810\/revisions\/39812"}],"wp:featuredmedia":[{"embeddable":true,"href":"https:\/\/larevistadigital.com.ar\/blog\/wp-json\/wp\/v2\/media\/39811"}],"wp:attachment":[{"href":"https:\/\/larevistadigital.com.ar\/blog\/wp-json\/wp\/v2\/media?parent=39810"}],"wp:term":[{"taxonomy":"category","embeddable":true,"href":"https:\/\/larevistadigital.com.ar\/blog\/wp-json\/wp\/v2\/categories?post=39810"},{"taxonomy":"post_tag","embeddable":true,"href":"https:\/\/larevistadigital.com.ar\/blog\/wp-json\/wp\/v2\/tags?post=39810"}],"curies":[{"name":"wp","href":"https:\/\/api.w.org\/{rel}","templated":true}]}}