{"id":39813,"date":"2025-05-20T14:59:17","date_gmt":"2025-05-20T17:59:17","guid":{"rendered":"https:\/\/larevistadigital.com.ar\/blog\/?p=39813"},"modified":"2025-05-20T14:59:17","modified_gmt":"2025-05-20T17:59:17","slug":"chascomus-este-domingo-se-realizara-el-acto-oficial-en-conmemoracion-de-la-revolucion-de-mayo","status":"publish","type":"post","link":"https:\/\/larevistadigital.com.ar\/blog\/chascomus-este-domingo-se-realizara-el-acto-oficial-en-conmemoracion-de-la-revolucion-de-mayo\/","title":{"rendered":"Chascom\u00fas: Este domingo se realizar\u00e1 el acto oficial en conmemoraci\u00f3n de la Revoluci\u00f3n de Mayo"},"content":{"rendered":"<h3 class=\"excerpt\">Comenzar\u00e1 a las 11,50 horas, en la Plaza Independencia y ser\u00e1 encabezado por el intendente Javier Gast\u00f3n.<\/h3>\n<div id=\"miDiv1\" class=\"text\">\n<p>20 de Mayo de 2025<\/p>\n<p><strong>CHASCOM\u00daS &#8211;\u00a0<\/strong> \u00a0La Municipalidad de Chascom\u00fas invita a los vecinos a participar de los actos a celebrarse en la jornada de este domingo 25 de mayo, en conmemoraci\u00f3n de la Revoluci\u00f3n de Mayo de 1810.<\/p>\n<blockquote>\n<h3>A las 11 hs, las autoridades municipales, encabezadas por el Intendente Javier Gast\u00f3n, se trasladar\u00e1n a la Iglesia Catedral \u201cNuestra Se\u00f1ora de la Merced\u201d, donde se oficiar\u00e1 el Tedeum y Misa por la Patria.<\/h3>\n<\/blockquote>\n<p>Seguidamente, en la Plaza Independencia, se realizar\u00e1 el acto oficial con la presentaci\u00f3n de autoridades; el izamiento de nuestra ense\u00f1a patria y la entonaci\u00f3n del Himno Nacional Argentino. Acto seguido se colocar\u00e1 una ofrenda floral a los pies del monumento emplazado en el lugar.<\/p>\n<blockquote>\n<h3>Para referirse a la fecha, har\u00e1 uso de la palabra el Intendente Municipal Javier Gast\u00f3n y participar\u00e1n los alumnos de 6to. a\u00f1o de la Escuela Primaria N\u00b0 2 \u201cDomingo Faustino Sarmiento\u201d de nuestra ciudad junto a la Banda Municipal de M\u00fasica.<\/h3>\n<\/blockquote>\n<p>Tambi\u00e9n ofrecer\u00e1n dos danzas como tributo a los inicios de nuestra patria, el ballet de la \u201cPe\u00f1a Laguna y Cielo\u201d, para concluir el acto con el retiro de las banderas de ceremonia.<\/p>\n<p>Se invita a toda la comunidad a participar de este acto, y recordamos que, en caso de lluvia, el mismo se llevar\u00e1 a cabo en el Teatro Brazzola.<\/p>\n<p>Publicado en eldigital,com,ar<\/p>\n<\/div>\n","protected":false},"excerpt":{"rendered":"<div class=\"mh-excerpt\"><p>Comenzar\u00e1 a las 11,50 horas, en la Plaza Independencia y ser\u00e1 encabezado por el intendente Javier Gast\u00f3n. 20 de Mayo de 2025 CHASCOM\u00daS &#8211;\u00a0 \u00a0La Municipalidad de Chascom\u00fas invita a los vecinos a participar de <a class=\"mh-excerpt-more\" href=\"https:\/\/larevistadigital.com.ar\/blog\/chascomus-este-domingo-se-realizara-el-acto-oficial-en-conmemoracion-de-la-revolucion-de-mayo\/\" title=\"Chascom\u00fas: Este domingo se realizar\u00e1 el acto oficial en conmemoraci\u00f3n de la Revoluci\u00f3n de Mayo\">[Leer M\u00e1s]<\/a><\/p>\n<\/div>","protected":false},"author":3,"featured_media":39814,"comment_status":"open","ping_status":"open","sticky":false,"template":"","format":"standard","meta":{"_jetpack_memberships_contains_paid_content":false,"footnotes":"","jetpack_publicize_message":"","jetpack_publicize_feature_enabled":true,"jetpack_social_post_already_shared":true,"jetpack_social_options":{"image_generator_settings":{"template":"highway","default_image_id":0,"font":"","enabled":false},"version":2}},"categories":[6],"tags":[],"class_list":{"0":"post-39813","1":"post","2":"type-post","3":"status-publish","4":"format-standard","5":"has-post-thumbnail","7":"category-chascomus"},"jetpack_publicize_connections":[],"jetpack_featured_media_url":"https:\/\/i0.wp.com\/larevistadigital.com.ar\/blog\/wp-content\/uploads\/682cab20e594a.png?fit=668%2C445&ssl=1","jetpack_sharing_enabled":true,"jetpack_shortlink":"https:\/\/wp.me\/p8qtrQ-am9","jetpack-related-posts":[{"id":5633,"url":"https:\/\/larevistadigital.com.ar\/blog\/chascomus-el-intendente-gaston-encabezo-el-acto-por-el-208-aniversario-de-la-revolucion-de-mayo\/","url_meta":{"origin":39813,"position":0},"title":"CHASCOMUS: EL INTENDENTE GAST\u00d3N ENCABEZ\u00d3 EL ACTO POR EL 208\u00b0 ANIVERSARIO DE LA REVOLUCI\u00d3N DE MAYO","author":"Alejandro Sosa Ruda","date":"25 mayo, 2018","format":false,"excerpt":"El Intendente Municipal encabez\u00f3 esta ma\u00f1ana el acto oficial por el 208\u00b0 aniversario de la Revoluci\u00f3n de Mayo. El evento se desarroll\u00f3 en la Plaza Independencia y cont\u00f3 con la participaci\u00f3n de autoridades municipales, alumnos, representantes de la comunidad educativa, numerosas instituciones locales y p\u00fablico en general. \"Si somos capaces\u2026","rel":"","context":"En \u00abDESTACADAS\u00bb","block_context":{"text":"DESTACADAS","link":"https:\/\/larevistadigital.com.ar\/blog\/category\/destacadas\/"},"img":{"alt_text":"","src":"https:\/\/i0.wp.com\/larevistadigital.com.ar\/blog\/wp-content\/uploads\/2018\/05\/33222806_1889736601047216_826761305896517632_n.jpg?fit=960%2C640&ssl=1&resize=350%2C200","width":350,"height":200,"srcset":"https:\/\/i0.wp.com\/larevistadigital.com.ar\/blog\/wp-content\/uploads\/2018\/05\/33222806_1889736601047216_826761305896517632_n.jpg?fit=960%2C640&ssl=1&resize=350%2C200 1x, https:\/\/i0.wp.com\/larevistadigital.com.ar\/blog\/wp-content\/uploads\/2018\/05\/33222806_1889736601047216_826761305896517632_n.jpg?fit=960%2C640&ssl=1&resize=525%2C300 1.5x, https:\/\/i0.wp.com\/larevistadigital.com.ar\/blog\/wp-content\/uploads\/2018\/05\/33222806_1889736601047216_826761305896517632_n.jpg?fit=960%2C640&ssl=1&resize=700%2C400 2x"},"classes":[]},{"id":40880,"url":"https:\/\/larevistadigital.com.ar\/blog\/el-domingo-se-realizara-el-acto-oficial-para-recordar-al-general-san-martin\/","url_meta":{"origin":39813,"position":1},"title":"El domingo se realizar\u00e1 el acto oficial para recordar al General San Mart\u00edn","author":"Alejandro Sosa Ruda","date":"13 agosto, 2025","format":false,"excerpt":"Encabezado por el Intendente Javier Gast\u00f3n este domingo 17 de agosto, a las 14:45 horas en la Plaza Independencia, se realizar\u00e1 el acto oficial en homenaje al General Jos\u00e9 de San Mart\u00edn. 13 de agosto de 2025 CHASCOM\u00daS -\u00a0 \u00a0Al conmemorarse el 175\u00ba aniversario del fallecimiento del General San Mart\u00edn,\u2026","rel":"","context":"En \u00abCHASCOM\u00daS\u00bb","block_context":{"text":"CHASCOM\u00daS","link":"https:\/\/larevistadigital.com.ar\/blog\/category\/chascomus\/"},"img":{"alt_text":"","src":"https:\/\/i0.wp.com\/larevistadigital.com.ar\/blog\/wp-content\/uploads\/689b7c2d18f1b-1.png?fit=668%2C445&ssl=1&resize=350%2C200","width":350,"height":200,"srcset":"https:\/\/i0.wp.com\/larevistadigital.com.ar\/blog\/wp-content\/uploads\/689b7c2d18f1b-1.png?fit=668%2C445&ssl=1&resize=350%2C200 1x, https:\/\/i0.wp.com\/larevistadigital.com.ar\/blog\/wp-content\/uploads\/689b7c2d18f1b-1.png?fit=668%2C445&ssl=1&resize=525%2C300 1.5x"},"classes":[]},{"id":36159,"url":"https:\/\/larevistadigital.com.ar\/blog\/chascomus-prepara-un-gran-festejo-por-el-245-aniversario-de-nuestra-fundacion\/","url_meta":{"origin":39813,"position":2},"title":"CHASCOM\u00daS PREPARA UN GRAN FESTEJO POR EL 245\u00b0 ANIVERSARIO DE NUESTRA FUNDACI\u00d3N","author":"Alejandro Sosa Ruda","date":"28 mayo, 2024","format":false,"excerpt":"Encabezado por el Intendente Javier Gast\u00f3n, el acto oficial ser\u00e1 el domingo a las 15 horas, para luego disfrutar del cumplea\u00f1os en la plaza con numerosas actividades, chocolate, juegos y shows en vivo, entre otras atractivas propuestas. 28 de Mayo de 2024 CHASCOM\u00daS -\u00a0 Las actividades que se ofrecer\u00e1n en\u2026","rel":"","context":"En \u00abCHASCOM\u00daS\u00bb","block_context":{"text":"CHASCOM\u00daS","link":"https:\/\/larevistadigital.com.ar\/blog\/category\/chascomus\/"},"img":{"alt_text":"","src":"https:\/\/i0.wp.com\/larevistadigital.com.ar\/blog\/wp-content\/uploads\/2024_05_29_01_40_37_3867038.jpg?fit=600%2C422&ssl=1&resize=350%2C200","width":350,"height":200,"srcset":"https:\/\/i0.wp.com\/larevistadigital.com.ar\/blog\/wp-content\/uploads\/2024_05_29_01_40_37_3867038.jpg?fit=600%2C422&ssl=1&resize=350%2C200 1x, https:\/\/i0.wp.com\/larevistadigital.com.ar\/blog\/wp-content\/uploads\/2024_05_29_01_40_37_3867038.jpg?fit=600%2C422&ssl=1&resize=525%2C300 1.5x"},"classes":[]},{"id":42811,"url":"https:\/\/larevistadigital.com.ar\/blog\/chascomus-este-domingo-sera-el-acto-protocolar-de-bendicion-de-aguas\/","url_meta":{"origin":39813,"position":3},"title":"Chascom\u00fas: Este domingo ser\u00e1 el acto protocolar de bendici\u00f3n de aguas","author":"Alejandro Sosa Ruda","date":"10 diciembre, 2025","format":false,"excerpt":"La cita ser\u00e1 a las 19 horas, en la zona de las Escalinatas, entre el Espig\u00f3n de Pesca y el Parador Mul\u00e9. 10 de Diciembre de 2025 CHASCOM\u00daS -\u00a0 \u00a0El pr\u00f3ximo domingo habr\u00e1 de desarrollarse el tradicional Acto de Bendici\u00f3n de las Aguas, donde el Intendente Javier Gast\u00f3n har\u00e1 uso\u2026","rel":"","context":"En \u00abCHASCOM\u00daS\u00bb","block_context":{"text":"CHASCOM\u00daS","link":"https:\/\/larevistadigital.com.ar\/blog\/category\/chascomus\/"},"img":{"alt_text":"","src":"https:\/\/i0.wp.com\/larevistadigital.com.ar\/blog\/wp-content\/uploads\/6939b18b41b22.png?fit=668%2C445&ssl=1&resize=350%2C200","width":350,"height":200,"srcset":"https:\/\/i0.wp.com\/larevistadigital.com.ar\/blog\/wp-content\/uploads\/6939b18b41b22.png?fit=668%2C445&ssl=1&resize=350%2C200 1x, https:\/\/i0.wp.com\/larevistadigital.com.ar\/blog\/wp-content\/uploads\/6939b18b41b22.png?fit=668%2C445&ssl=1&resize=525%2C300 1.5x"},"classes":[]},{"id":37275,"url":"https:\/\/larevistadigital.com.ar\/blog\/se-realizara-este-domingo-un-homenaje-a-los-miembros-de-defensa-civil\/","url_meta":{"origin":39813,"position":4},"title":"Se realizar\u00e1 este domingo un homenaje a los miembros de Defensa Civil","author":"Alejandro Sosa Ruda","date":"20 septiembre, 2024","format":false,"excerpt":"Es una iniciativa del Rotary Club Chascom\u00fas, que contar\u00e1 con la presencia del Intendente Javier Gast\u00f3n. 20 de septiembre de 2024 CHASCOM\u00daS -\u00a0 Este domingo, desde las 10,30 horas, se realizar\u00e1 un merecido reconocimiento a los miembros del Defensa Civil Municipal, en la Plaza Libertad, m\u00e1s precisamente en la esquina\u2026","rel":"","context":"En \u00abINTERES GENERAL\u00bb","block_context":{"text":"INTERES GENERAL","link":"https:\/\/larevistadigital.com.ar\/blog\/category\/interes-general\/"},"img":{"alt_text":"","src":"https:\/\/i0.wp.com\/larevistadigital.com.ar\/blog\/wp-content\/uploads\/66ec694822f22.png?fit=668%2C445&ssl=1&resize=350%2C200","width":350,"height":200,"srcset":"https:\/\/i0.wp.com\/larevistadigital.com.ar\/blog\/wp-content\/uploads\/66ec694822f22.png?fit=668%2C445&ssl=1&resize=350%2C200 1x, https:\/\/i0.wp.com\/larevistadigital.com.ar\/blog\/wp-content\/uploads\/66ec694822f22.png?fit=668%2C445&ssl=1&resize=525%2C300 1.5x"},"classes":[]},{"id":9284,"url":"https:\/\/larevistadigital.com.ar\/blog\/apertura-oficial-de-japon-en-chascomus\/","url_meta":{"origin":39813,"position":5},"title":"APERTURA OFICIAL DE JAP\u00d3N EN CHASCOM\u00daS","author":"Alejandro Sosa Ruda","date":"24 marzo, 2019","format":false,"excerpt":"Esta ma\u00f1ana, con la presencia del Intendente Municipal, Javier Gast\u00f3n y el Sr. Embajador de Jap\u00f3n, Noriteru Fukushima, qued\u00f3 oficialmente inaugurado el Torii, arco tradicional japon\u00e9s emplazado en Avenida Costanera Pedro Gast\u00f3n, en el marco de la apertura del evento Jap\u00f3n en Chascom\u00fas que se desarrolla por primera vez en\u2026","rel":"","context":"En \u00abDESTACADAS\u00bb","block_context":{"text":"DESTACADAS","link":"https:\/\/larevistadigital.com.ar\/blog\/category\/destacadas\/"},"img":{"alt_text":"","src":"https:\/\/i0.wp.com\/larevistadigital.com.ar\/blog\/wp-content\/uploads\/2019\/03\/55882038_2347428661944672_5805142565380423680_o.jpg?fit=1200%2C800&ssl=1&resize=350%2C200","width":350,"height":200,"srcset":"https:\/\/i0.wp.com\/larevistadigital.com.ar\/blog\/wp-content\/uploads\/2019\/03\/55882038_2347428661944672_5805142565380423680_o.jpg?fit=1200%2C800&ssl=1&resize=350%2C200 1x, https:\/\/i0.wp.com\/larevistadigital.com.ar\/blog\/wp-content\/uploads\/2019\/03\/55882038_2347428661944672_5805142565380423680_o.jpg?fit=1200%2C800&ssl=1&resize=525%2C300 1.5x, https:\/\/i0.wp.com\/larevistadigital.com.ar\/blog\/wp-content\/uploads\/2019\/03\/55882038_2347428661944672_5805142565380423680_o.jpg?fit=1200%2C800&ssl=1&resize=700%2C400 2x, https:\/\/i0.wp.com\/larevistadigital.com.ar\/blog\/wp-content\/uploads\/2019\/03\/55882038_2347428661944672_5805142565380423680_o.jpg?fit=1200%2C800&ssl=1&resize=1050%2C600 3x"},"classes":[]}],"_links":{"self":[{"href":"https:\/\/larevistadigital.com.ar\/blog\/wp-json\/wp\/v2\/posts\/39813","targetHints":{"allow":["GET"]}}],"collection":[{"href":"https:\/\/larevistadigital.com.ar\/blog\/wp-json\/wp\/v2\/posts"}],"about":[{"href":"https:\/\/larevistadigital.com.ar\/blog\/wp-json\/wp\/v2\/types\/post"}],"author":[{"embeddable":true,"href":"https:\/\/larevistadigital.com.ar\/blog\/wp-json\/wp\/v2\/users\/3"}],"replies":[{"embeddable":true,"href":"https:\/\/larevistadigital.com.ar\/blog\/wp-json\/wp\/v2\/comments?post=39813"}],"version-history":[{"count":1,"href":"https:\/\/larevistadigital.com.ar\/blog\/wp-json\/wp\/v2\/posts\/39813\/revisions"}],"predecessor-version":[{"id":39815,"href":"https:\/\/larevistadigital.com.ar\/blog\/wp-json\/wp\/v2\/posts\/39813\/revisions\/39815"}],"wp:featuredmedia":[{"embeddable":true,"href":"https:\/\/larevistadigital.com.ar\/blog\/wp-json\/wp\/v2\/media\/39814"}],"wp:attachment":[{"href":"https:\/\/larevistadigital.com.ar\/blog\/wp-json\/wp\/v2\/media?parent=39813"}],"wp:term":[{"taxonomy":"category","embeddable":true,"href":"https:\/\/larevistadigital.com.ar\/blog\/wp-json\/wp\/v2\/categories?post=39813"},{"taxonomy":"post_tag","embeddable":true,"href":"https:\/\/larevistadigital.com.ar\/blog\/wp-json\/wp\/v2\/tags?post=39813"}],"curies":[{"name":"wp","href":"https:\/\/api.w.org\/{rel}","templated":true}]}}