{"id":39816,"date":"2025-05-20T15:06:45","date_gmt":"2025-05-20T18:06:45","guid":{"rendered":"https:\/\/larevistadigital.com.ar\/blog\/?p=39816"},"modified":"2025-05-20T15:06:45","modified_gmt":"2025-05-20T18:06:45","slug":"la-limpieza-de-las-zanjas-es-fundamental-para-la-circulacion-del-agua-pluvial","status":"publish","type":"post","link":"https:\/\/larevistadigital.com.ar\/blog\/la-limpieza-de-las-zanjas-es-fundamental-para-la-circulacion-del-agua-pluvial\/","title":{"rendered":"La limpieza de las zanjas es fundamental para la circulaci\u00f3n del agua pluvial"},"content":{"rendered":"<h3 class=\"excerpt\">Frente a los eventos clim\u00e1ticos extraordinarios cada vez m\u00e1s frecuentes es necesario mantener los tubos y las zanjas limpios para facilitar el drenaje.<\/h3>\n<p>20 de Mayo de 2025<\/p>\n<div id=\"miDiv1\" class=\"text\">\n<p><strong>CHASCOM\u00daS &#8211;\u00a0<\/strong> Una de las causas por las que se inundan y\/o se rompen las calles es la falta de escurrimiento del agua de las zanjas. Estas zanjas, tienen la finalidad de que el agua circule desde la ciudad a los reservorios.<\/p>\n<p>Tirar en ellas la basura o los restos de poda, no s\u00f3lo afecta al orden y la higiene de los barrios sino que tambi\u00e9n obstruye los conductos. El agua estancada en las zanjas desborda, se acumula y ablanda la calle que finalmente se rompe con la circulaci\u00f3n vehicular. En eventos excepcionales de lluvias como los del \u00faltimo fin de semana, puede inundar los barrios e incluso ingresar en los domicilios.<\/p>\n<blockquote>\n<h3>Es importante destacar que no se puede entubar la totalidad del frente. En las calles que no cuentan con cord\u00f3n cuneta, el frentista s\u00f3lo puede entubar la subida vehicular (3 metros) y un metro para el ingreso peatonal. Esto facilita la limpieza de los conductos y el drenaje del agua de la calle.<\/h3>\n<\/blockquote>\n<p>Por \u00faltimo, se debe recordar que de acuerdo a lo dispuesto por el Dto. 949\/19, la limpieza y mantenimiento de las zanjas y de los conductos (tubos) son responsabilidad del frentista. Si la zanja a cielo abierto se usa con el prop\u00f3sito para el cual fue construida, el agua circula sin inconvenientes, evitando la proliferaci\u00f3n de enfermedades como el dengue, por mencionar alguna.<\/p>\n<\/div>\n","protected":false},"excerpt":{"rendered":"<div class=\"mh-excerpt\"><p>Frente a los eventos clim\u00e1ticos extraordinarios cada vez m\u00e1s frecuentes es necesario mantener los tubos y las zanjas limpios para facilitar el drenaje. 20 de Mayo de 2025 CHASCOM\u00daS &#8211;\u00a0 Una de las causas por <a class=\"mh-excerpt-more\" href=\"https:\/\/larevistadigital.com.ar\/blog\/la-limpieza-de-las-zanjas-es-fundamental-para-la-circulacion-del-agua-pluvial\/\" title=\"La limpieza de las zanjas es fundamental para la circulaci\u00f3n del agua pluvial\">[Leer M\u00e1s]<\/a><\/p>\n<\/div>","protected":false},"author":3,"featured_media":39817,"comment_status":"open","ping_status":"open","sticky":false,"template":"","format":"standard","meta":{"_jetpack_memberships_contains_paid_content":false,"footnotes":"","jetpack_publicize_message":"","jetpack_publicize_feature_enabled":true,"jetpack_social_post_already_shared":true,"jetpack_social_options":{"image_generator_settings":{"template":"highway","default_image_id":0,"font":"","enabled":false},"version":2}},"categories":[50],"tags":[],"class_list":{"0":"post-39816","1":"post","2":"type-post","3":"status-publish","4":"format-standard","5":"has-post-thumbnail","7":"category-interes-general"},"jetpack_publicize_connections":[],"jetpack_featured_media_url":"https:\/\/i0.wp.com\/larevistadigital.com.ar\/blog\/wp-content\/uploads\/682cae4173980.png?fit=668%2C445&ssl=1","jetpack_sharing_enabled":true,"jetpack_shortlink":"https:\/\/wp.me\/p8qtrQ-amc","jetpack-related-posts":[{"id":40150,"url":"https:\/\/larevistadigital.com.ar\/blog\/chascomus-cada-residuo-en-su-lugar\/","url_meta":{"origin":39816,"position":0},"title":"Chascom\u00fas: Cada residuo en su lugar","author":"Alejandro Sosa Ruda","date":"23 junio, 2025","format":false,"excerpt":"Es muy importante mantener libre de residuo las bocas de tormentas y las zanjas. 23 de Junio de 2025 CHASCOM\u00daS -\u00a0 Ante el pron\u00f3stico de lluvias es necesario asumir la responsabilidad ciudadana de mantener libres de residuos tanto las bocas de tormenta como las zanjas para que el agua drene\u2026","rel":"","context":"En \u00abCHASCOM\u00daS\u00bb","block_context":{"text":"CHASCOM\u00daS","link":"https:\/\/larevistadigital.com.ar\/blog\/category\/chascomus\/"},"img":{"alt_text":"","src":"https:\/\/i0.wp.com\/larevistadigital.com.ar\/blog\/wp-content\/uploads\/68599165988e2.png?fit=668%2C445&ssl=1&resize=350%2C200","width":350,"height":200,"srcset":"https:\/\/i0.wp.com\/larevistadigital.com.ar\/blog\/wp-content\/uploads\/68599165988e2.png?fit=668%2C445&ssl=1&resize=350%2C200 1x, https:\/\/i0.wp.com\/larevistadigital.com.ar\/blog\/wp-content\/uploads\/68599165988e2.png?fit=668%2C445&ssl=1&resize=525%2C300 1.5x"},"classes":[]},{"id":41016,"url":"https:\/\/larevistadigital.com.ar\/blog\/chascomus-acompanamiento-municipal-a-las-familias-afectadas-por-las-lluvias\/","url_meta":{"origin":39816,"position":1},"title":"Chascom\u00fas: Acompa\u00f1amiento municipal a las familias afectadas por las lluvias","author":"Alejandro Sosa Ruda","date":"20 agosto, 2025","format":false,"excerpt":"Durante los primeros d\u00edas de esta semana, en nuestra ciudad se registraron lluvias que acumularon hasta el momento aproximadamente 90 mil\u00edmetros. 20 de agosto de 2025 CHASCOM\u00daS -\u00a0 \u00a0Pese al alerta naranja por lluvias y el intenso trabajo llevado a cabo por el personal de la Secretar\u00eda de Obras P\u00fablicas,\u2026","rel":"","context":"En \u00abCHASCOM\u00daS\u00bb","block_context":{"text":"CHASCOM\u00daS","link":"https:\/\/larevistadigital.com.ar\/blog\/category\/chascomus\/"},"img":{"alt_text":"","src":"https:\/\/i0.wp.com\/larevistadigital.com.ar\/blog\/wp-content\/uploads\/68a602896279b.png?fit=668%2C445&ssl=1&resize=350%2C200","width":350,"height":200,"srcset":"https:\/\/i0.wp.com\/larevistadigital.com.ar\/blog\/wp-content\/uploads\/68a602896279b.png?fit=668%2C445&ssl=1&resize=350%2C200 1x, https:\/\/i0.wp.com\/larevistadigital.com.ar\/blog\/wp-content\/uploads\/68a602896279b.png?fit=668%2C445&ssl=1&resize=525%2C300 1.5x"},"classes":[]},{"id":44735,"url":"https:\/\/larevistadigital.com.ar\/blog\/chascomus-saneamiento-urbano-continuan-los-operativos-en-distintos-barrios-de-la-ciudad\/","url_meta":{"origin":39816,"position":2},"title":"Chascom\u00fas Saneamiento urbano: contin\u00faan los operativos en distintos barrios de la ciudad","author":"Alejandro Sosa Ruda","date":"26 marzo, 2026","format":false,"excerpt":"Retiro de residuos, desmalezamiento y limpieza de desag\u00fces para mejorar la higiene y prevenir plagas. 26 de marzo de 2026 CHASCOM\u00daS -\u00a0 \u00a0La Municipalidad de Chascom\u00fas informa que las cuadrillas del \u00e1rea de Higiene Urbana contin\u00faan con los operativos de saneamiento en distintos barrios de la ciudad. Estas acciones buscan\u2026","rel":"","context":"En \u00abCHASCOM\u00daS\u00bb","block_context":{"text":"CHASCOM\u00daS","link":"https:\/\/larevistadigital.com.ar\/blog\/category\/chascomus\/"},"img":{"alt_text":"","src":"https:\/\/i0.wp.com\/larevistadigital.com.ar\/blog\/wp-content\/uploads\/69c575e651577.png?fit=668%2C445&ssl=1&resize=350%2C200","width":350,"height":200,"srcset":"https:\/\/i0.wp.com\/larevistadigital.com.ar\/blog\/wp-content\/uploads\/69c575e651577.png?fit=668%2C445&ssl=1&resize=350%2C200 1x, https:\/\/i0.wp.com\/larevistadigital.com.ar\/blog\/wp-content\/uploads\/69c575e651577.png?fit=668%2C445&ssl=1&resize=525%2C300 1.5x"},"classes":[]},{"id":35815,"url":"https:\/\/larevistadigital.com.ar\/blog\/alerta-por-intensas-lluvias-y-fuertes-tormentas-para-los-proximos-dias\/","url_meta":{"origin":39816,"position":3},"title":"ALERTA POR INTENSAS LLUVIAS Y FUERTES TORMENTAS PARA LOS PR\u00d3XIMOS D\u00cdAS","author":"Alejandro Sosa Ruda","date":"12 abril, 2024","format":false,"excerpt":"Ante esta situaci\u00f3n, desde la Municipalidad de Chascom\u00fas solicitamos a vecinos y vecinas extremar los cuidados y precauciones. 12 de abril de 2024 CHASCOM\u00daS -\u00a0 El Servicio Meteorol\u00f3gico Nacional emiti\u00f3 una advertencia por fuertes tormentas originadas por un sistema de baja presi\u00f3n, denominado ciclog\u00e9nesis, que se formar\u00e1 en el centro\u2026","rel":"","context":"En \u00abDESTACADAS\u00bb","block_context":{"text":"DESTACADAS","link":"https:\/\/larevistadigital.com.ar\/blog\/category\/destacadas\/"},"img":{"alt_text":"","src":"https:\/\/i0.wp.com\/larevistadigital.com.ar\/blog\/wp-content\/uploads\/2024_04_13_01_32_42_8989745.jpg?fit=600%2C380&ssl=1&resize=350%2C200","width":350,"height":200,"srcset":"https:\/\/i0.wp.com\/larevistadigital.com.ar\/blog\/wp-content\/uploads\/2024_04_13_01_32_42_8989745.jpg?fit=600%2C380&ssl=1&resize=350%2C200 1x, https:\/\/i0.wp.com\/larevistadigital.com.ar\/blog\/wp-content\/uploads\/2024_04_13_01_32_42_8989745.jpg?fit=600%2C380&ssl=1&resize=525%2C300 1.5x"},"classes":[]},{"id":4831,"url":"https:\/\/larevistadigital.com.ar\/blog\/chascomus-enojo-vecinos-se-sienten-dejados-lado\/","url_meta":{"origin":39816,"position":4},"title":"CHASCOM\u00daS: ENOJO DE VECINOS QUE SE SIENTEN DEJADOS DE LADO","author":"Alejandro Sosa Ruda","date":"10 febrero, 2018","format":false,"excerpt":"La Municipalidad de Chascom\u00fas, ha iniciado lo que dio en llamar tareas de \u201climpieza colectiva y desmalezamiento\u201d, en donde conjuntamente con una cooperativa proceden a mejorar la imagen de algunos barrios. En su p\u00e1gina de Facebook, el municipio manifiesta que\u2026 \u201cLos trabajos se realizan con el objetivo de acondicionar el\u2026","rel":"","context":"En \u00abCHASCOM\u00daS\u00bb","block_context":{"text":"CHASCOM\u00daS","link":"https:\/\/larevistadigital.com.ar\/blog\/category\/chascomus\/"},"img":{"alt_text":"","src":"https:\/\/i0.wp.com\/larevistadigital.com.ar\/blog\/wp-content\/uploads\/2018\/02\/IMG-20160516-WA0018.jpg?fit=1200%2C675&ssl=1&resize=350%2C200","width":350,"height":200,"srcset":"https:\/\/i0.wp.com\/larevistadigital.com.ar\/blog\/wp-content\/uploads\/2018\/02\/IMG-20160516-WA0018.jpg?fit=1200%2C675&ssl=1&resize=350%2C200 1x, https:\/\/i0.wp.com\/larevistadigital.com.ar\/blog\/wp-content\/uploads\/2018\/02\/IMG-20160516-WA0018.jpg?fit=1200%2C675&ssl=1&resize=525%2C300 1.5x, https:\/\/i0.wp.com\/larevistadigital.com.ar\/blog\/wp-content\/uploads\/2018\/02\/IMG-20160516-WA0018.jpg?fit=1200%2C675&ssl=1&resize=700%2C400 2x, https:\/\/i0.wp.com\/larevistadigital.com.ar\/blog\/wp-content\/uploads\/2018\/02\/IMG-20160516-WA0018.jpg?fit=1200%2C675&ssl=1&resize=1050%2C600 3x"},"classes":[]},{"id":35547,"url":"https:\/\/larevistadigital.com.ar\/blog\/pese-a-las-intensas-lluvias-de-los-ultimos-dias-no-se-registraron-evacuados-en-la-ciudad\/","url_meta":{"origin":39816,"position":5},"title":"PESE A LAS INTENSAS LLUVIAS DE LOS \u00daLTIMOS D\u00cdAS NO SE REGISTRARON EVACUADOS EN LA CIUDAD","author":"Alejandro Sosa Ruda","date":"14 marzo, 2024","format":false,"excerpt":"El trabajo de zanjeo y limpieza que la Municipalidad realiza de manera continua contribuy\u00f3 al r\u00e1pido escurrimiento de las aguas. 14 de febrero de 2024 CHASCOM\u00daS -\u00a0 Durante los primeros d\u00edas de esta semana, en la regi\u00f3n se registraron lluvias que acumularon hasta 58 mil\u00edmetros, con 20 registrados el lunes\u2026","rel":"","context":"En \u00abCHASCOM\u00daS\u00bb","block_context":{"text":"CHASCOM\u00daS","link":"https:\/\/larevistadigital.com.ar\/blog\/category\/chascomus\/"},"img":{"alt_text":"","src":"https:\/\/i0.wp.com\/larevistadigital.com.ar\/blog\/wp-content\/uploads\/1-19.jpg?fit=600%2C400&ssl=1&resize=350%2C200","width":350,"height":200,"srcset":"https:\/\/i0.wp.com\/larevistadigital.com.ar\/blog\/wp-content\/uploads\/1-19.jpg?fit=600%2C400&ssl=1&resize=350%2C200 1x, https:\/\/i0.wp.com\/larevistadigital.com.ar\/blog\/wp-content\/uploads\/1-19.jpg?fit=600%2C400&ssl=1&resize=525%2C300 1.5x"},"classes":[]}],"_links":{"self":[{"href":"https:\/\/larevistadigital.com.ar\/blog\/wp-json\/wp\/v2\/posts\/39816","targetHints":{"allow":["GET"]}}],"collection":[{"href":"https:\/\/larevistadigital.com.ar\/blog\/wp-json\/wp\/v2\/posts"}],"about":[{"href":"https:\/\/larevistadigital.com.ar\/blog\/wp-json\/wp\/v2\/types\/post"}],"author":[{"embeddable":true,"href":"https:\/\/larevistadigital.com.ar\/blog\/wp-json\/wp\/v2\/users\/3"}],"replies":[{"embeddable":true,"href":"https:\/\/larevistadigital.com.ar\/blog\/wp-json\/wp\/v2\/comments?post=39816"}],"version-history":[{"count":1,"href":"https:\/\/larevistadigital.com.ar\/blog\/wp-json\/wp\/v2\/posts\/39816\/revisions"}],"predecessor-version":[{"id":39818,"href":"https:\/\/larevistadigital.com.ar\/blog\/wp-json\/wp\/v2\/posts\/39816\/revisions\/39818"}],"wp:featuredmedia":[{"embeddable":true,"href":"https:\/\/larevistadigital.com.ar\/blog\/wp-json\/wp\/v2\/media\/39817"}],"wp:attachment":[{"href":"https:\/\/larevistadigital.com.ar\/blog\/wp-json\/wp\/v2\/media?parent=39816"}],"wp:term":[{"taxonomy":"category","embeddable":true,"href":"https:\/\/larevistadigital.com.ar\/blog\/wp-json\/wp\/v2\/categories?post=39816"},{"taxonomy":"post_tag","embeddable":true,"href":"https:\/\/larevistadigital.com.ar\/blog\/wp-json\/wp\/v2\/tags?post=39816"}],"curies":[{"name":"wp","href":"https:\/\/api.w.org\/{rel}","templated":true}]}}