{"id":39820,"date":"2025-05-21T20:03:25","date_gmt":"2025-05-21T23:03:25","guid":{"rendered":"https:\/\/larevistadigital.com.ar\/blog\/?p=39820"},"modified":"2025-05-21T20:03:25","modified_gmt":"2025-05-21T23:03:25","slug":"golpe-al-narcomenudeo-en-chascomus-tres-detenidos-tras-una-denuncia-impulsada-por-vecinos-y-la-municipalidad","status":"publish","type":"post","link":"https:\/\/larevistadigital.com.ar\/blog\/golpe-al-narcomenudeo-en-chascomus-tres-detenidos-tras-una-denuncia-impulsada-por-vecinos-y-la-municipalidad\/","title":{"rendered":"Golpe al narcomenudeo en Chascom\u00fas: tres detenidos tras una denuncia impulsada por vecinos y la Municipalidad"},"content":{"rendered":"<p data-start=\"324\" data-end=\"611\"><strong data-start=\"324\" data-end=\"611\">Una investigaci\u00f3n originada por reclamos de vecinos del barrio Ipor\u00e1 termin\u00f3 con allanamientos, detenciones y el hallazgo de drogas listas para la venta. La denuncia fue realizada por la Municipalidad de Chascom\u00fas luego de una reuni\u00f3n entre los vecinos y el intendente Javier Gast\u00f3n.<\/strong><\/p>\n<p data-start=\"324\" data-end=\"611\">21 de Mayo de 2025<\/p>\n<p data-start=\"613\" data-end=\"1061\"><strong>CHASCOM\u00daS &#8211;\u00a0<\/strong> \u00a0Tres personas fueron detenidas en las \u00faltimas horas en el barrio Ipor\u00e1 de Chascom\u00fas, acusadas de comercializar drogas il\u00edcitas, generar disturbios y amenazar a vecinos de la zona. El operativo fue llevado a cabo por la Subdelegaci\u00f3n de Investigaciones del Tr\u00e1fico de Drogas Il\u00edcitas local, luego de una denuncia presentada por la Municipalidad de Chascom\u00fas, impulsada por reclamos directos de vecinos que dialogaron con el intendente <strong>Javier Gast\u00f3n.<\/strong><\/p>\n<blockquote>\n<p data-start=\"1063\" data-end=\"1474\">La investigaci\u00f3n, que estuvo a cargo del comisario <strong>Emiliano Rodr\u00edguez<\/strong> y fue supervisada judicialmente por el fiscal <strong>Jorge Larrarte<\/strong> y el Juzgado de Garant\u00edas N.\u00ba 5 de Dolores, incluy\u00f3 tareas de vigilancia, seguimientos, entrevistas encubiertas y an\u00e1lisis de registros f\u00edlmicos. Tambi\u00e9n participaron activamente el Centro de Monitoreo Municipal y la Patrulla de Prevenci\u00f3n Municipal, que aportaron im\u00e1genes clave.<\/p>\n<\/blockquote>\n<p data-start=\"1476\" data-end=\"1935\">Durante los allanamientos realizados en distintos domicilios del barrio, se incautaron dosis de coca\u00edna y marihuana listas para la venta, as\u00ed como herramientas para el fraccionamiento de estupefacientes. Los tres detenidos, todos hombres mayores de edad, eran se\u00f1alados como los principales responsables de la actividad delictiva. Adem\u00e1s del tr\u00e1fico de drogas, los vecinos los denunciaban por causar constantes disturbios, amenazas y por portar armas blancas.<\/p>\n<blockquote>\n<h3 data-start=\"1937\" data-end=\"2201\">Las autoridades destacaron que este procedimiento es parte de una estrategia m\u00e1s amplia para combatir el narcotr\u00e1fico en el distrito, que incluye acciones preventivas y el fortalecimiento del trabajo conjunto entre la polic\u00eda, el gobierno municipal y la comunidad.<\/h3>\n<\/blockquote>\n<p data-start=\"2205\" data-end=\"2729\">El caso deja en evidencia el impacto positivo de la participaci\u00f3n ciudadana cuando se canaliza a trav\u00e9s de las instituciones. Gracias al compromiso de los vecinos y a una respuesta r\u00e1pida del municipio, se logr\u00f3 avanzar contra un foco de inseguridad que afectaba la vida cotidiana en uno de los barrios m\u00e1s golpeados por el narcomenudeo. La colaboraci\u00f3n entre ciudadan\u00eda, intendencia y fuerzas de seguridad demostr\u00f3 que el trabajo articulado es el camino para recuperar la tranquilidad en los barrios.<\/p>\n","protected":false},"excerpt":{"rendered":"<div class=\"mh-excerpt\"><p>Una investigaci\u00f3n originada por reclamos de vecinos del barrio Ipor\u00e1 termin\u00f3 con allanamientos, detenciones y el hallazgo de drogas listas para la venta. La denuncia fue realizada por la Municipalidad de Chascom\u00fas luego de una <a class=\"mh-excerpt-more\" href=\"https:\/\/larevistadigital.com.ar\/blog\/golpe-al-narcomenudeo-en-chascomus-tres-detenidos-tras-una-denuncia-impulsada-por-vecinos-y-la-municipalidad\/\" title=\"Golpe al narcomenudeo en Chascom\u00fas: tres detenidos tras una denuncia impulsada por vecinos y la Municipalidad\">[Leer M\u00e1s]<\/a><\/p>\n<\/div>","protected":false},"author":3,"featured_media":39821,"comment_status":"open","ping_status":"open","sticky":false,"template":"","format":"standard","meta":{"_jetpack_memberships_contains_paid_content":false,"footnotes":"","jetpack_publicize_message":"","jetpack_publicize_feature_enabled":true,"jetpack_social_post_already_shared":true,"jetpack_social_options":{"image_generator_settings":{"template":"highway","default_image_id":0,"font":"","enabled":false},"version":2}},"categories":[41,44],"tags":[],"class_list":{"0":"post-39820","1":"post","2":"type-post","3":"status-publish","4":"format-standard","5":"has-post-thumbnail","7":"category-destacadas","8":"category-policiales"},"jetpack_publicize_connections":[],"jetpack_featured_media_url":"https:\/\/i0.wp.com\/larevistadigital.com.ar\/blog\/wp-content\/uploads\/WhatsApp-Image-2025-05-21-at-17.31.28.jpeg?fit=1600%2C1200&ssl=1","jetpack_sharing_enabled":true,"jetpack_shortlink":"https:\/\/wp.me\/p8qtrQ-amg","jetpack-related-posts":[{"id":25066,"url":"https:\/\/larevistadigital.com.ar\/blog\/chascomus-fotos-luego-de-tres-meses-de-trabajo-se-logro-secuestrar-drogas-y-aprehender-a-dos-individuos\/","url_meta":{"origin":39820,"position":0},"title":"CHASCOM\u00daS: [FOTOS) LUEGO DE TRES MESES DE TRABAJO, SE LOGR\u00d3 SECUESTRAR DROGAS, Y APREHENDER A DOS INDIVIDUOS","author":"Alejandro Sosa Ruda","date":"15 abril, 2022","format":false,"excerpt":"Luego de tres meses de trabajo investigativo conjunto, se logr\u00f3 un resultado positivo respecto de un lugar donde se comercializaban drogas il\u00edcitas. CHASCOM\u00daS -\u00a0\u00a0Tres meses de trabajo conjunto y una Secretaria de Seguridad con una f\u00e9rrea decisi\u00f3n pol\u00edtica de llevar tranquilidad a los vecinos, y solucionar un problema que sin\u2026","rel":"","context":"En \u00abDESTACADAS\u00bb","block_context":{"text":"DESTACADAS","link":"https:\/\/larevistadigital.com.ar\/blog\/category\/destacadas\/"},"img":{"alt_text":"","src":"https:\/\/i0.wp.com\/larevistadigital.com.ar\/blog\/wp-content\/uploads\/WhatsApp-Image-2022-04-14-at-11.02.26-PM-3.jpeg?fit=1000%2C750&ssl=1&resize=350%2C200","width":350,"height":200,"srcset":"https:\/\/i0.wp.com\/larevistadigital.com.ar\/blog\/wp-content\/uploads\/WhatsApp-Image-2022-04-14-at-11.02.26-PM-3.jpeg?fit=1000%2C750&ssl=1&resize=350%2C200 1x, https:\/\/i0.wp.com\/larevistadigital.com.ar\/blog\/wp-content\/uploads\/WhatsApp-Image-2022-04-14-at-11.02.26-PM-3.jpeg?fit=1000%2C750&ssl=1&resize=525%2C300 1.5x, https:\/\/i0.wp.com\/larevistadigital.com.ar\/blog\/wp-content\/uploads\/WhatsApp-Image-2022-04-14-at-11.02.26-PM-3.jpeg?fit=1000%2C750&ssl=1&resize=700%2C400 2x"},"classes":[]},{"id":8731,"url":"https:\/\/larevistadigital.com.ar\/blog\/chascomus-javier-gaston-estuvo-presente-en-la-inauguracion-de-la-nueva-farmacia-del-gallo-blanco\/","url_meta":{"origin":39820,"position":1},"title":"CHASCOM\u00daS: JAVIER GAST\u00d3N ESTUVO PRESENTE EN LA INAUGURACI\u00d3N DE LA NUEVA FARMACIA DEL GALLO BLANCO","author":"Alejandro Sosa Ruda","date":"26 febrero, 2019","format":false,"excerpt":"El Intendente Municipal se hizo presente para dialogar con los vecinos del barrio, en el marco de la apertura de una farmacia que resultar\u00e1 de utilidad para los barrios cercanos. El nuevo comercio transforma en realidad un pedido de los vecinos que data desde hace m\u00e1s de 10 a\u00f1os y\u2026","rel":"","context":"En \u00abCHASCOM\u00daS\u00bb","block_context":{"text":"CHASCOM\u00daS","link":"https:\/\/larevistadigital.com.ar\/blog\/category\/chascomus\/"},"img":{"alt_text":"","src":"https:\/\/i0.wp.com\/larevistadigital.com.ar\/blog\/wp-content\/uploads\/2019\/02\/52729378_2307856425901896_5243607455790792704_o.jpg?fit=1200%2C797&ssl=1&resize=350%2C200","width":350,"height":200,"srcset":"https:\/\/i0.wp.com\/larevistadigital.com.ar\/blog\/wp-content\/uploads\/2019\/02\/52729378_2307856425901896_5243607455790792704_o.jpg?fit=1200%2C797&ssl=1&resize=350%2C200 1x, https:\/\/i0.wp.com\/larevistadigital.com.ar\/blog\/wp-content\/uploads\/2019\/02\/52729378_2307856425901896_5243607455790792704_o.jpg?fit=1200%2C797&ssl=1&resize=525%2C300 1.5x, https:\/\/i0.wp.com\/larevistadigital.com.ar\/blog\/wp-content\/uploads\/2019\/02\/52729378_2307856425901896_5243607455790792704_o.jpg?fit=1200%2C797&ssl=1&resize=700%2C400 2x, https:\/\/i0.wp.com\/larevistadigital.com.ar\/blog\/wp-content\/uploads\/2019\/02\/52729378_2307856425901896_5243607455790792704_o.jpg?fit=1200%2C797&ssl=1&resize=1050%2C600 3x"},"classes":[]},{"id":4090,"url":"https:\/\/larevistadigital.com.ar\/blog\/chascomus-finalmente-las-autoridades-municipales-le-entraron-las-balas\/","url_meta":{"origin":39820,"position":2},"title":"CHASCOM\u00daS: FINALMENTE A LAS AUTORIDADES MUNICIPALES \u201cLE ENTRARON LAS BALAS\u201d","author":"Alejandro Sosa Ruda","date":"1 diciembre, 2017","format":false,"excerpt":"Luego de los reiterados reclamos de los vecinos del barrio Lomas Altas, parece que el Municipio tom\u00f3 nota de la situaci\u00f3n, y envi\u00f3 personal a dar soluci\u00f3n a los problemas. Luego de una gran cantidad de reclamos por v\u00eda telef\u00f3nica, escrita y personalmente en la Secretar\u00eda de Obras y Servicios,\u2026","rel":"","context":"En \u00abCHASCOM\u00daS\u00bb","block_context":{"text":"CHASCOM\u00daS","link":"https:\/\/larevistadigital.com.ar\/blog\/category\/chascomus\/"},"img":{"alt_text":"","src":"https:\/\/i0.wp.com\/larevistadigital.com.ar\/blog\/wp-content\/uploads\/2017\/12\/24172973_1701686596518885_6670751717988241050_o.jpg?fit=1200%2C800&ssl=1&resize=350%2C200","width":350,"height":200,"srcset":"https:\/\/i0.wp.com\/larevistadigital.com.ar\/blog\/wp-content\/uploads\/2017\/12\/24172973_1701686596518885_6670751717988241050_o.jpg?fit=1200%2C800&ssl=1&resize=350%2C200 1x, https:\/\/i0.wp.com\/larevistadigital.com.ar\/blog\/wp-content\/uploads\/2017\/12\/24172973_1701686596518885_6670751717988241050_o.jpg?fit=1200%2C800&ssl=1&resize=525%2C300 1.5x, https:\/\/i0.wp.com\/larevistadigital.com.ar\/blog\/wp-content\/uploads\/2017\/12\/24172973_1701686596518885_6670751717988241050_o.jpg?fit=1200%2C800&ssl=1&resize=700%2C400 2x, https:\/\/i0.wp.com\/larevistadigital.com.ar\/blog\/wp-content\/uploads\/2017\/12\/24172973_1701686596518885_6670751717988241050_o.jpg?fit=1200%2C800&ssl=1&resize=1050%2C600 3x"},"classes":[]},{"id":39772,"url":"https:\/\/larevistadigital.com.ar\/blog\/chascomus-fue-entregado-equipamiento-para-caps-barriales\/","url_meta":{"origin":39820,"position":3},"title":"Chascom\u00fas: Fue entregado equipamiento para CAPS barriales","author":"Alejandro Sosa Ruda","date":"16 mayo, 2025","format":false,"excerpt":"El intendente Javier Gast\u00f3n visit\u00f3 este jueves los Centros de Atenci\u00f3n Primaria de la Salud (CAPS) de Ipor\u00e1 y La Noria. 16 de Mayo de 2025 CHASCOM\u00daS-\u00a0 \u00a0Durante su visita, en la que estuvo acompa\u00f1ado por la secretaria de Salud P\u00fablica, Marcela Arias, Gast\u00f3n hizo entrega de balanzas pedi\u00e1tricas para\u2026","rel":"","context":"En \u00abCHASCOM\u00daS\u00bb","block_context":{"text":"CHASCOM\u00daS","link":"https:\/\/larevistadigital.com.ar\/blog\/category\/chascomus\/"},"img":{"alt_text":"","src":"https:\/\/i0.wp.com\/larevistadigital.com.ar\/blog\/wp-content\/uploads\/6826287578bfb.png?fit=668%2C445&ssl=1&resize=350%2C200","width":350,"height":200,"srcset":"https:\/\/i0.wp.com\/larevistadigital.com.ar\/blog\/wp-content\/uploads\/6826287578bfb.png?fit=668%2C445&ssl=1&resize=350%2C200 1x, https:\/\/i0.wp.com\/larevistadigital.com.ar\/blog\/wp-content\/uploads\/6826287578bfb.png?fit=668%2C445&ssl=1&resize=525%2C300 1.5x"},"classes":[]},{"id":31571,"url":"https:\/\/larevistadigital.com.ar\/blog\/barrio-girado-emergencia-ecologica-enfermedades-vecinos-muy-alarmados-por-la-desastrosa-contaminacion-reclaman-que-el-intendente-se-ocupe-urgente-del-problema\/","url_meta":{"origin":39820,"position":4},"title":"BARRIO GIRADO: \u00bfEMERGENCIA ECOL\u00d3GICA? \u00bfENFERMEDADES?&#8230; VECINOS MUY ALARMADOS POR LA DESASTROSA CONTAMINACI\u00d3N RECLAMAN QUE EL INTENDENTE SE OCUPE URGENTE DEL PROBLEMA","author":"Alejandro Sosa Ruda","date":"16 mayo, 2023","format":false,"excerpt":"Luego que el intendente Javier Gast\u00f3n hablara de las obras de la Planta Depuradora, y el tiempo que llevar\u00e1, los vecinos de Barrio Parque Girado se encuentran en alerta y algunos piensan en movilizaciones, preocupados por la grave situaci\u00f3n que vienen denunciando hace tiempo. 15 de Mayo de 2023 CHASCOM\u00daS\u2026","rel":"","context":"En \u00abDESTACADAS\u00bb","block_context":{"text":"DESTACADAS","link":"https:\/\/larevistadigital.com.ar\/blog\/category\/destacadas\/"},"img":{"alt_text":"","src":"https:\/\/i0.wp.com\/larevistadigital.com.ar\/blog\/wp-content\/uploads\/arroyo-contaminado.jpg?fit=800%2C1124&ssl=1&resize=350%2C200","width":350,"height":200,"srcset":"https:\/\/i0.wp.com\/larevistadigital.com.ar\/blog\/wp-content\/uploads\/arroyo-contaminado.jpg?fit=800%2C1124&ssl=1&resize=350%2C200 1x, https:\/\/i0.wp.com\/larevistadigital.com.ar\/blog\/wp-content\/uploads\/arroyo-contaminado.jpg?fit=800%2C1124&ssl=1&resize=525%2C300 1.5x, https:\/\/i0.wp.com\/larevistadigital.com.ar\/blog\/wp-content\/uploads\/arroyo-contaminado.jpg?fit=800%2C1124&ssl=1&resize=700%2C400 2x"},"classes":[]},{"id":10328,"url":"https:\/\/larevistadigital.com.ar\/blog\/chascomus-fuerte-reclamo-de-vecinos-del-barrio-gallo-blanco-al-intendente-gaston\/","url_meta":{"origin":39820,"position":5},"title":"CHASCOM\u00daS: FUERTE RECLAMO DE VECINOS DEL BARRIO GALLO BLANCO AL INTENDENTE GAST\u00d3N","author":"Alejandro Sosa Ruda","date":"29 mayo, 2019","format":false,"excerpt":"Un grupo de vecinos del barrio Gallo Blanco de la ciudad de Chascom\u00fas, hizo publicar una solicitada en la que plantean su preocupaci\u00f3n e indignaci\u00f3n por una situaci\u00f3n realmente lamentable y peligrosa que viven en la zona. Ah\u00ed describen como muchos, inclusive los veh\u00edculos municipales, ponen en riesgo a los\u2026","rel":"","context":"En \u00abCHASCOM\u00daS\u00bb","block_context":{"text":"CHASCOM\u00daS","link":"https:\/\/larevistadigital.com.ar\/blog\/category\/chascomus\/"},"img":{"alt_text":"","src":"https:\/\/i0.wp.com\/larevistadigital.com.ar\/blog\/wp-content\/uploads\/2019\/05\/images.jpg?fit=600%2C317&ssl=1&resize=350%2C200","width":350,"height":200,"srcset":"https:\/\/i0.wp.com\/larevistadigital.com.ar\/blog\/wp-content\/uploads\/2019\/05\/images.jpg?fit=600%2C317&ssl=1&resize=350%2C200 1x, https:\/\/i0.wp.com\/larevistadigital.com.ar\/blog\/wp-content\/uploads\/2019\/05\/images.jpg?fit=600%2C317&ssl=1&resize=525%2C300 1.5x"},"classes":[]}],"_links":{"self":[{"href":"https:\/\/larevistadigital.com.ar\/blog\/wp-json\/wp\/v2\/posts\/39820","targetHints":{"allow":["GET"]}}],"collection":[{"href":"https:\/\/larevistadigital.com.ar\/blog\/wp-json\/wp\/v2\/posts"}],"about":[{"href":"https:\/\/larevistadigital.com.ar\/blog\/wp-json\/wp\/v2\/types\/post"}],"author":[{"embeddable":true,"href":"https:\/\/larevistadigital.com.ar\/blog\/wp-json\/wp\/v2\/users\/3"}],"replies":[{"embeddable":true,"href":"https:\/\/larevistadigital.com.ar\/blog\/wp-json\/wp\/v2\/comments?post=39820"}],"version-history":[{"count":1,"href":"https:\/\/larevistadigital.com.ar\/blog\/wp-json\/wp\/v2\/posts\/39820\/revisions"}],"predecessor-version":[{"id":39822,"href":"https:\/\/larevistadigital.com.ar\/blog\/wp-json\/wp\/v2\/posts\/39820\/revisions\/39822"}],"wp:featuredmedia":[{"embeddable":true,"href":"https:\/\/larevistadigital.com.ar\/blog\/wp-json\/wp\/v2\/media\/39821"}],"wp:attachment":[{"href":"https:\/\/larevistadigital.com.ar\/blog\/wp-json\/wp\/v2\/media?parent=39820"}],"wp:term":[{"taxonomy":"category","embeddable":true,"href":"https:\/\/larevistadigital.com.ar\/blog\/wp-json\/wp\/v2\/categories?post=39820"},{"taxonomy":"post_tag","embeddable":true,"href":"https:\/\/larevistadigital.com.ar\/blog\/wp-json\/wp\/v2\/tags?post=39820"}],"curies":[{"name":"wp","href":"https:\/\/api.w.org\/{rel}","templated":true}]}}