{"id":39824,"date":"2025-05-21T22:25:17","date_gmt":"2025-05-22T01:25:17","guid":{"rendered":"https:\/\/larevistadigital.com.ar\/blog\/?p=39824"},"modified":"2025-05-21T22:25:17","modified_gmt":"2025-05-22T01:25:17","slug":"chascomus-gran-interes-y-participacion-en-la-destacada-masterclass-claves-para-tu-negocio","status":"publish","type":"post","link":"https:\/\/larevistadigital.com.ar\/blog\/chascomus-gran-interes-y-participacion-en-la-destacada-masterclass-claves-para-tu-negocio\/","title":{"rendered":"Chascom\u00fas: Gran inter\u00e9s y participaci\u00f3n en la destacada Masterclass \u00abClaves para tu negocio\u00bb"},"content":{"rendered":"<h3 class=\"excerpt\">M\u00e1s de cien vecinos emprendedores y miembros de empresas se reunieron para continuar form\u00e1ndose con el prop\u00f3sito de crecer y destacarse en el entorno digital<\/h3>\n<p>21 de Mayo de 2025<\/p>\n<div id=\"miDiv1\" class=\"text\">\n<p><strong>CHASCOM\u00daS &#8211;<\/strong>\u00a0 El \u00faltimo martes por la tarde, en el Hotel Howard Johnson, la reconocida Academia CCU Argentina, compa\u00f1\u00eda multicategor\u00eda que produce y comercializa marcas como Villa del Sur, brind\u00f3 una excelente charla para fortalecer el ecosistema emprendedor.<\/p>\n<p>La misma estuvo a cargo de Denisse Borgognone, especialista en marketing digital y desarrollo de marca personal, quien brind\u00f3 una masterclass, donde abord\u00f3 conceptos que despertaron gran inter\u00e9s de los participantes y consejos muy valiosos para las pymes y emprendedores, incentiv\u00e1ndolos a generar nuevas estrategias en el entorno digital.<\/p>\n<blockquote>\n<h3>Propuso un enfoque pr\u00e1ctico sobre c\u00f3mo construir una marca personal s\u00f3lida, elegir los canales de comunicaci\u00f3n adecuados seg\u00fan el tipo de negocio, y aprovechar el marketing digital de manera efectiva.<\/h3>\n<\/blockquote>\n<p>En la apertura, el Intendente Municipal Javier Gast\u00f3n, agradeci\u00f3 la iniciativa de CCU Argentina de brindar una masterclass gratuita en la ciudad y a los m\u00e1s de cien participantes por aprovechar estas oportunidades para seguir creciendo.<em><strong> \u201cSabemos todos lo que significa el emprendimiento para cada uno de ustedes pero tambi\u00e9n sabemos de su valioso aporte a la econom\u00eda de la comunidad\u201d.<\/strong><\/em><\/p>\n<blockquote>\n<h3>Cabe resaltar que el programa de formaci\u00f3n de CCU naci\u00f3 como una plataforma gratuita con m\u00e1s de 20 cursos online sobre administraci\u00f3n, ventas, marketing digital y finanzas. Hoy se extiende a trav\u00e9s de clases presenciales en distintas ciudades del pa\u00eds en alianza con gobiernos locales y socios estrat\u00e9gicos.<\/h3>\n<\/blockquote>\n<p>Esta actividad se enmarc\u00f3 en el acuerdo de colaboraci\u00f3n entre el Municipio de Chascom\u00fas y CCU Argentina, mediante el cual se impulsan acciones conjuntas orientadas a fortalecer el entramado productivo local, promover la formaci\u00f3n y generar nuevas oportunidades para emprendedores, pymes y j\u00f3venes de la ciudad.<\/p>\n<\/div>\n","protected":false},"excerpt":{"rendered":"<div class=\"mh-excerpt\"><p>M\u00e1s de cien vecinos emprendedores y miembros de empresas se reunieron para continuar form\u00e1ndose con el prop\u00f3sito de crecer y destacarse en el entorno digital 21 de Mayo de 2025 CHASCOM\u00daS &#8211;\u00a0 El \u00faltimo martes <a class=\"mh-excerpt-more\" href=\"https:\/\/larevistadigital.com.ar\/blog\/chascomus-gran-interes-y-participacion-en-la-destacada-masterclass-claves-para-tu-negocio\/\" title=\"Chascom\u00fas: Gran inter\u00e9s y participaci\u00f3n en la destacada Masterclass \u00abClaves para tu negocio\u00bb\">[Leer M\u00e1s]<\/a><\/p>\n<\/div>","protected":false},"author":3,"featured_media":39825,"comment_status":"open","ping_status":"open","sticky":false,"template":"","format":"standard","meta":{"_jetpack_memberships_contains_paid_content":false,"footnotes":"","jetpack_publicize_message":"","jetpack_publicize_feature_enabled":true,"jetpack_social_post_already_shared":true,"jetpack_social_options":{"image_generator_settings":{"template":"highway","default_image_id":0,"font":"","enabled":false},"version":2}},"categories":[50],"tags":[],"class_list":{"0":"post-39824","1":"post","2":"type-post","3":"status-publish","4":"format-standard","5":"has-post-thumbnail","7":"category-interes-general"},"jetpack_publicize_connections":[],"jetpack_featured_media_url":"https:\/\/i0.wp.com\/larevistadigital.com.ar\/blog\/wp-content\/uploads\/682e11b55e323.png?fit=668%2C445&ssl=1","jetpack_sharing_enabled":true,"jetpack_shortlink":"https:\/\/wp.me\/p8qtrQ-amk","jetpack-related-posts":[{"id":39798,"url":"https:\/\/larevistadigital.com.ar\/blog\/chascomus-este-martes-20-5-la-academia-ccu-brindara-una-masterclass-gratuita-para-emprendedores\/","url_meta":{"origin":39824,"position":0},"title":"Chascom\u00fas: Este martes 20\/5, la Academia CCU brindar\u00e1 una masterclass gratuita para emprendedores","author":"Alejandro Sosa Ruda","date":"19 mayo, 2025","format":false,"excerpt":"La masterclass \u201cClaves para tu negocio: crecer y destacarse en la era digital\u201d tiene como prop\u00f3sito capacitar a quienes buscan hacer crecer sus proyectos en el entorno digital. 19 de Mayo de 2025 CHASCOM\u00daS -\u00a0 La Academia CCU Argentina, reconocida compa\u00f1\u00eda multicategor\u00eda que produce y comercializa marcas como Villa del\u2026","rel":"","context":"En \u00abCHASCOM\u00daS\u00bb","block_context":{"text":"CHASCOM\u00daS","link":"https:\/\/larevistadigital.com.ar\/blog\/category\/chascomus\/"},"img":{"alt_text":"","src":"https:\/\/i0.wp.com\/larevistadigital.com.ar\/blog\/wp-content\/uploads\/682b7064c2027.png?fit=668%2C445&ssl=1&resize=350%2C200","width":350,"height":200,"srcset":"https:\/\/i0.wp.com\/larevistadigital.com.ar\/blog\/wp-content\/uploads\/682b7064c2027.png?fit=668%2C445&ssl=1&resize=350%2C200 1x, https:\/\/i0.wp.com\/larevistadigital.com.ar\/blog\/wp-content\/uploads\/682b7064c2027.png?fit=668%2C445&ssl=1&resize=525%2C300 1.5x"},"classes":[]},{"id":38216,"url":"https:\/\/larevistadigital.com.ar\/blog\/chascomus-herramientas-financieras-para-emprendedores-y-productores\/","url_meta":{"origin":39824,"position":1},"title":"Chascom\u00fas: Herramientas financieras para emprendedores y productores","author":"Alejandro Sosa Ruda","date":"11 diciembre, 2024","format":false,"excerpt":"Desde el \u00e1rea de Desarrollo Tur\u00edstico y Productivo se fortalecen los v\u00ednculos con distintas entidades bancarias. 11 de diciembre de 2024 CHASCOM\u00daS -\u00a0 En esta oportunidad se trata del Banco de la Naci\u00f3n Argentina. La subsecretaria Jimena Arano y la directora de Desarrollo Productivo, Mar\u00eda Eugenia Pietrantuono, fueron recibidas por\u2026","rel":"","context":"En \u00abINTERES GENERAL\u00bb","block_context":{"text":"INTERES GENERAL","link":"https:\/\/larevistadigital.com.ar\/blog\/category\/interes-general\/"},"img":{"alt_text":"","src":"https:\/\/i0.wp.com\/larevistadigital.com.ar\/blog\/wp-content\/uploads\/6759d088db695.png?fit=668%2C445&ssl=1&resize=350%2C200","width":350,"height":200,"srcset":"https:\/\/i0.wp.com\/larevistadigital.com.ar\/blog\/wp-content\/uploads\/6759d088db695.png?fit=668%2C445&ssl=1&resize=350%2C200 1x, https:\/\/i0.wp.com\/larevistadigital.com.ar\/blog\/wp-content\/uploads\/6759d088db695.png?fit=668%2C445&ssl=1&resize=525%2C300 1.5x"},"classes":[]},{"id":10562,"url":"https:\/\/larevistadigital.com.ar\/blog\/chascomus-del-municipio-brindo-una-alerta-meteorologica\/","url_meta":{"origin":39824,"position":2},"title":"CHASCOM\u00daS: DEL MUNICIPIO BRIND\u00d3 UNA ALERTA METEOROL\u00d3GICA","author":"Alejandro Sosa Ruda","date":"11 junio, 2019","format":false,"excerpt":"Desde la p\u00e1gina de Facebook de la Municipalidad de Chascom\u00fas se brind\u00f3 una alerta meteorol\u00f3gica para la zona que a continuaci\u00f3n reproducimos: AVISO METEOROLOGICO A MUY CORTO PLAZO N\u00b0 646 PARA AYACUCHO - CASTELLI - CHASCOMUS - DOLORES - GRAL BELGRANO - GRAL GUIDO - GRAL LAVALLE - LAS FLORES\u2026","rel":"","context":"En \u00abDESTACADAS\u00bb","block_context":{"text":"DESTACADAS","link":"https:\/\/larevistadigital.com.ar\/blog\/category\/destacadas\/"},"img":{"alt_text":"","src":"https:\/\/i0.wp.com\/larevistadigital.com.ar\/blog\/wp-content\/uploads\/62784162_2484925894859688_3898628414004789248_n.jpg?fit=650%2C591&ssl=1&resize=350%2C200","width":350,"height":200,"srcset":"https:\/\/i0.wp.com\/larevistadigital.com.ar\/blog\/wp-content\/uploads\/62784162_2484925894859688_3898628414004789248_n.jpg?fit=650%2C591&ssl=1&resize=350%2C200 1x, https:\/\/i0.wp.com\/larevistadigital.com.ar\/blog\/wp-content\/uploads\/62784162_2484925894859688_3898628414004789248_n.jpg?fit=650%2C591&ssl=1&resize=525%2C300 1.5x"},"classes":[]},{"id":9752,"url":"https:\/\/larevistadigital.com.ar\/blog\/chascomus-el-municipio-brindo-el-cronograma-de-recoleccion-de-residuos\/","url_meta":{"origin":39824,"position":3},"title":"CHASCOM\u00daS: EL MUNICIPIO BRIND\u00d3 EL CRONOGRAMA DE RECOLECCI\u00d3N DE RESIDUOS","author":"Alejandro Sosa Ruda","date":"18 abril, 2019","format":false,"excerpt":"Mediante un comunicado de prensa, la Municipalidad de Chascom\u00fas dio a conocer el cronograma de recolecci\u00f3n de residuos durante la semana santa.","rel":"","context":"En \u00abCHASCOM\u00daS\u00bb","block_context":{"text":"CHASCOM\u00daS","link":"https:\/\/larevistadigital.com.ar\/blog\/category\/chascomus\/"},"img":{"alt_text":"","src":"https:\/\/i0.wp.com\/larevistadigital.com.ar\/blog\/wp-content\/uploads\/2019\/04\/57044314_1256998194441293_795894054544998400_n.jpg?fit=900%2C900&ssl=1&resize=350%2C200","width":350,"height":200,"srcset":"https:\/\/i0.wp.com\/larevistadigital.com.ar\/blog\/wp-content\/uploads\/2019\/04\/57044314_1256998194441293_795894054544998400_n.jpg?fit=900%2C900&ssl=1&resize=350%2C200 1x, https:\/\/i0.wp.com\/larevistadigital.com.ar\/blog\/wp-content\/uploads\/2019\/04\/57044314_1256998194441293_795894054544998400_n.jpg?fit=900%2C900&ssl=1&resize=525%2C300 1.5x, https:\/\/i0.wp.com\/larevistadigital.com.ar\/blog\/wp-content\/uploads\/2019\/04\/57044314_1256998194441293_795894054544998400_n.jpg?fit=900%2C900&ssl=1&resize=700%2C400 2x"},"classes":[]},{"id":38575,"url":"https:\/\/larevistadigital.com.ar\/blog\/la-feria-de-emprendedores-y-artesanos-amplia-su-horario-en-verano\/","url_meta":{"origin":39824,"position":4},"title":"La Feria de Emprendedores y Artesanos ampl\u00eda su horario en verano","author":"Alejandro Sosa Ruda","date":"29 enero, 2025","format":false,"excerpt":"Los visitantes tambi\u00e9n podr\u00e1n recorrer los viernes el tradicional paseo de la costanera. 29 de enero de\u00a0 2025 CHASCOM\u00daS -\u00a0 La Feria de Emprendedores y Artesanos de Chascom\u00fas, ubicada en Avenida Costanera Espa\u00f1a y Presidente Per\u00f3n, ampl\u00eda su horario de atenci\u00f3n durante la temporada de verano.\u00a0 Adem\u00e1s de los d\u00edas\u2026","rel":"","context":"En \u00abCHASCOM\u00daS\u00bb","block_context":{"text":"CHASCOM\u00daS","link":"https:\/\/larevistadigital.com.ar\/blog\/category\/chascomus\/"},"img":{"alt_text":"","src":"https:\/\/i0.wp.com\/larevistadigital.com.ar\/blog\/wp-content\/uploads\/67991270a6307.png?fit=668%2C445&ssl=1&resize=350%2C200","width":350,"height":200,"srcset":"https:\/\/i0.wp.com\/larevistadigital.com.ar\/blog\/wp-content\/uploads\/67991270a6307.png?fit=668%2C445&ssl=1&resize=350%2C200 1x, https:\/\/i0.wp.com\/larevistadigital.com.ar\/blog\/wp-content\/uploads\/67991270a6307.png?fit=668%2C445&ssl=1&resize=525%2C300 1.5x"},"classes":[]},{"id":8787,"url":"https:\/\/larevistadigital.com.ar\/blog\/chascomus-el-municipio-brindo-el-cronograma-de-recoleccion-para-el-fin-de-semana-de-carnaval\/","url_meta":{"origin":39824,"position":5},"title":"CHASCOM\u00daS: EL MUNICIPIO BRIND\u00d3 EL CRONOGRAMA DE RECOLECCI\u00d3N PARA EL FIN DE SEMANA DE CARNAVAL","author":"Alejandro Sosa Ruda","date":"27 febrero, 2019","format":false,"excerpt":"Desde el Municipio de Chascom\u00fas se brind\u00f3 el detalle del cronograma de recolecci\u00f3n de residuos durante el pr\u00f3ximo fin de semana largo por Carnaval. El detalle es el siguiente: SABADO 2: Servicio Normal (de 18 a 20) DOMINGO 3: Sin servicio, no sacar la basura. LUNES 4 Y MARTES 5:\u2026","rel":"","context":"En \u00abCHASCOM\u00daS\u00bb","block_context":{"text":"CHASCOM\u00daS","link":"https:\/\/larevistadigital.com.ar\/blog\/category\/chascomus\/"},"img":{"alt_text":"","src":"https:\/\/i0.wp.com\/larevistadigital.com.ar\/blog\/wp-content\/uploads\/2019\/02\/Screenshot_4-2.jpg?fit=786%2C510&ssl=1&resize=350%2C200","width":350,"height":200,"srcset":"https:\/\/i0.wp.com\/larevistadigital.com.ar\/blog\/wp-content\/uploads\/2019\/02\/Screenshot_4-2.jpg?fit=786%2C510&ssl=1&resize=350%2C200 1x, https:\/\/i0.wp.com\/larevistadigital.com.ar\/blog\/wp-content\/uploads\/2019\/02\/Screenshot_4-2.jpg?fit=786%2C510&ssl=1&resize=525%2C300 1.5x, https:\/\/i0.wp.com\/larevistadigital.com.ar\/blog\/wp-content\/uploads\/2019\/02\/Screenshot_4-2.jpg?fit=786%2C510&ssl=1&resize=700%2C400 2x"},"classes":[]}],"_links":{"self":[{"href":"https:\/\/larevistadigital.com.ar\/blog\/wp-json\/wp\/v2\/posts\/39824","targetHints":{"allow":["GET"]}}],"collection":[{"href":"https:\/\/larevistadigital.com.ar\/blog\/wp-json\/wp\/v2\/posts"}],"about":[{"href":"https:\/\/larevistadigital.com.ar\/blog\/wp-json\/wp\/v2\/types\/post"}],"author":[{"embeddable":true,"href":"https:\/\/larevistadigital.com.ar\/blog\/wp-json\/wp\/v2\/users\/3"}],"replies":[{"embeddable":true,"href":"https:\/\/larevistadigital.com.ar\/blog\/wp-json\/wp\/v2\/comments?post=39824"}],"version-history":[{"count":1,"href":"https:\/\/larevistadigital.com.ar\/blog\/wp-json\/wp\/v2\/posts\/39824\/revisions"}],"predecessor-version":[{"id":39826,"href":"https:\/\/larevistadigital.com.ar\/blog\/wp-json\/wp\/v2\/posts\/39824\/revisions\/39826"}],"wp:featuredmedia":[{"embeddable":true,"href":"https:\/\/larevistadigital.com.ar\/blog\/wp-json\/wp\/v2\/media\/39825"}],"wp:attachment":[{"href":"https:\/\/larevistadigital.com.ar\/blog\/wp-json\/wp\/v2\/media?parent=39824"}],"wp:term":[{"taxonomy":"category","embeddable":true,"href":"https:\/\/larevistadigital.com.ar\/blog\/wp-json\/wp\/v2\/categories?post=39824"},{"taxonomy":"post_tag","embeddable":true,"href":"https:\/\/larevistadigital.com.ar\/blog\/wp-json\/wp\/v2\/tags?post=39824"}],"curies":[{"name":"wp","href":"https:\/\/api.w.org\/{rel}","templated":true}]}}