{"id":39827,"date":"2025-05-21T22:36:51","date_gmt":"2025-05-22T01:36:51","guid":{"rendered":"https:\/\/larevistadigital.com.ar\/blog\/?p=39827"},"modified":"2025-05-21T22:36:51","modified_gmt":"2025-05-22T01:36:51","slug":"chascomus-se-brindo-una-charla-sobre-sifilis-en-el-caps-san-luis","status":"publish","type":"post","link":"https:\/\/larevistadigital.com.ar\/blog\/chascomus-se-brindo-una-charla-sobre-sifilis-en-el-caps-san-luis\/","title":{"rendered":"Chascom\u00fas; Se brind\u00f3 una charla sobre s\u00edfilis en el CAPS San Luis"},"content":{"rendered":"<h2 class=\"excerpt\">Destinada a fortalecer a los equipos del \u00e1rea de salud sobre el diagn\u00f3stico y tratamiento de esta enfermedad.<\/h2>\n<p>21 de Mayo de 2025<\/p>\n<div id=\"miDiv1\" class=\"text\">\n<p><strong>CHASCOM\u00daS &#8211;\u00a0<\/strong> \u00a0Personal de Laboratorio, Servicio Social, Guardia, Pediatr\u00eda y Maternidad del Hospital San Vicente de Pa\u00fal y de los CAPS, junto a profesionales de Epidemiolog\u00eda de la Secretar\u00eda de Salud municipal, participaron esta ma\u00f1ana de una charla sobre el diagn\u00f3stico, circuito de detecci\u00f3n y seguimiento de pacientes para casos de s\u00edfilis.<\/p>\n<blockquote>\n<h3>El encuentro a cargo de personal especializado, tuvo entre sus prop\u00f3sitos fortalecer el trabajo en red<\/h3>\n<\/blockquote>\n<p>para la gesti\u00f3n, atenci\u00f3n y articulaci\u00f3n de los equipos que intervienen en el diagn\u00f3stico y el tratamiento de pacientes infectados con esta enfermedad.<\/p>\n<p>Por \u00faltimo, se compartieron estad\u00edsticas e informaci\u00f3n sobre las acciones desarrolladas para atender la situaci\u00f3n evolutiva actual de la s\u00edfilis en nuestra ciudad.<\/p>\n<\/div>\n","protected":false},"excerpt":{"rendered":"<div class=\"mh-excerpt\"><p>Destinada a fortalecer a los equipos del \u00e1rea de salud sobre el diagn\u00f3stico y tratamiento de esta enfermedad. 21 de Mayo de 2025 CHASCOM\u00daS &#8211;\u00a0 \u00a0Personal de Laboratorio, Servicio Social, Guardia, Pediatr\u00eda y Maternidad del <a class=\"mh-excerpt-more\" href=\"https:\/\/larevistadigital.com.ar\/blog\/chascomus-se-brindo-una-charla-sobre-sifilis-en-el-caps-san-luis\/\" title=\"Chascom\u00fas; Se brind\u00f3 una charla sobre s\u00edfilis en el CAPS San Luis\">[Leer M\u00e1s]<\/a><\/p>\n<\/div>","protected":false},"author":3,"featured_media":39828,"comment_status":"open","ping_status":"open","sticky":false,"template":"","format":"standard","meta":{"_jetpack_memberships_contains_paid_content":false,"footnotes":"","jetpack_publicize_message":"","jetpack_publicize_feature_enabled":true,"jetpack_social_post_already_shared":true,"jetpack_social_options":{"image_generator_settings":{"template":"highway","default_image_id":0,"font":"","enabled":false},"version":2}},"categories":[6],"tags":[],"class_list":{"0":"post-39827","1":"post","2":"type-post","3":"status-publish","4":"format-standard","5":"has-post-thumbnail","7":"category-chascomus"},"jetpack_publicize_connections":[],"jetpack_featured_media_url":"https:\/\/i0.wp.com\/larevistadigital.com.ar\/blog\/wp-content\/uploads\/682e0bbc23f07.png?fit=668%2C445&ssl=1","jetpack_sharing_enabled":true,"jetpack_shortlink":"https:\/\/wp.me\/p8qtrQ-amn","jetpack-related-posts":[{"id":42057,"url":"https:\/\/larevistadigital.com.ar\/blog\/chascomus-se-realizo-la-jornada-de-salud-integral-de-la-mujer-en-el-barrio-san-luis\/","url_meta":{"origin":39827,"position":0},"title":"Chascom\u00fas: Se realiz\u00f3 la jornada de salud integral de la mujer en el barrio San Luis","author":"Alejandro Sosa Ruda","date":"17 octubre, 2025","format":false,"excerpt":"Desde las 9 de la ma\u00f1ana y hasta las primeras horas de la tarde se extendi\u00f3 esta propuesta que busca promover h\u00e1bitos saludables y el acceso gratuito a los controles de salud. 17 de Octubre de 2025 CHASCOM\u00daS -\u00a0 \u00a0Durante la ma\u00f1ana de este viernes y parte de la tarde,\u2026","rel":"","context":"En \u00abCHASCOM\u00daS\u00bb","block_context":{"text":"CHASCOM\u00daS","link":"https:\/\/larevistadigital.com.ar\/blog\/category\/chascomus\/"},"img":{"alt_text":"","src":"https:\/\/i0.wp.com\/larevistadigital.com.ar\/blog\/wp-content\/uploads\/68f26aec5f88a.png?fit=668%2C445&ssl=1&resize=350%2C200","width":350,"height":200,"srcset":"https:\/\/i0.wp.com\/larevistadigital.com.ar\/blog\/wp-content\/uploads\/68f26aec5f88a.png?fit=668%2C445&ssl=1&resize=350%2C200 1x, https:\/\/i0.wp.com\/larevistadigital.com.ar\/blog\/wp-content\/uploads\/68f26aec5f88a.png?fit=668%2C445&ssl=1&resize=525%2C300 1.5x"},"classes":[]},{"id":38339,"url":"https:\/\/larevistadigital.com.ar\/blog\/caps-horarios-para-testeos-rapidos\/","url_meta":{"origin":39827,"position":1},"title":"CAPS: horarios para testeos r\u00e1pidos","author":"Alejandro Sosa Ruda","date":"19 diciembre, 2024","format":false,"excerpt":"Los vecinos y vecinas interesados podr\u00e1n acercarse a los distintos centros en los horarios habilitados 19 de Diciembre de 2024 CHASCOM\u00daS -\u00a0 Desde el \u00e1rea de Salud de la Municipalidad de Chascom\u00fas, informan una actualizaci\u00f3n de horarios de atenci\u00f3n para la realizaci\u00f3n de testeos para HIV y s\u00edfilis, disponibles en\u2026","rel":"","context":"En \u00abCHASCOM\u00daS\u00bb","block_context":{"text":"CHASCOM\u00daS","link":"https:\/\/larevistadigital.com.ar\/blog\/category\/chascomus\/"},"img":{"alt_text":"","src":"https:\/\/i0.wp.com\/larevistadigital.com.ar\/blog\/wp-content\/uploads\/67645b5824ebf.png?fit=668%2C445&ssl=1&resize=350%2C200","width":350,"height":200,"srcset":"https:\/\/i0.wp.com\/larevistadigital.com.ar\/blog\/wp-content\/uploads\/67645b5824ebf.png?fit=668%2C445&ssl=1&resize=350%2C200 1x, https:\/\/i0.wp.com\/larevistadigital.com.ar\/blog\/wp-content\/uploads\/67645b5824ebf.png?fit=668%2C445&ssl=1&resize=525%2C300 1.5x"},"classes":[]},{"id":41957,"url":"https:\/\/larevistadigital.com.ar\/blog\/octubre-rosa-continuan-las-mamografias-gratuitas-para-la-deteccion-temprana-del-cancer-de-mama\/","url_meta":{"origin":39827,"position":2},"title":"Octubre Rosa: Contin\u00faan las mamograf\u00edas gratuitas para la detecci\u00f3n temprana del c\u00e1ncer de mama","author":"Alejandro Sosa Ruda","date":"14 octubre, 2025","format":false,"excerpt":"El Hospital Municipal San Vicente de Paul y los CAPS ofrecen turnos para mujeres de 40 a 70 a\u00f1os, en el marco de la campa\u00f1a de concientizaci\u00f3n y prevenci\u00f3n de la enfermedad. 14 de Octubre de 2025 CHASCOM\u00daS -\u00a0 \u00a0En el marco del mes de concientizaci\u00f3n sobre el c\u00e1ncer de\u2026","rel":"","context":"En \u00abCHASCOM\u00daS\u00bb","block_context":{"text":"CHASCOM\u00daS","link":"https:\/\/larevistadigital.com.ar\/blog\/category\/chascomus\/"},"img":{"alt_text":"","src":"https:\/\/i0.wp.com\/larevistadigital.com.ar\/blog\/wp-content\/uploads\/68ee85b777eaf.png?fit=668%2C445&ssl=1&resize=350%2C200","width":350,"height":200,"srcset":"https:\/\/i0.wp.com\/larevistadigital.com.ar\/blog\/wp-content\/uploads\/68ee85b777eaf.png?fit=668%2C445&ssl=1&resize=350%2C200 1x, https:\/\/i0.wp.com\/larevistadigital.com.ar\/blog\/wp-content\/uploads\/68ee85b777eaf.png?fit=668%2C445&ssl=1&resize=525%2C300 1.5x"},"classes":[]},{"id":40279,"url":"https:\/\/larevistadigital.com.ar\/blog\/chascomus-se-realizo-la-charla-sobre-herramientas-y-habilidades-para-el-mundo-del-trabajo\/","url_meta":{"origin":39827,"position":3},"title":"Chascom\u00fas: Se realiz\u00f3 la charla sobre \u201cHerramientas y habilidades para el mundo del trabajo\u201d","author":"Alejandro Sosa Ruda","date":"2 julio, 2025","format":false,"excerpt":"El objetivo es brindar y fortalecer herramientas que las personas necesitan al momento de insertarse en el mundo laboral 02 de Julio de 2025 CHASCOM\u00daS-\u00a0 \u00a0La Municipalidad de Chascom\u00fas trabaja de manera articulada con el Centro de Formaci\u00f3n Laboral N\u00b0 401, y en este marco, el \u00faltimo martes desde las\u2026","rel":"","context":"En \u00abCHASCOM\u00daS\u00bb","block_context":{"text":"CHASCOM\u00daS","link":"https:\/\/larevistadigital.com.ar\/blog\/category\/chascomus\/"},"img":{"alt_text":"","src":"https:\/\/i0.wp.com\/larevistadigital.com.ar\/blog\/wp-content\/uploads\/686565ee1b9c2.png?fit=668%2C445&ssl=1&resize=350%2C200","width":350,"height":200,"srcset":"https:\/\/i0.wp.com\/larevistadigital.com.ar\/blog\/wp-content\/uploads\/686565ee1b9c2.png?fit=668%2C445&ssl=1&resize=350%2C200 1x, https:\/\/i0.wp.com\/larevistadigital.com.ar\/blog\/wp-content\/uploads\/686565ee1b9c2.png?fit=668%2C445&ssl=1&resize=525%2C300 1.5x"},"classes":[]},{"id":15358,"url":"https:\/\/larevistadigital.com.ar\/blog\/los-trabajadores-de-la-salud-publicaron-una-carta-al-intendente-gaston\/","url_meta":{"origin":39827,"position":4},"title":"LOS TRABAJADORES DE LA SALUD, PUBLICARON UNA CARTA AL INTENDENTE GAST\u00d3N","author":"Alejandro Sosa Ruda","date":"26 mayo, 2020","format":false,"excerpt":"La situaci\u00f3n en el \u00e1mbito de la salud, est\u00e1 cada d\u00eda m\u00e1s complicada, ya que pareciera que el ejecutivo municipal insiste en deso\u00edr los reclamos y cuestiones que plantean distintos profesionales del \u00e1rea y que ha provocado distintas renuncias. Ahora, un grupo de personas que pertenecen al Hospital, Hogar de\u2026","rel":"","context":"En \u00abINTERES GENERAL\u00bb","block_context":{"text":"INTERES GENERAL","link":"https:\/\/larevistadigital.com.ar\/blog\/category\/interes-general\/"},"img":{"alt_text":"","src":"https:\/\/i0.wp.com\/larevistadigital.com.ar\/blog\/wp-content\/uploads\/2018\/06\/hospi1-1024x767-111-700x524.jpg?fit=700%2C524&ssl=1&resize=350%2C200","width":350,"height":200,"srcset":"https:\/\/i0.wp.com\/larevistadigital.com.ar\/blog\/wp-content\/uploads\/2018\/06\/hospi1-1024x767-111-700x524.jpg?fit=700%2C524&ssl=1&resize=350%2C200 1x, https:\/\/i0.wp.com\/larevistadigital.com.ar\/blog\/wp-content\/uploads\/2018\/06\/hospi1-1024x767-111-700x524.jpg?fit=700%2C524&ssl=1&resize=525%2C300 1.5x, https:\/\/i0.wp.com\/larevistadigital.com.ar\/blog\/wp-content\/uploads\/2018\/06\/hospi1-1024x767-111-700x524.jpg?fit=700%2C524&ssl=1&resize=700%2C400 2x"},"classes":[]},{"id":41795,"url":"https:\/\/larevistadigital.com.ar\/blog\/octubre-rosa-durante-octubre-el-hospital-municipal-realiza-mamografias-todos-los-dias\/","url_meta":{"origin":39827,"position":5},"title":"Octubre Rosa: Durante octubre, el Hospital Municipal realiza mamograf\u00edas todos los d\u00edas","author":"Alejandro Sosa Ruda","date":"6 octubre, 2025","format":false,"excerpt":"En el mes de concientizaci\u00f3n sobre el c\u00e1ncer de mama, se promueve la detecci\u00f3n temprana y el acceso al control preventivo en mujeres de todas las edades. 06 de Octubre de 2025 CHASCOM\u00daS -\u00a0 \u00a0En el marco de la campa\u00f1a \u201cOctubre Rosa\u201d, el Hospital Municipal San Vicente de Paul lleva\u2026","rel":"","context":"En \u00abCHASCOM\u00daS\u00bb","block_context":{"text":"CHASCOM\u00daS","link":"https:\/\/larevistadigital.com.ar\/blog\/category\/chascomus\/"},"img":{"alt_text":"","src":"https:\/\/i0.wp.com\/larevistadigital.com.ar\/blog\/wp-content\/uploads\/68e3f3ff20117.png?fit=668%2C445&ssl=1&resize=350%2C200","width":350,"height":200,"srcset":"https:\/\/i0.wp.com\/larevistadigital.com.ar\/blog\/wp-content\/uploads\/68e3f3ff20117.png?fit=668%2C445&ssl=1&resize=350%2C200 1x, https:\/\/i0.wp.com\/larevistadigital.com.ar\/blog\/wp-content\/uploads\/68e3f3ff20117.png?fit=668%2C445&ssl=1&resize=525%2C300 1.5x"},"classes":[]}],"_links":{"self":[{"href":"https:\/\/larevistadigital.com.ar\/blog\/wp-json\/wp\/v2\/posts\/39827","targetHints":{"allow":["GET"]}}],"collection":[{"href":"https:\/\/larevistadigital.com.ar\/blog\/wp-json\/wp\/v2\/posts"}],"about":[{"href":"https:\/\/larevistadigital.com.ar\/blog\/wp-json\/wp\/v2\/types\/post"}],"author":[{"embeddable":true,"href":"https:\/\/larevistadigital.com.ar\/blog\/wp-json\/wp\/v2\/users\/3"}],"replies":[{"embeddable":true,"href":"https:\/\/larevistadigital.com.ar\/blog\/wp-json\/wp\/v2\/comments?post=39827"}],"version-history":[{"count":1,"href":"https:\/\/larevistadigital.com.ar\/blog\/wp-json\/wp\/v2\/posts\/39827\/revisions"}],"predecessor-version":[{"id":39829,"href":"https:\/\/larevistadigital.com.ar\/blog\/wp-json\/wp\/v2\/posts\/39827\/revisions\/39829"}],"wp:featuredmedia":[{"embeddable":true,"href":"https:\/\/larevistadigital.com.ar\/blog\/wp-json\/wp\/v2\/media\/39828"}],"wp:attachment":[{"href":"https:\/\/larevistadigital.com.ar\/blog\/wp-json\/wp\/v2\/media?parent=39827"}],"wp:term":[{"taxonomy":"category","embeddable":true,"href":"https:\/\/larevistadigital.com.ar\/blog\/wp-json\/wp\/v2\/categories?post=39827"},{"taxonomy":"post_tag","embeddable":true,"href":"https:\/\/larevistadigital.com.ar\/blog\/wp-json\/wp\/v2\/tags?post=39827"}],"curies":[{"name":"wp","href":"https:\/\/api.w.org\/{rel}","templated":true}]}}