{"id":39830,"date":"2025-05-21T22:44:55","date_gmt":"2025-05-22T01:44:55","guid":{"rendered":"https:\/\/larevistadigital.com.ar\/blog\/?p=39830"},"modified":"2025-05-21T22:44:55","modified_gmt":"2025-05-22T01:44:55","slug":"chascomus-pena-boquense-dono-un-aire-acondicionado-para-el-hogar-de-ancianos","status":"publish","type":"post","link":"https:\/\/larevistadigital.com.ar\/blog\/chascomus-pena-boquense-dono-un-aire-acondicionado-para-el-hogar-de-ancianos\/","title":{"rendered":"Chascom\u00fas: Pe\u00f1a boquense don\u00f3 un aire acondicionado para el Hogar de Ancianos"},"content":{"rendered":"<div id=\"control-by-post-gallery\" class=\"horizontal_carousel_container big margin_top_10\">\n<div class=\"caroufredsel_wrapper caroufredsel_wrapper_hortizontal_carousel\">\n<h2>La pe\u00f1a chascomunense de Boca Juniors coopera con la Residencia Municipal de larga estad\u00eda.<\/h2>\n<p>21 de Mayo de 2025<\/p>\n<\/div>\n<\/div>\n<div class=\"post_content page_margin_top_section clearfix\">\n<div class=\"content_box\">\n<div id=\"miDiv1\" class=\"text\">\n<p><strong>CHASCOM\u00daS &#8211;\u00a0<\/strong> \u00a0La pe\u00f1a boquense \u201cChascom\u00fas Azul y Oro\u201d don\u00f3 un equipo de aire acondicionado a la Residencia Municipal donde se alojan personas adultas de manera permanente.<\/p>\n<blockquote>\n<h3>El nuevo equipo seguramente ser\u00e1 instalado en la sala principal, un espacio de uso com\u00fan donde los residentes cotidianamente comparten juegos, pel\u00edculas y muchas actividades m\u00e1s.<\/h3>\n<\/blockquote>\n<p>Al ver el equipo, los presentes manifestaron una gran alegr\u00eda y ya esperan ansiosos poder disfrutarlo ni bien sea instalado.<\/p>\n<\/div>\n<\/div>\n<\/div>\n","protected":false},"excerpt":{"rendered":"<div class=\"mh-excerpt\"><p>La pe\u00f1a chascomunense de Boca Juniors coopera con la Residencia Municipal de larga estad\u00eda. 21 de Mayo de 2025 CHASCOM\u00daS &#8211;\u00a0 \u00a0La pe\u00f1a boquense \u201cChascom\u00fas Azul y Oro\u201d don\u00f3 un equipo de aire acondicionado a <a class=\"mh-excerpt-more\" href=\"https:\/\/larevistadigital.com.ar\/blog\/chascomus-pena-boquense-dono-un-aire-acondicionado-para-el-hogar-de-ancianos\/\" title=\"Chascom\u00fas: Pe\u00f1a boquense don\u00f3 un aire acondicionado para el Hogar de Ancianos\">[Leer M\u00e1s]<\/a><\/p>\n<\/div>","protected":false},"author":3,"featured_media":39831,"comment_status":"open","ping_status":"open","sticky":false,"template":"","format":"standard","meta":{"_jetpack_memberships_contains_paid_content":false,"footnotes":"","jetpack_publicize_message":"","jetpack_publicize_feature_enabled":true,"jetpack_social_post_already_shared":true,"jetpack_social_options":{"image_generator_settings":{"template":"highway","default_image_id":0,"font":"","enabled":false},"version":2}},"categories":[6],"tags":[],"class_list":{"0":"post-39830","1":"post","2":"type-post","3":"status-publish","4":"format-standard","5":"has-post-thumbnail","7":"category-chascomus"},"jetpack_publicize_connections":[],"jetpack_featured_media_url":"https:\/\/i0.wp.com\/larevistadigital.com.ar\/blog\/wp-content\/uploads\/682e0b00bf76a.png?fit=668%2C445&ssl=1","jetpack_sharing_enabled":true,"jetpack_shortlink":"https:\/\/wp.me\/p8qtrQ-amq","jetpack-related-posts":[{"id":13819,"url":"https:\/\/larevistadigital.com.ar\/blog\/chascomus-accion-solidaria-de-la-pena-boquense-jorge-chino-benitez\/","url_meta":{"origin":39830,"position":0},"title":"CHASCOM\u00daS: ACCI\u00d3N SOLIDARIA DE LA PE\u00d1A BOQUENSE JORGE \u00abCHINO\u00bb BENITEZ","author":"Alejandro Sosa Ruda","date":"26 diciembre, 2019","format":false,"excerpt":"Tal como lo vienen haciendo otras pe\u00f1as, la comisi\u00f3n directiva de la hist\u00f3rica Pe\u00f1a de Boca Juniors Jorge \"Chino\" Benitez ha emprendido la tarea de ayudar a los chicos que menos tienen en el pr\u00f3ximo festejo de Reyes. As\u00ed lo han hecho saber mediante un comunicado que a continuaci\u00f3n se\u2026","rel":"","context":"En \u00abCHASCOM\u00daS\u00bb","block_context":{"text":"CHASCOM\u00daS","link":"https:\/\/larevistadigital.com.ar\/blog\/category\/chascomus\/"},"img":{"alt_text":"","src":"https:\/\/i0.wp.com\/larevistadigital.com.ar\/blog\/wp-content\/uploads\/dibujos-de-reyes-magos-para-colorear_0.jpg?fit=1200%2C675&ssl=1&resize=350%2C200","width":350,"height":200,"srcset":"https:\/\/i0.wp.com\/larevistadigital.com.ar\/blog\/wp-content\/uploads\/dibujos-de-reyes-magos-para-colorear_0.jpg?fit=1200%2C675&ssl=1&resize=350%2C200 1x, https:\/\/i0.wp.com\/larevistadigital.com.ar\/blog\/wp-content\/uploads\/dibujos-de-reyes-magos-para-colorear_0.jpg?fit=1200%2C675&ssl=1&resize=525%2C300 1.5x, https:\/\/i0.wp.com\/larevistadigital.com.ar\/blog\/wp-content\/uploads\/dibujos-de-reyes-magos-para-colorear_0.jpg?fit=1200%2C675&ssl=1&resize=700%2C400 2x, https:\/\/i0.wp.com\/larevistadigital.com.ar\/blog\/wp-content\/uploads\/dibujos-de-reyes-magos-para-colorear_0.jpg?fit=1200%2C675&ssl=1&resize=1050%2C600 3x"},"classes":[]},{"id":42764,"url":"https:\/\/larevistadigital.com.ar\/blog\/chascomus-nueva-aparatologia-en-el-hospital-municipal-donada-por-la-cooperadora\/","url_meta":{"origin":39830,"position":1},"title":"Chascom\u00fas: Nueva aparatolog\u00eda en el Hospital Municipal donada por la Cooperadora","author":"Alejandro Sosa Ruda","date":"4 diciembre, 2025","format":false,"excerpt":"Se trata de importante equipamiento que contribuir\u00e1 a la atenci\u00f3n de los consultorios externos. 04 de Diciembre de 2025 CHASCOM\u00daS -\u00a0 \u00a0 En la jornada del \u00faltimo mi\u00e9rcoles, la Cooperadora del Hospital Municipal \u201cSan Vicente de Paul\u201d don\u00f3 importante aparatolog\u00eda para el \u00e1rea de consultorios externos, que contribuyen a mejorar\u2026","rel":"","context":"En \u00abCHASCOM\u00daS\u00bb","block_context":{"text":"CHASCOM\u00daS","link":"https:\/\/larevistadigital.com.ar\/blog\/category\/chascomus\/"},"img":{"alt_text":"","src":"","width":0,"height":0},"classes":[]},{"id":7798,"url":"https:\/\/larevistadigital.com.ar\/blog\/chascomus-la-pena-boca-juniors-dono-silla-de-traslado-al-hospital\/","url_meta":{"origin":39830,"position":2},"title":"CHASCOM\u00daS: LA PE\u00d1A BOCA JUNIORS DON\u00d3 SILLA DE TRASLADO AL HOSPITAL","author":"Alejandro Sosa Ruda","date":"19 enero, 2019","format":false,"excerpt":"Con un gesto de solidaridad, la pe\u00f1a Boca J\u00faniors de la ciudad de Chascom\u00fas, hizo entrega de una silla de traslado. La misma fue donada al Hospital Municipal San Vicente de Paul, haciendo entrega de la misma Augusto Villa, en representaci\u00f3n de los integrantes de la pe\u00f1a. Es muy importante\u2026","rel":"","context":"En \u00abCHASCOM\u00daS\u00bb","block_context":{"text":"CHASCOM\u00daS","link":"https:\/\/larevistadigital.com.ar\/blog\/category\/chascomus\/"},"img":{"alt_text":"","src":"https:\/\/i0.wp.com\/larevistadigital.com.ar\/blog\/wp-content\/uploads\/2019\/01\/WhatsApp-Image-2019-01-19-at-15.21.43.jpeg?fit=1040%2C780&ssl=1&resize=350%2C200","width":350,"height":200,"srcset":"https:\/\/i0.wp.com\/larevistadigital.com.ar\/blog\/wp-content\/uploads\/2019\/01\/WhatsApp-Image-2019-01-19-at-15.21.43.jpeg?fit=1040%2C780&ssl=1&resize=350%2C200 1x, https:\/\/i0.wp.com\/larevistadigital.com.ar\/blog\/wp-content\/uploads\/2019\/01\/WhatsApp-Image-2019-01-19-at-15.21.43.jpeg?fit=1040%2C780&ssl=1&resize=525%2C300 1.5x, https:\/\/i0.wp.com\/larevistadigital.com.ar\/blog\/wp-content\/uploads\/2019\/01\/WhatsApp-Image-2019-01-19-at-15.21.43.jpeg?fit=1040%2C780&ssl=1&resize=700%2C400 2x"},"classes":[]},{"id":44845,"url":"https:\/\/larevistadigital.com.ar\/blog\/chascomus-continuan-las-capacitaciones-en-la-residencia-municipal-de-larga-estadia\/","url_meta":{"origin":39830,"position":3},"title":"Chascom\u00fas: Contin\u00faan las capacitaciones en la Residencia Municipal de Larga Estad\u00eda","author":"Alejandro Sosa Ruda","date":"31 marzo, 2026","format":false,"excerpt":"A trav\u00e9s de encuentros mensuales de todo el equipo encuentros mensuales para fortalecer el trabajo interdisciplinario La Municipalidad de Chascom\u00fas, en la Residencia de Larga Estad\u00eda \"Elena Hebert de Estefanell\", sostiene una modalidad de trabajo basada en encuentros mensuales destinados a todo el personal, con el objetivo de mejorar la\u2026","rel":"","context":"En \u00abCHASCOM\u00daS\u00bb","block_context":{"text":"CHASCOM\u00daS","link":"https:\/\/larevistadigital.com.ar\/blog\/category\/chascomus\/"},"img":{"alt_text":"","src":"https:\/\/i0.wp.com\/larevistadigital.com.ar\/blog\/wp-content\/uploads\/69cbfe4fcd86a.png?fit=668%2C445&ssl=1&resize=350%2C200","width":350,"height":200,"srcset":"https:\/\/i0.wp.com\/larevistadigital.com.ar\/blog\/wp-content\/uploads\/69cbfe4fcd86a.png?fit=668%2C445&ssl=1&resize=350%2C200 1x, https:\/\/i0.wp.com\/larevistadigital.com.ar\/blog\/wp-content\/uploads\/69cbfe4fcd86a.png?fit=668%2C445&ssl=1&resize=525%2C300 1.5x"},"classes":[]},{"id":44248,"url":"https:\/\/larevistadigital.com.ar\/blog\/chascomus-la-residencia-municipal-de-larga-estadia-se-vistio-de-carnaval\/","url_meta":{"origin":39830,"position":4},"title":"Chascom\u00fas: La Residencia Municipal de Larga Estad\u00eda se visti\u00f3 de carnaval","author":"Alejandro Sosa Ruda","date":"3 marzo, 2026","format":false,"excerpt":"Una gran cantidad de vecinos y familiares se acercaron con mate y reposeras para disfrutar de la jornada, que comenz\u00f3 a media tarde y se extendi\u00f3 hasta entrada la noche. 03 de Marzo de 2026 CHASCOM\u00daS\u00a0 -\u00a0 \u00a0El viernes por la tarde, comparsas y agrupaciones que desfilaron en el \u00faltimo\u2026","rel":"","context":"En \u00abCHASCOM\u00daS\u00bb","block_context":{"text":"CHASCOM\u00daS","link":"https:\/\/larevistadigital.com.ar\/blog\/category\/chascomus\/"},"img":{"alt_text":"","src":"https:\/\/i0.wp.com\/larevistadigital.com.ar\/blog\/wp-content\/uploads\/69a5e341cc8b5.png?fit=668%2C445&ssl=1&resize=350%2C200","width":350,"height":200,"srcset":"https:\/\/i0.wp.com\/larevistadigital.com.ar\/blog\/wp-content\/uploads\/69a5e341cc8b5.png?fit=668%2C445&ssl=1&resize=350%2C200 1x, https:\/\/i0.wp.com\/larevistadigital.com.ar\/blog\/wp-content\/uploads\/69a5e341cc8b5.png?fit=668%2C445&ssl=1&resize=525%2C300 1.5x"},"classes":[]},{"id":8638,"url":"https:\/\/larevistadigital.com.ar\/blog\/chascomus-el-parque-automotor-municipal-sumo-una-nueva-barredora\/","url_meta":{"origin":39830,"position":5},"title":"CHASCOMUS: EL PARQUE AUTOMOTOR MUNICIPAL SUM\u00d3 UNA NUEVA BARREDORA","author":"Alejandro Sosa Ruda","date":"22 febrero, 2019","format":false,"excerpt":"Con el objetivo de intensificar las tareas de limpieza de las calles de la ciudad, y ampliar el radio y frecuencia del servicio, la municipalidad sum\u00f3 un cami\u00f3n barredor Agrale 14000 cero kil\u00f3metro. Para el intendente Javier Gast\u00f3n, la nueva adquisici\u00f3n con fondos propios \u201ces fruto del esfuerzo de todos\u2026","rel":"","context":"En \u00abCHASCOM\u00daS\u00bb","block_context":{"text":"CHASCOM\u00daS","link":"https:\/\/larevistadigital.com.ar\/blog\/category\/chascomus\/"},"img":{"alt_text":"","src":"https:\/\/i0.wp.com\/larevistadigital.com.ar\/blog\/wp-content\/uploads\/2019\/02\/53110657_2302940946393444_4961686528330825728_o.jpg?fit=1200%2C802&ssl=1&resize=350%2C200","width":350,"height":200,"srcset":"https:\/\/i0.wp.com\/larevistadigital.com.ar\/blog\/wp-content\/uploads\/2019\/02\/53110657_2302940946393444_4961686528330825728_o.jpg?fit=1200%2C802&ssl=1&resize=350%2C200 1x, https:\/\/i0.wp.com\/larevistadigital.com.ar\/blog\/wp-content\/uploads\/2019\/02\/53110657_2302940946393444_4961686528330825728_o.jpg?fit=1200%2C802&ssl=1&resize=525%2C300 1.5x, https:\/\/i0.wp.com\/larevistadigital.com.ar\/blog\/wp-content\/uploads\/2019\/02\/53110657_2302940946393444_4961686528330825728_o.jpg?fit=1200%2C802&ssl=1&resize=700%2C400 2x, https:\/\/i0.wp.com\/larevistadigital.com.ar\/blog\/wp-content\/uploads\/2019\/02\/53110657_2302940946393444_4961686528330825728_o.jpg?fit=1200%2C802&ssl=1&resize=1050%2C600 3x"},"classes":[]}],"_links":{"self":[{"href":"https:\/\/larevistadigital.com.ar\/blog\/wp-json\/wp\/v2\/posts\/39830","targetHints":{"allow":["GET"]}}],"collection":[{"href":"https:\/\/larevistadigital.com.ar\/blog\/wp-json\/wp\/v2\/posts"}],"about":[{"href":"https:\/\/larevistadigital.com.ar\/blog\/wp-json\/wp\/v2\/types\/post"}],"author":[{"embeddable":true,"href":"https:\/\/larevistadigital.com.ar\/blog\/wp-json\/wp\/v2\/users\/3"}],"replies":[{"embeddable":true,"href":"https:\/\/larevistadigital.com.ar\/blog\/wp-json\/wp\/v2\/comments?post=39830"}],"version-history":[{"count":1,"href":"https:\/\/larevistadigital.com.ar\/blog\/wp-json\/wp\/v2\/posts\/39830\/revisions"}],"predecessor-version":[{"id":39832,"href":"https:\/\/larevistadigital.com.ar\/blog\/wp-json\/wp\/v2\/posts\/39830\/revisions\/39832"}],"wp:featuredmedia":[{"embeddable":true,"href":"https:\/\/larevistadigital.com.ar\/blog\/wp-json\/wp\/v2\/media\/39831"}],"wp:attachment":[{"href":"https:\/\/larevistadigital.com.ar\/blog\/wp-json\/wp\/v2\/media?parent=39830"}],"wp:term":[{"taxonomy":"category","embeddable":true,"href":"https:\/\/larevistadigital.com.ar\/blog\/wp-json\/wp\/v2\/categories?post=39830"},{"taxonomy":"post_tag","embeddable":true,"href":"https:\/\/larevistadigital.com.ar\/blog\/wp-json\/wp\/v2\/tags?post=39830"}],"curies":[{"name":"wp","href":"https:\/\/api.w.org\/{rel}","templated":true}]}}