{"id":39833,"date":"2025-05-21T22:51:27","date_gmt":"2025-05-22T01:51:27","guid":{"rendered":"https:\/\/larevistadigital.com.ar\/blog\/?p=39833"},"modified":"2025-05-21T22:51:27","modified_gmt":"2025-05-22T01:51:27","slug":"chascomus-continua-el-programa-espacio-para-lideres","status":"publish","type":"post","link":"https:\/\/larevistadigital.com.ar\/blog\/chascomus-continua-el-programa-espacio-para-lideres\/","title":{"rendered":"Chascom\u00fas: Contin\u00faa el programa \u201cEspacio para L\u00edderes\u201d"},"content":{"rendered":"<h3 class=\"excerpt\">Comenz\u00f3 una nueva etapa del programa de formaci\u00f3n y profesionalizaci\u00f3n para mandos medios del equipo municipal.<\/h3>\n<p>21 de Mayo de 2025<\/p>\n<div id=\"miDiv1\" class=\"text\">\n<p><strong>CHASCOM\u00daS &#8211;\u00a0<\/strong> Esta semana tuvo lugar un nuevo encuentro del programa \u201cEspacio para L\u00edderes\u201d, que busca ofrecer formaci\u00f3n continua a trabajadores y trabajadoras con roles jer\u00e1rquicos dentro de la Municipalidad de Chascom\u00fas.<\/p>\n<p>La propuesta est\u00e1 dirigida a quienes conducen equipos de trabajo en distintas \u00e1reas del gobierno local, con el objetivo de fortalecer habilidades en comunicaci\u00f3n, liderazgo, relaciones interpersonales, manejo de recursos y procedimientos administrativos, entre otras tem\u00e1ticas.<\/p>\n<blockquote>\n<h3>Durante el \u00faltimo encuentro, desarrollado este lunes, el eje de trabajo fue la retroalimentaci\u00f3n en equipos. A lo largo de la jornada, los participantes intercambiaron experiencias y pusieron en com\u00fan herramientas para mejorar los procesos de comunicaci\u00f3n interna y conducci\u00f3n.<\/h3>\n<\/blockquote>\n<p>Tras la jornada, el secretario de Recursos Humanos y Modernizaci\u00f3n, Jos\u00e9 Yezza Ross, destac\u00f3 la importancia de profesionalizar a trav\u00e9s de la formaci\u00f3n constante a quienes cumplen funciones de liderazgo, con el fin de mejorar el funcionamiento de la organizaci\u00f3n municipal y, en consecuencia, la calidad de los servicios que se brindan a la comunidad.<\/p>\n<p>\u201cEstos espacios no solo como instancias de capacitaci\u00f3n, sino tambi\u00e9n como oportunidades para el encuentro entre responsables de diferentes \u00e1reas, lo que permite generar articulaciones, compartir problem\u00e1ticas comunes y construir colectivamente soluciones que mejoren la gesti\u00f3n diaria\u201d, expres\u00f3.<\/p>\n<\/div>\n","protected":false},"excerpt":{"rendered":"<div class=\"mh-excerpt\"><p>Comenz\u00f3 una nueva etapa del programa de formaci\u00f3n y profesionalizaci\u00f3n para mandos medios del equipo municipal. 21 de Mayo de 2025 CHASCOM\u00daS &#8211;\u00a0 Esta semana tuvo lugar un nuevo encuentro del programa \u201cEspacio para L\u00edderes\u201d, <a class=\"mh-excerpt-more\" href=\"https:\/\/larevistadigital.com.ar\/blog\/chascomus-continua-el-programa-espacio-para-lideres\/\" title=\"Chascom\u00fas: Contin\u00faa el programa \u201cEspacio para L\u00edderes\u201d\">[Leer M\u00e1s]<\/a><\/p>\n<\/div>","protected":false},"author":3,"featured_media":39834,"comment_status":"open","ping_status":"open","sticky":false,"template":"","format":"standard","meta":{"_jetpack_memberships_contains_paid_content":false,"footnotes":"","jetpack_publicize_message":"","jetpack_publicize_feature_enabled":true,"jetpack_social_post_already_shared":true,"jetpack_social_options":{"image_generator_settings":{"template":"highway","default_image_id":0,"font":"","enabled":false},"version":2}},"categories":[6,50],"tags":[],"class_list":{"0":"post-39833","1":"post","2":"type-post","3":"status-publish","4":"format-standard","5":"has-post-thumbnail","7":"category-chascomus","8":"category-interes-general"},"jetpack_publicize_connections":[],"jetpack_featured_media_url":"https:\/\/i0.wp.com\/larevistadigital.com.ar\/blog\/wp-content\/uploads\/682e0598a333b.png?fit=668%2C445&ssl=1","jetpack_sharing_enabled":true,"jetpack_shortlink":"https:\/\/wp.me\/p8qtrQ-amt","jetpack-related-posts":[{"id":36830,"url":"https:\/\/larevistadigital.com.ar\/blog\/chascomus-ultimo-encuentro-de-la-capacitacion-para-lideres-municipales\/","url_meta":{"origin":39833,"position":0},"title":"CHASCOM\u00daS: \u00daLTIMO ENCUENTRO DE LA CAPACITACI\u00d3N PARA L\u00cdDERES MUNICIPALES","author":"Alejandro Sosa Ruda","date":"30 julio, 2024","format":false,"excerpt":"El espacio de formaci\u00f3n llega al fin de su primera etapa. 30 de Julio de 2024 CHASCOM\u00daS -\u00a0 Hoy se realizar\u00e1 el \u00faltimo encuentro para personal jer\u00e1rquico municipal en el marco de la primera etapa del trayecto de formaci\u00f3n continua \u201cEspacio para L\u00edderes\u201d. Desde su comienzo en marzo y con\u2026","rel":"","context":"En \u00abCHASCOM\u00daS\u00bb","block_context":{"text":"CHASCOM\u00daS","link":"https:\/\/larevistadigital.com.ar\/blog\/category\/chascomus\/"},"img":{"alt_text":"","src":"https:\/\/i0.wp.com\/larevistadigital.com.ar\/blog\/wp-content\/uploads\/66a923bbcf2f7.png?fit=668%2C445&ssl=1&resize=350%2C200","width":350,"height":200,"srcset":"https:\/\/i0.wp.com\/larevistadigital.com.ar\/blog\/wp-content\/uploads\/66a923bbcf2f7.png?fit=668%2C445&ssl=1&resize=350%2C200 1x, https:\/\/i0.wp.com\/larevistadigital.com.ar\/blog\/wp-content\/uploads\/66a923bbcf2f7.png?fit=668%2C445&ssl=1&resize=525%2C300 1.5x"},"classes":[]},{"id":45171,"url":"https:\/\/larevistadigital.com.ar\/blog\/chascomus-la-municipalidad-acompana-a-estudiantes-secundarios-en-su-formacion-para-el-mundo-del-trabajo\/","url_meta":{"origin":39833,"position":1},"title":"Chascom\u00fas: La Municipalidad acompa\u00f1a a estudiantes secundarios en su formaci\u00f3n para el mundo del trabajo","author":"Alejandro Sosa Ruda","date":"17 abril, 2026","format":false,"excerpt":"De esta manera se contribuye en la construcci\u00f3n de sus proyectos de vida, promoviendo el acceso a oportunidades de formaci\u00f3n y empleo La Municipalidad de Chascom\u00fas, a trav\u00e9s del \u00e1rea de Desarrollo Productivo, comenz\u00f3 el martes 14 de abril una nueva edici\u00f3n del ciclo de encuentros \u201cHerramientas y habilidades para\u2026","rel":"","context":"En \u00abCHASCOM\u00daS\u00bb","block_context":{"text":"CHASCOM\u00daS","link":"https:\/\/larevistadigital.com.ar\/blog\/category\/chascomus\/"},"img":{"alt_text":"","src":"https:\/\/i0.wp.com\/larevistadigital.com.ar\/blog\/wp-content\/uploads\/69e26dcf4e833.png?fit=668%2C445&ssl=1&resize=350%2C200","width":350,"height":200,"srcset":"https:\/\/i0.wp.com\/larevistadigital.com.ar\/blog\/wp-content\/uploads\/69e26dcf4e833.png?fit=668%2C445&ssl=1&resize=350%2C200 1x, https:\/\/i0.wp.com\/larevistadigital.com.ar\/blog\/wp-content\/uploads\/69e26dcf4e833.png?fit=668%2C445&ssl=1&resize=525%2C300 1.5x"},"classes":[]},{"id":43642,"url":"https:\/\/larevistadigital.com.ar\/blog\/desarrollo-social-reunion-para-coordinar-acciones-del-programa-decision-ninez-en-chascomus\/","url_meta":{"origin":39833,"position":2},"title":"Desarrollo Social: Reuni\u00f3n para coordinar acciones del programa Decisi\u00f3n Ni\u00f1ez en Chascom\u00fas","author":"Alejandro Sosa Ruda","date":"29 enero, 2026","format":false,"excerpt":"En el encuentro se avanz\u00f3 en el trabajo conjunto para el fortalecimiento de pol\u00edticas p\u00fablicas orientadas a las infancias y adolescencias. 29 de enero de 2026 CHASCOM\u00daS\u00a0 -\u00a0 \u00a0 Autoridades municipales y representantes del Organismo Provincial de la Ni\u00f1ez y Adolescencia mantuvieron un encuentro para avanzar en la implementaci\u00f3n local\u2026","rel":"","context":"En \u00abCHASCOM\u00daS\u00bb","block_context":{"text":"CHASCOM\u00daS","link":"https:\/\/larevistadigital.com.ar\/blog\/category\/chascomus\/"},"img":{"alt_text":"","src":"https:\/\/i0.wp.com\/larevistadigital.com.ar\/blog\/wp-content\/uploads\/697b9908d0111.png?fit=668%2C445&ssl=1&resize=350%2C200","width":350,"height":200,"srcset":"https:\/\/i0.wp.com\/larevistadigital.com.ar\/blog\/wp-content\/uploads\/697b9908d0111.png?fit=668%2C445&ssl=1&resize=350%2C200 1x, https:\/\/i0.wp.com\/larevistadigital.com.ar\/blog\/wp-content\/uploads\/697b9908d0111.png?fit=668%2C445&ssl=1&resize=525%2C300 1.5x"},"classes":[]},{"id":44622,"url":"https:\/\/larevistadigital.com.ar\/blog\/chascomus-impulsa-el-primer-encuentro-regional-de-areas-de-genero\/","url_meta":{"origin":39833,"position":3},"title":"Chascom\u00fas impulsa el primer Encuentro Regional de \u00c1reas de G\u00e9nero","author":"Alejandro Sosa Ruda","date":"20 marzo, 2026","format":false,"excerpt":"La iniciativa busca fortalecer el trabajo articulado entre municipios para abordar las violencias por motivos de g\u00e9nero y construir herramientas conjuntas en el territorio. 20 de marzo de 2026 CHASCOM\u00daS -\u00a0 \u00a0La Direcci\u00f3n de Pol\u00edticas de G\u00e9nero de la Municipalidad de Chascom\u00fas trabaja en la organizaci\u00f3n del primer Encuentro Regional\u2026","rel":"","context":"En \u00abCHASCOM\u00daS\u00bb","block_context":{"text":"CHASCOM\u00daS","link":"https:\/\/larevistadigital.com.ar\/blog\/category\/chascomus\/"},"img":{"alt_text":"","src":"https:\/\/i0.wp.com\/larevistadigital.com.ar\/blog\/wp-content\/uploads\/69bc31463040d.png?fit=668%2C445&ssl=1&resize=350%2C200","width":350,"height":200,"srcset":"https:\/\/i0.wp.com\/larevistadigital.com.ar\/blog\/wp-content\/uploads\/69bc31463040d.png?fit=668%2C445&ssl=1&resize=350%2C200 1x, https:\/\/i0.wp.com\/larevistadigital.com.ar\/blog\/wp-content\/uploads\/69bc31463040d.png?fit=668%2C445&ssl=1&resize=525%2C300 1.5x"},"classes":[]},{"id":39497,"url":"https:\/\/larevistadigital.com.ar\/blog\/estudiantes-del-nivel-secundario-participaron-de-una-nueva-edicion-del-programa-lideres\/","url_meta":{"origin":39833,"position":4},"title":"Estudiantes del nivel secundario participaron de una nueva edici\u00f3n del programa \u201cL\u00edderes\u201d","author":"Alejandro Sosa Ruda","date":"23 abril, 2025","format":false,"excerpt":"En esta ocasi\u00f3n, la coordinaci\u00f3n est\u00e1 a cargo de los Operadores de Calle en conjunto con la Federaci\u00f3n de Estudiantes Secundarios (FES). 23 de Abril de 2025 CHASCOM\u00daS -\u00a0 Durante el martes y el mi\u00e9rcoles de esta semana, se llev\u00f3 a cabo una nueva edici\u00f3n del programa municipal \u201cL\u00edderes\u201d en\u2026","rel":"","context":"En \u00abCHASCOM\u00daS\u00bb","block_context":{"text":"CHASCOM\u00daS","link":"https:\/\/larevistadigital.com.ar\/blog\/category\/chascomus\/"},"img":{"alt_text":"","src":"https:\/\/i0.wp.com\/larevistadigital.com.ar\/blog\/wp-content\/uploads\/68092a4d365a9.png?fit=668%2C445&ssl=1&resize=350%2C200","width":350,"height":200,"srcset":"https:\/\/i0.wp.com\/larevistadigital.com.ar\/blog\/wp-content\/uploads\/68092a4d365a9.png?fit=668%2C445&ssl=1&resize=350%2C200 1x, https:\/\/i0.wp.com\/larevistadigital.com.ar\/blog\/wp-content\/uploads\/68092a4d365a9.png?fit=668%2C445&ssl=1&resize=525%2C300 1.5x"},"classes":[]},{"id":37414,"url":"https:\/\/larevistadigital.com.ar\/blog\/chascomus-cierre-del-programa-lideres-con-jovenes-de-escuelas-secundarias\/","url_meta":{"origin":39833,"position":5},"title":"Chascom\u00fas: Cierre del programa \u201cL\u00edderes\u201d con j\u00f3venes de escuelas secundarias","author":"Alejandro Sosa Ruda","date":"3 octubre, 2024","format":false,"excerpt":"M\u00e1s de 500 estudiantes participaron en jornadas de reflexi\u00f3n sobre el cuidado integral organizadas por la Municipalidad. 03 de Octubre de 2024 CHASCOM\u00daS -\u00a0 Esta semana concluy\u00f3 el ciclo del programa \"L\u00edderes\", una propuesta que busca promover la reflexi\u00f3n y el di\u00e1logo entre j\u00f3venes de tercer a\u00f1o de escuelas secundarias.\u2026","rel":"","context":"En \u00abCHASCOM\u00daS\u00bb","block_context":{"text":"CHASCOM\u00daS","link":"https:\/\/larevistadigital.com.ar\/blog\/category\/chascomus\/"},"img":{"alt_text":"","src":"https:\/\/i0.wp.com\/larevistadigital.com.ar\/blog\/wp-content\/uploads\/67003aa8ac655.png?fit=668%2C445&ssl=1&resize=350%2C200","width":350,"height":200,"srcset":"https:\/\/i0.wp.com\/larevistadigital.com.ar\/blog\/wp-content\/uploads\/67003aa8ac655.png?fit=668%2C445&ssl=1&resize=350%2C200 1x, https:\/\/i0.wp.com\/larevistadigital.com.ar\/blog\/wp-content\/uploads\/67003aa8ac655.png?fit=668%2C445&ssl=1&resize=525%2C300 1.5x"},"classes":[]}],"_links":{"self":[{"href":"https:\/\/larevistadigital.com.ar\/blog\/wp-json\/wp\/v2\/posts\/39833","targetHints":{"allow":["GET"]}}],"collection":[{"href":"https:\/\/larevistadigital.com.ar\/blog\/wp-json\/wp\/v2\/posts"}],"about":[{"href":"https:\/\/larevistadigital.com.ar\/blog\/wp-json\/wp\/v2\/types\/post"}],"author":[{"embeddable":true,"href":"https:\/\/larevistadigital.com.ar\/blog\/wp-json\/wp\/v2\/users\/3"}],"replies":[{"embeddable":true,"href":"https:\/\/larevistadigital.com.ar\/blog\/wp-json\/wp\/v2\/comments?post=39833"}],"version-history":[{"count":1,"href":"https:\/\/larevistadigital.com.ar\/blog\/wp-json\/wp\/v2\/posts\/39833\/revisions"}],"predecessor-version":[{"id":39835,"href":"https:\/\/larevistadigital.com.ar\/blog\/wp-json\/wp\/v2\/posts\/39833\/revisions\/39835"}],"wp:featuredmedia":[{"embeddable":true,"href":"https:\/\/larevistadigital.com.ar\/blog\/wp-json\/wp\/v2\/media\/39834"}],"wp:attachment":[{"href":"https:\/\/larevistadigital.com.ar\/blog\/wp-json\/wp\/v2\/media?parent=39833"}],"wp:term":[{"taxonomy":"category","embeddable":true,"href":"https:\/\/larevistadigital.com.ar\/blog\/wp-json\/wp\/v2\/categories?post=39833"},{"taxonomy":"post_tag","embeddable":true,"href":"https:\/\/larevistadigital.com.ar\/blog\/wp-json\/wp\/v2\/tags?post=39833"}],"curies":[{"name":"wp","href":"https:\/\/api.w.org\/{rel}","templated":true}]}}