{"id":39836,"date":"2025-05-21T22:54:59","date_gmt":"2025-05-22T01:54:59","guid":{"rendered":"https:\/\/larevistadigital.com.ar\/blog\/?p=39836"},"modified":"2025-05-21T22:54:59","modified_gmt":"2025-05-22T01:54:59","slug":"chascomus-avanza-la-regularizacion-dominial-de-viviendas-en-el-barrio-san-luis","status":"publish","type":"post","link":"https:\/\/larevistadigital.com.ar\/blog\/chascomus-avanza-la-regularizacion-dominial-de-viviendas-en-el-barrio-san-luis\/","title":{"rendered":"Chascom\u00fas: Avanza la regularizaci\u00f3n dominial de viviendas en el barrio San Luis"},"content":{"rendered":"<h2 class=\"excerpt\">El jueves y el viernes se realizar\u00e1 un relevamiento para escriturar los hogares de 91 familias.<\/h2>\n<p>21 de Mayo de 2025<\/p>\n<div id=\"miDiv1\" class=\"text\">\n<p><strong>CHASCOM\u00daS &#8211;<\/strong>\u00a0 Avanza la regularizaci\u00f3n dominial de viviendas en el barrio San Luis<\/p>\n<p>El jueves y el viernes se realizar\u00e1 un relevamiento para escriturar los hogares de 91 familias.<\/p>\n<blockquote>\n<h3>La Municipalidad de Chascom\u00fas, a trav\u00e9s de la Direcci\u00f3n de Pol\u00edticas del H\u00e1bitat, inici\u00f3 un nuevo proceso de regularizaci\u00f3n dominial en el barrio San Luis.<\/h3>\n<\/blockquote>\n<p>El objetivo es concretar con la escrituraci\u00f3n de viviendas correspondientes al Plan Federal, entregadas en 2008, que a\u00fan no hab\u00edan podido ser regularizadas debido a la falta de plano de mensura.<\/p>\n<blockquote>\n<h3>El trabajo se realiza en articulaci\u00f3n con el Instituto de la Vivienda de la Provincia de Buenos Aires e incluye un relevamiento territorial en cuatro manzanas del barrio en las que se encuentran emplazadas 91 viviendas cuyos ocupantes podr\u00e1n finalmente iniciar el tr\u00e1mite de escritura.<\/h3>\n<\/blockquote>\n<p>El relevamiento se llevar\u00e1 a cabo en dos jornadas, previstas para el 22 y 23 de mayo, durante las cuales se recopilar\u00e1n datos brindados por las familias residentes en cada inmueble.<\/p>\n<\/div>\n","protected":false},"excerpt":{"rendered":"<div class=\"mh-excerpt\"><p>El jueves y el viernes se realizar\u00e1 un relevamiento para escriturar los hogares de 91 familias. 21 de Mayo de 2025 CHASCOM\u00daS &#8211;\u00a0 Avanza la regularizaci\u00f3n dominial de viviendas en el barrio San Luis El <a class=\"mh-excerpt-more\" href=\"https:\/\/larevistadigital.com.ar\/blog\/chascomus-avanza-la-regularizacion-dominial-de-viviendas-en-el-barrio-san-luis\/\" title=\"Chascom\u00fas: Avanza la regularizaci\u00f3n dominial de viviendas en el barrio San Luis\">[Leer M\u00e1s]<\/a><\/p>\n<\/div>","protected":false},"author":3,"featured_media":39837,"comment_status":"open","ping_status":"open","sticky":false,"template":"","format":"standard","meta":{"_jetpack_memberships_contains_paid_content":false,"footnotes":"","jetpack_publicize_message":"","jetpack_publicize_feature_enabled":true,"jetpack_social_post_already_shared":true,"jetpack_social_options":{"image_generator_settings":{"template":"highway","default_image_id":0,"font":"","enabled":false},"version":2}},"categories":[6],"tags":[],"class_list":{"0":"post-39836","1":"post","2":"type-post","3":"status-publish","4":"format-standard","5":"has-post-thumbnail","7":"category-chascomus"},"jetpack_publicize_connections":[],"jetpack_featured_media_url":"https:\/\/i0.wp.com\/larevistadigital.com.ar\/blog\/wp-content\/uploads\/682e04898eda5.png?fit=668%2C445&ssl=1","jetpack_sharing_enabled":true,"jetpack_shortlink":"https:\/\/wp.me\/p8qtrQ-amw","jetpack-related-posts":[{"id":6572,"url":"https:\/\/larevistadigital.com.ar\/blog\/chascomus-plan-de-escrituracion-citan-a-vecinos\/","url_meta":{"origin":39836,"position":0},"title":"CHASCOM\u00daS: PLAN DE ESCRITURACI\u00d3N&#8230; CITAN A VECINOS","author":"Alejandro Sosa Ruda","date":"21 septiembre, 2018","format":false,"excerpt":"El diario EL Fuerte de Chascom\u00fas, publica que\u00a0n el marco del Plan de Escrituraci\u00f3n que se realiza en conjunto con el Instituto de la Vivienda de la Provincia de Buenos Aires, desde el \u00e1rea de Pol\u00edticas de H\u00e1bitat se cit\u00f3 por (3) tres d\u00edas a todas las personas que se\u2026","rel":"","context":"En \u00abCHASCOM\u00daS\u00bb","block_context":{"text":"CHASCOM\u00daS","link":"https:\/\/larevistadigital.com.ar\/blog\/category\/chascomus\/"},"img":{"alt_text":"","src":"https:\/\/i0.wp.com\/larevistadigital.com.ar\/blog\/wp-content\/uploads\/2018\/09\/Plan-Viviendas.jpg?fit=1200%2C536&ssl=1&resize=350%2C200","width":350,"height":200,"srcset":"https:\/\/i0.wp.com\/larevistadigital.com.ar\/blog\/wp-content\/uploads\/2018\/09\/Plan-Viviendas.jpg?fit=1200%2C536&ssl=1&resize=350%2C200 1x, https:\/\/i0.wp.com\/larevistadigital.com.ar\/blog\/wp-content\/uploads\/2018\/09\/Plan-Viviendas.jpg?fit=1200%2C536&ssl=1&resize=525%2C300 1.5x, https:\/\/i0.wp.com\/larevistadigital.com.ar\/blog\/wp-content\/uploads\/2018\/09\/Plan-Viviendas.jpg?fit=1200%2C536&ssl=1&resize=700%2C400 2x, https:\/\/i0.wp.com\/larevistadigital.com.ar\/blog\/wp-content\/uploads\/2018\/09\/Plan-Viviendas.jpg?fit=1200%2C536&ssl=1&resize=1050%2C600 3x"},"classes":[]},{"id":39775,"url":"https:\/\/larevistadigital.com.ar\/blog\/chascomus-relevamiento-para-regularizar-alojamientos-turisticos\/","url_meta":{"origin":39836,"position":1},"title":"Chascom\u00fas: Relevamiento para regularizar alojamientos tur\u00edsticos","author":"Alejandro Sosa Ruda","date":"16 mayo, 2025","format":false,"excerpt":"La Municipalidad de Chascom\u00fas inici\u00f3 esta semana un relevamiento destinado a regularizar los establecimientos y viviendas que funcionan como alojamientos tur\u00edsticos en la ciudad. 16 de Mayo de 2025 CHASCOM\u00daS -\u00a0 La medida, a cargo del \u00e1rea de Turismo y Producci\u00f3n municipal, se inici\u00f3 en el barrio Lomas Altas y\u2026","rel":"","context":"En \u00abCHASCOM\u00daS\u00bb","block_context":{"text":"CHASCOM\u00daS","link":"https:\/\/larevistadigital.com.ar\/blog\/category\/chascomus\/"},"img":{"alt_text":"","src":"https:\/\/i0.wp.com\/larevistadigital.com.ar\/blog\/wp-content\/uploads\/6826296230687.png?fit=668%2C445&ssl=1&resize=350%2C200","width":350,"height":200,"srcset":"https:\/\/i0.wp.com\/larevistadigital.com.ar\/blog\/wp-content\/uploads\/6826296230687.png?fit=668%2C445&ssl=1&resize=350%2C200 1x, https:\/\/i0.wp.com\/larevistadigital.com.ar\/blog\/wp-content\/uploads\/6826296230687.png?fit=668%2C445&ssl=1&resize=525%2C300 1.5x"},"classes":[]},{"id":40623,"url":"https:\/\/larevistadigital.com.ar\/blog\/familias-de-seis-municipios-bonaerenses-accedieron-al-titulo-de-sus-viviendas\/","url_meta":{"origin":39836,"position":2},"title":"Familias de seis municipios bonaerenses accedieron al t\u00edtulo de sus viviendas","author":"Alejandro Sosa Ruda","date":"26 julio, 2025","format":false,"excerpt":"La Provincia realiz\u00f3 entregas de escrituras en Azul, Monte, Exaltaci\u00f3n de la Cruz, Pergamino, Arrecifes y San Fernando. 26 de Julio de 2025 BUENOS AIRES -\u00a0 \u00a0El Ministerio de Desarrollo de la Comunidad, a trav\u00e9s de la Subsecretar\u00eda de H\u00e1bitat, durante los \u00faltimos d\u00edas complet\u00f3 una agenda de trabajo en\u2026","rel":"","context":"En \u00abPOLITICA PROVINCIAL\u00bb","block_context":{"text":"POLITICA PROVINCIAL","link":"https:\/\/larevistadigital.com.ar\/blog\/category\/politica\/politica-provincial\/"},"img":{"alt_text":"","src":"https:\/\/i0.wp.com\/larevistadigital.com.ar\/blog\/wp-content\/uploads\/8-min.jpg?fit=700%2C467&ssl=1&resize=350%2C200","width":350,"height":200,"srcset":"https:\/\/i0.wp.com\/larevistadigital.com.ar\/blog\/wp-content\/uploads\/8-min.jpg?fit=700%2C467&ssl=1&resize=350%2C200 1x, https:\/\/i0.wp.com\/larevistadigital.com.ar\/blog\/wp-content\/uploads\/8-min.jpg?fit=700%2C467&ssl=1&resize=525%2C300 1.5x, https:\/\/i0.wp.com\/larevistadigital.com.ar\/blog\/wp-content\/uploads\/8-min.jpg?fit=700%2C467&ssl=1&resize=700%2C400 2x"},"classes":[]},{"id":43528,"url":"https:\/\/larevistadigital.com.ar\/blog\/avanza-la-construccion-de-viviendas-en-el-barrio-30-de-mayo\/","url_meta":{"origin":39836,"position":3},"title":"Avanza la construcci\u00f3n de viviendas en el barrio 30 de Mayo","author":"Alejandro Sosa Ruda","date":"21 enero, 2026","format":false,"excerpt":"Avanza en Chascom\u00fas la construcci\u00f3n de 96 viviendas en los barrios 30 de Mayo y San Luis, una obra que busca dar respuesta a la creciente dificultad de acceso a la vivienda. 21 De enero de 2026 CHASCOM\u00daS\u00a0 -\u00a0 \u00a0La construcci\u00f3n de 96 nuevas viviendas avanza en Chascom\u00fas con trabajos\u2026","rel":"","context":"En \u00abDESTACADAS\u00bb","block_context":{"text":"DESTACADAS","link":"https:\/\/larevistadigital.com.ar\/blog\/category\/destacadas\/"},"img":{"alt_text":"","src":"https:\/\/i0.wp.com\/larevistadigital.com.ar\/blog\/wp-content\/uploads\/697106ac32062.png?fit=668%2C445&ssl=1&resize=350%2C200","width":350,"height":200,"srcset":"https:\/\/i0.wp.com\/larevistadigital.com.ar\/blog\/wp-content\/uploads\/697106ac32062.png?fit=668%2C445&ssl=1&resize=350%2C200 1x, https:\/\/i0.wp.com\/larevistadigital.com.ar\/blog\/wp-content\/uploads\/697106ac32062.png?fit=668%2C445&ssl=1&resize=525%2C300 1.5x"},"classes":[]},{"id":26732,"url":"https:\/\/larevistadigital.com.ar\/blog\/continua-la-ejecucion-de-veredas-comunitarias-en-el-barrio-san-luis\/","url_meta":{"origin":39836,"position":4},"title":"CONTIN\u00daA LA EJECUCI\u00d3N DE VEREDAS COMUNITARIAS EN EL BARRIO SAN LUIS","author":"Alejandro Sosa Ruda","date":"19 julio, 2022","format":false,"excerpt":"CHASCOM\u00daS -\u00a0 Ya se construyeron las correspondientes a cuatro manzanas y, en esta etapa, se trabaja en el tramo ubicado entre las calles R\u00edo Negro, Saturnino Justo, Ram\u00f3n Milani y Jos\u00e9 Castillo. En este sector se avanza con la nivelaci\u00f3n de suelos y la preparaci\u00f3n de la base para la\u2026","rel":"","context":"En \u00abCHASCOM\u00daS\u00bb","block_context":{"text":"CHASCOM\u00daS","link":"https:\/\/larevistadigital.com.ar\/blog\/category\/chascomus\/"},"img":{"alt_text":"","src":"https:\/\/i0.wp.com\/larevistadigital.com.ar\/blog\/wp-content\/uploads\/2022_07_20_01_00_50_4500081.jpg?fit=600%2C402&ssl=1&resize=350%2C200","width":350,"height":200,"srcset":"https:\/\/i0.wp.com\/larevistadigital.com.ar\/blog\/wp-content\/uploads\/2022_07_20_01_00_50_4500081.jpg?fit=600%2C402&ssl=1&resize=350%2C200 1x, https:\/\/i0.wp.com\/larevistadigital.com.ar\/blog\/wp-content\/uploads\/2022_07_20_01_00_50_4500081.jpg?fit=600%2C402&ssl=1&resize=525%2C300 1.5x"},"classes":[]},{"id":42775,"url":"https:\/\/larevistadigital.com.ar\/blog\/chascomus-inscripcion-para-el-centro-de-desarrollo-infantil-del-barrio-san-luis\/","url_meta":{"origin":39836,"position":5},"title":"Chascom\u00fas: Inscripci\u00f3n para el Centro de Desarrollo Infantil del barrio San Luis","author":"Alejandro Sosa Ruda","date":"5 diciembre, 2025","format":false,"excerpt":"El espacio municipal ofrece acompa\u00f1amiento integral para la primera infancia y apoyo a las familias. 05 de diciembre de 2025 CHASCOM\u00daS\u00a0 -\u00a0 \u00a0Hasta el 23 de diciembre permanece abierta la inscripci\u00f3n para el Centro de Desarrollo Infantil (CDI) del barrio San Luis, un espacio municipal destinado al cuidado y acompa\u00f1amiento\u2026","rel":"","context":"En \u00abCHASCOM\u00daS\u00bb","block_context":{"text":"CHASCOM\u00daS","link":"https:\/\/larevistadigital.com.ar\/blog\/category\/chascomus\/"},"img":{"alt_text":"","src":"https:\/\/i0.wp.com\/larevistadigital.com.ar\/blog\/wp-content\/uploads\/693316820d7f7.png?fit=668%2C445&ssl=1&resize=350%2C200","width":350,"height":200,"srcset":"https:\/\/i0.wp.com\/larevistadigital.com.ar\/blog\/wp-content\/uploads\/693316820d7f7.png?fit=668%2C445&ssl=1&resize=350%2C200 1x, https:\/\/i0.wp.com\/larevistadigital.com.ar\/blog\/wp-content\/uploads\/693316820d7f7.png?fit=668%2C445&ssl=1&resize=525%2C300 1.5x"},"classes":[]}],"_links":{"self":[{"href":"https:\/\/larevistadigital.com.ar\/blog\/wp-json\/wp\/v2\/posts\/39836","targetHints":{"allow":["GET"]}}],"collection":[{"href":"https:\/\/larevistadigital.com.ar\/blog\/wp-json\/wp\/v2\/posts"}],"about":[{"href":"https:\/\/larevistadigital.com.ar\/blog\/wp-json\/wp\/v2\/types\/post"}],"author":[{"embeddable":true,"href":"https:\/\/larevistadigital.com.ar\/blog\/wp-json\/wp\/v2\/users\/3"}],"replies":[{"embeddable":true,"href":"https:\/\/larevistadigital.com.ar\/blog\/wp-json\/wp\/v2\/comments?post=39836"}],"version-history":[{"count":1,"href":"https:\/\/larevistadigital.com.ar\/blog\/wp-json\/wp\/v2\/posts\/39836\/revisions"}],"predecessor-version":[{"id":39838,"href":"https:\/\/larevistadigital.com.ar\/blog\/wp-json\/wp\/v2\/posts\/39836\/revisions\/39838"}],"wp:featuredmedia":[{"embeddable":true,"href":"https:\/\/larevistadigital.com.ar\/blog\/wp-json\/wp\/v2\/media\/39837"}],"wp:attachment":[{"href":"https:\/\/larevistadigital.com.ar\/blog\/wp-json\/wp\/v2\/media?parent=39836"}],"wp:term":[{"taxonomy":"category","embeddable":true,"href":"https:\/\/larevistadigital.com.ar\/blog\/wp-json\/wp\/v2\/categories?post=39836"},{"taxonomy":"post_tag","embeddable":true,"href":"https:\/\/larevistadigital.com.ar\/blog\/wp-json\/wp\/v2\/tags?post=39836"}],"curies":[{"name":"wp","href":"https:\/\/api.w.org\/{rel}","templated":true}]}}