{"id":39842,"date":"2025-05-21T23:10:13","date_gmt":"2025-05-22T02:10:13","guid":{"rendered":"https:\/\/larevistadigital.com.ar\/blog\/?p=39842"},"modified":"2025-05-21T23:10:13","modified_gmt":"2025-05-22T02:10:13","slug":"intento-de-usurpacion-frustrado-en-mar-del-tuyu-cuatro-aprehendidos-tras-violento-intento-de-ingreso-a-una-vivienda","status":"publish","type":"post","link":"https:\/\/larevistadigital.com.ar\/blog\/intento-de-usurpacion-frustrado-en-mar-del-tuyu-cuatro-aprehendidos-tras-violento-intento-de-ingreso-a-una-vivienda\/","title":{"rendered":"Intento de usurpaci\u00f3n frustrado en Mar del Tuy\u00fa: cuatro aprehendidos tras violento intento de ingreso a una vivienda"},"content":{"rendered":"<h2 data-start=\"212\" data-end=\"410\"><strong data-start=\"212\" data-end=\"410\">La r\u00e1pida intervenci\u00f3n policial evit\u00f3 la ocupaci\u00f3n ilegal de la casa de un jubilado. Los implicados rompieron cerraduras y rejas para ingresar, pero fueron detenidos antes de concretar el hecho.<\/strong><\/h2>\n<p>21 de Mayo de 2025<\/p>\n<p data-start=\"412\" data-end=\"719\"><strong>CHASCOM\u00daS &#8211;\u00a0<\/strong> Un nuevo intento de usurpaci\u00f3n fue desarticulado en Mar del Tuy\u00fa gracias al accionar inmediato de la Polic\u00eda del Partido de La Costa. Cuatro personas \u2014tres hombres y una mujer\u2014 fueron aprehendidas cuando intentaban ingresar por la fuerza a una vivienda que pertenece a un jubilado residente en San Bernardo.<\/p>\n<blockquote>\n<h3 data-start=\"721\" data-end=\"1039\">Todo comenz\u00f3 con un llamado al 911 que alert\u00f3 sobre movimientos sospechosos en una casa ubicada en la intersecci\u00f3n de calle 54 y 11. Al arribar al lugar, los efectivos constataron que los sospechosos ya hab\u00edan violentado la cerradura de la puerta, da\u00f1ado las rejas de las ventanas y se dispon\u00edan a ocupar el domicilio.<\/h3>\n<\/blockquote>\n<p data-start=\"1041\" data-end=\"1381\">Al ser abordados por los agentes, los cuatro implicados \u2014de entre 23 y 39 a\u00f1os, todos domiciliados en el Partido de La Costa\u2014 intentaron justificar su presencia exhibiendo documentos que presuntamente los acreditaban como propietarios. Sin embargo, las inconsistencias en la informaci\u00f3n revelaron que se trataba de una maniobra fraudulenta.<\/p>\n<p data-start=\"1383\" data-end=\"1740\">Tras comprobar que la propiedad pertenece a un adulto mayor, la Polic\u00eda procedi\u00f3 a la aprehensi\u00f3n de los individuos por el delito de \u201cusurpaci\u00f3n en grado de tentativa\u201d. Adem\u00e1s, se secuestraron herramientas utilizadas para forzar el ingreso: un palo de golf, un corta fierro, una maza, un palo de madera, y la camioneta Toyota Hilux en la que se trasladaban.<\/p>\n<p data-start=\"1383\" data-end=\"1740\">El episodio vuelve a encender la alarma sobre los intentos de ocupaciones ilegales que afectan, en muchos casos, a adultos mayores que no residen de forma permanente en sus viviendas. El accionar r\u00e1pido de las fuerzas de seguridad logr\u00f3 evitar una situaci\u00f3n que, de no haberse contenido a tiempo, podr\u00eda haber derivado en un conflicto a\u00fan mayor.<\/p>\n<p data-start=\"1383\" data-end=\"1740\">Fuente e imagen: entrel\u00edneas.info<\/p>\n","protected":false},"excerpt":{"rendered":"<div class=\"mh-excerpt\"><p>La r\u00e1pida intervenci\u00f3n policial evit\u00f3 la ocupaci\u00f3n ilegal de la casa de un jubilado. Los implicados rompieron cerraduras y rejas para ingresar, pero fueron detenidos antes de concretar el hecho. 21 de Mayo de 2025 <a class=\"mh-excerpt-more\" href=\"https:\/\/larevistadigital.com.ar\/blog\/intento-de-usurpacion-frustrado-en-mar-del-tuyu-cuatro-aprehendidos-tras-violento-intento-de-ingreso-a-una-vivienda\/\" title=\"Intento de usurpaci\u00f3n frustrado en Mar del Tuy\u00fa: cuatro aprehendidos tras violento intento de ingreso a una vivienda\">[Leer M\u00e1s]<\/a><\/p>\n<\/div>","protected":false},"author":3,"featured_media":39843,"comment_status":"open","ping_status":"open","sticky":false,"template":"","format":"standard","meta":{"_jetpack_memberships_contains_paid_content":false,"footnotes":"","jetpack_publicize_message":"","jetpack_publicize_feature_enabled":true,"jetpack_social_post_already_shared":true,"jetpack_social_options":{"image_generator_settings":{"template":"highway","default_image_id":0,"font":"","enabled":false},"version":2}},"categories":[44,51],"tags":[],"class_list":{"0":"post-39842","1":"post","2":"type-post","3":"status-publish","4":"format-standard","5":"has-post-thumbnail","7":"category-policiales","8":"category-regionales"},"jetpack_publicize_connections":[],"jetpack_featured_media_url":"https:\/\/i0.wp.com\/larevistadigital.com.ar\/blog\/wp-content\/uploads\/e19f39704587bebfb39dcd6a4f26b235e964ad0a.jpg?fit=1140%2C701&ssl=1","jetpack_sharing_enabled":true,"jetpack_shortlink":"https:\/\/wp.me\/p8qtrQ-amC","jetpack-related-posts":[{"id":16411,"url":"https:\/\/larevistadigital.com.ar\/blog\/mar-del-plata-detienen-4-individuos-por-intento-de-usurpacion\/","url_meta":{"origin":39842,"position":0},"title":"MAR DEL PLATA: DETIENEN 4 INDIVIDUOS POR INTENTO DE USURPACI\u00d3N","author":"Alejandro Sosa Ruda","date":"18 septiembre, 2020","format":false,"excerpt":"Tienen entre 28 y 47 a\u00f1os. Se les form\u00f3 una causa penal en la fiscal\u00eda tem\u00e1tica, se los identific\u00f3 y recuperaron la libertad. MAR DEL PLATA - El aviso que dieron algunos vecinos del barrio San Jacinto al 911 tras notar la presencia de desconocidos en un lote deriv\u00f3 en\u2026","rel":"","context":"En \u00abPOLICIALES\u00bb","block_context":{"text":"POLICIALES","link":"https:\/\/larevistadigital.com.ar\/blog\/category\/policiales\/"},"img":{"alt_text":"","src":"https:\/\/i0.wp.com\/larevistadigital.com.ar\/blog\/wp-content\/uploads\/Screenshot_5-11.jpg?fit=1001%2C560&ssl=1&resize=350%2C200","width":350,"height":200,"srcset":"https:\/\/i0.wp.com\/larevistadigital.com.ar\/blog\/wp-content\/uploads\/Screenshot_5-11.jpg?fit=1001%2C560&ssl=1&resize=350%2C200 1x, https:\/\/i0.wp.com\/larevistadigital.com.ar\/blog\/wp-content\/uploads\/Screenshot_5-11.jpg?fit=1001%2C560&ssl=1&resize=525%2C300 1.5x, https:\/\/i0.wp.com\/larevistadigital.com.ar\/blog\/wp-content\/uploads\/Screenshot_5-11.jpg?fit=1001%2C560&ssl=1&resize=700%2C400 2x"},"classes":[]},{"id":40948,"url":"https:\/\/larevistadigital.com.ar\/blog\/detuvieron-a-dos-jovenes-acusados-de-robar-en-un-local-de-ropa-en-mar-del-tuyu\/","url_meta":{"origin":39842,"position":1},"title":"Detuvieron a dos j\u00f3venes acusados de robar en un local de ropa en Mar del Tuy\u00fa","author":"Alejandro Sosa Ruda","date":"18 agosto, 2025","format":false,"excerpt":"Un operativo conjunto entre la Polic\u00eda y la Patrulla Municipal permiti\u00f3 la aprehensi\u00f3n de los dos sujetos. 18 de Agosto de 2025 MAR DEL TUY\u00da -\u00a0 En las \u00faltimas horas, personal policial de Mar del Tuy\u00fa junto con agentes de la Patrulla Municipal logr\u00f3 detener a dos j\u00f3venes tras un\u2026","rel":"","context":"En \u00abSin categor\u00eda\u00bb","block_context":{"text":"Sin categor\u00eda","link":"https:\/\/larevistadigital.com.ar\/blog\/category\/sin-categoria\/"},"img":{"alt_text":"","src":"https:\/\/i0.wp.com\/larevistadigital.com.ar\/blog\/wp-content\/uploads\/Screenshot_1-121.jpg?fit=1007%2C565&ssl=1&resize=350%2C200","width":350,"height":200,"srcset":"https:\/\/i0.wp.com\/larevistadigital.com.ar\/blog\/wp-content\/uploads\/Screenshot_1-121.jpg?fit=1007%2C565&ssl=1&resize=350%2C200 1x, https:\/\/i0.wp.com\/larevistadigital.com.ar\/blog\/wp-content\/uploads\/Screenshot_1-121.jpg?fit=1007%2C565&ssl=1&resize=525%2C300 1.5x, https:\/\/i0.wp.com\/larevistadigital.com.ar\/blog\/wp-content\/uploads\/Screenshot_1-121.jpg?fit=1007%2C565&ssl=1&resize=700%2C400 2x"},"classes":[]},{"id":17413,"url":"https:\/\/larevistadigital.com.ar\/blog\/fm-por-siempre-informo-de-un-intento-de-usurpacion-el-dia-domingo-en-el-barrio-san-luis\/","url_meta":{"origin":39842,"position":2},"title":"FM POR SIEMPRE INFORM\u00d3 DE UN INTENTO DE USURPACI\u00d3N EL D\u00cdA DOMINGO EN EL BARRIO SAN LUIS","author":"Alejandro Sosa Ruda","date":"3 noviembre, 2020","format":false,"excerpt":"Sucedi\u00f3 en el Barrio San Luis, y el propietario de la vivienda habl\u00f3 con la FM por siempre 97.3, relatando c\u00f3mo se dieron los hechos y disturbios por la usurpaci\u00f3n de una casa. EL hombre, cont\u00f3 que durante la ma\u00f1ana del Domingo recibi\u00f3 un mensaje de la persona que ilegalmente\u2026","rel":"","context":"En \u00abINTERES GENERAL\u00bb","block_context":{"text":"INTERES GENERAL","link":"https:\/\/larevistadigital.com.ar\/blog\/category\/interes-general\/"},"img":{"alt_text":"","src":"https:\/\/i0.wp.com\/larevistadigital.com.ar\/blog\/wp-content\/uploads\/cierre-de-puertas-encadenadas-y-candados-candado-cadena-inglaterra-reino-unido-reino-unido-gb-gran-bretana-d7a50a.jpg?fit=1200%2C882&ssl=1&resize=350%2C200","width":350,"height":200,"srcset":"https:\/\/i0.wp.com\/larevistadigital.com.ar\/blog\/wp-content\/uploads\/cierre-de-puertas-encadenadas-y-candados-candado-cadena-inglaterra-reino-unido-reino-unido-gb-gran-bretana-d7a50a.jpg?fit=1200%2C882&ssl=1&resize=350%2C200 1x, https:\/\/i0.wp.com\/larevistadigital.com.ar\/blog\/wp-content\/uploads\/cierre-de-puertas-encadenadas-y-candados-candado-cadena-inglaterra-reino-unido-reino-unido-gb-gran-bretana-d7a50a.jpg?fit=1200%2C882&ssl=1&resize=525%2C300 1.5x, https:\/\/i0.wp.com\/larevistadigital.com.ar\/blog\/wp-content\/uploads\/cierre-de-puertas-encadenadas-y-candados-candado-cadena-inglaterra-reino-unido-reino-unido-gb-gran-bretana-d7a50a.jpg?fit=1200%2C882&ssl=1&resize=700%2C400 2x, https:\/\/i0.wp.com\/larevistadigital.com.ar\/blog\/wp-content\/uploads\/cierre-de-puertas-encadenadas-y-candados-candado-cadena-inglaterra-reino-unido-reino-unido-gb-gran-bretana-d7a50a.jpg?fit=1200%2C882&ssl=1&resize=1050%2C600 3x"},"classes":[]},{"id":45035,"url":"https:\/\/larevistadigital.com.ar\/blog\/horror-en-mar-de-ajo-asesinaron-a-una-mujer-de-88-anos-y-detuvieron-a-dos-sospechosos-cercanos\/","url_meta":{"origin":39842,"position":3},"title":"Horror en Mar de Aj\u00f3: asesinaron a una mujer de 88 a\u00f1os y detuvieron a dos sospechosos cercanos","author":"Alejandro Sosa Ruda","date":"10 abril, 2026","format":false,"excerpt":"La autopsia confirm\u00f3 que fue estrangulada. La investigaci\u00f3n apunta a un crimen para robar y expone la vulnerabilidad de adultos mayores que viven solos. 10 de abril de 2026 Mar de Aj\u00f3 .- BUENOS AIRES -\u00a0 \u00a0Un brutal crimen sacude a Mar de Aj\u00f3. Una mujer de 88 a\u00f1os fue\u2026","rel":"","context":"En \u00abPOLICIALES\u00bb","block_context":{"text":"POLICIALES","link":"https:\/\/larevistadigital.com.ar\/blog\/category\/policiales\/"},"img":{"alt_text":"","src":"https:\/\/i0.wp.com\/larevistadigital.com.ar\/blog\/wp-content\/uploads\/Captura-de-pantalla-2026-04-10-120447.jpg?fit=1007%2C468&ssl=1&resize=350%2C200","width":350,"height":200,"srcset":"https:\/\/i0.wp.com\/larevistadigital.com.ar\/blog\/wp-content\/uploads\/Captura-de-pantalla-2026-04-10-120447.jpg?fit=1007%2C468&ssl=1&resize=350%2C200 1x, https:\/\/i0.wp.com\/larevistadigital.com.ar\/blog\/wp-content\/uploads\/Captura-de-pantalla-2026-04-10-120447.jpg?fit=1007%2C468&ssl=1&resize=525%2C300 1.5x, https:\/\/i0.wp.com\/larevistadigital.com.ar\/blog\/wp-content\/uploads\/Captura-de-pantalla-2026-04-10-120447.jpg?fit=1007%2C468&ssl=1&resize=700%2C400 2x"},"classes":[]},{"id":38282,"url":"https:\/\/larevistadigital.com.ar\/blog\/brutal-entradera-en-la-plata-cuando-un-jubilado-salio-a-limpiar-la-vereda\/","url_meta":{"origin":39842,"position":4},"title":"Brutal entradera en La Plata, cuando un jubilado sali\u00f3 a limpiar la vereda","author":"Alejandro Sosa Ruda","date":"15 diciembre, 2024","format":false,"excerpt":"Un matrimonio de jubilados fue brutalmente asaltado en su casa de Tolosa. Los ladrones los golpearon, destrozaron la vivienda y huyeron con dinero. 15 de Diciembre de 2024 LA PLATA -\u00a0 Un violento asalto conmocion\u00f3 a La Plata cuando un grupo de delincuentes armados atac\u00f3 a un matrimonio de jubilados\u2026","rel":"","context":"En \u00abPOLICIALES\u00bb","block_context":{"text":"POLICIALES","link":"https:\/\/larevistadigital.com.ar\/blog\/category\/policiales\/"},"img":{"alt_text":"","src":"https:\/\/i0.wp.com\/larevistadigital.com.ar\/blog\/wp-content\/uploads\/Captura-de-pantalla-2024-12-15-192256.png?fit=708%2C357&ssl=1&resize=350%2C200","width":350,"height":200,"srcset":"https:\/\/i0.wp.com\/larevistadigital.com.ar\/blog\/wp-content\/uploads\/Captura-de-pantalla-2024-12-15-192256.png?fit=708%2C357&ssl=1&resize=350%2C200 1x, https:\/\/i0.wp.com\/larevistadigital.com.ar\/blog\/wp-content\/uploads\/Captura-de-pantalla-2024-12-15-192256.png?fit=708%2C357&ssl=1&resize=525%2C300 1.5x, https:\/\/i0.wp.com\/larevistadigital.com.ar\/blog\/wp-content\/uploads\/Captura-de-pantalla-2024-12-15-192256.png?fit=708%2C357&ssl=1&resize=700%2C400 2x"},"classes":[]},{"id":24552,"url":"https:\/\/larevistadigital.com.ar\/blog\/detienen-a-dos-hombres-acusados-de-amenazar-a-un-joven-y-tirotearle-la-casa\/","url_meta":{"origin":39842,"position":5},"title":"DETIENEN A DOS HOMBRES ACUSADOS DE AMENAZAR A UN JOVEN Y TIROTEARLE LA CASA","author":"Alejandro Sosa Ruda","date":"12 marzo, 2022","format":false,"excerpt":"Adem\u00e1s secuestraron veh\u00edculos, armas de fuego, plantas de marihuana y coca\u00edna. Los imputados, de 33 y 25 a\u00f1os, quedaron alojados en la Unidad Penal 44 de Bat\u00e1n. Dos hombres, de 33 y 25 a\u00f1os, fueron detenidos tras una serie de\u00a0allanamientos en el barrio Hip\u00f3dromo\u00a0acusados de haber amenazado de muerte a\u2026","rel":"","context":"En \u00abPOLICIALES\u00bb","block_context":{"text":"POLICIALES","link":"https:\/\/larevistadigital.com.ar\/blog\/category\/policiales\/"},"img":{"alt_text":"","src":"https:\/\/i0.wp.com\/larevistadigital.com.ar\/blog\/wp-content\/uploads\/Captura-de-pantalla-2022-03-12-181637.jpg?fit=1012%2C661&ssl=1&resize=350%2C200","width":350,"height":200,"srcset":"https:\/\/i0.wp.com\/larevistadigital.com.ar\/blog\/wp-content\/uploads\/Captura-de-pantalla-2022-03-12-181637.jpg?fit=1012%2C661&ssl=1&resize=350%2C200 1x, https:\/\/i0.wp.com\/larevistadigital.com.ar\/blog\/wp-content\/uploads\/Captura-de-pantalla-2022-03-12-181637.jpg?fit=1012%2C661&ssl=1&resize=525%2C300 1.5x, https:\/\/i0.wp.com\/larevistadigital.com.ar\/blog\/wp-content\/uploads\/Captura-de-pantalla-2022-03-12-181637.jpg?fit=1012%2C661&ssl=1&resize=700%2C400 2x"},"classes":[]}],"_links":{"self":[{"href":"https:\/\/larevistadigital.com.ar\/blog\/wp-json\/wp\/v2\/posts\/39842","targetHints":{"allow":["GET"]}}],"collection":[{"href":"https:\/\/larevistadigital.com.ar\/blog\/wp-json\/wp\/v2\/posts"}],"about":[{"href":"https:\/\/larevistadigital.com.ar\/blog\/wp-json\/wp\/v2\/types\/post"}],"author":[{"embeddable":true,"href":"https:\/\/larevistadigital.com.ar\/blog\/wp-json\/wp\/v2\/users\/3"}],"replies":[{"embeddable":true,"href":"https:\/\/larevistadigital.com.ar\/blog\/wp-json\/wp\/v2\/comments?post=39842"}],"version-history":[{"count":1,"href":"https:\/\/larevistadigital.com.ar\/blog\/wp-json\/wp\/v2\/posts\/39842\/revisions"}],"predecessor-version":[{"id":39844,"href":"https:\/\/larevistadigital.com.ar\/blog\/wp-json\/wp\/v2\/posts\/39842\/revisions\/39844"}],"wp:featuredmedia":[{"embeddable":true,"href":"https:\/\/larevistadigital.com.ar\/blog\/wp-json\/wp\/v2\/media\/39843"}],"wp:attachment":[{"href":"https:\/\/larevistadigital.com.ar\/blog\/wp-json\/wp\/v2\/media?parent=39842"}],"wp:term":[{"taxonomy":"category","embeddable":true,"href":"https:\/\/larevistadigital.com.ar\/blog\/wp-json\/wp\/v2\/categories?post=39842"},{"taxonomy":"post_tag","embeddable":true,"href":"https:\/\/larevistadigital.com.ar\/blog\/wp-json\/wp\/v2\/tags?post=39842"}],"curies":[{"name":"wp","href":"https:\/\/api.w.org\/{rel}","templated":true}]}}