{"id":39845,"date":"2025-05-21T23:18:33","date_gmt":"2025-05-22T02:18:33","guid":{"rendered":"https:\/\/larevistadigital.com.ar\/blog\/?p=39845"},"modified":"2025-05-21T23:18:33","modified_gmt":"2025-05-22T02:18:33","slug":"denuncias-por-violencia-laboral-y-de-genero-apartan-a-un-juez-del-tribunal-de-trabajo-de-mar-del-plata","status":"publish","type":"post","link":"https:\/\/larevistadigital.com.ar\/blog\/denuncias-por-violencia-laboral-y-de-genero-apartan-a-un-juez-del-tribunal-de-trabajo-de-mar-del-plata\/","title":{"rendered":"Denuncias por violencia laboral y de g\u00e9nero: apartan a un juez del Tribunal de Trabajo de Mar del Plata"},"content":{"rendered":"<p data-start=\"292\" data-end=\"487\"><strong data-start=\"292\" data-end=\"487\">La medida preventiva fue dispuesta contra Mariano Jos\u00e9 Riva, exfuncionario judicial de Dolores, tras una investigaci\u00f3n que expuso conductas sistem\u00e1ticas de maltrato hacia personal a su cargo.<\/strong><\/p>\n<p data-start=\"292\" data-end=\"487\">21 de Mayo de 2025<\/p>\n<p data-start=\"489\" data-end=\"741\"><strong>CHASCOM\u00daS &#8211;\u00a0<\/strong> El juez <strong>Mariano Jos\u00e9 Riva<\/strong>, integrante del Tribunal de Trabajo N\u00b0 4 de Mar del Plata y con trayectoria judicial en Dolores, fue apartado preventivamente de su cargo por decisi\u00f3n de la Justicia, en el marco de una causa por violencia laboral y de g\u00e9nero.<\/p>\n<p data-start=\"743\" data-end=\"1214\">La medida se tom\u00f3 luego de que la Asociaci\u00f3n Judicial Bonaerense (AJB) presentara en 2023 una denuncia en su contra por comportamientos reiterados de maltrato hacia trabajadores y trabajadoras del juzgado. Entre las pr\u00e1cticas denunciadas se incluyen traslados punitivos, descalificaciones personales, obstrucci\u00f3n de licencias y tr\u00e1mites sindicales, intromisi\u00f3n en la vida privada, actitudes violentas, y hasta sobrecarga laboral injustificada como forma de hostigamiento.<\/p>\n<p data-start=\"1216\" data-end=\"1587\">La Subsecretar\u00eda de Control Disciplinario del Poder Judicial consider\u00f3 que la gravedad de los hechos ameritaba una intervenci\u00f3n inmediata y gir\u00f3 el caso al Procurador General, quien finalmente elev\u00f3 una denuncia formal ante el Jurado de Enjuiciamiento. En la misma causa tambi\u00e9n fue mencionado el juez Alejandro Augusto Lerena, quien opt\u00f3 por renunciar tras la acusaci\u00f3n.<\/p>\n<p data-start=\"1589\" data-end=\"1850\">El apartamiento de Riva busca evitar la reiteraci\u00f3n de estas pr\u00e1cticas y garantizar el normal desarrollo de la investigaci\u00f3n. Se trata de un paso significativo en la b\u00fasqueda de entornos laborales judiciales libres de violencia, discriminaci\u00f3n y abuso de poder.<\/p>\n<h3 data-start=\"1852\" data-end=\"1892\"><span style=\"color: #ff0000\">Una se\u00f1al clara en el Poder Judicial<\/span><\/h3>\n<p data-start=\"1894\" data-end=\"2346\">El caso pone en evidencia que las estructuras de poder tambi\u00e9n pueden ser desafiadas cuando se trata de garantizar ambientes de trabajo saludables. La decisi\u00f3n de apartar a Riva marca un precedente dentro de un \u00e1mbito que hist\u00f3ricamente tendi\u00f3 a proteger a sus miembros por encima de las denuncias. Sin embargo, a\u00fan queda por ver si estas medidas preventivas se traducen en sanciones ejemplares y en un cambio cultural real dentro del sistema judicial.<\/p>\n","protected":false},"excerpt":{"rendered":"<div class=\"mh-excerpt\"><p>La medida preventiva fue dispuesta contra Mariano Jos\u00e9 Riva, exfuncionario judicial de Dolores, tras una investigaci\u00f3n que expuso conductas sistem\u00e1ticas de maltrato hacia personal a su cargo. 21 de Mayo de 2025 CHASCOM\u00daS &#8211;\u00a0 El <a class=\"mh-excerpt-more\" href=\"https:\/\/larevistadigital.com.ar\/blog\/denuncias-por-violencia-laboral-y-de-genero-apartan-a-un-juez-del-tribunal-de-trabajo-de-mar-del-plata\/\" title=\"Denuncias por violencia laboral y de g\u00e9nero: apartan a un juez del Tribunal de Trabajo de Mar del Plata\">[Leer M\u00e1s]<\/a><\/p>\n<\/div>","protected":false},"author":3,"featured_media":39846,"comment_status":"open","ping_status":"open","sticky":false,"template":"","format":"standard","meta":{"_jetpack_memberships_contains_paid_content":false,"footnotes":"","jetpack_publicize_message":"","jetpack_publicize_feature_enabled":true,"jetpack_social_post_already_shared":true,"jetpack_social_options":{"image_generator_settings":{"template":"highway","default_image_id":0,"font":"","enabled":false},"version":2}},"categories":[44,51],"tags":[],"class_list":{"0":"post-39845","1":"post","2":"type-post","3":"status-publish","4":"format-standard","5":"has-post-thumbnail","7":"category-policiales","8":"category-regionales"},"jetpack_publicize_connections":[],"jetpack_featured_media_url":"https:\/\/i0.wp.com\/larevistadigital.com.ar\/blog\/wp-content\/uploads\/65deca145c0f3c4574b489a03da53d1a828ba5eb.jpg?fit=1140%2C680&ssl=1","jetpack_sharing_enabled":true,"jetpack_shortlink":"https:\/\/wp.me\/p8qtrQ-amF","jetpack-related-posts":[{"id":42384,"url":"https:\/\/larevistadigital.com.ar\/blog\/suspenden-al-juez-mariano-riva-por-denuncias-de-violencia-laboral-y-de-genero\/","url_meta":{"origin":39845,"position":0},"title":"Suspenden al juez Mariano Riva por denuncias de violencia laboral y de g\u00e9nero","author":"Alejandro Sosa Ruda","date":"5 noviembre, 2025","format":false,"excerpt":"El magistrado, que hab\u00eda comenzado su carrera en los tribunales de Dolores, se desempe\u00f1a \u00a0Tribunal de Trabajo N\u00ba 4 de Mar del Plata. Adem\u00e1s, le embargaron el 40% de su salario mientras dure el proceso. 05 de Octubre de 2025 El Jurado de Enjuiciamiento de Magistrados y Funcionarios resolvi\u00f3 por\u2026","rel":"","context":"En \u00abREGIONALES\u00bb","block_context":{"text":"REGIONALES","link":"https:\/\/larevistadigital.com.ar\/blog\/category\/regionales\/"},"img":{"alt_text":"","src":"https:\/\/i0.wp.com\/larevistadigital.com.ar\/blog\/wp-content\/uploads\/65deca145c0f3c4574b489a03da53d1a828ba5eb-1.jpg?fit=1140%2C680&ssl=1&resize=350%2C200","width":350,"height":200,"srcset":"https:\/\/i0.wp.com\/larevistadigital.com.ar\/blog\/wp-content\/uploads\/65deca145c0f3c4574b489a03da53d1a828ba5eb-1.jpg?fit=1140%2C680&ssl=1&resize=350%2C200 1x, https:\/\/i0.wp.com\/larevistadigital.com.ar\/blog\/wp-content\/uploads\/65deca145c0f3c4574b489a03da53d1a828ba5eb-1.jpg?fit=1140%2C680&ssl=1&resize=525%2C300 1.5x, https:\/\/i0.wp.com\/larevistadigital.com.ar\/blog\/wp-content\/uploads\/65deca145c0f3c4574b489a03da53d1a828ba5eb-1.jpg?fit=1140%2C680&ssl=1&resize=700%2C400 2x, https:\/\/i0.wp.com\/larevistadigital.com.ar\/blog\/wp-content\/uploads\/65deca145c0f3c4574b489a03da53d1a828ba5eb-1.jpg?fit=1140%2C680&ssl=1&resize=1050%2C600 3x"},"classes":[]},{"id":26230,"url":"https:\/\/larevistadigital.com.ar\/blog\/denuncian-por-violencia-de-genero-al-titular-del-juzgado-de-familia-n3-de-varela\/","url_meta":{"origin":39845,"position":1},"title":"DENUNCIAN POR VIOLENCIA DE G\u00c9NERO AL TITULAR DEL JUZGADO DE FAMILIA N\u00b03 DE VARELA","author":"Alejandro Sosa Ruda","date":"30 junio, 2022","format":false,"excerpt":"En la sede de la Asociaci\u00f3n Judicial Bonaerense (AJB) de Quilmes, se realiz\u00f3 una conferencia de prensa donde las autoridades dieron a conocer la denuncia contra el Juez Gast\u00f3n Echeveste, titular del Juzgado de Familia N\u00b03 de Florencio Varela, por violencia de g\u00e9nero en el \u00e1mbito laboral contra trabajadoras de\u2026","rel":"","context":"En \u00abINTERES GENERAL\u00bb","block_context":{"text":"INTERES GENERAL","link":"https:\/\/larevistadigital.com.ar\/blog\/category\/interes-general\/"},"img":{"alt_text":"","src":"https:\/\/i0.wp.com\/larevistadigital.com.ar\/blog\/wp-content\/uploads\/20220630111515_denuncian-a-gaston-echeveste-titular-del-juzgado-de-familia-n3-de-florencio-varela.jpg?fit=880%2C512&ssl=1&resize=350%2C200","width":350,"height":200,"srcset":"https:\/\/i0.wp.com\/larevistadigital.com.ar\/blog\/wp-content\/uploads\/20220630111515_denuncian-a-gaston-echeveste-titular-del-juzgado-de-familia-n3-de-florencio-varela.jpg?fit=880%2C512&ssl=1&resize=350%2C200 1x, https:\/\/i0.wp.com\/larevistadigital.com.ar\/blog\/wp-content\/uploads\/20220630111515_denuncian-a-gaston-echeveste-titular-del-juzgado-de-familia-n3-de-florencio-varela.jpg?fit=880%2C512&ssl=1&resize=525%2C300 1.5x, https:\/\/i0.wp.com\/larevistadigital.com.ar\/blog\/wp-content\/uploads\/20220630111515_denuncian-a-gaston-echeveste-titular-del-juzgado-de-familia-n3-de-florencio-varela.jpg?fit=880%2C512&ssl=1&resize=700%2C400 2x"},"classes":[]},{"id":30542,"url":"https:\/\/larevistadigital.com.ar\/blog\/mar-chiquita-edil-denunciado-por-violencia-de-genero-sigue-asistiendo-al-concejo-deliberante\/","url_meta":{"origin":39845,"position":2},"title":"MAR CHIQUITA: EDIL DENUNCIADO POR VIOLENCIA DE G\u00c9NERO, SIGUE ASISTIENDO AL CONCEJO DELIBERANTE","author":"Alejandro Sosa Ruda","date":"12 marzo, 2023","format":false,"excerpt":"Se trata de Mariano Filippi, de Juntos por el Cambio, quien tras ausentarse en la apertura de sesiones ordinarias, concurri\u00f3 al recinto el pasado 8 de marzo, D\u00eda Internacional de la Mujer. 11 De Marzo de 2023 MAR CHIQUITA -\u00a0 El concejal de Juntos por el Cambio denunciado por violencia\u2026","rel":"","context":"En \u00abPOLITICA PROVINCIAL\u00bb","block_context":{"text":"POLITICA PROVINCIAL","link":"https:\/\/larevistadigital.com.ar\/blog\/category\/politica\/politica-provincial\/"},"img":{"alt_text":"","src":"https:\/\/i0.wp.com\/larevistadigital.com.ar\/blog\/wp-content\/uploads\/20230311130320_filipi.jpg?fit=880%2C512&ssl=1&resize=350%2C200","width":350,"height":200,"srcset":"https:\/\/i0.wp.com\/larevistadigital.com.ar\/blog\/wp-content\/uploads\/20230311130320_filipi.jpg?fit=880%2C512&ssl=1&resize=350%2C200 1x, https:\/\/i0.wp.com\/larevistadigital.com.ar\/blog\/wp-content\/uploads\/20230311130320_filipi.jpg?fit=880%2C512&ssl=1&resize=525%2C300 1.5x, https:\/\/i0.wp.com\/larevistadigital.com.ar\/blog\/wp-content\/uploads\/20230311130320_filipi.jpg?fit=880%2C512&ssl=1&resize=700%2C400 2x"},"classes":[]},{"id":38330,"url":"https:\/\/larevistadigital.com.ar\/blog\/procesan-a-juez-federal-de-mar-del-plata-por-el-robo-de-144-monedas-de-oro\/","url_meta":{"origin":39845,"position":3},"title":"Procesan a juez federal de Mar del Plata por el robo de 144 monedas de oro","author":"Alejandro Sosa Ruda","date":"18 diciembre, 2024","format":false,"excerpt":"El juez federal de Mar del Plata, Mart\u00edn Poderti, fue procesado recientemente bajo acusaciones de haber sustra\u00eddo 144 monedas de oro antiguo, que estaban bajo custodia judicial durante su tiempo en la Justicia de San Isidro. La resoluci\u00f3n fue dictada por el juez federal Emiliano Canicoba Corral, quien adem\u00e1s orden\u00f3\u2026","rel":"","context":"En \u00abINTERES GENERAL\u00bb","block_context":{"text":"INTERES GENERAL","link":"https:\/\/larevistadigital.com.ar\/blog\/category\/interes-general\/"},"img":{"alt_text":"","src":"https:\/\/i0.wp.com\/larevistadigital.com.ar\/blog\/wp-content\/uploads\/20241218154557_martin-poderti-juez.jpg?fit=880%2C512&ssl=1&resize=350%2C200","width":350,"height":200,"srcset":"https:\/\/i0.wp.com\/larevistadigital.com.ar\/blog\/wp-content\/uploads\/20241218154557_martin-poderti-juez.jpg?fit=880%2C512&ssl=1&resize=350%2C200 1x, https:\/\/i0.wp.com\/larevistadigital.com.ar\/blog\/wp-content\/uploads\/20241218154557_martin-poderti-juez.jpg?fit=880%2C512&ssl=1&resize=525%2C300 1.5x, https:\/\/i0.wp.com\/larevistadigital.com.ar\/blog\/wp-content\/uploads\/20241218154557_martin-poderti-juez.jpg?fit=880%2C512&ssl=1&resize=700%2C400 2x"},"classes":[]},{"id":37501,"url":"https:\/\/larevistadigital.com.ar\/blog\/tandil-ahorcan-a-una-mujer-en-un-hotel-alojamiento-hay-una-persona-detenida\/","url_meta":{"origin":39845,"position":4},"title":"TANDIL: Ahorcan a una mujer en un Hotel Alojamiento. Hay una persona detenida","author":"Alejandro Sosa Ruda","date":"13 octubre, 2024","format":false,"excerpt":"Monica Vedda, ori\u00fanda de Mar del Plata, fue hallada asesinada en un Hotel Alojamiento, su pareja de hace 4 a\u00f1os fue detenido por el hecho. 13 de Octubre de 2024 TANDIL -\u00a0 M\u00f3nica Marcela Vedda, de 54 a\u00f1os y oriunda de Mar del Plata, fue hallada sin vida esta madrugada\u2026","rel":"","context":"En \u00abPOLICIALES\u00bb","block_context":{"text":"POLICIALES","link":"https:\/\/larevistadigital.com.ar\/blog\/category\/policiales\/"},"img":{"alt_text":"","src":"https:\/\/i0.wp.com\/larevistadigital.com.ar\/blog\/wp-content\/uploads\/23ad98b4843689065c053ee487abe119df6eb2c0.jpg?fit=1140%2C855&ssl=1&resize=350%2C200","width":350,"height":200,"srcset":"https:\/\/i0.wp.com\/larevistadigital.com.ar\/blog\/wp-content\/uploads\/23ad98b4843689065c053ee487abe119df6eb2c0.jpg?fit=1140%2C855&ssl=1&resize=350%2C200 1x, https:\/\/i0.wp.com\/larevistadigital.com.ar\/blog\/wp-content\/uploads\/23ad98b4843689065c053ee487abe119df6eb2c0.jpg?fit=1140%2C855&ssl=1&resize=525%2C300 1.5x, https:\/\/i0.wp.com\/larevistadigital.com.ar\/blog\/wp-content\/uploads\/23ad98b4843689065c053ee487abe119df6eb2c0.jpg?fit=1140%2C855&ssl=1&resize=700%2C400 2x, https:\/\/i0.wp.com\/larevistadigital.com.ar\/blog\/wp-content\/uploads\/23ad98b4843689065c053ee487abe119df6eb2c0.jpg?fit=1140%2C855&ssl=1&resize=1050%2C600 3x"},"classes":[]},{"id":4780,"url":"https:\/\/larevistadigital.com.ar\/blog\/dolores-fallo-favor-jubilado-del-poder-judicial-dolores-relacion-al-impuesto-las-ganancias\/","url_meta":{"origin":39845,"position":5},"title":"DOLORES: OTRO FALLO A FAVOR DE UN JUBILADO DEL PODER JUDICIAL DE DOLORES EN RELACI\u00d3N AL IMPUESTO A LAS GANANCIAS","author":"Alejandro Sosa Ruda","date":"6 febrero, 2018","format":false,"excerpt":"Lo dict\u00f3 el Juez Federal de Dolores, considerando al igual que lo hiciera en agosto pasado, que los adicionales al \u201csalario b\u00e1sico\u201d deben ser excluidos al momento de efectuarse el c\u00e1lculo de retenci\u00f3n. El Juez Federal de Dolores, Dr. Alejo Ramos Padilla, hizo nuevamente lugar a un amparo presentado por\u2026","rel":"","context":"En \u00abDOLORES\u00bb","block_context":{"text":"DOLORES","link":"https:\/\/larevistadigital.com.ar\/blog\/category\/dolores\/"},"img":{"alt_text":"","src":"https:\/\/i0.wp.com\/larevistadigital.com.ar\/blog\/wp-content\/uploads\/2018\/02\/177078-maza.jpg?fit=1200%2C797&ssl=1&resize=350%2C200","width":350,"height":200,"srcset":"https:\/\/i0.wp.com\/larevistadigital.com.ar\/blog\/wp-content\/uploads\/2018\/02\/177078-maza.jpg?fit=1200%2C797&ssl=1&resize=350%2C200 1x, https:\/\/i0.wp.com\/larevistadigital.com.ar\/blog\/wp-content\/uploads\/2018\/02\/177078-maza.jpg?fit=1200%2C797&ssl=1&resize=525%2C300 1.5x, https:\/\/i0.wp.com\/larevistadigital.com.ar\/blog\/wp-content\/uploads\/2018\/02\/177078-maza.jpg?fit=1200%2C797&ssl=1&resize=700%2C400 2x, https:\/\/i0.wp.com\/larevistadigital.com.ar\/blog\/wp-content\/uploads\/2018\/02\/177078-maza.jpg?fit=1200%2C797&ssl=1&resize=1050%2C600 3x"},"classes":[]}],"_links":{"self":[{"href":"https:\/\/larevistadigital.com.ar\/blog\/wp-json\/wp\/v2\/posts\/39845","targetHints":{"allow":["GET"]}}],"collection":[{"href":"https:\/\/larevistadigital.com.ar\/blog\/wp-json\/wp\/v2\/posts"}],"about":[{"href":"https:\/\/larevistadigital.com.ar\/blog\/wp-json\/wp\/v2\/types\/post"}],"author":[{"embeddable":true,"href":"https:\/\/larevistadigital.com.ar\/blog\/wp-json\/wp\/v2\/users\/3"}],"replies":[{"embeddable":true,"href":"https:\/\/larevistadigital.com.ar\/blog\/wp-json\/wp\/v2\/comments?post=39845"}],"version-history":[{"count":1,"href":"https:\/\/larevistadigital.com.ar\/blog\/wp-json\/wp\/v2\/posts\/39845\/revisions"}],"predecessor-version":[{"id":39847,"href":"https:\/\/larevistadigital.com.ar\/blog\/wp-json\/wp\/v2\/posts\/39845\/revisions\/39847"}],"wp:featuredmedia":[{"embeddable":true,"href":"https:\/\/larevistadigital.com.ar\/blog\/wp-json\/wp\/v2\/media\/39846"}],"wp:attachment":[{"href":"https:\/\/larevistadigital.com.ar\/blog\/wp-json\/wp\/v2\/media?parent=39845"}],"wp:term":[{"taxonomy":"category","embeddable":true,"href":"https:\/\/larevistadigital.com.ar\/blog\/wp-json\/wp\/v2\/categories?post=39845"},{"taxonomy":"post_tag","embeddable":true,"href":"https:\/\/larevistadigital.com.ar\/blog\/wp-json\/wp\/v2\/tags?post=39845"}],"curies":[{"name":"wp","href":"https:\/\/api.w.org\/{rel}","templated":true}]}}