{"id":39848,"date":"2025-05-21T23:26:28","date_gmt":"2025-05-22T02:26:28","guid":{"rendered":"https:\/\/larevistadigital.com.ar\/blog\/?p=39848"},"modified":"2025-05-21T23:26:28","modified_gmt":"2025-05-22T02:26:28","slug":"la-plata-tragedia-dos-musicos-murieron-atropellados-y-el-conductor-huyo","status":"publish","type":"post","link":"https:\/\/larevistadigital.com.ar\/blog\/la-plata-tragedia-dos-musicos-murieron-atropellados-y-el-conductor-huyo\/","title":{"rendered":"La Plata: Tragedia. Dos m\u00fasicos murieron atropellados y el conductor huy\u00f3"},"content":{"rendered":"<p data-start=\"237\" data-end=\"407\"><strong data-start=\"237\" data-end=\"407\">El hecho ocurri\u00f3 cuando las v\u00edctimas llevaban una moto a tiro por la calle. Una camioneta los embisti\u00f3 y abandon\u00f3 la escena. La Justicia investiga a los responsables.<\/strong><\/p>\n<p data-start=\"237\" data-end=\"407\">21 de Mayo de 2025<\/p>\n<p data-start=\"409\" data-end=\"670\"><strong>LA PLATA &#8211;\u00a0<\/strong> Una noche que parec\u00eda tranquila en Melchor Romero termin\u00f3 convertida en tragedia: tres j\u00f3venes m\u00fasicos caminaban por la intersecci\u00f3n de las calles 520 y 161 llevando una moto a tiro, cuando una camioneta Ford Ranger los atropell\u00f3 brutalmente y se dio a la fuga.<\/p>\n<blockquote>\n<h3 data-start=\"672\" data-end=\"951\">Como resultado del impacto, Axel Germ\u00e1n Mart\u00ednez (31) y Franco Agust\u00edn Giampieri (33), ambos oriundos de Ensenada, murieron en el acto. El tercer joven, Esteban Omar Acosta (33), fue trasladado de urgencia al Hospital de Alejandro Korn, donde permanece internado en estado grave.<\/h3>\n<\/blockquote>\n<p data-start=\"953\" data-end=\"1222\">Seg\u00fan los testigos, tras la colisi\u00f3n al menos dos personas descendieron del veh\u00edculo, sacaron bolsas del interior y escaparon, abandonando la camioneta en el lugar. La Ford Ranger, seg\u00fan se supo, est\u00e1 registrada a nombre de una empresa con domicilio en Capital Federal.<\/p>\n<blockquote>\n<h3 data-start=\"1224\" data-end=\"1460\">La causa, caratulada como <em data-start=\"1250\" data-end=\"1297\">doble homicidio culposo y abandono de persona<\/em>, qued\u00f3 en manos del fiscal Fernando Padov\u00e1n (Fiscal\u00eda N\u00b0 12 de Delitos Culposos), mientras que la Comisar\u00eda 14\u00aa de Melchor Romero est\u00e1 a cargo de las actuaciones.<\/h3>\n<\/blockquote>\n<p data-start=\"1462\" data-end=\"1733\">Las v\u00edctimas eran conocidas en el ambiente musical local, y sus muertes causaron conmoci\u00f3n entre familiares, vecinos y colegas. En redes sociales, las muestras de dolor se multiplican, junto con el reclamo de justicia y el pedido urgente de captura para los responsables.<\/p>\n<p data-start=\"1462\" data-end=\"1733\">Cuando la m\u00fasica se apaga por la imprudencia y la cobard\u00eda, el dolor no solo golpea a los cercanos, sino a toda una comunidad. En tiempos donde el abandono tras un siniestro parece volverse rutina, urge reforzar la conciencia vial, la responsabilidad al volante y, sobre todo, que la Justicia act\u00fae sin demoras.<\/p>\n<p data-start=\"1462\" data-end=\"1733\">fuente e imagen: entrel\u00edneas.info<\/p>\n","protected":false},"excerpt":{"rendered":"<div class=\"mh-excerpt\"><p>El hecho ocurri\u00f3 cuando las v\u00edctimas llevaban una moto a tiro por la calle. Una camioneta los embisti\u00f3 y abandon\u00f3 la escena. La Justicia investiga a los responsables. 21 de Mayo de 2025 LA PLATA <a class=\"mh-excerpt-more\" href=\"https:\/\/larevistadigital.com.ar\/blog\/la-plata-tragedia-dos-musicos-murieron-atropellados-y-el-conductor-huyo\/\" title=\"La Plata: Tragedia. Dos m\u00fasicos murieron atropellados y el conductor huy\u00f3\">[Leer M\u00e1s]<\/a><\/p>\n<\/div>","protected":false},"author":3,"featured_media":39849,"comment_status":"open","ping_status":"open","sticky":false,"template":"","format":"standard","meta":{"_jetpack_memberships_contains_paid_content":false,"footnotes":"","jetpack_publicize_message":"","jetpack_publicize_feature_enabled":true,"jetpack_social_post_already_shared":true,"jetpack_social_options":{"image_generator_settings":{"template":"highway","default_image_id":0,"font":"","enabled":false},"version":2}},"categories":[44,51],"tags":[],"class_list":{"0":"post-39848","1":"post","2":"type-post","3":"status-publish","4":"format-standard","5":"has-post-thumbnail","7":"category-policiales","8":"category-regionales"},"jetpack_publicize_connections":[],"jetpack_featured_media_url":"https:\/\/i0.wp.com\/larevistadigital.com.ar\/blog\/wp-content\/uploads\/c03ab2a99b53ad5adb41257ad184575e38d1e491.png?fit=1140%2C644&ssl=1","jetpack_sharing_enabled":true,"jetpack_shortlink":"https:\/\/wp.me\/p8qtrQ-amI","jetpack-related-posts":[{"id":39088,"url":"https:\/\/larevistadigital.com.ar\/blog\/ruta-2-viajaban-cuatro-en-una-moto-chocaron-los-atropellaron-y-murieron\/","url_meta":{"origin":39848,"position":0},"title":"Ruta 2: viajaban cuatro en una moto, chocaron, los atropellaron y murieron","author":"Alejandro Sosa Ruda","date":"22 marzo, 2025","format":false,"excerpt":"El accidente ocurri\u00f3 en la madrugada del s\u00e1bado en La Plata. La moto ten\u00eda pedido de captura por hurto en Lan\u00fas. Chocaron contra un cami\u00f3n y una camioneta los embisti\u00f3. 22 de Marzo de 2025 BUENOS AIRES -\u00a0 Un impactante accidente ocurrido en la madrugada del s\u00e1bado en la Ruta\u2026","rel":"","context":"En \u00abPOLICIALES\u00bb","block_context":{"text":"POLICIALES","link":"https:\/\/larevistadigital.com.ar\/blog\/category\/policiales\/"},"img":{"alt_text":"","src":"https:\/\/i0.wp.com\/larevistadigital.com.ar\/blog\/wp-content\/uploads\/Captura-de-pantalla-2025-03-22-171915.jpg?fit=614%2C407&ssl=1&resize=350%2C200","width":350,"height":200,"srcset":"https:\/\/i0.wp.com\/larevistadigital.com.ar\/blog\/wp-content\/uploads\/Captura-de-pantalla-2025-03-22-171915.jpg?fit=614%2C407&ssl=1&resize=350%2C200 1x, https:\/\/i0.wp.com\/larevistadigital.com.ar\/blog\/wp-content\/uploads\/Captura-de-pantalla-2025-03-22-171915.jpg?fit=614%2C407&ssl=1&resize=525%2C300 1.5x"},"classes":[]},{"id":44504,"url":"https:\/\/larevistadigital.com.ar\/blog\/tragedia-en-la-ruta-11-dos-personas-murieron-tras-un-violento-siniestro-en-moto\/","url_meta":{"origin":39848,"position":1},"title":"Tragedia en la Ruta 11: dos personas murieron tras un violento siniestro en moto","author":"Alejandro Sosa Ruda","date":"15 marzo, 2026","format":false,"excerpt":"Las v\u00edctimas circulaban desde Mar del Plata hacia Santa Clara del Mar cuando la motocicleta termin\u00f3 sobre el cantero central y choc\u00f3 contra un poste de iluminaci\u00f3n. 15 de marzo de 2026 Dos personas murieron este s\u00e1bado al mediod\u00eda tras un violento siniestro vial ocurrido en la Ruta 11, a\u2026","rel":"","context":"En \u00abPOLICIALES\u00bb","block_context":{"text":"POLICIALES","link":"https:\/\/larevistadigital.com.ar\/blog\/category\/policiales\/"},"img":{"alt_text":"","src":"https:\/\/i0.wp.com\/larevistadigital.com.ar\/blog\/wp-content\/uploads\/Captura-de-pantalla-2026-03-15-010820.jpg?fit=744%2C326&ssl=1&resize=350%2C200","width":350,"height":200,"srcset":"https:\/\/i0.wp.com\/larevistadigital.com.ar\/blog\/wp-content\/uploads\/Captura-de-pantalla-2026-03-15-010820.jpg?fit=744%2C326&ssl=1&resize=350%2C200 1x, https:\/\/i0.wp.com\/larevistadigital.com.ar\/blog\/wp-content\/uploads\/Captura-de-pantalla-2026-03-15-010820.jpg?fit=744%2C326&ssl=1&resize=525%2C300 1.5x, https:\/\/i0.wp.com\/larevistadigital.com.ar\/blog\/wp-content\/uploads\/Captura-de-pantalla-2026-03-15-010820.jpg?fit=744%2C326&ssl=1&resize=700%2C400 2x"},"classes":[]},{"id":18604,"url":"https:\/\/larevistadigital.com.ar\/blog\/mar-del-plata-asesinan-de-un-tiro-en-la-cabeza-a-musico-cuando-bajaba-de-su-camioneta\/","url_meta":{"origin":39848,"position":2},"title":"MAR DEL PLATA: ASESINAN DE UN TIRO EN LA CABEZA A MUSICO CUANDO BAJABA DE SU CAMIONETA","author":"Alejandro Sosa Ruda","date":"14 enero, 2021","format":false,"excerpt":"Se trata de un hombre de 58 a\u00f1os que fue herido de un disparo en Gasc\u00f3n y Jujuy. Se desconocen las circunstancias del ataque y en un principio no se descarta la hip\u00f3tesis de un intento de robo. MAR DEL PLATA - Un m\u00fasico de 58 a\u00f1os oriundo de la\u2026","rel":"","context":"En \u00abPOLICIALES\u00bb","block_context":{"text":"POLICIALES","link":"https:\/\/larevistadigital.com.ar\/blog\/category\/policiales\/"},"img":{"alt_text":"","src":"https:\/\/i0.wp.com\/larevistadigital.com.ar\/blog\/wp-content\/uploads\/Screenshot_1-195.jpg?fit=1014%2C591&ssl=1&resize=350%2C200","width":350,"height":200,"srcset":"https:\/\/i0.wp.com\/larevistadigital.com.ar\/blog\/wp-content\/uploads\/Screenshot_1-195.jpg?fit=1014%2C591&ssl=1&resize=350%2C200 1x, https:\/\/i0.wp.com\/larevistadigital.com.ar\/blog\/wp-content\/uploads\/Screenshot_1-195.jpg?fit=1014%2C591&ssl=1&resize=525%2C300 1.5x, https:\/\/i0.wp.com\/larevistadigital.com.ar\/blog\/wp-content\/uploads\/Screenshot_1-195.jpg?fit=1014%2C591&ssl=1&resize=700%2C400 2x"},"classes":[]},{"id":41719,"url":"https:\/\/larevistadigital.com.ar\/blog\/tragedia-en-la-plata-un-joven-perdio-la-vida-tras-chocar-en-moto-contra-un-camion\/","url_meta":{"origin":39848,"position":3},"title":"Tragedia en La Plata: un joven perdi\u00f3 la vida tras chocar en moto contra un cami\u00f3n","author":"Alejandro Sosa Ruda","date":"3 octubre, 2025","format":false,"excerpt":"El accidente ocurri\u00f3 en la localidad de Etcheverry, en el cruce de la Ruta 215 y calle 238. La v\u00edctima ten\u00eda 21 a\u00f1os. En lo que va del a\u00f1o, ya murieron m\u00e1s de 60 personas en siniestros viales en la regi\u00f3n. 03 de octubre de 2025 LA PLATA -\u00a0 \u00a0Un\u2026","rel":"","context":"En \u00abPOLICIALES\u00bb","block_context":{"text":"POLICIALES","link":"https:\/\/larevistadigital.com.ar\/blog\/category\/policiales\/"},"img":{"alt_text":"","src":"https:\/\/i0.wp.com\/larevistadigital.com.ar\/blog\/wp-content\/uploads\/Captura-de-pantalla-2025-10-03-133433.jpg?fit=868%2C426&ssl=1&resize=350%2C200","width":350,"height":200,"srcset":"https:\/\/i0.wp.com\/larevistadigital.com.ar\/blog\/wp-content\/uploads\/Captura-de-pantalla-2025-10-03-133433.jpg?fit=868%2C426&ssl=1&resize=350%2C200 1x, https:\/\/i0.wp.com\/larevistadigital.com.ar\/blog\/wp-content\/uploads\/Captura-de-pantalla-2025-10-03-133433.jpg?fit=868%2C426&ssl=1&resize=525%2C300 1.5x, https:\/\/i0.wp.com\/larevistadigital.com.ar\/blog\/wp-content\/uploads\/Captura-de-pantalla-2025-10-03-133433.jpg?fit=868%2C426&ssl=1&resize=700%2C400 2x"},"classes":[]},{"id":25154,"url":"https:\/\/larevistadigital.com.ar\/blog\/choque-frontal-en-la-ruta-11-dos-muertos\/","url_meta":{"origin":39848,"position":4},"title":"CHOQUE FRONTAL EN LA RUTA 11: DOS MUERTOS","author":"Alejandro Sosa Ruda","date":"18 abril, 2022","format":false,"excerpt":"Ocurri\u00f3 este lunes alrededor de las 17. Las v\u00edctimas fatales son un hombre y una mujer que viajaban en un Volkswagen Gol que colision\u00f3 con una camioneta Jeep. Adem\u00e1s, hay otra persona gravemente herida. Dos personas muertas y otras dos heridas\u00a0fue el saldo que dej\u00f3 un\u00a0choque frontal\u00a0este lunes a la\u2026","rel":"","context":"En \u00abINTERES GENERAL\u00bb","block_context":{"text":"INTERES GENERAL","link":"https:\/\/larevistadigital.com.ar\/blog\/category\/interes-general\/"},"img":{"alt_text":"","src":"https:\/\/i0.wp.com\/larevistadigital.com.ar\/blog\/wp-content\/uploads\/Captura-41.png?fit=908%2C491&ssl=1&resize=350%2C200","width":350,"height":200,"srcset":"https:\/\/i0.wp.com\/larevistadigital.com.ar\/blog\/wp-content\/uploads\/Captura-41.png?fit=908%2C491&ssl=1&resize=350%2C200 1x, https:\/\/i0.wp.com\/larevistadigital.com.ar\/blog\/wp-content\/uploads\/Captura-41.png?fit=908%2C491&ssl=1&resize=525%2C300 1.5x, https:\/\/i0.wp.com\/larevistadigital.com.ar\/blog\/wp-content\/uploads\/Captura-41.png?fit=908%2C491&ssl=1&resize=700%2C400 2x"},"classes":[]},{"id":28329,"url":"https:\/\/larevistadigital.com.ar\/blog\/chascomus-tragedia-en-la-costanera-una-criatura-de-3-anos-fue-atropellada-por-una-camioneta-y-fallecio-en-el-hospital\/","url_meta":{"origin":39848,"position":5},"title":"CHASCOM\u00daS: TRAGEDIA EN LA COSTANERA. UNA CRIATURA DE 3 A\u00d1OS FUE ATROPELLADA POR UNA CAMIONETA  Y FALLECI\u00d3 EN EL HOSPITAL.","author":"Alejandro Sosa Ruda","date":"10 octubre, 2022","format":false,"excerpt":"La nena estaba con sus padres y aparentemente se apart\u00f3 cruz\u00e1ndose fatalmente frente a una camioneta que nada pudo hacer para esquivarla... CHASCOM\u00daS -\u00a0\u00a0El desgraciado episodio ocurri\u00f3 aproximadamente a las 11 hs. de este lunes, en la Costanera de la ciudad, cuando una familia estaba cargando su camioneta para retornar\u2026","rel":"","context":"En \u00abDESTACADAS\u00bb","block_context":{"text":"DESTACADAS","link":"https:\/\/larevistadigital.com.ar\/blog\/category\/destacadas\/"},"img":{"alt_text":"","src":"https:\/\/i0.wp.com\/larevistadigital.com.ar\/blog\/wp-content\/uploads\/ACCIDENTE-COSTANERA.jpg?fit=1062%2C704&ssl=1&resize=350%2C200","width":350,"height":200,"srcset":"https:\/\/i0.wp.com\/larevistadigital.com.ar\/blog\/wp-content\/uploads\/ACCIDENTE-COSTANERA.jpg?fit=1062%2C704&ssl=1&resize=350%2C200 1x, https:\/\/i0.wp.com\/larevistadigital.com.ar\/blog\/wp-content\/uploads\/ACCIDENTE-COSTANERA.jpg?fit=1062%2C704&ssl=1&resize=525%2C300 1.5x, https:\/\/i0.wp.com\/larevistadigital.com.ar\/blog\/wp-content\/uploads\/ACCIDENTE-COSTANERA.jpg?fit=1062%2C704&ssl=1&resize=700%2C400 2x, https:\/\/i0.wp.com\/larevistadigital.com.ar\/blog\/wp-content\/uploads\/ACCIDENTE-COSTANERA.jpg?fit=1062%2C704&ssl=1&resize=1050%2C600 3x"},"classes":[]}],"_links":{"self":[{"href":"https:\/\/larevistadigital.com.ar\/blog\/wp-json\/wp\/v2\/posts\/39848","targetHints":{"allow":["GET"]}}],"collection":[{"href":"https:\/\/larevistadigital.com.ar\/blog\/wp-json\/wp\/v2\/posts"}],"about":[{"href":"https:\/\/larevistadigital.com.ar\/blog\/wp-json\/wp\/v2\/types\/post"}],"author":[{"embeddable":true,"href":"https:\/\/larevistadigital.com.ar\/blog\/wp-json\/wp\/v2\/users\/3"}],"replies":[{"embeddable":true,"href":"https:\/\/larevistadigital.com.ar\/blog\/wp-json\/wp\/v2\/comments?post=39848"}],"version-history":[{"count":1,"href":"https:\/\/larevistadigital.com.ar\/blog\/wp-json\/wp\/v2\/posts\/39848\/revisions"}],"predecessor-version":[{"id":39850,"href":"https:\/\/larevistadigital.com.ar\/blog\/wp-json\/wp\/v2\/posts\/39848\/revisions\/39850"}],"wp:featuredmedia":[{"embeddable":true,"href":"https:\/\/larevistadigital.com.ar\/blog\/wp-json\/wp\/v2\/media\/39849"}],"wp:attachment":[{"href":"https:\/\/larevistadigital.com.ar\/blog\/wp-json\/wp\/v2\/media?parent=39848"}],"wp:term":[{"taxonomy":"category","embeddable":true,"href":"https:\/\/larevistadigital.com.ar\/blog\/wp-json\/wp\/v2\/categories?post=39848"},{"taxonomy":"post_tag","embeddable":true,"href":"https:\/\/larevistadigital.com.ar\/blog\/wp-json\/wp\/v2\/tags?post=39848"}],"curies":[{"name":"wp","href":"https:\/\/api.w.org\/{rel}","templated":true}]}}