{"id":39851,"date":"2025-05-21T23:49:16","date_gmt":"2025-05-22T02:49:16","guid":{"rendered":"https:\/\/larevistadigital.com.ar\/blog\/?p=39851"},"modified":"2025-05-21T23:49:16","modified_gmt":"2025-05-22T02:49:16","slug":"tragedia-en-la-autovia-2-dos-marplatenses-fallecieron-tras-despiste-y-vuelco","status":"publish","type":"post","link":"https:\/\/larevistadigital.com.ar\/blog\/tragedia-en-la-autovia-2-dos-marplatenses-fallecieron-tras-despiste-y-vuelco\/","title":{"rendered":"Tragedia en la Autov\u00eda 2: dos marplatenses fallecieron tras despiste y vuelco"},"content":{"rendered":"<p data-start=\"232\" data-end=\"437\"><strong data-start=\"232\" data-end=\"437\">Las v\u00edctimas, un hombre de 69 a\u00f1os y una mujer de 75, perdieron la vida al volcar el veh\u00edculo en el que viajaban. El accidente ocurri\u00f3 a la altura de Las Armas, en una banquina anegada por las lluvias.<\/strong><\/p>\n<p data-start=\"232\" data-end=\"437\">21 de Mayo de 2025<\/p>\n<p data-start=\"439\" data-end=\"807\"><strong>BUENOS AIRES &#8211;<\/strong>\u00a0 Un nuevo siniestro vial enluta las rutas de la provincia de Buenos Aires. Este mi\u00e9rcoles por la tarde, un matrimonio oriundo de Mar del Plata falleci\u00f3 luego de que el veh\u00edculo en el que se trasladaban por la Autov\u00eda 2 se despistara y volcara violentamente. El hecho ocurri\u00f3 pasadas las 15:30 a la altura del kil\u00f3metro 292, en jurisdicci\u00f3n de la localidad de Las Armas.<\/p>\n<blockquote>\n<h3 data-start=\"809\" data-end=\"1117\">Las v\u00edctimas fueron identificadas como Ra\u00fal Ludue\u00f1a, de 69 a\u00f1os, y Marta Molina, de 75. Viajaban a bordo de un Peugeot 308 cuando, por motivos que a\u00fan se investigan \u2014aunque no se descarta la influencia del pavimento resbaladizo\u2014 el auto se desvi\u00f3 hacia la banquina central, anegada por las recientes lluvias.<\/h3>\n<\/blockquote>\n<p data-start=\"1119\" data-end=\"1341\">La velocidad habr\u00eda jugado un papel determinante: el veh\u00edculo dio varios tumbos antes de quedar volcado con las ruedas hacia arriba. La escena fue advertida por otros automovilistas, quienes dieron aviso a las autoridades.<\/p>\n<blockquote>\n<h3 data-start=\"1343\" data-end=\"1588\">R\u00e1pidamente, se hicieron presentes en el lugar efectivos de la Polic\u00eda Vial, Bomberos del destacamento local y personal de salud de la sala de primeros auxilios de Las Armas. Sin embargo, nada pudo hacerse para salvar a los ocupantes del rodado.<\/h3>\n<\/blockquote>\n<h3 data-start=\"1590\" data-end=\"1655\"><span style=\"color: #ff0000\">Una vez m\u00e1s, el clima y la velocidad: factores que se repiten<\/span><\/h3>\n<p data-start=\"1657\" data-end=\"2057\">Esta tragedia se suma a una larga lista de incidentes similares en rutas bonaerenses, donde las condiciones del tiempo y el estado de las banquinas \u2014combinadas con velocidades altas\u2014 suelen ser una f\u00f3rmula letal. A medida que se avanza en la investigaci\u00f3n, surgen las preguntas inevitables sobre las condiciones de seguridad en la traza y la necesidad de reforzar la prevenci\u00f3n en jornadas de lluvia.<\/p>\n<p data-start=\"2059\" data-end=\"2288\">En un contexto en el que los siniestros viales no dan tregua, resulta urgente seguir apelando a la conciencia ciudadana, la inversi\u00f3n estatal y el mantenimiento adecuado de las rutas. Cada vida perdida es una llamada de atenci\u00f3n.<\/p>\n","protected":false},"excerpt":{"rendered":"<div class=\"mh-excerpt\"><p>Las v\u00edctimas, un hombre de 69 a\u00f1os y una mujer de 75, perdieron la vida al volcar el veh\u00edculo en el que viajaban. El accidente ocurri\u00f3 a la altura de Las Armas, en una banquina <a class=\"mh-excerpt-more\" href=\"https:\/\/larevistadigital.com.ar\/blog\/tragedia-en-la-autovia-2-dos-marplatenses-fallecieron-tras-despiste-y-vuelco\/\" title=\"Tragedia en la Autov\u00eda 2: dos marplatenses fallecieron tras despiste y vuelco\">[Leer M\u00e1s]<\/a><\/p>\n<\/div>","protected":false},"author":3,"featured_media":39852,"comment_status":"open","ping_status":"open","sticky":false,"template":"","format":"standard","meta":{"_jetpack_memberships_contains_paid_content":false,"footnotes":"","jetpack_publicize_message":"","jetpack_publicize_feature_enabled":true,"jetpack_social_post_already_shared":true,"jetpack_social_options":{"image_generator_settings":{"template":"highway","default_image_id":0,"font":"","enabled":false},"version":2}},"categories":[44,51],"tags":[],"class_list":{"0":"post-39851","1":"post","2":"type-post","3":"status-publish","4":"format-standard","5":"has-post-thumbnail","7":"category-policiales","8":"category-regionales"},"jetpack_publicize_connections":[],"jetpack_featured_media_url":"https:\/\/i0.wp.com\/larevistadigital.com.ar\/blog\/wp-content\/uploads\/Captura-de-pantalla-2025-05-21-234404.jpg?fit=784%2C478&ssl=1","jetpack_sharing_enabled":true,"jetpack_shortlink":"https:\/\/wp.me\/p8qtrQ-amL","jetpack-related-posts":[{"id":44500,"url":"https:\/\/larevistadigital.com.ar\/blog\/quiso-evitar-un-choque-y-termino-con-el-auto-en-la-cuneta-de-la-autovia-2\/","url_meta":{"origin":39851,"position":0},"title":"Quiso evitar un choque y termin\u00f3 con el auto en la cuneta de la Autov\u00eda 2","author":"Alejandro Sosa Ruda","date":"15 marzo, 2026","format":false,"excerpt":"El siniestro ocurri\u00f3 en el carril hacia Buenos Aires, a la altura del Aeropuerto Internacional Astor Piazzolla. La conductora no sufri\u00f3 heridas. 15 de marzo de 2026 Un accidente de tr\u00e1nsito se registr\u00f3 en las \u00faltimas horas en la Autov\u00eda 2, en el carril con direcci\u00f3n a Buenos Aires, a\u2026","rel":"","context":"En \u00abPOLICIALES\u00bb","block_context":{"text":"POLICIALES","link":"https:\/\/larevistadigital.com.ar\/blog\/category\/policiales\/"},"img":{"alt_text":"","src":"https:\/\/i0.wp.com\/larevistadigital.com.ar\/blog\/wp-content\/uploads\/Captura-de-pantalla-2026-03-15-010153.jpg?fit=815%2C363&ssl=1&resize=350%2C200","width":350,"height":200,"srcset":"https:\/\/i0.wp.com\/larevistadigital.com.ar\/blog\/wp-content\/uploads\/Captura-de-pantalla-2026-03-15-010153.jpg?fit=815%2C363&ssl=1&resize=350%2C200 1x, https:\/\/i0.wp.com\/larevistadigital.com.ar\/blog\/wp-content\/uploads\/Captura-de-pantalla-2026-03-15-010153.jpg?fit=815%2C363&ssl=1&resize=525%2C300 1.5x, https:\/\/i0.wp.com\/larevistadigital.com.ar\/blog\/wp-content\/uploads\/Captura-de-pantalla-2026-03-15-010153.jpg?fit=815%2C363&ssl=1&resize=700%2C400 2x"},"classes":[]},{"id":44894,"url":"https:\/\/larevistadigital.com.ar\/blog\/tragedia-en-la-ruta-3-cinco-muertos-tras-un-choque-frontal-cerca-de-las-flores\/","url_meta":{"origin":39851,"position":1},"title":"Tragedia en la Ruta 3: cinco muertos tras un choque frontal cerca de Las Flores","author":"Alejandro Sosa Ruda","date":"2 abril, 2026","format":false,"excerpt":"El violento impacto entre dos autos dej\u00f3 adem\u00e1s dos personas heridas. Ocurri\u00f3 a la altura del kil\u00f3metro 210. 02 de abril de 2026 Una tragedia sacudi\u00f3 la noche del mi\u00e9rcoles en la Ruta Nacional 3, a la altura del kil\u00f3metro 210, en cercan\u00edas de la localidad de Las Flores, donde\u2026","rel":"","context":"En \u00abREGIONALES\u00bb","block_context":{"text":"REGIONALES","link":"https:\/\/larevistadigital.com.ar\/blog\/category\/regionales\/"},"img":{"alt_text":"","src":"https:\/\/i0.wp.com\/larevistadigital.com.ar\/blog\/wp-content\/uploads\/Captura-de-pantalla-2026-04-02-120653.jpg?fit=812%2C372&ssl=1&resize=350%2C200","width":350,"height":200,"srcset":"https:\/\/i0.wp.com\/larevistadigital.com.ar\/blog\/wp-content\/uploads\/Captura-de-pantalla-2026-04-02-120653.jpg?fit=812%2C372&ssl=1&resize=350%2C200 1x, https:\/\/i0.wp.com\/larevistadigital.com.ar\/blog\/wp-content\/uploads\/Captura-de-pantalla-2026-04-02-120653.jpg?fit=812%2C372&ssl=1&resize=525%2C300 1.5x, https:\/\/i0.wp.com\/larevistadigital.com.ar\/blog\/wp-content\/uploads\/Captura-de-pantalla-2026-04-02-120653.jpg?fit=812%2C372&ssl=1&resize=700%2C400 2x"},"classes":[]},{"id":39088,"url":"https:\/\/larevistadigital.com.ar\/blog\/ruta-2-viajaban-cuatro-en-una-moto-chocaron-los-atropellaron-y-murieron\/","url_meta":{"origin":39851,"position":2},"title":"Ruta 2: viajaban cuatro en una moto, chocaron, los atropellaron y murieron","author":"Alejandro Sosa Ruda","date":"22 marzo, 2025","format":false,"excerpt":"El accidente ocurri\u00f3 en la madrugada del s\u00e1bado en La Plata. La moto ten\u00eda pedido de captura por hurto en Lan\u00fas. Chocaron contra un cami\u00f3n y una camioneta los embisti\u00f3. 22 de Marzo de 2025 BUENOS AIRES -\u00a0 Un impactante accidente ocurrido en la madrugada del s\u00e1bado en la Ruta\u2026","rel":"","context":"En \u00abPOLICIALES\u00bb","block_context":{"text":"POLICIALES","link":"https:\/\/larevistadigital.com.ar\/blog\/category\/policiales\/"},"img":{"alt_text":"","src":"https:\/\/i0.wp.com\/larevistadigital.com.ar\/blog\/wp-content\/uploads\/Captura-de-pantalla-2025-03-22-171915.jpg?fit=614%2C407&ssl=1&resize=350%2C200","width":350,"height":200,"srcset":"https:\/\/i0.wp.com\/larevistadigital.com.ar\/blog\/wp-content\/uploads\/Captura-de-pantalla-2025-03-22-171915.jpg?fit=614%2C407&ssl=1&resize=350%2C200 1x, https:\/\/i0.wp.com\/larevistadigital.com.ar\/blog\/wp-content\/uploads\/Captura-de-pantalla-2025-03-22-171915.jpg?fit=614%2C407&ssl=1&resize=525%2C300 1.5x"},"classes":[]},{"id":43591,"url":"https:\/\/larevistadigital.com.ar\/blog\/un-tren-embistio-a-un-auto-detenido-sobre-las-vias-en-ruta-2-y-tres-personas-resultaron-gravemente-heridas\/","url_meta":{"origin":39851,"position":3},"title":"Un tren embisti\u00f3 a un auto detenido sobre las v\u00edas en Ruta 2 y tres personas resultaron gravemente heridas","author":"Alejandro Sosa Ruda","date":"26 enero, 2026","format":false,"excerpt":"El choque ocurri\u00f3 a la altura del kil\u00f3metro 386, cerca del complejo Aquasol. Las v\u00edctimas fueron trasladadas al HIGA con lesiones de consideraci\u00f3n. 26 de enero de 2026 BUENOS AIRES\u00a0 -\u00a0 \u00a0Un grave accidente ferroviario se registr\u00f3 este domingo por la tarde sobre la Ruta 2, cuando una formaci\u00f3n que\u2026","rel":"","context":"En \u00abDESTACADAS\u00bb","block_context":{"text":"DESTACADAS","link":"https:\/\/larevistadigital.com.ar\/blog\/category\/destacadas\/"},"img":{"alt_text":"","src":"https:\/\/i0.wp.com\/larevistadigital.com.ar\/blog\/wp-content\/uploads\/e39a34e6a1fddb35342eff5976a903dddecff427.jpg?fit=1140%2C641&ssl=1&resize=350%2C200","width":350,"height":200,"srcset":"https:\/\/i0.wp.com\/larevistadigital.com.ar\/blog\/wp-content\/uploads\/e39a34e6a1fddb35342eff5976a903dddecff427.jpg?fit=1140%2C641&ssl=1&resize=350%2C200 1x, https:\/\/i0.wp.com\/larevistadigital.com.ar\/blog\/wp-content\/uploads\/e39a34e6a1fddb35342eff5976a903dddecff427.jpg?fit=1140%2C641&ssl=1&resize=525%2C300 1.5x, https:\/\/i0.wp.com\/larevistadigital.com.ar\/blog\/wp-content\/uploads\/e39a34e6a1fddb35342eff5976a903dddecff427.jpg?fit=1140%2C641&ssl=1&resize=700%2C400 2x, https:\/\/i0.wp.com\/larevistadigital.com.ar\/blog\/wp-content\/uploads\/e39a34e6a1fddb35342eff5976a903dddecff427.jpg?fit=1140%2C641&ssl=1&resize=1050%2C600 3x"},"classes":[]},{"id":24331,"url":"https:\/\/larevistadigital.com.ar\/blog\/se-incendio-un-camion-en-la-ruta-2-a-la-altura-de-las-armas\/","url_meta":{"origin":39851,"position":4},"title":"SE INCENDI\u00d3 UN CAMI\u00d3N EN LA RUTA 2 A LA ALTURA DE LAS ARMAS","author":"Alejandro Sosa Ruda","date":"4 marzo, 2022","format":false,"excerpt":"LAS ARMAS -\u00a0 Inform\u00f3 el portal \"El Titular\", que en la tarde del mi\u00e9rcoles 2 de marzo, por motivos que se ignoran, se incendi\u00f3 por completo la cabina de un cami\u00f3n Ford Cargo, que transportaba pescado. El siniestro ocurri\u00f3 en la Ruta Provincial N\u00b0 2, en el kil\u00f3metro 297, en\u2026","rel":"","context":"En \u00abPOLICIALES\u00bb","block_context":{"text":"POLICIALES","link":"https:\/\/larevistadigital.com.ar\/blog\/category\/policiales\/"},"img":{"alt_text":"","src":"https:\/\/i0.wp.com\/larevistadigital.com.ar\/blog\/wp-content\/uploads\/274023713_3038153133113887_9064405858289188610_n.jpg?fit=900%2C1115&ssl=1&resize=350%2C200","width":350,"height":200,"srcset":"https:\/\/i0.wp.com\/larevistadigital.com.ar\/blog\/wp-content\/uploads\/274023713_3038153133113887_9064405858289188610_n.jpg?fit=900%2C1115&ssl=1&resize=350%2C200 1x, https:\/\/i0.wp.com\/larevistadigital.com.ar\/blog\/wp-content\/uploads\/274023713_3038153133113887_9064405858289188610_n.jpg?fit=900%2C1115&ssl=1&resize=525%2C300 1.5x, https:\/\/i0.wp.com\/larevistadigital.com.ar\/blog\/wp-content\/uploads\/274023713_3038153133113887_9064405858289188610_n.jpg?fit=900%2C1115&ssl=1&resize=700%2C400 2x"},"classes":[]},{"id":40215,"url":"https:\/\/larevistadigital.com.ar\/blog\/dolores-una-pareja-perdio-la-vida-en-un-vuelco-en-la-ruta-2\/","url_meta":{"origin":39851,"position":5},"title":"Dolores: Una pareja perdi\u00f3 la vida en un vuelco en la Ruta 2","author":"Alejandro Sosa Ruda","date":"30 junio, 2025","format":false,"excerpt":"El fatal accidente ocurri\u00f3 en el kil\u00f3metro 222 de la Autov\u00eda 2. Pese al trabajo de los rescatistas, ambos ocupantes del veh\u00edculo fallecieron. 30 de Junio de 2025 DOLORES -\u00a0 Una nueva tragedia vial enluta a la regi\u00f3n. Este domingo, en horas de la tarde, un veh\u00edculo Ford Ecosport gris\u2026","rel":"","context":"En \u00abDOLORES\u00bb","block_context":{"text":"DOLORES","link":"https:\/\/larevistadigital.com.ar\/blog\/category\/dolores\/"},"img":{"alt_text":"","src":"https:\/\/i0.wp.com\/larevistadigital.com.ar\/blog\/wp-content\/uploads\/6c45eeca3dc84fec720f29cf711eb7429f22def6.jpg?fit=1140%2C649&ssl=1&resize=350%2C200","width":350,"height":200,"srcset":"https:\/\/i0.wp.com\/larevistadigital.com.ar\/blog\/wp-content\/uploads\/6c45eeca3dc84fec720f29cf711eb7429f22def6.jpg?fit=1140%2C649&ssl=1&resize=350%2C200 1x, https:\/\/i0.wp.com\/larevistadigital.com.ar\/blog\/wp-content\/uploads\/6c45eeca3dc84fec720f29cf711eb7429f22def6.jpg?fit=1140%2C649&ssl=1&resize=525%2C300 1.5x, https:\/\/i0.wp.com\/larevistadigital.com.ar\/blog\/wp-content\/uploads\/6c45eeca3dc84fec720f29cf711eb7429f22def6.jpg?fit=1140%2C649&ssl=1&resize=700%2C400 2x, https:\/\/i0.wp.com\/larevistadigital.com.ar\/blog\/wp-content\/uploads\/6c45eeca3dc84fec720f29cf711eb7429f22def6.jpg?fit=1140%2C649&ssl=1&resize=1050%2C600 3x"},"classes":[]}],"_links":{"self":[{"href":"https:\/\/larevistadigital.com.ar\/blog\/wp-json\/wp\/v2\/posts\/39851","targetHints":{"allow":["GET"]}}],"collection":[{"href":"https:\/\/larevistadigital.com.ar\/blog\/wp-json\/wp\/v2\/posts"}],"about":[{"href":"https:\/\/larevistadigital.com.ar\/blog\/wp-json\/wp\/v2\/types\/post"}],"author":[{"embeddable":true,"href":"https:\/\/larevistadigital.com.ar\/blog\/wp-json\/wp\/v2\/users\/3"}],"replies":[{"embeddable":true,"href":"https:\/\/larevistadigital.com.ar\/blog\/wp-json\/wp\/v2\/comments?post=39851"}],"version-history":[{"count":1,"href":"https:\/\/larevistadigital.com.ar\/blog\/wp-json\/wp\/v2\/posts\/39851\/revisions"}],"predecessor-version":[{"id":39853,"href":"https:\/\/larevistadigital.com.ar\/blog\/wp-json\/wp\/v2\/posts\/39851\/revisions\/39853"}],"wp:featuredmedia":[{"embeddable":true,"href":"https:\/\/larevistadigital.com.ar\/blog\/wp-json\/wp\/v2\/media\/39852"}],"wp:attachment":[{"href":"https:\/\/larevistadigital.com.ar\/blog\/wp-json\/wp\/v2\/media?parent=39851"}],"wp:term":[{"taxonomy":"category","embeddable":true,"href":"https:\/\/larevistadigital.com.ar\/blog\/wp-json\/wp\/v2\/categories?post=39851"},{"taxonomy":"post_tag","embeddable":true,"href":"https:\/\/larevistadigital.com.ar\/blog\/wp-json\/wp\/v2\/tags?post=39851"}],"curies":[{"name":"wp","href":"https:\/\/api.w.org\/{rel}","templated":true}]}}