{"id":39855,"date":"2025-05-22T18:00:49","date_gmt":"2025-05-22T21:00:49","guid":{"rendered":"https:\/\/larevistadigital.com.ar\/blog\/?p=39855"},"modified":"2025-05-22T18:00:49","modified_gmt":"2025-05-22T21:00:49","slug":"chascomus-se-viene-una-gran-fiesta-aniversario-para-celebrar-246-anos-de-la-fundacion-de-chascomus","status":"publish","type":"post","link":"https:\/\/larevistadigital.com.ar\/blog\/chascomus-se-viene-una-gran-fiesta-aniversario-para-celebrar-246-anos-de-la-fundacion-de-chascomus\/","title":{"rendered":"Chascom\u00fas: Se viene una gran Fiesta Aniversario para celebrar 246 a\u00f1os de la Fundaci\u00f3n de Chascom\u00fas"},"content":{"rendered":"<h3 class=\"excerpt\">Viviremos un nuevo cumplea\u00f1os, recordando la fundaci\u00f3n del Fuerte de San Juan Bautista que le dio origen, con diversos actos que tendr\u00e1n como protagonistas a numerosos vecinos de nuestra comunidad y el acompa\u00f1amiento de Atalaya.<\/h3>\n<p>22 de Mayo de 2025<\/p>\n<div id=\"miDiv1\" class=\"text\">\n<p><strong>CHASCOM\u00daS &#8211;<\/strong>\u00a0 \u00a0Para celebrar entre todos un nuevo cumplea\u00f1os de nuestra ciudad, la Municipalidad de Chascom\u00fas invita a la comunidad a participar de diversos propuestas culturales, recreativas y art\u00edsticas que se suman al acto oficial.<\/p>\n<blockquote>\n<h3>La programaci\u00f3n se extender\u00e1 del jueves 29 de mayo hasta la gran fiesta aniversario recreativa, art\u00edstica y cultural que tendr\u00e1 lugar el domingo 1 de junio, en la Plaza Independencia, para que todos podamos participar.<\/h3>\n<\/blockquote>\n<p>El jueves 29 de mayo, a las 20 horas, se ofrecer\u00e1 la \u00abGala Aniversario de Chascom\u00fas\u00bb, a cargo de la Filarm\u00f3nica de Chascom\u00fas, que contar\u00e1 con la participaci\u00f3n del director invitado C\u00e9sar Iv\u00e1n Lara. La cita es en el Teatro Municipal Brazzola, con entrada libre y gratuita.<\/p>\n<blockquote>\n<h3>El viernes 30 de mayo, el Sr. Intendente Municipal Javier Gast\u00f3n, junto a los descendientes de nuestro fundador capit\u00e1n de Blandengues Pedro Nicol\u00e1s Escribano, le rendir\u00e1n homenaje a quien forjara esta hermosa ciudad, fundando el \u201cFuerte San Juan Bautista\u201d, el 30 de Mayo de 1779, con una ofrenda floral en el monumento que recuerda su figura.<\/h3>\n<\/blockquote>\n<p>Ese mismo viernes, al anochecer, la Cantor\u00eda Municipal brindar\u00e1 un concierto en la Iglesia Catedral \u201cNuestra Se\u00f1ora de la Merced\u201d, a partir de las 20 horas, con entrada libre y gratuita.<\/p>\n<blockquote>\n<h3>Para continuar con esta programaci\u00f3n de aniversario, el s\u00e1bado 31 de mayo, la Orquesta Escuela de Chascom\u00fas brindar\u00e1 un Concierto de la Orquesta-Escuela de Voces con la Orquesta-Escuela de Guitarras, a las 16.30 horas, en el templo de la Iglesia \u201cInmaculado Coraz\u00f3n de Mar\u00eda\u201d.<\/h3>\n<\/blockquote>\n<p>La programaci\u00f3n concluir\u00e1 el domingo 1\u00b0 de junio, con el acto protocolar y una gran fiesta recreativa, art\u00edstica y cultural, desde las 14 horas, en la plaza Independencia y su entorno, abrazando nuestros or\u00edgenes, dado que fue el lugar elegido por nuestro fundador Capit\u00e1n de Blandengues Pedro Nicol\u00e1s Escribano para emplazar el Fuerte \u201cSan Juan Bautista\u201d.<\/p>\n<blockquote>\n<h3>Como adelanto podemos contar que se realizar\u00e1n puestas art\u00edsticas en los edificios patrimoniales que circundan la plaza, con la participaci\u00f3n de m\u00fasicos, actores, cantantes, coro, la banda de m\u00fasica, grupos de danzas folkl\u00f3ricos, grupo de danza a\u00e9rea, artistas locales, trabajadoras y trabajadores municipales, que le dar\u00e1n realce y color a cada presentaci\u00f3n.<\/h3>\n<\/blockquote>\n<p>Tambi\u00e9n intervendr\u00e1n numerosas instituciones de la comunidad, como es el caso de las colectividades de inmigrantes que fueron forjando nuestra historia a trav\u00e9s del tiempo; las comunidades educativas de las tres escuelas municipales de educaci\u00f3n primaria de Chascom\u00fas y las asociaciones cooperadoras de escuelas p\u00fablicas de la comunidad, entre otros actores de nuestra querida comunidad.<\/p>\n<p>Todo concluir\u00e1 con un chocolate, acompa\u00f1ado por medialunas y otras delicias que regalar\u00e1 la empresa Atalaya para esta gran fiesta aniversario de la ciudad. Una empresa local con un gran potencial, que siempre est\u00e1 innovando y compartiendo con la comunidad.<\/p>\n<\/div>\n","protected":false},"excerpt":{"rendered":"<div class=\"mh-excerpt\"><p>Viviremos un nuevo cumplea\u00f1os, recordando la fundaci\u00f3n del Fuerte de San Juan Bautista que le dio origen, con diversos actos que tendr\u00e1n como protagonistas a numerosos vecinos de nuestra comunidad y el acompa\u00f1amiento de Atalaya. <a class=\"mh-excerpt-more\" href=\"https:\/\/larevistadigital.com.ar\/blog\/chascomus-se-viene-una-gran-fiesta-aniversario-para-celebrar-246-anos-de-la-fundacion-de-chascomus\/\" title=\"Chascom\u00fas: Se viene una gran Fiesta Aniversario para celebrar 246 a\u00f1os de la Fundaci\u00f3n de Chascom\u00fas\">[Leer M\u00e1s]<\/a><\/p>\n<\/div>","protected":false},"author":3,"featured_media":39856,"comment_status":"open","ping_status":"open","sticky":false,"template":"","format":"standard","meta":{"_jetpack_memberships_contains_paid_content":false,"footnotes":"","jetpack_publicize_message":"","jetpack_publicize_feature_enabled":true,"jetpack_social_post_already_shared":true,"jetpack_social_options":{"image_generator_settings":{"template":"highway","default_image_id":0,"font":"","enabled":false},"version":2}},"categories":[6],"tags":[],"class_list":{"0":"post-39855","1":"post","2":"type-post","3":"status-publish","4":"format-standard","5":"has-post-thumbnail","7":"category-chascomus"},"jetpack_publicize_connections":[],"jetpack_featured_media_url":"https:\/\/i0.wp.com\/larevistadigital.com.ar\/blog\/wp-content\/uploads\/682f67b1ccd89.png?fit=668%2C445&ssl=1","jetpack_sharing_enabled":true,"jetpack_shortlink":"https:\/\/wp.me\/p8qtrQ-amP","jetpack-related-posts":[{"id":39918,"url":"https:\/\/larevistadigital.com.ar\/blog\/teatro-brazzola-gala-aniversario-de-chascomus\/","url_meta":{"origin":39855,"position":0},"title":"Teatro Brazzola: Gala aniversario de Chascom\u00fas","author":"Alejandro Sosa Ruda","date":"29 mayo, 2025","format":false,"excerpt":"La cita es en las v\u00edsperas del 30 de mayo, desde las 20 horas, en el Teatro Municipal Brazzola. 29 de Mayo de 2025 CHASCOM\u00daS -\u00a0 \u00a0En el marco de los actos celebratorios por el 246\u00b0 aniversario de la fundaci\u00f3n de Chascom\u00fas, este jueves 29 de mayo, la Orquesta Filarm\u00f3nica\u2026","rel":"","context":"En \u00abCHASCOM\u00daS\u00bb","block_context":{"text":"CHASCOM\u00daS","link":"https:\/\/larevistadigital.com.ar\/blog\/category\/chascomus\/"},"img":{"alt_text":"","src":"https:\/\/i0.wp.com\/larevistadigital.com.ar\/blog\/wp-content\/uploads\/6837486f2a7e0.png?fit=668%2C445&ssl=1&resize=350%2C200","width":350,"height":200,"srcset":"https:\/\/i0.wp.com\/larevistadigital.com.ar\/blog\/wp-content\/uploads\/6837486f2a7e0.png?fit=668%2C445&ssl=1&resize=350%2C200 1x, https:\/\/i0.wp.com\/larevistadigital.com.ar\/blog\/wp-content\/uploads\/6837486f2a7e0.png?fit=668%2C445&ssl=1&resize=525%2C300 1.5x"},"classes":[]},{"id":36159,"url":"https:\/\/larevistadigital.com.ar\/blog\/chascomus-prepara-un-gran-festejo-por-el-245-aniversario-de-nuestra-fundacion\/","url_meta":{"origin":39855,"position":1},"title":"CHASCOM\u00daS PREPARA UN GRAN FESTEJO POR EL 245\u00b0 ANIVERSARIO DE NUESTRA FUNDACI\u00d3N","author":"Alejandro Sosa Ruda","date":"28 mayo, 2024","format":false,"excerpt":"Encabezado por el Intendente Javier Gast\u00f3n, el acto oficial ser\u00e1 el domingo a las 15 horas, para luego disfrutar del cumplea\u00f1os en la plaza con numerosas actividades, chocolate, juegos y shows en vivo, entre otras atractivas propuestas. 28 de Mayo de 2024 CHASCOM\u00daS -\u00a0 Las actividades que se ofrecer\u00e1n en\u2026","rel":"","context":"En \u00abCHASCOM\u00daS\u00bb","block_context":{"text":"CHASCOM\u00daS","link":"https:\/\/larevistadigital.com.ar\/blog\/category\/chascomus\/"},"img":{"alt_text":"","src":"https:\/\/i0.wp.com\/larevistadigital.com.ar\/blog\/wp-content\/uploads\/2024_05_29_01_40_37_3867038.jpg?fit=600%2C422&ssl=1&resize=350%2C200","width":350,"height":200,"srcset":"https:\/\/i0.wp.com\/larevistadigital.com.ar\/blog\/wp-content\/uploads\/2024_05_29_01_40_37_3867038.jpg?fit=600%2C422&ssl=1&resize=350%2C200 1x, https:\/\/i0.wp.com\/larevistadigital.com.ar\/blog\/wp-content\/uploads\/2024_05_29_01_40_37_3867038.jpg?fit=600%2C422&ssl=1&resize=525%2C300 1.5x"},"classes":[]},{"id":36162,"url":"https:\/\/larevistadigital.com.ar\/blog\/este-jueves-30-de-mayo-es-dia-no-laborable-para-la-administracion-publica\/","url_meta":{"origin":39855,"position":2},"title":"ESTE JUEVES 30 DE MAYO ES D\u00cdA NO LABORABLE PARA LA ADMINISTRACI\u00d3N P\u00daBLICA","author":"Alejandro Sosa Ruda","date":"28 mayo, 2024","format":false,"excerpt":"Con motivo de la celebraci\u00f3n del 245\u00ba aniversario de la fundaci\u00f3n de Chascom\u00fas, y mediante el Decreto N\u00b0381\/2024 se declara d\u00eda no laborable para la administraci\u00f3n p\u00fablica y el Banco de la Provincia de Buenos Aires y, feriado optativo para la industria, el comercio y restantes actividades. 24 de Mayo\u2026","rel":"","context":"En \u00abINTERES GENERAL\u00bb","block_context":{"text":"INTERES GENERAL","link":"https:\/\/larevistadigital.com.ar\/blog\/category\/interes-general\/"},"img":{"alt_text":"","src":"https:\/\/i0.wp.com\/larevistadigital.com.ar\/blog\/wp-content\/uploads\/2024_05_29_01_46_47_8351575.jpg?fit=600%2C401&ssl=1&resize=350%2C200","width":350,"height":200,"srcset":"https:\/\/i0.wp.com\/larevistadigital.com.ar\/blog\/wp-content\/uploads\/2024_05_29_01_46_47_8351575.jpg?fit=600%2C401&ssl=1&resize=350%2C200 1x, https:\/\/i0.wp.com\/larevistadigital.com.ar\/blog\/wp-content\/uploads\/2024_05_29_01_46_47_8351575.jpg?fit=600%2C401&ssl=1&resize=525%2C300 1.5x"},"classes":[]},{"id":39915,"url":"https:\/\/larevistadigital.com.ar\/blog\/fin-de-semana-de-fiesta-en-chascomus\/","url_meta":{"origin":39855,"position":3},"title":"\u00a1Fin de semana de fiesta en Chascom\u00fas!","author":"Alejandro Sosa Ruda","date":"29 mayo, 2025","format":false,"excerpt":"Desde este jueves y hasta el domingo, se han programado numerosas actividades recreativas, art\u00edsticas y culturales para celebrar entre todos el 246\u00b0 aniversario de nuestra ciudad. 29 de Mayo de 2025 CHASCOM\u00daS\u00a0 \u00a0-\u00a0 \u00a0A continuaci\u00f3n, se brinda la programaci\u00f3n de las distintas propuestas que rendir\u00e1n homenaje a nuestra ciudad, en\u2026","rel":"","context":"En \u00abCHASCOM\u00daS\u00bb","block_context":{"text":"CHASCOM\u00daS","link":"https:\/\/larevistadigital.com.ar\/blog\/category\/chascomus\/"},"img":{"alt_text":"","src":"https:\/\/i0.wp.com\/larevistadigital.com.ar\/blog\/wp-content\/uploads\/68374930deccd.png?fit=668%2C445&ssl=1&resize=350%2C200","width":350,"height":200,"srcset":"https:\/\/i0.wp.com\/larevistadigital.com.ar\/blog\/wp-content\/uploads\/68374930deccd.png?fit=668%2C445&ssl=1&resize=350%2C200 1x, https:\/\/i0.wp.com\/larevistadigital.com.ar\/blog\/wp-content\/uploads\/68374930deccd.png?fit=668%2C445&ssl=1&resize=525%2C300 1.5x"},"classes":[]},{"id":5690,"url":"https:\/\/larevistadigital.com.ar\/blog\/chascomus-el-intendente-encabezo-los-festejos-por-el-239-aniversario-de-la-ciudad\/","url_meta":{"origin":39855,"position":4},"title":"CHASCOM\u00daS: EL INTENDENTE ENCABEZ\u00d3 LOS FESTEJOS POR EL 239 ANIVERSARIO DE LA CIUDAD","author":"Alejandro Sosa Ruda","date":"31 mayo, 2018","format":false,"excerpt":"Durante la ma\u00f1ana de hoy, el intendente municipal, Javier Gast\u00f3n, junto a familiares directos de Pedro Nicolas Escribano, encabezaron los festejos por el 239\u00b0 aniversario de la Fundaci\u00f3n de la Ciudad de Chascom\u00fas. Al inicio del encuentro, se acercaron a la Plaza Independencia para entregar una ofrenda floral en homenaje\u2026","rel":"","context":"En \u00abDESTACADAS\u00bb","block_context":{"text":"DESTACADAS","link":"https:\/\/larevistadigital.com.ar\/blog\/category\/destacadas\/"},"img":{"alt_text":"","src":"https:\/\/i0.wp.com\/larevistadigital.com.ar\/blog\/wp-content\/uploads\/2018\/05\/34015772_1895135910507285_121383446596550656_n.jpg?fit=960%2C641&ssl=1&resize=350%2C200","width":350,"height":200,"srcset":"https:\/\/i0.wp.com\/larevistadigital.com.ar\/blog\/wp-content\/uploads\/2018\/05\/34015772_1895135910507285_121383446596550656_n.jpg?fit=960%2C641&ssl=1&resize=350%2C200 1x, https:\/\/i0.wp.com\/larevistadigital.com.ar\/blog\/wp-content\/uploads\/2018\/05\/34015772_1895135910507285_121383446596550656_n.jpg?fit=960%2C641&ssl=1&resize=525%2C300 1.5x, https:\/\/i0.wp.com\/larevistadigital.com.ar\/blog\/wp-content\/uploads\/2018\/05\/34015772_1895135910507285_121383446596550656_n.jpg?fit=960%2C641&ssl=1&resize=700%2C400 2x"},"classes":[]},{"id":40298,"url":"https:\/\/larevistadigital.com.ar\/blog\/chascomus-preparan-una-fiesta-criolla-como-festejo-del-dia-de-la-independencia\/","url_meta":{"origin":39855,"position":5},"title":"Chascom\u00fas: Preparan una fiesta criolla como festejo del d\u00eda de la Independencia","author":"Alejandro Sosa Ruda","date":"4 julio, 2025","format":false,"excerpt":"Chascom\u00fas se prepara para celebrar la independencia con una gran fiesta que realizaremos entre todos. 04 de Julio de 2025 CHASCOM\u00daS -\u00a0 El pr\u00f3ximo mi\u00e9rcoles 9 de julio, Chascom\u00fas se vestir\u00e1 de fiesta para celebrar el D\u00eda de la Independencia. El evento se desarrollar\u00e1 en la Avenida Presidente Alfons\u00edn (frente\u2026","rel":"","context":"En \u00abCHASCOM\u00daS\u00bb","block_context":{"text":"CHASCOM\u00daS","link":"https:\/\/larevistadigital.com.ar\/blog\/category\/chascomus\/"},"img":{"alt_text":"","src":"https:\/\/i0.wp.com\/larevistadigital.com.ar\/blog\/wp-content\/uploads\/68681b847dbf0.png?fit=668%2C445&ssl=1&resize=350%2C200","width":350,"height":200,"srcset":"https:\/\/i0.wp.com\/larevistadigital.com.ar\/blog\/wp-content\/uploads\/68681b847dbf0.png?fit=668%2C445&ssl=1&resize=350%2C200 1x, https:\/\/i0.wp.com\/larevistadigital.com.ar\/blog\/wp-content\/uploads\/68681b847dbf0.png?fit=668%2C445&ssl=1&resize=525%2C300 1.5x"},"classes":[]}],"_links":{"self":[{"href":"https:\/\/larevistadigital.com.ar\/blog\/wp-json\/wp\/v2\/posts\/39855","targetHints":{"allow":["GET"]}}],"collection":[{"href":"https:\/\/larevistadigital.com.ar\/blog\/wp-json\/wp\/v2\/posts"}],"about":[{"href":"https:\/\/larevistadigital.com.ar\/blog\/wp-json\/wp\/v2\/types\/post"}],"author":[{"embeddable":true,"href":"https:\/\/larevistadigital.com.ar\/blog\/wp-json\/wp\/v2\/users\/3"}],"replies":[{"embeddable":true,"href":"https:\/\/larevistadigital.com.ar\/blog\/wp-json\/wp\/v2\/comments?post=39855"}],"version-history":[{"count":1,"href":"https:\/\/larevistadigital.com.ar\/blog\/wp-json\/wp\/v2\/posts\/39855\/revisions"}],"predecessor-version":[{"id":39857,"href":"https:\/\/larevistadigital.com.ar\/blog\/wp-json\/wp\/v2\/posts\/39855\/revisions\/39857"}],"wp:featuredmedia":[{"embeddable":true,"href":"https:\/\/larevistadigital.com.ar\/blog\/wp-json\/wp\/v2\/media\/39856"}],"wp:attachment":[{"href":"https:\/\/larevistadigital.com.ar\/blog\/wp-json\/wp\/v2\/media?parent=39855"}],"wp:term":[{"taxonomy":"category","embeddable":true,"href":"https:\/\/larevistadigital.com.ar\/blog\/wp-json\/wp\/v2\/categories?post=39855"},{"taxonomy":"post_tag","embeddable":true,"href":"https:\/\/larevistadigital.com.ar\/blog\/wp-json\/wp\/v2\/tags?post=39855"}],"curies":[{"name":"wp","href":"https:\/\/api.w.org\/{rel}","templated":true}]}}