{"id":39858,"date":"2025-05-22T18:09:53","date_gmt":"2025-05-22T21:09:53","guid":{"rendered":"https:\/\/larevistadigital.com.ar\/blog\/?p=39858"},"modified":"2025-05-22T18:09:53","modified_gmt":"2025-05-22T21:09:53","slug":"chascomus-importante-taller-de-cv-y-busqueda-laboral","status":"publish","type":"post","link":"https:\/\/larevistadigital.com.ar\/blog\/chascomus-importante-taller-de-cv-y-busqueda-laboral\/","title":{"rendered":"Chascom\u00fas: Importante Taller de CV y b\u00fasqueda laboral"},"content":{"rendered":"<h3 class=\"excerpt\">Organizado por la Municipalidad de Chascom\u00fas y destinado a j\u00f3venes beneficiarios b\u00fasqueda de empleo.<\/h3>\n<p>22 de Mayo de 2025<\/p>\n<div id=\"miDiv1\" class=\"text\">\n<p><strong>CHASCOM\u00daS &#8211;<\/strong>\u00a0 El pr\u00f3ximo 28 de mayo a partir de las 9.30 y hasta las 11.30, se realizar\u00e1 en el SUM del Barrio Ipor\u00e1, un taller de armado de Curriculum Vitae (CV) para j\u00f3venes beneficiarios del programa Complemento Alimentario Municipal (CAM). La propuesta incluye redacci\u00f3n y estructura del CV, c\u00f3mo generar una ruta de b\u00fasqueda laboral y tips para la presentaci\u00f3n en la entrevista.<\/p>\n<blockquote>\n<h3>Este taller surge de una articulaci\u00f3n entre la oficina de Pol\u00edticas Comunitarias y de Empleo de la Municipalidad de Chascom\u00fas. Tiene como objetivo promover la participaci\u00f3n activa de las juventudes, as\u00ed como tambi\u00e9n el desarrollo personal y b\u00fasqueda de oportunidades.<\/h3>\n<\/blockquote>\n<p>De esta manera, el CAM no s\u00f3lo brinda asistencia alimentaria a 1500 familias chascomunenses, sino que brinda herramientas a los j\u00f3venes entre 18 y 28 a\u00f1os para ampliar sus oportunidades de inserci\u00f3n en el mercado laboral.<\/p>\n<\/div>\n","protected":false},"excerpt":{"rendered":"<div class=\"mh-excerpt\"><p>Organizado por la Municipalidad de Chascom\u00fas y destinado a j\u00f3venes beneficiarios b\u00fasqueda de empleo. 22 de Mayo de 2025 CHASCOM\u00daS &#8211;\u00a0 El pr\u00f3ximo 28 de mayo a partir de las 9.30 y hasta las 11.30, <a class=\"mh-excerpt-more\" href=\"https:\/\/larevistadigital.com.ar\/blog\/chascomus-importante-taller-de-cv-y-busqueda-laboral\/\" title=\"Chascom\u00fas: Importante Taller de CV y b\u00fasqueda laboral\">[Leer M\u00e1s]<\/a><\/p>\n<\/div>","protected":false},"author":3,"featured_media":39859,"comment_status":"open","ping_status":"open","sticky":false,"template":"","format":"standard","meta":{"_jetpack_memberships_contains_paid_content":false,"footnotes":"","jetpack_publicize_message":"","jetpack_publicize_feature_enabled":true,"jetpack_social_post_already_shared":true,"jetpack_social_options":{"image_generator_settings":{"template":"highway","default_image_id":0,"font":"","enabled":false},"version":2}},"categories":[6],"tags":[],"class_list":{"0":"post-39858","1":"post","2":"type-post","3":"status-publish","4":"format-standard","5":"has-post-thumbnail","7":"category-chascomus"},"jetpack_publicize_connections":[],"jetpack_featured_media_url":"https:\/\/i0.wp.com\/larevistadigital.com.ar\/blog\/wp-content\/uploads\/682f862b72bfd.png?fit=668%2C445&ssl=1","jetpack_sharing_enabled":true,"jetpack_shortlink":"https:\/\/wp.me\/p8qtrQ-amS","jetpack-related-posts":[{"id":40279,"url":"https:\/\/larevistadigital.com.ar\/blog\/chascomus-se-realizo-la-charla-sobre-herramientas-y-habilidades-para-el-mundo-del-trabajo\/","url_meta":{"origin":39858,"position":0},"title":"Chascom\u00fas: Se realiz\u00f3 la charla sobre \u201cHerramientas y habilidades para el mundo del trabajo\u201d","author":"Alejandro Sosa Ruda","date":"2 julio, 2025","format":false,"excerpt":"El objetivo es brindar y fortalecer herramientas que las personas necesitan al momento de insertarse en el mundo laboral 02 de Julio de 2025 CHASCOM\u00daS-\u00a0 \u00a0La Municipalidad de Chascom\u00fas trabaja de manera articulada con el Centro de Formaci\u00f3n Laboral N\u00b0 401, y en este marco, el \u00faltimo martes desde las\u2026","rel":"","context":"En \u00abCHASCOM\u00daS\u00bb","block_context":{"text":"CHASCOM\u00daS","link":"https:\/\/larevistadigital.com.ar\/blog\/category\/chascomus\/"},"img":{"alt_text":"","src":"https:\/\/i0.wp.com\/larevistadigital.com.ar\/blog\/wp-content\/uploads\/686565ee1b9c2.png?fit=668%2C445&ssl=1&resize=350%2C200","width":350,"height":200,"srcset":"https:\/\/i0.wp.com\/larevistadigital.com.ar\/blog\/wp-content\/uploads\/686565ee1b9c2.png?fit=668%2C445&ssl=1&resize=350%2C200 1x, https:\/\/i0.wp.com\/larevistadigital.com.ar\/blog\/wp-content\/uploads\/686565ee1b9c2.png?fit=668%2C445&ssl=1&resize=525%2C300 1.5x"},"classes":[]},{"id":45017,"url":"https:\/\/larevistadigital.com.ar\/blog\/chascomus-se-ofrece-el-taller-proyectando-mi-futuro-laboral-para-jovenes\/","url_meta":{"origin":39858,"position":1},"title":"Chascom\u00fas: Se ofrece el taller \u201cProyectando mi futuro laboral\u201d para j\u00f3venes","author":"Alejandro Sosa Ruda","date":"8 abril, 2026","format":false,"excerpt":"Un espacio de orientaci\u00f3n y contenci\u00f3n, a partir de los 17 a\u00f1os, que apunta a la construcci\u00f3n de sus proyectos de vida, promoviendo el acceso a oportunidades de formaci\u00f3n y empleo. 08 de abril de 2026 CHASCOM\u00daS -\u00a0 \u00a0La Municipalidad de Chascom\u00fas, a trav\u00e9s del \u00e1rea de Desarrollo Productivo, invita\u2026","rel":"","context":"En \u00abCHASCOM\u00daS\u00bb","block_context":{"text":"CHASCOM\u00daS","link":"https:\/\/larevistadigital.com.ar\/blog\/category\/chascomus\/"},"img":{"alt_text":"","src":"https:\/\/i0.wp.com\/larevistadigital.com.ar\/blog\/wp-content\/uploads\/69d685d989315.png?fit=668%2C445&ssl=1&resize=350%2C200","width":350,"height":200,"srcset":"https:\/\/i0.wp.com\/larevistadigital.com.ar\/blog\/wp-content\/uploads\/69d685d989315.png?fit=668%2C445&ssl=1&resize=350%2C200 1x, https:\/\/i0.wp.com\/larevistadigital.com.ar\/blog\/wp-content\/uploads\/69d685d989315.png?fit=668%2C445&ssl=1&resize=525%2C300 1.5x"},"classes":[]},{"id":45171,"url":"https:\/\/larevistadigital.com.ar\/blog\/chascomus-la-municipalidad-acompana-a-estudiantes-secundarios-en-su-formacion-para-el-mundo-del-trabajo\/","url_meta":{"origin":39858,"position":2},"title":"Chascom\u00fas: La Municipalidad acompa\u00f1a a estudiantes secundarios en su formaci\u00f3n para el mundo del trabajo","author":"Alejandro Sosa Ruda","date":"17 abril, 2026","format":false,"excerpt":"De esta manera se contribuye en la construcci\u00f3n de sus proyectos de vida, promoviendo el acceso a oportunidades de formaci\u00f3n y empleo La Municipalidad de Chascom\u00fas, a trav\u00e9s del \u00e1rea de Desarrollo Productivo, comenz\u00f3 el martes 14 de abril una nueva edici\u00f3n del ciclo de encuentros \u201cHerramientas y habilidades para\u2026","rel":"","context":"En \u00abCHASCOM\u00daS\u00bb","block_context":{"text":"CHASCOM\u00daS","link":"https:\/\/larevistadigital.com.ar\/blog\/category\/chascomus\/"},"img":{"alt_text":"","src":"https:\/\/i0.wp.com\/larevistadigital.com.ar\/blog\/wp-content\/uploads\/69e26dcf4e833.png?fit=668%2C445&ssl=1&resize=350%2C200","width":350,"height":200,"srcset":"https:\/\/i0.wp.com\/larevistadigital.com.ar\/blog\/wp-content\/uploads\/69e26dcf4e833.png?fit=668%2C445&ssl=1&resize=350%2C200 1x, https:\/\/i0.wp.com\/larevistadigital.com.ar\/blog\/wp-content\/uploads\/69e26dcf4e833.png?fit=668%2C445&ssl=1&resize=525%2C300 1.5x"},"classes":[]},{"id":42143,"url":"https:\/\/larevistadigital.com.ar\/blog\/chascomus-la-empresa-ccu-argentina-villa-del-sur-brindo-un-taller-laboral-a-estudiantes-secundarios\/","url_meta":{"origin":39858,"position":3},"title":"Chascom\u00fas: La empresa CCU Argentina &#8211; Villa del Sur brind\u00f3 un taller laboral a estudiantes secundarios","author":"Alejandro Sosa Ruda","date":"21 octubre, 2025","format":false,"excerpt":"A trav\u00e9s del programa Coordenadas, desde la Municipalidad se trabaja para acercar a los j\u00f3venes estudiantes con el mundo del trabajo. 21 de Octubre de 2025 CHASCOM\u00daS -\u00a0 \u00a0Durante la ma\u00f1ana de este martes, en el marco del programa \"Coordenadas\", empresa CCU Argentina - Villa del Sur brind\u00f3 un taller\u2026","rel":"","context":"En \u00abCHASCOM\u00daS\u00bb","block_context":{"text":"CHASCOM\u00daS","link":"https:\/\/larevistadigital.com.ar\/blog\/category\/chascomus\/"},"img":{"alt_text":"","src":"https:\/\/i0.wp.com\/larevistadigital.com.ar\/blog\/wp-content\/uploads\/68f7b8718a9f4.png?fit=668%2C445&ssl=1&resize=350%2C200","width":350,"height":200,"srcset":"https:\/\/i0.wp.com\/larevistadigital.com.ar\/blog\/wp-content\/uploads\/68f7b8718a9f4.png?fit=668%2C445&ssl=1&resize=350%2C200 1x, https:\/\/i0.wp.com\/larevistadigital.com.ar\/blog\/wp-content\/uploads\/68f7b8718a9f4.png?fit=668%2C445&ssl=1&resize=525%2C300 1.5x"},"classes":[]},{"id":42010,"url":"https:\/\/larevistadigital.com.ar\/blog\/chascomus-nueva-capacitacion-para-el-mundo-del-trabajo-en-la-escuela-n-9\/","url_meta":{"origin":39858,"position":4},"title":"Chascom\u00fas:  Nueva capacitaci\u00f3n para el mundo del trabajo en la Escuela N\u00b0 9","author":"Alejandro Sosa Ruda","date":"16 octubre, 2025","format":false,"excerpt":"Ofrece a los estudiantes de quinto a\u00f1o herramientas y habilidades claves para su futura inserci\u00f3n laboral. 16 de Octubre de 2025 CHASCOM\u00daS -\u00a0 \u00a0La Municipalidad de Chascom\u00fas ofreci\u00f3 en la Escuela de Educaci\u00f3n Secundaria N 9, ubicada en el barrio El Porte\u00f1o, un nuevo encuentro del ciclo \u201cHerramientas y Habilidades\u2026","rel":"","context":"En \u00abCHASCOM\u00daS\u00bb","block_context":{"text":"CHASCOM\u00daS","link":"https:\/\/larevistadigital.com.ar\/blog\/category\/chascomus\/"},"img":{"alt_text":"","src":"https:\/\/i0.wp.com\/larevistadigital.com.ar\/blog\/wp-content\/uploads\/68f12867797ed.png?fit=668%2C445&ssl=1&resize=350%2C200","width":350,"height":200,"srcset":"https:\/\/i0.wp.com\/larevistadigital.com.ar\/blog\/wp-content\/uploads\/68f12867797ed.png?fit=668%2C445&ssl=1&resize=350%2C200 1x, https:\/\/i0.wp.com\/larevistadigital.com.ar\/blog\/wp-content\/uploads\/68f12867797ed.png?fit=668%2C445&ssl=1&resize=525%2C300 1.5x"},"classes":[]},{"id":42161,"url":"https:\/\/larevistadigital.com.ar\/blog\/chascomus-la-empresa-conarco-dialogo-con-estudiantes-secundarios-sobre-su-futuro-laboral\/","url_meta":{"origin":39858,"position":5},"title":"Chascom\u00fas: La empresa CONARCO dialog\u00f3 con estudiantes secundarios sobre su futuro laboral","author":"Alejandro Sosa Ruda","date":"22 octubre, 2025","format":false,"excerpt":"A trav\u00e9s del programa Coordenadas, desde la Municipalidad se trabaja para acercar a los j\u00f3venes estudiantes con el mundo del trabajo En horas de la tarde del \u00faltimo martes, en la sede de SMATA se desarroll\u00f3 un nuevo taller en el marco del Programa \u201cCoordenadas\u201d, que busca guiar a los\u2026","rel":"","context":"En \u00abCHASCOM\u00daS\u00bb","block_context":{"text":"CHASCOM\u00daS","link":"https:\/\/larevistadigital.com.ar\/blog\/category\/chascomus\/"},"img":{"alt_text":"","src":"https:\/\/i0.wp.com\/larevistadigital.com.ar\/blog\/wp-content\/uploads\/68f8fc5996d91.png?fit=668%2C445&ssl=1&resize=350%2C200","width":350,"height":200,"srcset":"https:\/\/i0.wp.com\/larevistadigital.com.ar\/blog\/wp-content\/uploads\/68f8fc5996d91.png?fit=668%2C445&ssl=1&resize=350%2C200 1x, https:\/\/i0.wp.com\/larevistadigital.com.ar\/blog\/wp-content\/uploads\/68f8fc5996d91.png?fit=668%2C445&ssl=1&resize=525%2C300 1.5x"},"classes":[]}],"_links":{"self":[{"href":"https:\/\/larevistadigital.com.ar\/blog\/wp-json\/wp\/v2\/posts\/39858","targetHints":{"allow":["GET"]}}],"collection":[{"href":"https:\/\/larevistadigital.com.ar\/blog\/wp-json\/wp\/v2\/posts"}],"about":[{"href":"https:\/\/larevistadigital.com.ar\/blog\/wp-json\/wp\/v2\/types\/post"}],"author":[{"embeddable":true,"href":"https:\/\/larevistadigital.com.ar\/blog\/wp-json\/wp\/v2\/users\/3"}],"replies":[{"embeddable":true,"href":"https:\/\/larevistadigital.com.ar\/blog\/wp-json\/wp\/v2\/comments?post=39858"}],"version-history":[{"count":1,"href":"https:\/\/larevistadigital.com.ar\/blog\/wp-json\/wp\/v2\/posts\/39858\/revisions"}],"predecessor-version":[{"id":39860,"href":"https:\/\/larevistadigital.com.ar\/blog\/wp-json\/wp\/v2\/posts\/39858\/revisions\/39860"}],"wp:featuredmedia":[{"embeddable":true,"href":"https:\/\/larevistadigital.com.ar\/blog\/wp-json\/wp\/v2\/media\/39859"}],"wp:attachment":[{"href":"https:\/\/larevistadigital.com.ar\/blog\/wp-json\/wp\/v2\/media?parent=39858"}],"wp:term":[{"taxonomy":"category","embeddable":true,"href":"https:\/\/larevistadigital.com.ar\/blog\/wp-json\/wp\/v2\/categories?post=39858"},{"taxonomy":"post_tag","embeddable":true,"href":"https:\/\/larevistadigital.com.ar\/blog\/wp-json\/wp\/v2\/tags?post=39858"}],"curies":[{"name":"wp","href":"https:\/\/api.w.org\/{rel}","templated":true}]}}