{"id":39861,"date":"2025-05-22T18:53:16","date_gmt":"2025-05-22T21:53:16","guid":{"rendered":"https:\/\/larevistadigital.com.ar\/blog\/?p=39861"},"modified":"2025-05-22T18:53:16","modified_gmt":"2025-05-22T21:53:16","slug":"el-auge-de-las-importaciones-redibuja-el-panorama-de-la-construccion-en-el-pais","status":"publish","type":"post","link":"https:\/\/larevistadigital.com.ar\/blog\/el-auge-de-las-importaciones-redibuja-el-panorama-de-la-construccion-en-el-pais\/","title":{"rendered":"El auge de las importaciones redibuja el panorama de la construcci\u00f3n en el pa\u00eds"},"content":{"rendered":"<h3 class=\"fparrafo ctext fz18 lh25\">La apertura del mercado a insumos del extranjero volvi\u00f3 a cobrar protagonismo en el sector inmobiliario argentino. Con costos internos elevados, poca previsibilidad y escasa financiaci\u00f3n, la posibilidad de traer materiales de afuera ofrece una v\u00eda concreta para replantear la manera en que levantamos nuestras obras. Integrar tecnolog\u00edas y productos globales puede modernizar el sistema constructivo sin sacrificar identidad ni calidad.<\/h3>\n<p>22 de Mayo de 2025<\/p>\n<p class=\"p\">Los componentes de terminaci\u00f3n \u2014grifer\u00edas, porcelanatos, luminarias, carpinter\u00edas y cocinas modulares\u2014 suelen absorber entre 30 % y 50 % del presupuesto de un proyecto. Al abrir la puerta a proveedores de China, Turqu\u00eda o Vietnam, esos rubros ya exhiben rebajas del 20 % al 40 %. El resultado: desarrollos m\u00e1s eficientes, mayor margen para los constructores y precios finales m\u00e1s accesibles para el comprador.<\/p>\n<p class=\"p\">La combinaci\u00f3n de insumos importados con mano de obra y recursos locales podr\u00eda acelerar la entrega de viviendas de calidad, sobre todo para los segmentos medios y populares, donde el tiempo de ejecuci\u00f3n y el ajuste del presupuesto son claves. El desaf\u00edo es adaptar los dise\u00f1os, priorizar la eficiencia energ\u00e9tica y evitar esquemas que choquen con la tradici\u00f3n constructiva nacional.<\/p>\n<p class=\"p\">Mientras algunos ven en este proceso una amenaza para la industria argentina, otros lo interpretan como una inyecci\u00f3n de dinamismo en un sector alica\u00eddo. Quienes sumen insumos internacionales y sostengan altos est\u00e1ndares tendr\u00e1n ventaja. Los que no se modernicen corren el riesgo de quedar relegados en un mercado cada vez m\u00e1s exigente.<\/p>\n<p class=\"p\">En plazas como Miami, la vivienda prefabricada importada \u2014proveniente de Asia\u2014 ya es una opci\u00f3n corriente: reduce plazos hasta un 60 % y abarata costos m\u00e1s de un 30 %. En la Argentina a\u00fan persisten trabas normativas, la cultura del ladrillo y cuestiones log\u00edsticas, pero una nueva camada de desarrolladores explora modelos mixtos.<\/p>\n<h3><b>Proveedores y fortalezas por regi\u00f3n<\/b><\/h3>\n<p>El abastecimiento global se diversifica con opciones, cada una con ventajas espec\u00edficas que permiten ajustar dise\u00f1o, calidad y presupuesto seg\u00fan cada proyecto, por ejemplo:<\/p>\n<p>China: Porcelanatos, grifer\u00edas, cocinas modulares, luminarias, kits de casas prefabricadas. Ventajas: precio ultra competitivo y variedad masiva.<\/p>\n<p>Turqu\u00eda: Cer\u00e1micos, grifer\u00edas, revestimientos. Ventajas: buena relaci\u00f3n precio-calidad y dise\u00f1o europeo.<\/p>\n<p>Brasil: Perfiles de aluminio, pinturas, cables, yesos. Ventajas: proximidad log\u00edstica y acuerdos regionales.<\/p>\n<p>Espa\u00f1a\/Italia: Luminarias, grifer\u00eda, sanitarios de alta gama. Ventajas: calidad y dise\u00f1o premium.<\/p>\n<p>Vietnam\/Malasia: Pisos vin\u00edlicos, mobiliario modular, LED.<\/p>\n<p>Ventajas: alternativas econ\u00f3micas emergentes.<\/p>\n<p class=\"p\"><b>La globalizaci\u00f3n de la construcci\u00f3n ya es una realidad<\/b><\/p>\n<p class=\"p\">La cuesti\u00f3n no es si conviene importar, sino\u00a0<span class=\"15\">c\u00f3mo<\/span>\u00a0hacerlo de forma estrat\u00e9gica: seleccionando los materiales adecuados, manteniendo est\u00e1ndares y protegiendo el empleo local. Frente a la urgencia de construir m\u00e1s y mejor, abrirse al mundo \u2014sin perder las fortalezas nacionales\u2014 parece ser el camino.<\/p>\n<p>En definitiva, la globalizaci\u00f3n de la construcci\u00f3n ya es un hecho. La discusi\u00f3n no pasa por si conviene importar, sino por c\u00f3mo hacerlo de manera estrat\u00e9gica, cuidando los est\u00e1ndares, adaptando tecnolog\u00edas y garantizando que este cambio estructural no erosione el empleo local ni la calidad constructiva.<\/p>\n<p>Construir m\u00e1s y mejor es una urgencia, y para lograrlo necesitamos mirar al mundo sin perder de vista nuestras propias fortalezas.<\/p>\n<p>El autor,\u00a0Gerardo Feldman,\u00a0es arquitecto y fundador de Tribeca Group\u00a0<b>(InfoGEI)<\/b><b>Ac<\/b><\/p>\n","protected":false},"excerpt":{"rendered":"<div class=\"mh-excerpt\"><p>La apertura del mercado a insumos del extranjero volvi\u00f3 a cobrar protagonismo en el sector inmobiliario argentino. Con costos internos elevados, poca previsibilidad y escasa financiaci\u00f3n, la posibilidad de traer materiales de afuera ofrece una <a class=\"mh-excerpt-more\" href=\"https:\/\/larevistadigital.com.ar\/blog\/el-auge-de-las-importaciones-redibuja-el-panorama-de-la-construccion-en-el-pais\/\" title=\"El auge de las importaciones redibuja el panorama de la construcci\u00f3n en el pa\u00eds\">[Leer M\u00e1s]<\/a><\/p>\n<\/div>","protected":false},"author":3,"featured_media":39862,"comment_status":"open","ping_status":"open","sticky":false,"template":"","format":"standard","meta":{"_jetpack_memberships_contains_paid_content":false,"footnotes":"","jetpack_publicize_message":"","jetpack_publicize_feature_enabled":true,"jetpack_social_post_already_shared":true,"jetpack_social_options":{"image_generator_settings":{"template":"highway","default_image_id":0,"font":"","enabled":false},"version":2}},"categories":[50],"tags":[],"class_list":{"0":"post-39861","1":"post","2":"type-post","3":"status-publish","4":"format-standard","5":"has-post-thumbnail","7":"category-interes-general"},"jetpack_publicize_connections":[],"jetpack_featured_media_url":"https:\/\/i0.wp.com\/larevistadigital.com.ar\/blog\/wp-content\/uploads\/20250522182218_importaciones-construccion.jpg?fit=880%2C512&ssl=1","jetpack_sharing_enabled":true,"jetpack_shortlink":"https:\/\/wp.me\/p8qtrQ-amV","jetpack-related-posts":[{"id":35932,"url":"https:\/\/larevistadigital.com.ar\/blog\/mayo-llega-con-aumentos-de-luz-gas-combustibles-peajes-y-transportes\/","url_meta":{"origin":39861,"position":0},"title":"MAYO LLEGA CON AUMENTOS DE LUZ, GAS, COMBUSTIBLES, PEAJES Y TRANSPORTES","author":"Alejandro Sosa Ruda","date":"27 abril, 2024","format":false,"excerpt":"A partir de mayo, los precios de la electricidad, el gas, los peajes y los combustibles experimenten aumentos, lo que tendr\u00e1 un impacto significativo en los gastos de los ciudadanos. 27 de abril de 2024 En el caso de la luz y el gas, el gobierno planea implementar una nueva\u2026","rel":"","context":"En \u00abINTERES GENERAL\u00bb","block_context":{"text":"INTERES GENERAL","link":"https:\/\/larevistadigital.com.ar\/blog\/category\/interes-general\/"},"img":{"alt_text":"","src":"https:\/\/i0.wp.com\/larevistadigital.com.ar\/blog\/wp-content\/uploads\/20240426173108_motosierra-liguadora-milei.jpg?fit=880%2C512&ssl=1&resize=350%2C200","width":350,"height":200,"srcset":"https:\/\/i0.wp.com\/larevistadigital.com.ar\/blog\/wp-content\/uploads\/20240426173108_motosierra-liguadora-milei.jpg?fit=880%2C512&ssl=1&resize=350%2C200 1x, https:\/\/i0.wp.com\/larevistadigital.com.ar\/blog\/wp-content\/uploads\/20240426173108_motosierra-liguadora-milei.jpg?fit=880%2C512&ssl=1&resize=525%2C300 1.5x, https:\/\/i0.wp.com\/larevistadigital.com.ar\/blog\/wp-content\/uploads\/20240426173108_motosierra-liguadora-milei.jpg?fit=880%2C512&ssl=1&resize=700%2C400 2x"},"classes":[]},{"id":5356,"url":"https:\/\/larevistadigital.com.ar\/blog\/fin-de-semana-largo-sin-dinero-en-los-cajeros-de-chascomus\/","url_meta":{"origin":39861,"position":1},"title":"Fin de semana largo sin dinero en los cajeros de Chascom\u00fas","author":"admin","date":"29 marzo, 2018","format":false,"excerpt":"Francisco Rodr\u00edguez, se\u00f1al\u00f3 ayer que contin\u00faa la preocupaci\u00f3n de los afiliados tras el aumento de la edad jubilatoria y el rechazo del incremento salarial del 15% ofrecido por el gobierno de Vidal. Tambi\u00e9n se\u00f1al\u00f3 que este fin de semana largo no habr\u00e1 guardias para recargar los cajeros autom\u00e1ticos, ocasionando l\u00f3gicos\u2026","rel":"","context":"En \u00abPOLITICA\u00bb","block_context":{"text":"POLITICA","link":"https:\/\/larevistadigital.com.ar\/blog\/category\/politica\/"},"img":{"alt_text":"","src":"https:\/\/i0.wp.com\/larevistadigital.com.ar\/blog\/wp-content\/uploads\/2018\/03\/cajeros.jpg?fit=1200%2C675&ssl=1&resize=350%2C200","width":350,"height":200,"srcset":"https:\/\/i0.wp.com\/larevistadigital.com.ar\/blog\/wp-content\/uploads\/2018\/03\/cajeros.jpg?fit=1200%2C675&ssl=1&resize=350%2C200 1x, https:\/\/i0.wp.com\/larevistadigital.com.ar\/blog\/wp-content\/uploads\/2018\/03\/cajeros.jpg?fit=1200%2C675&ssl=1&resize=525%2C300 1.5x, https:\/\/i0.wp.com\/larevistadigital.com.ar\/blog\/wp-content\/uploads\/2018\/03\/cajeros.jpg?fit=1200%2C675&ssl=1&resize=700%2C400 2x, https:\/\/i0.wp.com\/larevistadigital.com.ar\/blog\/wp-content\/uploads\/2018\/03\/cajeros.jpg?fit=1200%2C675&ssl=1&resize=1050%2C600 3x"},"classes":[]},{"id":15360,"url":"https:\/\/larevistadigital.com.ar\/blog\/concejales-del-frente-de-todos-denuncian-que-etchevarren-reduce-el-regimen-horario-de-los-empleados-municipales\/","url_meta":{"origin":39861,"position":2},"title":"CONCEJALES DEL FRENTE DE TODOS DENUNCIAN QUE ETCHEVARREN REDUCE EL R\u00c9GIMEN HORARIO DE LOS EMPLEADOS MUNICIPALES","author":"Alejandro Sosa Ruda","date":"26 mayo, 2020","format":false,"excerpt":"El bloque de Concejales del Frente de Todos advierte por maniobras del gobierno local que violan el derecho laboral y constitucional. Los ediles afirmaron que \u201cel intendente Camilo Etchevarren se encuentra reduciendo por Decreto el r\u00e9gimen horario de los empleados municipales, pasando de 48 a 36 horas semanales\u201d. En estas\u2026","rel":"","context":"En \u00abDOLORES\u00bb","block_context":{"text":"DOLORES","link":"https:\/\/larevistadigital.com.ar\/blog\/category\/dolores\/"},"img":{"alt_text":"","src":"https:\/\/i0.wp.com\/larevistadigital.com.ar\/blog\/wp-content\/uploads\/Concejales-FdT.jpg?fit=693%2C346&ssl=1&resize=350%2C200","width":350,"height":200,"srcset":"https:\/\/i0.wp.com\/larevistadigital.com.ar\/blog\/wp-content\/uploads\/Concejales-FdT.jpg?fit=693%2C346&ssl=1&resize=350%2C200 1x, https:\/\/i0.wp.com\/larevistadigital.com.ar\/blog\/wp-content\/uploads\/Concejales-FdT.jpg?fit=693%2C346&ssl=1&resize=525%2C300 1.5x"},"classes":[]},{"id":14324,"url":"https:\/\/larevistadigital.com.ar\/blog\/ioma-siguen-los-atrasos-en-los-pagos-y-se-pone-en-duda-la-continuidad-de-las-prestaciones\/","url_meta":{"origin":39861,"position":3},"title":"IOMA: SIGUEN LOS ATRASOS EN LOS PAGOS Y SE PONE EN DUDA LA CONTINUIDAD DE LAS PRESTACIONES","author":"Alejandro Sosa Ruda","date":"23 enero, 2020","format":false,"excerpt":"La obra social bonaerense podr\u00eda perjudicar gravemente a los afiliados si, de perpetuarse la situaci\u00f3n vigente, se comienzan a cortar las prestaciones y servicios que se ofrecen habitualmente. Seg\u00fan consigna el medio Realpolitik, en algunos casos la mora alcanza los seis meses. El Instituto de Obra M\u00e9dico Asistencial (IOMA) perpet\u00faa\u2026","rel":"","context":"En \u00abINTERES GENERAL\u00bb","block_context":{"text":"INTERES GENERAL","link":"https:\/\/larevistadigital.com.ar\/blog\/category\/interes-general\/"},"img":{"alt_text":"","src":"https:\/\/i0.wp.com\/larevistadigital.com.ar\/blog\/wp-content\/uploads\/20200123133340_ioma-1.jpg?fit=880%2C495&ssl=1&resize=350%2C200","width":350,"height":200,"srcset":"https:\/\/i0.wp.com\/larevistadigital.com.ar\/blog\/wp-content\/uploads\/20200123133340_ioma-1.jpg?fit=880%2C495&ssl=1&resize=350%2C200 1x, https:\/\/i0.wp.com\/larevistadigital.com.ar\/blog\/wp-content\/uploads\/20200123133340_ioma-1.jpg?fit=880%2C495&ssl=1&resize=525%2C300 1.5x, https:\/\/i0.wp.com\/larevistadigital.com.ar\/blog\/wp-content\/uploads\/20200123133340_ioma-1.jpg?fit=880%2C495&ssl=1&resize=700%2C400 2x"},"classes":[]},{"id":28485,"url":"https:\/\/larevistadigital.com.ar\/blog\/kicillof-anuncio-aumentos-salariales-para-los-trabajadores-del-estado\/","url_meta":{"origin":39861,"position":4},"title":"KICILLOF ANUNCI\u00d3 AUMENTOS SALARIALES PARA LOS TRABAJADORES DEL ESTADO","author":"Alejandro Sosa Ruda","date":"18 octubre, 2022","format":false,"excerpt":"Fue durante una reuni\u00f3n que mantuvo esta ma\u00f1ana con autoridades de los gremios que representan a los agentes de la administraci\u00f3n p\u00fablica. 18 de octubre de 2022 En el marco de la paritaria 2022, el gobernador de la provincia de Buenos Aires, Axel Kicillof, se reuni\u00f3 esta ma\u00f1ana con autoridades\u2026","rel":"","context":"En \u00abPOLITICA PROVINCIAL\u00bb","block_context":{"text":"POLITICA PROVINCIAL","link":"https:\/\/larevistadigital.com.ar\/blog\/category\/politica\/politica-provincial\/"},"img":{"alt_text":"","src":"https:\/\/i0.wp.com\/larevistadigital.com.ar\/blog\/wp-content\/uploads\/20221017170852_axel-kicillof-gremios-jpg.jpg?fit=880%2C512&ssl=1&resize=350%2C200","width":350,"height":200,"srcset":"https:\/\/i0.wp.com\/larevistadigital.com.ar\/blog\/wp-content\/uploads\/20221017170852_axel-kicillof-gremios-jpg.jpg?fit=880%2C512&ssl=1&resize=350%2C200 1x, https:\/\/i0.wp.com\/larevistadigital.com.ar\/blog\/wp-content\/uploads\/20221017170852_axel-kicillof-gremios-jpg.jpg?fit=880%2C512&ssl=1&resize=525%2C300 1.5x, https:\/\/i0.wp.com\/larevistadigital.com.ar\/blog\/wp-content\/uploads\/20221017170852_axel-kicillof-gremios-jpg.jpg?fit=880%2C512&ssl=1&resize=700%2C400 2x"},"classes":[]},{"id":29773,"url":"https:\/\/larevistadigital.com.ar\/blog\/caso-baez-sosa-ni-los-propios-amigos-pueden-hablar-bien-de-los-acusados-dijo-burlando\/","url_meta":{"origin":39861,"position":5},"title":"CASO BAEZ SOSA: \u00abNI LOS PROPIOS AMIGOS PUEDEN HABLAR BIEN DE LOS ACUSADOS\u00bb DIJO BURLANDO","author":"Alejandro Sosa Ruda","date":"16 enero, 2023","format":false,"excerpt":"Declararon Tomas Colazo y Juan Pedro Guarino. Alejo Milanessi no lo hizo. Si bien el abogado dijo que\u00a0\"hubo muchas contradicciones\", aclar\u00f3 que tratan\u00a0\"de darle agilidad en las diligencias\". 16 de enero de 2023 DOLORES -\u00a0 Fernando Burlando, abogado de los padres de Fernando B\u00e1ez Sosa en la puerta de los\u2026","rel":"","context":"En \u00abINTERES GENERAL\u00bb","block_context":{"text":"INTERES GENERAL","link":"https:\/\/larevistadigital.com.ar\/blog\/category\/interes-general\/"},"img":{"alt_text":"","src":"https:\/\/i0.wp.com\/larevistadigital.com.ar\/blog\/wp-content\/uploads\/686822-16-01-2023-juan-pedro-guarino-uno-de.jpg?fit=1200%2C1050&ssl=1&resize=350%2C200","width":350,"height":200,"srcset":"https:\/\/i0.wp.com\/larevistadigital.com.ar\/blog\/wp-content\/uploads\/686822-16-01-2023-juan-pedro-guarino-uno-de.jpg?fit=1200%2C1050&ssl=1&resize=350%2C200 1x, https:\/\/i0.wp.com\/larevistadigital.com.ar\/blog\/wp-content\/uploads\/686822-16-01-2023-juan-pedro-guarino-uno-de.jpg?fit=1200%2C1050&ssl=1&resize=525%2C300 1.5x, https:\/\/i0.wp.com\/larevistadigital.com.ar\/blog\/wp-content\/uploads\/686822-16-01-2023-juan-pedro-guarino-uno-de.jpg?fit=1200%2C1050&ssl=1&resize=700%2C400 2x, https:\/\/i0.wp.com\/larevistadigital.com.ar\/blog\/wp-content\/uploads\/686822-16-01-2023-juan-pedro-guarino-uno-de.jpg?fit=1200%2C1050&ssl=1&resize=1050%2C600 3x"},"classes":[]}],"_links":{"self":[{"href":"https:\/\/larevistadigital.com.ar\/blog\/wp-json\/wp\/v2\/posts\/39861","targetHints":{"allow":["GET"]}}],"collection":[{"href":"https:\/\/larevistadigital.com.ar\/blog\/wp-json\/wp\/v2\/posts"}],"about":[{"href":"https:\/\/larevistadigital.com.ar\/blog\/wp-json\/wp\/v2\/types\/post"}],"author":[{"embeddable":true,"href":"https:\/\/larevistadigital.com.ar\/blog\/wp-json\/wp\/v2\/users\/3"}],"replies":[{"embeddable":true,"href":"https:\/\/larevistadigital.com.ar\/blog\/wp-json\/wp\/v2\/comments?post=39861"}],"version-history":[{"count":1,"href":"https:\/\/larevistadigital.com.ar\/blog\/wp-json\/wp\/v2\/posts\/39861\/revisions"}],"predecessor-version":[{"id":39863,"href":"https:\/\/larevistadigital.com.ar\/blog\/wp-json\/wp\/v2\/posts\/39861\/revisions\/39863"}],"wp:featuredmedia":[{"embeddable":true,"href":"https:\/\/larevistadigital.com.ar\/blog\/wp-json\/wp\/v2\/media\/39862"}],"wp:attachment":[{"href":"https:\/\/larevistadigital.com.ar\/blog\/wp-json\/wp\/v2\/media?parent=39861"}],"wp:term":[{"taxonomy":"category","embeddable":true,"href":"https:\/\/larevistadigital.com.ar\/blog\/wp-json\/wp\/v2\/categories?post=39861"},{"taxonomy":"post_tag","embeddable":true,"href":"https:\/\/larevistadigital.com.ar\/blog\/wp-json\/wp\/v2\/tags?post=39861"}],"curies":[{"name":"wp","href":"https:\/\/api.w.org\/{rel}","templated":true}]}}