{"id":39864,"date":"2025-05-22T18:58:37","date_gmt":"2025-05-22T21:58:37","guid":{"rendered":"https:\/\/larevistadigital.com.ar\/blog\/?p=39864"},"modified":"2025-05-22T18:59:59","modified_gmt":"2025-05-22T21:59:59","slug":"productores-agropecuarios-amenazan-a-intendente-pro-con-llevarlo-a-tribunales","status":"publish","type":"post","link":"https:\/\/larevistadigital.com.ar\/blog\/productores-agropecuarios-amenazan-a-intendente-pro-con-llevarlo-a-tribunales\/","title":{"rendered":"Productores agropecuarios amenazan a intendente PRO con llevarlo a tribunales"},"content":{"rendered":"<h3 class=\"fparrafo ctext fz18 lh25\">El conflicto entre el sector agropecuario de Jun\u00edn y el gobierno municipal se intensifica. Durante una asamblea con la participaci\u00f3n de m\u00e1s de 200 productores, se resolvi\u00f3 analizar la posibilidad de iniciar acciones judiciales colectivas contra la gesti\u00f3n del intendente Pablo Petrecca, a quien acusan de haber desatendido de forma prolongada el estado de los caminos rurales.<\/h3>\n<p>22 de Mayo de 2025<\/p>\n<p class=\"p\"><strong>JUNIN &#8211;<\/strong>\u00a0 Los productores sostienen que hace m\u00e1s de un a\u00f1o y medio que no se realizan trabajos de mantenimiento en numerosos tramos viales, muchos de ellos en zonas claves para la producci\u00f3n, lo que los ha dejado pr\u00e1cticamente intransitables. <em><strong>\u201cHay caminos por donde no pasa una m\u00e1quina desde hace m\u00e1s de un a\u00f1o. Esto ya no se puede sostener\u201d<\/strong><\/em>, afirm\u00f3 <strong>Alejandro Barbieri<\/strong>, expresidente de la Sociedad Rural local.<\/p>\n<p class=\"p\">Seg\u00fan reporta el medio local, Semanario, la principal exigencia del sector es que se concreten las reparaciones sin m\u00e1s demoras, al margen de la eventual tercerizaci\u00f3n del servicio que el Ejecutivo ha mencionado, pero a\u00fan sin precisiones ni documentaci\u00f3n oficial. <em><strong>\u201cNo importa si lo hace el municipio o un privado, lo que se necesita es que los caminos se arreglen ya\u201d<\/strong><\/em>, remarcaron desde las entidades agropecuarias.<\/p>\n<blockquote>\n<h3 class=\"p\">Barbieri tambi\u00e9n critic\u00f3 la gesti\u00f3n de la tasa vial y denunci\u00f3 la falta de voluntad pol\u00edtica para resolver el problema. En este sentido, la asamblea decidi\u00f3 explorar v\u00edas legales para garantizar que lo recaudado por este tributo se destine efectivamente al mantenimiento de la red vial.<\/h3>\n<\/blockquote>\n<p class=\"p\">Por su parte, el actual presidente de la Sociedad Rural de Jun\u00edn, Hern\u00e1n Guibelalde, destac\u00f3 la alta convocatoria y plante\u00f3 la necesidad urgente de una renovaci\u00f3n total de los caminos rurales. <em><strong>\u201cSolo tres de cada diez pesos que paga el productor por la tasa se utilizan para los caminos, lo cual es claramente insuficiente\u201d<\/strong><\/em>, expres\u00f3. Aunque se mostraron dispuestos a mantener un di\u00e1logo franco con el municipio, los productores advirtieron que si no hay m\u00e1s inversi\u00f3n, deber\u00e1 reconsiderarse el valor de la tasa.\u00a0<b>(InfoGEI)<\/b><b>Ac<\/b><\/p>\n","protected":false},"excerpt":{"rendered":"<div class=\"mh-excerpt\"><p>El conflicto entre el sector agropecuario de Jun\u00edn y el gobierno municipal se intensifica. Durante una asamblea con la participaci\u00f3n de m\u00e1s de 200 productores, se resolvi\u00f3 analizar la posibilidad de iniciar acciones judiciales colectivas <a class=\"mh-excerpt-more\" href=\"https:\/\/larevistadigital.com.ar\/blog\/productores-agropecuarios-amenazan-a-intendente-pro-con-llevarlo-a-tribunales\/\" title=\"Productores agropecuarios amenazan a intendente PRO con llevarlo a tribunales\">[Leer M\u00e1s]<\/a><\/p>\n<\/div>","protected":false},"author":3,"featured_media":39865,"comment_status":"open","ping_status":"open","sticky":false,"template":"","format":"standard","meta":{"_jetpack_memberships_contains_paid_content":false,"footnotes":"","jetpack_publicize_message":"","jetpack_publicize_feature_enabled":true,"jetpack_social_post_already_shared":true,"jetpack_social_options":{"image_generator_settings":{"template":"highway","default_image_id":0,"font":"","enabled":false},"version":2}},"categories":[51],"tags":[],"class_list":{"0":"post-39864","1":"post","2":"type-post","3":"status-publish","4":"format-standard","5":"has-post-thumbnail","7":"category-regionales"},"jetpack_publicize_connections":[],"jetpack_featured_media_url":"https:\/\/i0.wp.com\/larevistadigital.com.ar\/blog\/wp-content\/uploads\/20250522175049_productores-agropecuarios-intendente-pro-tribunales.jpg?fit=880%2C512&ssl=1","jetpack_sharing_enabled":true,"jetpack_shortlink":"https:\/\/wp.me\/p8qtrQ-amY","jetpack-related-posts":[{"id":32514,"url":"https:\/\/larevistadigital.com.ar\/blog\/carlos-casares-un-grupo-de-productores-rurales-irrumpieron-en-el-concejo-deliberante-por-el-estado-de-los-caminos\/","url_meta":{"origin":39864,"position":0},"title":"CARLOS CASARES: UN GRUPO DE PRODUCTORES RURALES IRRUMPIERON EN EL CONCEJO DELIBERANTE POR EL ESTADO DE LOS CAMINOS","author":"Alejandro Sosa Ruda","date":"20 julio, 2023","format":false,"excerpt":"Los productores estaban ilusionados con la posibilidad de una revisi\u00f3n de ese esquema, ya hab\u00edan reunido m\u00e1s de 650 firmas para apoyar un proyecto que propon\u00eda la rebaja, pero poco antes de la reuni\u00f3n del jueves pasado fueron anoticiados de que el proyecto no se debatir\u00eda hasta agosto. 20 de\u2026","rel":"","context":"En \u00abPOLITICA\u00bb","block_context":{"text":"POLITICA","link":"https:\/\/larevistadigital.com.ar\/blog\/category\/politica\/"},"img":{"alt_text":"","src":"https:\/\/i0.wp.com\/larevistadigital.com.ar\/blog\/wp-content\/uploads\/20230719164236_casares-productores.png?fit=880%2C512&ssl=1&resize=350%2C200","width":350,"height":200,"srcset":"https:\/\/i0.wp.com\/larevistadigital.com.ar\/blog\/wp-content\/uploads\/20230719164236_casares-productores.png?fit=880%2C512&ssl=1&resize=350%2C200 1x, https:\/\/i0.wp.com\/larevistadigital.com.ar\/blog\/wp-content\/uploads\/20230719164236_casares-productores.png?fit=880%2C512&ssl=1&resize=525%2C300 1.5x, https:\/\/i0.wp.com\/larevistadigital.com.ar\/blog\/wp-content\/uploads\/20230719164236_casares-productores.png?fit=880%2C512&ssl=1&resize=700%2C400 2x"},"classes":[]},{"id":41753,"url":"https:\/\/larevistadigital.com.ar\/blog\/pehuajo-el-intendente-pablo-zurro-denuncio-el-deterioro-de-los-caminos-rurales-y-el-ingreso-ilegal-de-agua\/","url_meta":{"origin":39864,"position":1},"title":"Pehuaj\u00f3: el intendente Pablo Zurro denunci\u00f3 el deterioro de los caminos rurales y el ingreso ilegal de agua","author":"Alejandro Sosa Ruda","date":"3 octubre, 2025","format":false,"excerpt":"El jefe comunal responsabiliz\u00f3 a empresas por el mal estado de las v\u00edas y pidi\u00f3 la intervenci\u00f3n de las autoridades provinciales y nacionales. 03 de Octubre de 2025 BUENOS AIRES -\u00a0 \u00a0El intendente de Pehuaj\u00f3, Pablo Zurro, expres\u00f3 su preocupaci\u00f3n por el cr\u00edtico estado de los caminos rurales del distrito,\u2026","rel":"","context":"En \u00abPOLITICA PROVINCIAL\u00bb","block_context":{"text":"POLITICA PROVINCIAL","link":"https:\/\/larevistadigital.com.ar\/blog\/category\/politica\/politica-provincial\/"},"img":{"alt_text":"","src":"https:\/\/i0.wp.com\/larevistadigital.com.ar\/blog\/wp-content\/uploads\/20251003130418_whatsapp-image-2025-10-03-at-13-03-31.webp?fit=1200%2C685&ssl=1&resize=350%2C200","width":350,"height":200,"srcset":"https:\/\/i0.wp.com\/larevistadigital.com.ar\/blog\/wp-content\/uploads\/20251003130418_whatsapp-image-2025-10-03-at-13-03-31.webp?fit=1200%2C685&ssl=1&resize=350%2C200 1x, https:\/\/i0.wp.com\/larevistadigital.com.ar\/blog\/wp-content\/uploads\/20251003130418_whatsapp-image-2025-10-03-at-13-03-31.webp?fit=1200%2C685&ssl=1&resize=525%2C300 1.5x, https:\/\/i0.wp.com\/larevistadigital.com.ar\/blog\/wp-content\/uploads\/20251003130418_whatsapp-image-2025-10-03-at-13-03-31.webp?fit=1200%2C685&ssl=1&resize=700%2C400 2x, https:\/\/i0.wp.com\/larevistadigital.com.ar\/blog\/wp-content\/uploads\/20251003130418_whatsapp-image-2025-10-03-at-13-03-31.webp?fit=1200%2C685&ssl=1&resize=1050%2C600 3x"},"classes":[]},{"id":1221,"url":"https:\/\/larevistadigital.com.ar\/blog\/fernando-burlando-pedira-las-detenciones-del-indio-solari-el-intendente-de-olavarria-y-los-productores\/","url_meta":{"origin":39864,"position":2},"title":"FERNANDO BURLANDO PEDIR\u00c1 LAS DETENCI\u00d3NES DEL INDIO SOLARI, EL INTENDENTE DE OLAVARRIA Y LOS PRODUCTORES","author":"Alejandro Sosa Ruda","date":"15 marzo, 2017","format":false,"excerpt":"El medi\u00e1tico abogado representa a la familia de Javier le\u00f3n, una de las v\u00edctimas fatales de la tragedia de Olavarr\u00eda en ocasi\u00f3n del recital brindado por el Indio Solari. En una nota brindada al portal Infobae, coment\u00f3 que est\u00e1 trabajando en \u00a0los escritos necesarios para solicitar las detenciones del Indio\u2026","rel":"","context":"En \u00abDESTACADAS\u00bb","block_context":{"text":"DESTACADAS","link":"https:\/\/larevistadigital.com.ar\/blog\/category\/destacadas\/"},"img":{"alt_text":"","src":"https:\/\/i0.wp.com\/larevistadigital.com.ar\/blog\/wp-content\/uploads\/2017\/03\/2198562.jpg?fit=1200%2C675&ssl=1&resize=350%2C200","width":350,"height":200,"srcset":"https:\/\/i0.wp.com\/larevistadigital.com.ar\/blog\/wp-content\/uploads\/2017\/03\/2198562.jpg?fit=1200%2C675&ssl=1&resize=350%2C200 1x, https:\/\/i0.wp.com\/larevistadigital.com.ar\/blog\/wp-content\/uploads\/2017\/03\/2198562.jpg?fit=1200%2C675&ssl=1&resize=525%2C300 1.5x, https:\/\/i0.wp.com\/larevistadigital.com.ar\/blog\/wp-content\/uploads\/2017\/03\/2198562.jpg?fit=1200%2C675&ssl=1&resize=700%2C400 2x, https:\/\/i0.wp.com\/larevistadigital.com.ar\/blog\/wp-content\/uploads\/2017\/03\/2198562.jpg?fit=1200%2C675&ssl=1&resize=1050%2C600 3x"},"classes":[]},{"id":14250,"url":"https:\/\/larevistadigital.com.ar\/blog\/mas-de-700-productores-pidieron-ir-al-paro-del-agro\/","url_meta":{"origin":39864,"position":3},"title":"MAS DE 700 PRODUCTORES PIDIERON IR AL PARO DEL AGRO","author":"Alejandro Sosa Ruda","date":"19 enero, 2020","format":false,"excerpt":"La asamblea de Pergamino fue una catarsis p\u00fablica del clima entre los productores Si el campo va a ser, junto con el turismo, la energ\u00eda y la miner\u00eda, una de las actividades que va a revitalizar la econom\u00eda, seg\u00fan pronostic\u00f3 el presidente\u00a0Alberto Fern\u00e1ndez, algo no se est\u00e1 haciendo bien. Al\u2026","rel":"","context":"En \u00abINTERES GENERAL\u00bb","block_context":{"text":"INTERES GENERAL","link":"https:\/\/larevistadigital.com.ar\/blog\/category\/interes-general\/"},"img":{"alt_text":"","src":"https:\/\/i0.wp.com\/larevistadigital.com.ar\/blog\/wp-content\/uploads\/3179117w1033.jpg?fit=1033%2C688&ssl=1&resize=350%2C200","width":350,"height":200,"srcset":"https:\/\/i0.wp.com\/larevistadigital.com.ar\/blog\/wp-content\/uploads\/3179117w1033.jpg?fit=1033%2C688&ssl=1&resize=350%2C200 1x, https:\/\/i0.wp.com\/larevistadigital.com.ar\/blog\/wp-content\/uploads\/3179117w1033.jpg?fit=1033%2C688&ssl=1&resize=525%2C300 1.5x, https:\/\/i0.wp.com\/larevistadigital.com.ar\/blog\/wp-content\/uploads\/3179117w1033.jpg?fit=1033%2C688&ssl=1&resize=700%2C400 2x"},"classes":[]},{"id":42092,"url":"https:\/\/larevistadigital.com.ar\/blog\/rechazan-proyecto-libertario-de-sobretasa-vial-en-plena-crisis-por-las-inundaciones\/","url_meta":{"origin":39864,"position":4},"title":"Rechazan proyecto libertario de sobretasa vial en plena crisis por las inundaciones","author":"Alejandro Sosa Ruda","date":"19 octubre, 2025","format":false,"excerpt":"Una fuerte pol\u00e9mica se desat\u00f3 en Carlos Casares luego de que el concejal de Avanza Libertad, Jos\u00e9 Luis Ledesma, propusiera aplicar una sobretasa del 30% sobre la tasa vial que pagan los productores agropecuarios, con el argumento de destinar esos fondos a la reconstrucci\u00f3n de los caminos rurales. La iniciativa\u2026","rel":"","context":"En \u00abPOLITICA\u00bb","block_context":{"text":"POLITICA","link":"https:\/\/larevistadigital.com.ar\/blog\/category\/politica\/"},"img":{"alt_text":"","src":"https:\/\/i0.wp.com\/larevistadigital.com.ar\/blog\/wp-content\/uploads\/20251017164655_carbap-concejal-avanza-libertad-sobretasa-vial.jpg?fit=880%2C512&ssl=1&resize=350%2C200","width":350,"height":200,"srcset":"https:\/\/i0.wp.com\/larevistadigital.com.ar\/blog\/wp-content\/uploads\/20251017164655_carbap-concejal-avanza-libertad-sobretasa-vial.jpg?fit=880%2C512&ssl=1&resize=350%2C200 1x, https:\/\/i0.wp.com\/larevistadigital.com.ar\/blog\/wp-content\/uploads\/20251017164655_carbap-concejal-avanza-libertad-sobretasa-vial.jpg?fit=880%2C512&ssl=1&resize=525%2C300 1.5x, https:\/\/i0.wp.com\/larevistadigital.com.ar\/blog\/wp-content\/uploads\/20251017164655_carbap-concejal-avanza-libertad-sobretasa-vial.jpg?fit=880%2C512&ssl=1&resize=700%2C400 2x"},"classes":[]},{"id":41749,"url":"https:\/\/larevistadigital.com.ar\/blog\/productores-bonaerenses-convocan-a-un-tractorazo-en-rechazo-a-la-vuelta-de-las-retenciones\/","url_meta":{"origin":39864,"position":5},"title":"Productores bonaerenses convocan a un \u201ctractorazo\u201d en rechazo a la vuelta de las retenciones","author":"Alejandro Sosa Ruda","date":"3 octubre, 2025","format":false,"excerpt":"La protesta se realizar\u00e1 el s\u00e1bado 4 de octubre en distintos puntos de la provincia. Reclaman por la reinstauraci\u00f3n del tributo, el mal estado de los caminos rurales y la falta de obras p\u00fablicas. 03 de Octubre de 2025 BUENOS AIRES -\u00a0 \u00a0Productores agropecuarios de distintos distritos de la provincia\u2026","rel":"","context":"En \u00abREGIONALES\u00bb","block_context":{"text":"REGIONALES","link":"https:\/\/larevistadigital.com.ar\/blog\/category\/regionales\/"},"img":{"alt_text":"","src":"https:\/\/i0.wp.com\/larevistadigital.com.ar\/blog\/wp-content\/uploads\/Captura-de-pantalla-2025-10-03-170829.jpg?fit=701%2C389&ssl=1&resize=350%2C200","width":350,"height":200,"srcset":"https:\/\/i0.wp.com\/larevistadigital.com.ar\/blog\/wp-content\/uploads\/Captura-de-pantalla-2025-10-03-170829.jpg?fit=701%2C389&ssl=1&resize=350%2C200 1x, https:\/\/i0.wp.com\/larevistadigital.com.ar\/blog\/wp-content\/uploads\/Captura-de-pantalla-2025-10-03-170829.jpg?fit=701%2C389&ssl=1&resize=525%2C300 1.5x, https:\/\/i0.wp.com\/larevistadigital.com.ar\/blog\/wp-content\/uploads\/Captura-de-pantalla-2025-10-03-170829.jpg?fit=701%2C389&ssl=1&resize=700%2C400 2x"},"classes":[]}],"_links":{"self":[{"href":"https:\/\/larevistadigital.com.ar\/blog\/wp-json\/wp\/v2\/posts\/39864","targetHints":{"allow":["GET"]}}],"collection":[{"href":"https:\/\/larevistadigital.com.ar\/blog\/wp-json\/wp\/v2\/posts"}],"about":[{"href":"https:\/\/larevistadigital.com.ar\/blog\/wp-json\/wp\/v2\/types\/post"}],"author":[{"embeddable":true,"href":"https:\/\/larevistadigital.com.ar\/blog\/wp-json\/wp\/v2\/users\/3"}],"replies":[{"embeddable":true,"href":"https:\/\/larevistadigital.com.ar\/blog\/wp-json\/wp\/v2\/comments?post=39864"}],"version-history":[{"count":2,"href":"https:\/\/larevistadigital.com.ar\/blog\/wp-json\/wp\/v2\/posts\/39864\/revisions"}],"predecessor-version":[{"id":39867,"href":"https:\/\/larevistadigital.com.ar\/blog\/wp-json\/wp\/v2\/posts\/39864\/revisions\/39867"}],"wp:featuredmedia":[{"embeddable":true,"href":"https:\/\/larevistadigital.com.ar\/blog\/wp-json\/wp\/v2\/media\/39865"}],"wp:attachment":[{"href":"https:\/\/larevistadigital.com.ar\/blog\/wp-json\/wp\/v2\/media?parent=39864"}],"wp:term":[{"taxonomy":"category","embeddable":true,"href":"https:\/\/larevistadigital.com.ar\/blog\/wp-json\/wp\/v2\/categories?post=39864"},{"taxonomy":"post_tag","embeddable":true,"href":"https:\/\/larevistadigital.com.ar\/blog\/wp-json\/wp\/v2\/tags?post=39864"}],"curies":[{"name":"wp","href":"https:\/\/api.w.org\/{rel}","templated":true}]}}