{"id":39868,"date":"2025-05-22T19:11:01","date_gmt":"2025-05-22T22:11:01","guid":{"rendered":"https:\/\/larevistadigital.com.ar\/blog\/?p=39868"},"modified":"2025-05-22T19:11:01","modified_gmt":"2025-05-22T22:11:01","slug":"adquirio-una-vivienda-y-al-entrar-por-primera-vez-descubrio-un-cadaver-en-descomposicion","status":"publish","type":"post","link":"https:\/\/larevistadigital.com.ar\/blog\/adquirio-una-vivienda-y-al-entrar-por-primera-vez-descubrio-un-cadaver-en-descomposicion\/","title":{"rendered":"Adquiri\u00f3 una vivienda y al entrar por primera vez descubri\u00f3 un cad\u00e1ver en descomposici\u00f3n"},"content":{"rendered":"<h2 class=\"fparrafo ctext fz18 lh25\">Al ingresar a la vivienda reci\u00e9n adquirida en el distrito de Mor\u00f3n, el comprador del inmueble se encontr\u00f3 con un cuerpo en descomposici\u00f3n. Las autoridades investigan el origen de la muerte.<\/h2>\n<p>22 de Mayo de 2025<\/p>\n<p class=\"p\"><strong>MORON &#8211;\u00a0<\/strong> \u00a0El suceso gener\u00f3 conmoci\u00f3n en Mor\u00f3n cuando el nuevo due\u00f1o de la propiedad encontr\u00f3 el cad\u00e1ver sin identificar al acceder a la casa.<\/p>\n<blockquote>\n<h3 class=\"p\">La Polic\u00eda acudi\u00f3 al lugar, ubicado en Avenida Rivadavia al 17300, donde el cuerpo yac\u00eda entre materiales de construcci\u00f3n y restos de madera, en lo que parec\u00eda un espacio de almacenamiento.<\/h3>\n<\/blockquote>\n<p class=\"p\">La Justicia inici\u00f3 una investigaci\u00f3n para esclarecer las circunstancias del deceso. La hip\u00f3tesis principal sugiere que podr\u00eda tratarse de una persona sin hogar que habr\u00eda entrado al inmueble abandonado en busca de refugio.<\/p>\n<p class=\"p\">Adem\u00e1s, se orden\u00f3 una autopsia para verificar si la muerte fue por causas naturales, ya que no se observaron signos de violencia. La UFI N\u00b04 de Mor\u00f3n, a cargo de Paula Salevsky, lleva el caso, realizando pericias y cotejando datos de desaparecidos, aunque hasta ahora sin resultados.\u00a0<b>(InfoGEI)<\/b><b>Ac<\/b><\/p>\n","protected":false},"excerpt":{"rendered":"<div class=\"mh-excerpt\"><p>Al ingresar a la vivienda reci\u00e9n adquirida en el distrito de Mor\u00f3n, el comprador del inmueble se encontr\u00f3 con un cuerpo en descomposici\u00f3n. Las autoridades investigan el origen de la muerte. 22 de Mayo de <a class=\"mh-excerpt-more\" href=\"https:\/\/larevistadigital.com.ar\/blog\/adquirio-una-vivienda-y-al-entrar-por-primera-vez-descubrio-un-cadaver-en-descomposicion\/\" title=\"Adquiri\u00f3 una vivienda y al entrar por primera vez descubri\u00f3 un cad\u00e1ver en descomposici\u00f3n\">[Leer M\u00e1s]<\/a><\/p>\n<\/div>","protected":false},"author":3,"featured_media":39869,"comment_status":"open","ping_status":"open","sticky":false,"template":"","format":"standard","meta":{"_jetpack_memberships_contains_paid_content":false,"footnotes":"","jetpack_publicize_message":"","jetpack_publicize_feature_enabled":true,"jetpack_social_post_already_shared":true,"jetpack_social_options":{"image_generator_settings":{"template":"highway","default_image_id":0,"font":"","enabled":false},"version":2}},"categories":[50,44],"tags":[],"class_list":{"0":"post-39868","1":"post","2":"type-post","3":"status-publish","4":"format-standard","5":"has-post-thumbnail","7":"category-interes-general","8":"category-policiales"},"jetpack_publicize_connections":[],"jetpack_featured_media_url":"https:\/\/i0.wp.com\/larevistadigital.com.ar\/blog\/wp-content\/uploads\/20250522173525_compro-casa-cadaver-adentro.jpg?fit=880%2C512&ssl=1","jetpack_sharing_enabled":true,"jetpack_shortlink":"https:\/\/wp.me\/p8qtrQ-an2","jetpack-related-posts":[{"id":25479,"url":"https:\/\/larevistadigital.com.ar\/blog\/mar-del-plata-hallaron-un-cadaver-desnudo-en-el-arroyo-la-tapera\/","url_meta":{"origin":39868,"position":0},"title":"MAR DEL PLATA: HALLARON UN CADAVER DESNUDO EN EL ARROYO \u00abLA TAPERA\u00bb","author":"Alejandro Sosa Ruda","date":"30 mayo, 2022","format":false,"excerpt":"Personal policial trabaja en el lugar del hecho, en las inmediaciones de Constituci\u00f3n y Ferm\u00edn Errea. A\u00fan se desconoce el sexo de la persona fallecida, debido a que el cuerpo se encontraba en avanzado estado de descomposici\u00f3n. MAR DEL PLATA -\u00a0 Un cad\u00e1ver fue\u00a0encontrado\u00a0desnudo\u00a0este lunes a la tarde en avanzado\u2026","rel":"","context":"En \u00abPOLICIALES\u00bb","block_context":{"text":"POLICIALES","link":"https:\/\/larevistadigital.com.ar\/blog\/category\/policiales\/"},"img":{"alt_text":"","src":"https:\/\/i0.wp.com\/larevistadigital.com.ar\/blog\/wp-content\/uploads\/CADAVER-EN-ARROYO.png?fit=807%2C447&ssl=1&resize=350%2C200","width":350,"height":200,"srcset":"https:\/\/i0.wp.com\/larevistadigital.com.ar\/blog\/wp-content\/uploads\/CADAVER-EN-ARROYO.png?fit=807%2C447&ssl=1&resize=350%2C200 1x, https:\/\/i0.wp.com\/larevistadigital.com.ar\/blog\/wp-content\/uploads\/CADAVER-EN-ARROYO.png?fit=807%2C447&ssl=1&resize=525%2C300 1.5x, https:\/\/i0.wp.com\/larevistadigital.com.ar\/blog\/wp-content\/uploads\/CADAVER-EN-ARROYO.png?fit=807%2C447&ssl=1&resize=700%2C400 2x"},"classes":[]},{"id":30755,"url":"https:\/\/larevistadigital.com.ar\/blog\/conmocion-en-miramar-encontraron-un-cadaver-decapitado-en-las-playas\/","url_meta":{"origin":39868,"position":1},"title":"CONMOCI\u00d3N EN MIRAMAR: ENCONTRARON UN CADAVER DECAPITADO EN LAS PLAYAS","author":"Alejandro Sosa Ruda","date":"28 marzo, 2023","format":false,"excerpt":"Estaba entre Mar del Sud y Centinela del Mar y fue hallado por el puestero de un campo de la zona. Su estado de descomposici\u00f3n no permiti\u00f3 confirmar sexo. 28 de marzo de 2023 MIRAMAR -\u00a0 Un trabajador rural que estaba de recorrida por un campo entre\u00a0Mar del Sud y\u2026","rel":"","context":"En \u00abPOLICIALES\u00bb","block_context":{"text":"POLICIALES","link":"https:\/\/larevistadigital.com.ar\/blog\/category\/policiales\/"},"img":{"alt_text":"","src":"https:\/\/i0.wp.com\/larevistadigital.com.ar\/blog\/wp-content\/uploads\/fcd6c2d8e23728eecfccfcc1dc20f8f6aa1294c1.jpg?fit=1140%2C675&ssl=1&resize=350%2C200","width":350,"height":200,"srcset":"https:\/\/i0.wp.com\/larevistadigital.com.ar\/blog\/wp-content\/uploads\/fcd6c2d8e23728eecfccfcc1dc20f8f6aa1294c1.jpg?fit=1140%2C675&ssl=1&resize=350%2C200 1x, https:\/\/i0.wp.com\/larevistadigital.com.ar\/blog\/wp-content\/uploads\/fcd6c2d8e23728eecfccfcc1dc20f8f6aa1294c1.jpg?fit=1140%2C675&ssl=1&resize=525%2C300 1.5x, https:\/\/i0.wp.com\/larevistadigital.com.ar\/blog\/wp-content\/uploads\/fcd6c2d8e23728eecfccfcc1dc20f8f6aa1294c1.jpg?fit=1140%2C675&ssl=1&resize=700%2C400 2x, https:\/\/i0.wp.com\/larevistadigital.com.ar\/blog\/wp-content\/uploads\/fcd6c2d8e23728eecfccfcc1dc20f8f6aa1294c1.jpg?fit=1140%2C675&ssl=1&resize=1050%2C600 3x"},"classes":[]},{"id":15225,"url":"https:\/\/larevistadigital.com.ar\/blog\/sangriento-sorprenden-a-escribano-cuando-arrojaba-una-valija-con-un-cuerpo-descuartizado-al-rio\/","url_meta":{"origin":39868,"position":2},"title":"SANGRIENTO: SORPRENDEN A ESCRIBANO CUANDO ARROJABA UNA VALIJA CON UN CUERPO DESCUARTIZADO AL R\u00cdO","author":"Alejandro Sosa Ruda","date":"14 mayo, 2020","format":false,"excerpt":"El profesional tiene 56 a\u00f1os y es de Mor\u00f3n. A los polic\u00edas les confes\u00f3 el crimen. Dijo que mat\u00f3 a un hombre de 42 a\u00f1os porque lo encontr\u00f3 robando en su oficina. En poder del presunto asesino encontraron 20.700 d\u00f3lares Un escribano del partido de Mor\u00f3n fue detenido cuando descartaba\u2026","rel":"","context":"En \u00abINTERES GENERAL\u00bb","block_context":{"text":"INTERES GENERAL","link":"https:\/\/larevistadigital.com.ar\/blog\/category\/interes-general\/"},"img":{"alt_text":"","src":"https:\/\/i0.wp.com\/larevistadigital.com.ar\/blog\/wp-content\/uploads\/20200514094754_aaa.jpg?fit=887%2C554&ssl=1&resize=350%2C200","width":350,"height":200,"srcset":"https:\/\/i0.wp.com\/larevistadigital.com.ar\/blog\/wp-content\/uploads\/20200514094754_aaa.jpg?fit=887%2C554&ssl=1&resize=350%2C200 1x, https:\/\/i0.wp.com\/larevistadigital.com.ar\/blog\/wp-content\/uploads\/20200514094754_aaa.jpg?fit=887%2C554&ssl=1&resize=525%2C300 1.5x, https:\/\/i0.wp.com\/larevistadigital.com.ar\/blog\/wp-content\/uploads\/20200514094754_aaa.jpg?fit=887%2C554&ssl=1&resize=700%2C400 2x"},"classes":[]},{"id":20869,"url":"https:\/\/larevistadigital.com.ar\/blog\/que-se-sabe-del-cadaver-hallado-en-brandsen\/","url_meta":{"origin":39868,"position":3},"title":"\u00bfQU\u00c9 SE SABE DEL CADAVER HALLADO EN BRANDSEN?","author":"Alejandro Sosa Ruda","date":"23 junio, 2021","format":false,"excerpt":"BRANDSEN - Tal como adelant\u00f3 en exclusiva DLN, en las \u00faltimas horas la localidad bonaerense de Brandsen\u00a0se vio conmocionada por\u00a0el hallazgo del cad\u00e1ver de un hombre debajo de un \u00e1rbol, al costado de una calle, en la zona rural de la ciudad. Todo ocurri\u00f3 en la tarde de ayer, cerca\u2026","rel":"","context":"En \u00abPOLICIALES\u00bb","block_context":{"text":"POLICIALES","link":"https:\/\/larevistadigital.com.ar\/blog\/category\/policiales\/"},"img":{"alt_text":"","src":"https:\/\/i0.wp.com\/larevistadigital.com.ar\/blog\/wp-content\/uploads\/Brandsenn.jpg?fit=1152%2C648&ssl=1&resize=350%2C200","width":350,"height":200,"srcset":"https:\/\/i0.wp.com\/larevistadigital.com.ar\/blog\/wp-content\/uploads\/Brandsenn.jpg?fit=1152%2C648&ssl=1&resize=350%2C200 1x, https:\/\/i0.wp.com\/larevistadigital.com.ar\/blog\/wp-content\/uploads\/Brandsenn.jpg?fit=1152%2C648&ssl=1&resize=525%2C300 1.5x, https:\/\/i0.wp.com\/larevistadigital.com.ar\/blog\/wp-content\/uploads\/Brandsenn.jpg?fit=1152%2C648&ssl=1&resize=700%2C400 2x, https:\/\/i0.wp.com\/larevistadigital.com.ar\/blog\/wp-content\/uploads\/Brandsenn.jpg?fit=1152%2C648&ssl=1&resize=1050%2C600 3x"},"classes":[]},{"id":44576,"url":"https:\/\/larevistadigital.com.ar\/blog\/horror-en-mar-del-plata-hallaron-un-cuerpo-en-descomposicion-y-la-autopsia-revelo-un-homicidio\/","url_meta":{"origin":39868,"position":4},"title":"Horror en Mar del Plata: hallaron un cuerpo en descomposici\u00f3n y la autopsia revel\u00f3 un homicidio","author":"Alejandro Sosa Ruda","date":"17 marzo, 2026","format":false,"excerpt":"El caso comenz\u00f3 como una averiguaci\u00f3n de causales de muerte, pero las pericias confirmaron fracturas en el cr\u00e1neo y las costillas de la v\u00edctima. Investigan un crimen. 17 de marzo de 2026 MAR DEL PLATA -\u00a0 \u00a0Un macabro hallazgo en Mar del Plata deriv\u00f3 en una causa por homicidio luego\u2026","rel":"","context":"En \u00abPOLICIALES\u00bb","block_context":{"text":"POLICIALES","link":"https:\/\/larevistadigital.com.ar\/blog\/category\/policiales\/"},"img":{"alt_text":"","src":"https:\/\/i0.wp.com\/larevistadigital.com.ar\/blog\/wp-content\/uploads\/Captura-de-pantalla-2026-03-17-175943.jpg?fit=716%2C436&ssl=1&resize=350%2C200","width":350,"height":200,"srcset":"https:\/\/i0.wp.com\/larevistadigital.com.ar\/blog\/wp-content\/uploads\/Captura-de-pantalla-2026-03-17-175943.jpg?fit=716%2C436&ssl=1&resize=350%2C200 1x, https:\/\/i0.wp.com\/larevistadigital.com.ar\/blog\/wp-content\/uploads\/Captura-de-pantalla-2026-03-17-175943.jpg?fit=716%2C436&ssl=1&resize=525%2C300 1.5x, https:\/\/i0.wp.com\/larevistadigital.com.ar\/blog\/wp-content\/uploads\/Captura-de-pantalla-2026-03-17-175943.jpg?fit=716%2C436&ssl=1&resize=700%2C400 2x"},"classes":[]},{"id":31550,"url":"https:\/\/larevistadigital.com.ar\/blog\/mar-del-plata-encontraron-un-cuerpo-e-investigan-si-se-trata-de-un-joven-estudiante-que-estaba-desaparecido\/","url_meta":{"origin":39868,"position":5},"title":"MAR DEL PLATA: ENCONTRARON UN CUERPO E INVESTIGAN SI SE TRATA DE UN JOVEN ESTUDIANTE QUE ESTABA DESAPARECIDO","author":"Alejandro Sosa Ruda","date":"15 mayo, 2023","format":false,"excerpt":"Se llevaba a cabo un intenso operativo de b\u00fasqueda y se hall\u00f3 un cuerpo en Los Acantilados. Se investiga si se trata del muchacho buscado. 15 de Mayo de 2023 MAR DEL PLATA -\u00a0 Se encontr\u00f3 un cuerpo en avanzado estado de descomposici\u00f3n en la zona de Los Acantilados, y\u2026","rel":"","context":"En \u00abPOLICIALES\u00bb","block_context":{"text":"POLICIALES","link":"https:\/\/larevistadigital.com.ar\/blog\/category\/policiales\/"},"img":{"alt_text":"","src":"https:\/\/i0.wp.com\/larevistadigital.com.ar\/blog\/wp-content\/uploads\/acantilados.png?fit=1111%2C456&ssl=1&resize=350%2C200","width":350,"height":200,"srcset":"https:\/\/i0.wp.com\/larevistadigital.com.ar\/blog\/wp-content\/uploads\/acantilados.png?fit=1111%2C456&ssl=1&resize=350%2C200 1x, https:\/\/i0.wp.com\/larevistadigital.com.ar\/blog\/wp-content\/uploads\/acantilados.png?fit=1111%2C456&ssl=1&resize=525%2C300 1.5x, https:\/\/i0.wp.com\/larevistadigital.com.ar\/blog\/wp-content\/uploads\/acantilados.png?fit=1111%2C456&ssl=1&resize=700%2C400 2x, https:\/\/i0.wp.com\/larevistadigital.com.ar\/blog\/wp-content\/uploads\/acantilados.png?fit=1111%2C456&ssl=1&resize=1050%2C600 3x"},"classes":[]}],"_links":{"self":[{"href":"https:\/\/larevistadigital.com.ar\/blog\/wp-json\/wp\/v2\/posts\/39868","targetHints":{"allow":["GET"]}}],"collection":[{"href":"https:\/\/larevistadigital.com.ar\/blog\/wp-json\/wp\/v2\/posts"}],"about":[{"href":"https:\/\/larevistadigital.com.ar\/blog\/wp-json\/wp\/v2\/types\/post"}],"author":[{"embeddable":true,"href":"https:\/\/larevistadigital.com.ar\/blog\/wp-json\/wp\/v2\/users\/3"}],"replies":[{"embeddable":true,"href":"https:\/\/larevistadigital.com.ar\/blog\/wp-json\/wp\/v2\/comments?post=39868"}],"version-history":[{"count":1,"href":"https:\/\/larevistadigital.com.ar\/blog\/wp-json\/wp\/v2\/posts\/39868\/revisions"}],"predecessor-version":[{"id":39870,"href":"https:\/\/larevistadigital.com.ar\/blog\/wp-json\/wp\/v2\/posts\/39868\/revisions\/39870"}],"wp:featuredmedia":[{"embeddable":true,"href":"https:\/\/larevistadigital.com.ar\/blog\/wp-json\/wp\/v2\/media\/39869"}],"wp:attachment":[{"href":"https:\/\/larevistadigital.com.ar\/blog\/wp-json\/wp\/v2\/media?parent=39868"}],"wp:term":[{"taxonomy":"category","embeddable":true,"href":"https:\/\/larevistadigital.com.ar\/blog\/wp-json\/wp\/v2\/categories?post=39868"},{"taxonomy":"post_tag","embeddable":true,"href":"https:\/\/larevistadigital.com.ar\/blog\/wp-json\/wp\/v2\/tags?post=39868"}],"curies":[{"name":"wp","href":"https:\/\/api.w.org\/{rel}","templated":true}]}}