{"id":39871,"date":"2025-05-23T09:27:01","date_gmt":"2025-05-23T12:27:01","guid":{"rendered":"https:\/\/larevistadigital.com.ar\/blog\/?p=39871"},"modified":"2025-05-23T09:27:01","modified_gmt":"2025-05-23T12:27:01","slug":"javier-rodriguez-estamos-aca-para-defender-la-soberania-tecnologica","status":"publish","type":"post","link":"https:\/\/larevistadigital.com.ar\/blog\/javier-rodriguez-estamos-aca-para-defender-la-soberania-tecnologica\/","title":{"rendered":"Javier Rodr\u00edguez: \u00abEstamos ac\u00e1 para defender la soberan\u00eda tecnol\u00f3gica\u00bb"},"content":{"rendered":"<h3>El ministro de Desarrollo Agrario de la provincia de Buenos Aires encabez\u00f3 la apertura del 10\u00b0 Congreso de Agrobiotecnolog\u00eda, que se extender\u00e1 hasta el viernes.<\/h3>\n<p>23 de Mayo de 2025<\/p>\n<p><strong>CHASCOM\u00daS &#8211;<\/strong>\u00a0 Este jueves comenz\u00f3 el 10\u00b0 Congreso Nacional e Internacional de Agrobiotecnolog\u00eda, Propiedad Intelectual y Pol\u00edticas P\u00fablicas en Chascom\u00fas, un evento interdisciplinario que durante dos jornadas aborda tem\u00e1ticas t\u00e9cnicas, econ\u00f3micas, pol\u00edticas, jur\u00eddicas, ecol\u00f3gicas y de gesti\u00f3n, para pensar c\u00f3mo aplicar nuevas tecnolog\u00edas al mundo agropecuario.<\/p>\n<p>El Ministerio de Desarrollo Agrario (MDA) de la provincia de Buenos Aires es uno de sus organizadores principales, y el titular de aquella cartera, <strong>Javier Rodr\u00edguez<\/strong>, encabez\u00f3 el acto de apertura, en el que tambi\u00e9n participaron <strong>Javier Gast\u00f3n<\/strong>, intendente de Chascom\u00fas; <strong>Leandro Miranda<\/strong> y <strong>Natalia de Miguel<\/strong>, directores del Instituto Tecnol\u00f3gico de Chascom\u00fas (INTECH); <strong>Juan Ugalde<\/strong>, decano de la Escuela de Bio y Nanotecnolog\u00edas de la Universidad Nacional de San Mart\u00edn (UNSAM); y <strong>Juan Manuel Rossi<\/strong>, presidente de la Federaci\u00f3n de Cooperativas Federadas (FECOFE).<\/p>\n<p>En su discurso de apertura, el ministro <strong>Javier Rodr\u00edguez<\/strong> enfatiz\u00f3: <strong><em>\u00abEstamos ac\u00e1 para defender la soberan\u00eda tecnol\u00f3gica. Es la segunda vez consecutiva que el Congreso se hace en nuestra provincia, antes fue en Azul, y eso no es una casualidad: es una decisi\u00f3n. Generar estos encuentros para dialogar sobre agrobiotecnolog\u00eda es fundamental\u00bb<\/em><\/strong>, indic\u00f3 el ministro.<\/p>\n<p>A su vez, <strong>Javier Rodr\u00edguez<\/strong> remarc\u00f3 que la meta debe ser <strong><em>\u00abel agregado de valor\u00bb y \u00abque no seamos solamente productores de materias primas, sino que nos industrialicemos en la producci\u00f3n de alimentos\u00bb<\/em><\/strong>. Sobre ello, profundiz\u00f3: <em><strong>\u00abEl desaf\u00edo es que la materia prima que se obtiene en cada distrito se industrialice localmente\u00bb<\/strong><\/em>.<\/p>\n<blockquote>\n<h3>Asimismo, hizo hincapi\u00e9 en la necesidad de ser sustentables y cuidar el medio ambiente, desde el inicio de la producci\u00f3n. <em>\u00abNo podemos hacer todo esto, ni mucho menos competir, sin incorporar ciencia y tecnolog\u00eda\u00bb<\/em>, acot\u00f3.<\/h3>\n<\/blockquote>\n<p>Por otro lado, el ministro bonaerense consider\u00f3 que la investigaci\u00f3n y el desarrollo tecnol\u00f3gico <em><strong>\u00abhoy est\u00e1n siendo atacados\u00bb<\/strong><\/em>, repasando que el Gobierno de <strong>Javier Milei<\/strong> <em><strong>\u00abrecorta el presupuesto a las universidades, al INTA, al CONICET, y todo el sistema cient\u00edfico tecnol\u00f3gico\u00bb. Para Javier Rodr\u00edguez, \u00abeso no es ahorro, es desinversi\u00f3n\u00bb<\/strong><\/em>. Y sum\u00f3: <em><strong>\u00abEs un modelo de atraso y dependencia tecnol\u00f3gica\u00bb.\u00a0<\/strong><\/em><\/p>\n<p>Para concluir, el ministro brind\u00f3 una reflexi\u00f3n: <strong><em>\u00abEs muy claro que, a lo largo de la historia, los pa\u00edses que m\u00e1s se han desarrollado son los que m\u00e1s invirtieron en ciencia y tecnolog\u00eda. Adem\u00e1s, los pa\u00edses donde hay m\u00e1s inversi\u00f3n privada en el sector son los mismos donde tambi\u00e9n hay m\u00e1s inversi\u00f3n p\u00fablica, porque van de la mano. Si el Estado invierte, los privados tambi\u00e9n\u00bb.\u00a0<\/em><\/strong><\/p>\n<p><span style=\"color: #ff0000\"><strong>C\u00f3mo se desarrolla el Congreso<\/strong><\/span><\/p>\n<p>En las distintas actividades de este foro se aborda la vinculaci\u00f3n de la biotecnolog\u00eda y el uso de las tecnolog\u00edas digitales en la producci\u00f3n agroalimentaria. Todo esto, considerando las \u00faltimas tendencias del sector, analizando diversas regulaciones y comparando escenarios de otros pa\u00edses.<\/p>\n<p>Los cinco ejes principales son: \u00abAgrobiotecnolog\u00eda y sistema de ciencia y tecnolog\u00eda\u00bb, \u00abInvestigaci\u00f3n y desarrollo en biotecnolog\u00eda vegetal y animal nacional\u00bb, \u00abTecnolog\u00edas digitales, plataformas e inteligencia artificial\u00bb, \u00abPropiedad intelectual en biotecnolog\u00eda. Debates nacionales e internacionales\u00bb y \u00abDisputas por la renta agraria, tensiones en la comercializaci\u00f3n de granos y rol del Estado\u00bb.<\/p>\n<p>Este evento tambi\u00e9n tuvo la organizaci\u00f3n de la Municipalidad de Chascom\u00fas, el Consejo Federal de Inversiones y el Instituto Tecnol\u00f3gico de Chascom\u00fas (INTECH), integrado por el Consejo Nacional de Investigaciones Cient\u00edficas y T\u00e9cnicas (CONICET) y la Universidad Nacional de San Mart\u00edn (UNSAM).<\/p>\n<p><span style=\"color: #ff0000\"><strong>Di\u00e1logo con universidades<\/strong><\/span><\/p>\n<p>Por otro lado, el ministro sostuvo un encuentro con decanos y representantes de universidades nacionales, en el que se compartieron miradas sobre las necesidades acad\u00e9micas actuales.<\/p>\n<p>Adem\u00e1s, conversaron sobre las dificultades que afrontan las casas de estudio por el desfinanciamiento del Estado nacional. Sin embargo, se manifest\u00f3 la intenci\u00f3n de realizar actividades conjuntas entre las distintas universidades y el Gobierno provincial. En particular, se dialog\u00f3 sobre los avances y las nuevas posibilidades de trabajos articulados en la red de chacras experimentales del Ministerio de Desarrollo Agrario.<\/p>\n<p>En el encuentro, <strong>Javier Rodr\u00edguez<\/strong> dialog\u00f3 con autoridades de las universidades nacionales de Luj\u00e1n (UNLu), del Centro (UNICEN), de Lomas de Zamora (UNLZ), de San Antonio de Areco (UNSADA), de Jos\u00e9 C. Paz (UNPAZ), de San Mart\u00edn (UNSAM), de Buenos Aires (UBA) y del Sur (UNS).<\/p>\n<p>publicado en gba.gob.ar<\/p>\n","protected":false},"excerpt":{"rendered":"<div class=\"mh-excerpt\"><p>El ministro de Desarrollo Agrario de la provincia de Buenos Aires encabez\u00f3 la apertura del 10\u00b0 Congreso de Agrobiotecnolog\u00eda, que se extender\u00e1 hasta el viernes. 23 de Mayo de 2025 CHASCOM\u00daS &#8211;\u00a0 Este jueves comenz\u00f3 <a class=\"mh-excerpt-more\" href=\"https:\/\/larevistadigital.com.ar\/blog\/javier-rodriguez-estamos-aca-para-defender-la-soberania-tecnologica\/\" title=\"Javier Rodr\u00edguez: \u00abEstamos ac\u00e1 para defender la soberan\u00eda tecnol\u00f3gica\u00bb\">[Leer M\u00e1s]<\/a><\/p>\n<\/div>","protected":false},"author":3,"featured_media":39872,"comment_status":"open","ping_status":"open","sticky":false,"template":"","format":"standard","meta":{"_jetpack_memberships_contains_paid_content":false,"footnotes":"","jetpack_publicize_message":"","jetpack_publicize_feature_enabled":true,"jetpack_social_post_already_shared":true,"jetpack_social_options":{"image_generator_settings":{"template":"highway","default_image_id":0,"font":"","enabled":false},"version":2}},"categories":[41],"tags":[],"class_list":{"0":"post-39871","1":"post","2":"type-post","3":"status-publish","4":"format-standard","5":"has-post-thumbnail","7":"category-destacadas"},"jetpack_publicize_connections":[],"jetpack_featured_media_url":"https:\/\/i0.wp.com\/larevistadigital.com.ar\/blog\/wp-content\/uploads\/WhatsApp-Image-2025-05-22-at-20.10.17.jpeg?fit=700%2C468&ssl=1","jetpack_sharing_enabled":true,"jetpack_shortlink":"https:\/\/wp.me\/p8qtrQ-an5","jetpack-related-posts":[{"id":39801,"url":"https:\/\/larevistadigital.com.ar\/blog\/chascomus-sera-sede-del-10-congreso-nacional-e-internacional-de-agrobiotecnologia\/","url_meta":{"origin":39871,"position":0},"title":"Chascom\u00fas ser\u00e1 sede del 10\u00b0 Congreso Nacional e Internacional de Agrobiotecnolog\u00eda","author":"Alejandro Sosa Ruda","date":"19 mayo, 2025","format":false,"excerpt":"Nuestra ciudad recibir\u00e1 a referentes nacionales e internacionales del sector cient\u00edfico, tecnol\u00f3gico y agropecuario. 19 de Mayo de 2025 CHASCOM\u00daS -\u00a0 La ciudad de Chascom\u00fas se prepara para recibir el 10\u00b0 Congreso Nacional e Internacional de Agrobiotecnolog\u00eda, que se desarrollar\u00e1 los d\u00edas 22 y 23 de mayo en el Instituto\u2026","rel":"","context":"En \u00abCHASCOM\u00daS\u00bb","block_context":{"text":"CHASCOM\u00daS","link":"https:\/\/larevistadigital.com.ar\/blog\/category\/chascomus\/"},"img":{"alt_text":"","src":"https:\/\/i0.wp.com\/larevistadigital.com.ar\/blog\/wp-content\/uploads\/682b72206b212.png?fit=668%2C445&ssl=1&resize=350%2C200","width":350,"height":200,"srcset":"https:\/\/i0.wp.com\/larevistadigital.com.ar\/blog\/wp-content\/uploads\/682b72206b212.png?fit=668%2C445&ssl=1&resize=350%2C200 1x, https:\/\/i0.wp.com\/larevistadigital.com.ar\/blog\/wp-content\/uploads\/682b72206b212.png?fit=668%2C445&ssl=1&resize=525%2C300 1.5x"},"classes":[]},{"id":33587,"url":"https:\/\/larevistadigital.com.ar\/blog\/chascomus-exito-rotundo-de-la-feria-de-sabores-bonaerenses-organidada-por-el-gobierno-de-la-provincia-de-buenos-aires\/","url_meta":{"origin":39871,"position":1},"title":"CHASCOM\u00daS: EXITO ROTUNDO DE LA FERIA DE \u00abSABORES BONAERENSES\u00bb ORGANIZADA POR EL GOBIERNO DE LA PROVINCIA DE BUENOS AIRES","author":"Alejandro Sosa Ruda","date":"25 septiembre, 2023","format":false,"excerpt":"Se trata de generar pol\u00edticas dirigidas a fortalecer el crecimiento y desarrollo de la actividad agropecuaria bonaerense para impulsar y mejorar el entramado socio productivo. 25 de Septiembre de 2023 CHASCOM\u00daS -\u00a0 Sabores Bonaerenses, es la Feria de Alimentos de la Provincia de Buenos Aires, que tuvo su exitoso paso\u2026","rel":"","context":"En \u00abDESTACADAS\u00bb","block_context":{"text":"DESTACADAS","link":"https:\/\/larevistadigital.com.ar\/blog\/category\/destacadas\/"},"img":{"alt_text":"","src":"https:\/\/i0.wp.com\/larevistadigital.com.ar\/blog\/wp-content\/uploads\/feria-sabores-bonaerenses-chascomus-696x464-1.jpg?fit=696%2C464&ssl=1&resize=350%2C200","width":350,"height":200,"srcset":"https:\/\/i0.wp.com\/larevistadigital.com.ar\/blog\/wp-content\/uploads\/feria-sabores-bonaerenses-chascomus-696x464-1.jpg?fit=696%2C464&ssl=1&resize=350%2C200 1x, https:\/\/i0.wp.com\/larevistadigital.com.ar\/blog\/wp-content\/uploads\/feria-sabores-bonaerenses-chascomus-696x464-1.jpg?fit=696%2C464&ssl=1&resize=525%2C300 1.5x"},"classes":[]},{"id":44952,"url":"https:\/\/larevistadigital.com.ar\/blog\/javier-rodriguez-defender-la-produccion-nacional-es-generar-mas-trabajo-y-mejores-alimentos\/","url_meta":{"origin":39871,"position":2},"title":"Javier Rodr\u00edguez: \u201cDefender la producci\u00f3n nacional es generar m\u00e1s trabajo y mejores alimentos\u201d","author":"Alejandro Sosa Ruda","date":"6 abril, 2026","format":false,"excerpt":"En una nueva edici\u00f3n de la Posta de Sabores, el ministro de Desarrollo Agrario bonaerense destac\u00f3 el rol de estas pol\u00edticas para fortalecer a los productores y acercar precios accesibles y alimentos de calidad a los consumidores. 06 de abril de 2026 BUENOS AIRES -\u00a0 \u00a0Este s\u00e1bado, el ministro de\u2026","rel":"","context":"En \u00abDESTACADAS\u00bb","block_context":{"text":"DESTACADAS","link":"https:\/\/larevistadigital.com.ar\/blog\/category\/destacadas\/"},"img":{"alt_text":"","src":"https:\/\/i0.wp.com\/larevistadigital.com.ar\/blog\/wp-content\/uploads\/DSC_7660-scaled.jpg?fit=1200%2C800&ssl=1&resize=350%2C200","width":350,"height":200,"srcset":"https:\/\/i0.wp.com\/larevistadigital.com.ar\/blog\/wp-content\/uploads\/DSC_7660-scaled.jpg?fit=1200%2C800&ssl=1&resize=350%2C200 1x, https:\/\/i0.wp.com\/larevistadigital.com.ar\/blog\/wp-content\/uploads\/DSC_7660-scaled.jpg?fit=1200%2C800&ssl=1&resize=525%2C300 1.5x, https:\/\/i0.wp.com\/larevistadigital.com.ar\/blog\/wp-content\/uploads\/DSC_7660-scaled.jpg?fit=1200%2C800&ssl=1&resize=700%2C400 2x, https:\/\/i0.wp.com\/larevistadigital.com.ar\/blog\/wp-content\/uploads\/DSC_7660-scaled.jpg?fit=1200%2C800&ssl=1&resize=1050%2C600 3x"},"classes":[]},{"id":43744,"url":"https:\/\/larevistadigital.com.ar\/blog\/nuevos-subsidios-a-apicultores-de-chascomus\/","url_meta":{"origin":39871,"position":3},"title":"Nuevos subsidios a apicultores de Chascom\u00fas","author":"Alejandro Sosa Ruda","date":"3 febrero, 2026","format":false,"excerpt":"El acto de entrega se realiz\u00f3 en la Estaci\u00f3n Hidrobiol\u00f3gica y se suma a una l\u00ednea de financiamiento productivo que ya alcanza los 78 millones de pesos. 03 de febrero de 2026 CHASCOM\u00daS -\u00a0 \u00a0El intendente Javier Gast\u00f3n encabez\u00f3 el pasado viernes la entrega de subsidios a tres apicultores locales.\u2026","rel":"","context":"En \u00abCHASCOM\u00daS\u00bb","block_context":{"text":"CHASCOM\u00daS","link":"https:\/\/larevistadigital.com.ar\/blog\/category\/chascomus\/"},"img":{"alt_text":"","src":"https:\/\/i0.wp.com\/larevistadigital.com.ar\/blog\/wp-content\/uploads\/6982252e5faa5.png?fit=668%2C445&ssl=1&resize=350%2C200","width":350,"height":200,"srcset":"https:\/\/i0.wp.com\/larevistadigital.com.ar\/blog\/wp-content\/uploads\/6982252e5faa5.png?fit=668%2C445&ssl=1&resize=350%2C200 1x, https:\/\/i0.wp.com\/larevistadigital.com.ar\/blog\/wp-content\/uploads\/6982252e5faa5.png?fit=668%2C445&ssl=1&resize=525%2C300 1.5x"},"classes":[]},{"id":33776,"url":"https:\/\/larevistadigital.com.ar\/blog\/kicillof-y-un-nuevo-guino-al-campo-resalto-la-produccion-rural-y-advirtio-los-riesgos-de-la-dolarizacion\/","url_meta":{"origin":39871,"position":4},"title":"KICILLOF Y UN NUEVO GUI\u00d1O AL CAMPO: RESALT\u00d3 LA PRODUCCI\u00d3N RURAL Y ADVIRTI\u00d3 LOS RIESGOS DE LA DOLARIZACI\u00d3N","author":"Alejandro Sosa Ruda","date":"4 octubre, 2023","format":false,"excerpt":"El gobernador de la Provincia de Buenos Aires encabez\u00f3 el Encuentro Provincial de la Ruralidad en la Estaci\u00f3n Experimental Gorina junto al ministro de Desarrollo Agrario bonaerense. 04 de Octubre de 2023 El gobernador de la Provincia de Buenos Aires, encabez\u00f3 un\u00a0Encuentro Provincial de la Ruralidad\u00a0en la\u00a0Estaci\u00f3n Experimental Gorina\u00a0de\u00a0La Plata.\u2026","rel":"","context":"En \u00abDESTACADAS\u00bb","block_context":{"text":"DESTACADAS","link":"https:\/\/larevistadigital.com.ar\/blog\/category\/destacadas\/"},"img":{"alt_text":"","src":"https:\/\/i0.wp.com\/larevistadigital.com.ar\/blog\/wp-content\/uploads\/20231003202103_231003-ak-ruralidad-30-1.webp?fit=1200%2C685&ssl=1&resize=350%2C200","width":350,"height":200,"srcset":"https:\/\/i0.wp.com\/larevistadigital.com.ar\/blog\/wp-content\/uploads\/20231003202103_231003-ak-ruralidad-30-1.webp?fit=1200%2C685&ssl=1&resize=350%2C200 1x, https:\/\/i0.wp.com\/larevistadigital.com.ar\/blog\/wp-content\/uploads\/20231003202103_231003-ak-ruralidad-30-1.webp?fit=1200%2C685&ssl=1&resize=525%2C300 1.5x, https:\/\/i0.wp.com\/larevistadigital.com.ar\/blog\/wp-content\/uploads\/20231003202103_231003-ak-ruralidad-30-1.webp?fit=1200%2C685&ssl=1&resize=700%2C400 2x, https:\/\/i0.wp.com\/larevistadigital.com.ar\/blog\/wp-content\/uploads\/20231003202103_231003-ak-ruralidad-30-1.webp?fit=1200%2C685&ssl=1&resize=1050%2C600 3x"},"classes":[]},{"id":40507,"url":"https:\/\/larevistadigital.com.ar\/blog\/chascomus-presente-en-el-congreso-productivo-bonaerense\/","url_meta":{"origin":39871,"position":5},"title":"Chascom\u00fas presente en el Congreso Productivo Bonaerense","author":"Alejandro Sosa Ruda","date":"18 julio, 2025","format":false,"excerpt":"Se abordaron pol\u00edticas p\u00fablicas fundamentales para el fortalecimiento de las econom\u00edas locales y regionales 18 De Julio de 2025 CHASCOM\u00daS\u00a0 -\u00a0 \u00a0La Municipalidad de Chascom\u00fas particip\u00f3 activamente del Congreso Productivo Bonaerense, realizado en la ciudad de Mar del Plata, un espacio clave de articulaci\u00f3n entre el Estado provincial, los municipios,\u2026","rel":"","context":"En \u00abCHASCOM\u00daS\u00bb","block_context":{"text":"CHASCOM\u00daS","link":"https:\/\/larevistadigital.com.ar\/blog\/category\/chascomus\/"},"img":{"alt_text":"","src":"https:\/\/i0.wp.com\/larevistadigital.com.ar\/blog\/wp-content\/uploads\/68792992d1a8d.png?fit=668%2C445&ssl=1&resize=350%2C200","width":350,"height":200,"srcset":"https:\/\/i0.wp.com\/larevistadigital.com.ar\/blog\/wp-content\/uploads\/68792992d1a8d.png?fit=668%2C445&ssl=1&resize=350%2C200 1x, https:\/\/i0.wp.com\/larevistadigital.com.ar\/blog\/wp-content\/uploads\/68792992d1a8d.png?fit=668%2C445&ssl=1&resize=525%2C300 1.5x"},"classes":[]}],"_links":{"self":[{"href":"https:\/\/larevistadigital.com.ar\/blog\/wp-json\/wp\/v2\/posts\/39871","targetHints":{"allow":["GET"]}}],"collection":[{"href":"https:\/\/larevistadigital.com.ar\/blog\/wp-json\/wp\/v2\/posts"}],"about":[{"href":"https:\/\/larevistadigital.com.ar\/blog\/wp-json\/wp\/v2\/types\/post"}],"author":[{"embeddable":true,"href":"https:\/\/larevistadigital.com.ar\/blog\/wp-json\/wp\/v2\/users\/3"}],"replies":[{"embeddable":true,"href":"https:\/\/larevistadigital.com.ar\/blog\/wp-json\/wp\/v2\/comments?post=39871"}],"version-history":[{"count":1,"href":"https:\/\/larevistadigital.com.ar\/blog\/wp-json\/wp\/v2\/posts\/39871\/revisions"}],"predecessor-version":[{"id":39873,"href":"https:\/\/larevistadigital.com.ar\/blog\/wp-json\/wp\/v2\/posts\/39871\/revisions\/39873"}],"wp:featuredmedia":[{"embeddable":true,"href":"https:\/\/larevistadigital.com.ar\/blog\/wp-json\/wp\/v2\/media\/39872"}],"wp:attachment":[{"href":"https:\/\/larevistadigital.com.ar\/blog\/wp-json\/wp\/v2\/media?parent=39871"}],"wp:term":[{"taxonomy":"category","embeddable":true,"href":"https:\/\/larevistadigital.com.ar\/blog\/wp-json\/wp\/v2\/categories?post=39871"},{"taxonomy":"post_tag","embeddable":true,"href":"https:\/\/larevistadigital.com.ar\/blog\/wp-json\/wp\/v2\/tags?post=39871"}],"curies":[{"name":"wp","href":"https:\/\/api.w.org\/{rel}","templated":true}]}}