{"id":39879,"date":"2025-05-25T17:31:03","date_gmt":"2025-05-25T20:31:03","guid":{"rendered":"https:\/\/larevistadigital.com.ar\/blog\/?p=39879"},"modified":"2025-05-25T17:31:03","modified_gmt":"2025-05-25T20:31:03","slug":"chascomus-infraccionan-a-tres-personas-por-caza-furtiva-con-galgos-en-un-campo-rural","status":"publish","type":"post","link":"https:\/\/larevistadigital.com.ar\/blog\/chascomus-infraccionan-a-tres-personas-por-caza-furtiva-con-galgos-en-un-campo-rural\/","title":{"rendered":"Chascom\u00fas: infraccionan a tres personas por caza furtiva con galgos en un campo rural"},"content":{"rendered":"<h3 data-start=\"307\" data-end=\"470\">La intervenci\u00f3n del Comando de Prevenci\u00f3n Rural se enmarca en el compromiso de las autoridades para combatir el maltrato animal y preservar la fauna silvestre.<\/h3>\n<p>25 de Mayo de 2025<\/p>\n<p data-start=\"472\" data-end=\"698\"><strong>CHASCOM\u00daS\u00a0 &#8211;<\/strong>\u00a0 \u00a0En un nuevo operativo de control, personal del Comando de Prevenci\u00f3n Rural (CPR) de Chascom\u00fas infraccion\u00f3 a tres personas que fueron sorprendidas realizando actividades de caza furtiva con perros galgos en un campo de la zona.<\/p>\n<blockquote>\n<h3 data-start=\"700\" data-end=\"985\">El procedimiento tuvo lugar, cuando una alerta al 911 \u2014proveniente de un Establecimiento Operativo (EO)\u2014 inform\u00f3 sobre la presencia de personas con canes dentro de un predio rural.<\/h3>\n<\/blockquote>\n<p data-start=\"987\" data-end=\"1313\">Tras acudir al lugar, efectivos policiales constataron la infracci\u00f3n y procedieron a identificar a los tres hombres involucrados. Todos ellos se encontraban en el interior del campo acompa\u00f1ados por perros utilizados para la actividad conocida como \u00abcaza con galgos\u00bb, pr\u00e1ctica prohibida por ley en la provincia de Buenos Aires.<\/p>\n<blockquote>\n<h3 data-start=\"1315\" data-end=\"1502\">La intervenci\u00f3n concluy\u00f3 con la confecci\u00f3n de las actas correspondientes, en el marco de la legislaci\u00f3n vigente que sanciona tanto la caza ilegal como el uso de animales para tales fines.<\/h3>\n<\/blockquote>\n<h3 data-start=\"1504\" data-end=\"1532\"><span style=\"color: #ff0000\">Una problem\u00e1tica vigente<\/span><\/h3>\n<p data-start=\"1534\" data-end=\"1859\">El accionar del CPR Chascom\u00fas, bajo la jefatura del comisario <strong>Hern\u00e1n Cussigh<\/strong>, y la decisi\u00f3n pol\u00edtica del intendente y la Secretaria de Seguridad, se inscribe en una l\u00ednea clara de trabajo para desalentar pr\u00e1cticas vinculadas a la caza furtiva y el maltrato animal, un tema que genera gran preocupaci\u00f3n en la comunidad y entre las organizaciones de defensa de los derechos de los animales.<\/p>\n<p data-start=\"1861\" data-end=\"2176\">Cabe recordar que la caza con galgos est\u00e1 prohibida por la <strong>Ley 27.330<\/strong>, y su incumplimiento implica sanciones tanto administrativas como penales. Estas acciones no solo ponen en riesgo la vida de animales silvestres, sino que tambi\u00e9n implican un sufrimiento innecesario para los perros utilizados en estas pr\u00e1cticas.<\/p>\n<h3 data-start=\"2178\" data-end=\"2217\"><span style=\"color: #ff0000\">Compromiso con la protecci\u00f3n animal<\/span><\/h3>\n<p data-start=\"2219\" data-end=\"2572\">Desde el CPR remarcaron su compromiso con la prevenci\u00f3n y la fiscalizaci\u00f3n permanente en las zonas rurales, e invitaron a la comunidad a seguir denunciando este tipo de hechos. La participaci\u00f3n ciudadana, se\u00f1alaron, es clave para lograr una convivencia respetuosa con la naturaleza y garantizar el cumplimiento de las normas que protegen a los animales.<\/p>\n","protected":false},"excerpt":{"rendered":"<div class=\"mh-excerpt\"><p>La intervenci\u00f3n del Comando de Prevenci\u00f3n Rural se enmarca en el compromiso de las autoridades para combatir el maltrato animal y preservar la fauna silvestre. 25 de Mayo de 2025 CHASCOM\u00daS\u00a0 &#8211;\u00a0 \u00a0En un nuevo <a class=\"mh-excerpt-more\" href=\"https:\/\/larevistadigital.com.ar\/blog\/chascomus-infraccionan-a-tres-personas-por-caza-furtiva-con-galgos-en-un-campo-rural\/\" title=\"Chascom\u00fas: infraccionan a tres personas por caza furtiva con galgos en un campo rural\">[Leer M\u00e1s]<\/a><\/p>\n<\/div>","protected":false},"author":3,"featured_media":39880,"comment_status":"open","ping_status":"open","sticky":false,"template":"","format":"standard","meta":{"_jetpack_memberships_contains_paid_content":false,"footnotes":"","jetpack_publicize_message":"","jetpack_publicize_feature_enabled":true,"jetpack_social_post_already_shared":true,"jetpack_social_options":{"image_generator_settings":{"template":"highway","default_image_id":0,"font":"","enabled":false},"version":2}},"categories":[6,44],"tags":[],"class_list":{"0":"post-39879","1":"post","2":"type-post","3":"status-publish","4":"format-standard","5":"has-post-thumbnail","7":"category-chascomus","8":"category-policiales"},"jetpack_publicize_connections":[],"jetpack_featured_media_url":"https:\/\/i0.wp.com\/larevistadigital.com.ar\/blog\/wp-content\/uploads\/WhatsApp-Image-2025-05-25-at-17.16.54-e1748205044793.jpeg?fit=1233%2C815&ssl=1","jetpack_sharing_enabled":true,"jetpack_shortlink":"https:\/\/wp.me\/p8qtrQ-and","jetpack-related-posts":[{"id":32378,"url":"https:\/\/larevistadigital.com.ar\/blog\/chascomus-en-rapido-accionar-la-patrulla-rural-intercepto-galgueros-que-habian-intrusado-un-campo-y-realizaban-caza-furtiva\/","url_meta":{"origin":39879,"position":0},"title":"CHASCOM\u00daS: EN R\u00c1PIDO ACCIONAR LA PATRULLA RURAL INTERCEPT\u00d3 GALGUEROS QUE HAB\u00cdAN INTRUSADO UN CAMPO Y REALIZABAN CAZA FURTIVA","author":"Alejandro Sosa Ruda","date":"12 julio, 2023","format":false,"excerpt":"Gracias a la r\u00e1pida intervenci\u00f3n del CPR local, se logr\u00f3 interceptar a los individuos, cumpliendo con el vecino que hab\u00eda pedido ayuda. 11 de julio de 2023 CHASCOM\u00daS -\u00a0\u00a0El CPR local (Comando de Prevenci\u00f3n Rural) recibi\u00f3 una alerta de un productor rural del CUARTEL VI\u00a0 de Giribone, que denunci\u00f3 la\u2026","rel":"","context":"En \u00abINTERES GENERAL\u00bb","block_context":{"text":"INTERES GENERAL","link":"https:\/\/larevistadigital.com.ar\/blog\/category\/interes-general\/"},"img":{"alt_text":"","src":"https:\/\/i0.wp.com\/larevistadigital.com.ar\/blog\/wp-content\/uploads\/WhatsApp-Image-2023-07-11-at-20.20.52.jpeg?fit=960%2C1200&ssl=1&resize=350%2C200","width":350,"height":200,"srcset":"https:\/\/i0.wp.com\/larevistadigital.com.ar\/blog\/wp-content\/uploads\/WhatsApp-Image-2023-07-11-at-20.20.52.jpeg?fit=960%2C1200&ssl=1&resize=350%2C200 1x, https:\/\/i0.wp.com\/larevistadigital.com.ar\/blog\/wp-content\/uploads\/WhatsApp-Image-2023-07-11-at-20.20.52.jpeg?fit=960%2C1200&ssl=1&resize=525%2C300 1.5x, https:\/\/i0.wp.com\/larevistadigital.com.ar\/blog\/wp-content\/uploads\/WhatsApp-Image-2023-07-11-at-20.20.52.jpeg?fit=960%2C1200&ssl=1&resize=700%2C400 2x"},"classes":[]},{"id":24794,"url":"https:\/\/larevistadigital.com.ar\/blog\/atrapan-a-galguero-durante-un-operativo-de-prevencion\/","url_meta":{"origin":39879,"position":1},"title":"ATRAPAN A GALGUERO DURANTE UN OPERATIVO DE PREVENCI\u00d3N","author":"Alejandro Sosa Ruda","date":"25 marzo, 2022","format":false,"excerpt":"Ocurri\u00f3 el jueves a la tarde durante un operativo de prevenci\u00f3n. Se lo infraccion\u00f3 y se le dio intervenci\u00f3n al Ministerio de Desarrollo Agrario. MIRAMAR -\u00a0 Un hombre de 31 a\u00f1os que hac\u00eda caza con perros galgos en un campo en la zona del\u00a0camino viejo a Miramar\u00a0fue aprehendido el jueves\u2026","rel":"","context":"En \u00abPOLICIALES\u00bb","block_context":{"text":"POLICIALES","link":"https:\/\/larevistadigital.com.ar\/blog\/category\/policiales\/"},"img":{"alt_text":"","src":"https:\/\/i0.wp.com\/larevistadigital.com.ar\/blog\/wp-content\/uploads\/Captura-de-pantalla-2022-03-25-142701.jpg?fit=881%2C515&ssl=1&resize=350%2C200","width":350,"height":200,"srcset":"https:\/\/i0.wp.com\/larevistadigital.com.ar\/blog\/wp-content\/uploads\/Captura-de-pantalla-2022-03-25-142701.jpg?fit=881%2C515&ssl=1&resize=350%2C200 1x, https:\/\/i0.wp.com\/larevistadigital.com.ar\/blog\/wp-content\/uploads\/Captura-de-pantalla-2022-03-25-142701.jpg?fit=881%2C515&ssl=1&resize=525%2C300 1.5x, https:\/\/i0.wp.com\/larevistadigital.com.ar\/blog\/wp-content\/uploads\/Captura-de-pantalla-2022-03-25-142701.jpg?fit=881%2C515&ssl=1&resize=700%2C400 2x"},"classes":[]},{"id":44127,"url":"https:\/\/larevistadigital.com.ar\/blog\/cuatro-hombres-infraccionados-por-caza-furtiva-en-zona-rural\/","url_meta":{"origin":39879,"position":2},"title":"Cuatro hombres infraccionados por caza furtiva en zona rural","author":"Alejandro Sosa Ruda","date":"23 febrero, 2026","format":false,"excerpt":"El procedimiento se realiz\u00f3 durante una recorrida preventiva. Secuestraron armas de aire comprimido, cuchillas y otros elementos. Tambi\u00e9n se constat\u00f3 la captura ilegal de una liebre. 23 de febrero de 2026 CHASCOM\u00daS -\u00a0 \u00a0En el marco de tareas de prevenci\u00f3n de il\u00edcitos y faltas en la zona rural, personal del\u2026","rel":"","context":"En \u00abCHASCOM\u00daS\u00bb","block_context":{"text":"CHASCOM\u00daS","link":"https:\/\/larevistadigital.com.ar\/blog\/category\/chascomus\/"},"img":{"alt_text":"","src":"https:\/\/i0.wp.com\/larevistadigital.com.ar\/blog\/wp-content\/uploads\/WhatsApp-Image-2026-02-23-at-14.02.53-e1771880011148.jpeg?fit=720%2C734&ssl=1&resize=350%2C200","width":350,"height":200,"srcset":"https:\/\/i0.wp.com\/larevistadigital.com.ar\/blog\/wp-content\/uploads\/WhatsApp-Image-2026-02-23-at-14.02.53-e1771880011148.jpeg?fit=720%2C734&ssl=1&resize=350%2C200 1x, https:\/\/i0.wp.com\/larevistadigital.com.ar\/blog\/wp-content\/uploads\/WhatsApp-Image-2026-02-23-at-14.02.53-e1771880011148.jpeg?fit=720%2C734&ssl=1&resize=525%2C300 1.5x, https:\/\/i0.wp.com\/larevistadigital.com.ar\/blog\/wp-content\/uploads\/WhatsApp-Image-2026-02-23-at-14.02.53-e1771880011148.jpeg?fit=720%2C734&ssl=1&resize=700%2C400 2x"},"classes":[]},{"id":32459,"url":"https:\/\/larevistadigital.com.ar\/blog\/chascomus-el-cpr-comando-de-prevencion-rural-intercepto-a-cazadores-con-galgos-en-respuesta-a-la-llamada-de-un-vecino\/","url_meta":{"origin":39879,"position":3},"title":"CHASCOM\u00daS: EL CPR (COMANDO DE PREVENCI\u00d3N RURAL) INTERCEPT\u00d3 A CAZADORES CON GALGOS EN RESPUESTA A LA LLAMADA DE UN VECINO","author":"Alejandro Sosa Ruda","date":"17 julio, 2023","format":false,"excerpt":"Los sujetos se encontraban a la altura del \"Tajamar\", con 15 perros galgos. 17 de julio de 2023 CHASCOM\u00daS -\u00a0 Durante el d\u00eda de ayer el Comando de Prevenci\u00f3n Rural (CPR) de Chascom\u00fas, recibi\u00f3 un llamado, donde se inform\u00f3 la presencia de cazadores en la zona del establecimiento \u201c EL\u2026","rel":"","context":"En \u00abDESTACADAS\u00bb","block_context":{"text":"DESTACADAS","link":"https:\/\/larevistadigital.com.ar\/blog\/category\/destacadas\/"},"img":{"alt_text":"","src":"https:\/\/i0.wp.com\/larevistadigital.com.ar\/blog\/wp-content\/uploads\/WhatsApp-Image-2023-07-16-at-22.16.03.jpeg?fit=1200%2C900&ssl=1&resize=350%2C200","width":350,"height":200,"srcset":"https:\/\/i0.wp.com\/larevistadigital.com.ar\/blog\/wp-content\/uploads\/WhatsApp-Image-2023-07-16-at-22.16.03.jpeg?fit=1200%2C900&ssl=1&resize=350%2C200 1x, https:\/\/i0.wp.com\/larevistadigital.com.ar\/blog\/wp-content\/uploads\/WhatsApp-Image-2023-07-16-at-22.16.03.jpeg?fit=1200%2C900&ssl=1&resize=525%2C300 1.5x, https:\/\/i0.wp.com\/larevistadigital.com.ar\/blog\/wp-content\/uploads\/WhatsApp-Image-2023-07-16-at-22.16.03.jpeg?fit=1200%2C900&ssl=1&resize=700%2C400 2x, https:\/\/i0.wp.com\/larevistadigital.com.ar\/blog\/wp-content\/uploads\/WhatsApp-Image-2023-07-16-at-22.16.03.jpeg?fit=1200%2C900&ssl=1&resize=1050%2C600 3x"},"classes":[]},{"id":31151,"url":"https:\/\/larevistadigital.com.ar\/blog\/prevencion-que-da-resultados-el-cpr-intercepto-e-infracciono-a-cazadores-furtivos-con-perros-galgos\/","url_meta":{"origin":39879,"position":4},"title":"PREVENCI\u00d3N QUE DA RESULTADOS: EL CPR INTERCEPT\u00d3 E INFRACCION\u00d3 A CAZADORES FURTIVOS CON PERROS GALGOS.","author":"Alejandro Sosa Ruda","date":"21 abril, 2023","format":false,"excerpt":"Fue durante la jornada, y ten\u00edan piezas de \u00f1and\u00faes. Eran tres individuos. En la foto, los galgos en la canilela del Destacamento del CPR en G\u00e1ndara 20 de abril de 2023 CHASCOM\u00daS -\u00a0 Durante la jornada de hoy, y mientras personal del Comando de Patrulla Rural se encontraba de recorrida\u2026","rel":"","context":"En \u00abDESTACADAS\u00bb","block_context":{"text":"DESTACADAS","link":"https:\/\/larevistadigital.com.ar\/blog\/category\/destacadas\/"},"img":{"alt_text":"","src":"https:\/\/i0.wp.com\/larevistadigital.com.ar\/blog\/wp-content\/uploads\/CANILES.jpg?fit=1200%2C582&ssl=1&resize=350%2C200","width":350,"height":200,"srcset":"https:\/\/i0.wp.com\/larevistadigital.com.ar\/blog\/wp-content\/uploads\/CANILES.jpg?fit=1200%2C582&ssl=1&resize=350%2C200 1x, https:\/\/i0.wp.com\/larevistadigital.com.ar\/blog\/wp-content\/uploads\/CANILES.jpg?fit=1200%2C582&ssl=1&resize=525%2C300 1.5x, https:\/\/i0.wp.com\/larevistadigital.com.ar\/blog\/wp-content\/uploads\/CANILES.jpg?fit=1200%2C582&ssl=1&resize=700%2C400 2x, https:\/\/i0.wp.com\/larevistadigital.com.ar\/blog\/wp-content\/uploads\/CANILES.jpg?fit=1200%2C582&ssl=1&resize=1050%2C600 3x"},"classes":[]},{"id":36936,"url":"https:\/\/larevistadigital.com.ar\/blog\/chascomus-la-patrulla-rural-logro-interceptar-a-distintos-sujetos-que-realizaban-caza-con-galgos\/","url_meta":{"origin":39879,"position":5},"title":"CHASCOM\u00daS: LA PATRULLA RURAL LOGR\u00d3 INTERCEPTAR A DISTINTOS SUJETOS QUE REALIZABAN \u00abCAZA CON GALGOS\u00bb","author":"Alejandro Sosa Ruda","date":"11 agosto, 2024","format":false,"excerpt":"En la primera intervenci\u00f3n infraccionaron a dos sujetos mayores de edad, y en la segunda a otro. Todos de sexo masculino y en flagrancia. 11 de Agosto de 2024 CHASCOM\u00daS -\u00a0 Personal de la Patrulla Rural, SS Rural, Coord Dolores y CPR Chascom\u00fas lograron identificar a dos hombres mayores de\u2026","rel":"","context":"En \u00abINTERES GENERAL\u00bb","block_context":{"text":"INTERES GENERAL","link":"https:\/\/larevistadigital.com.ar\/blog\/category\/interes-general\/"},"img":{"alt_text":"","src":"https:\/\/i0.wp.com\/larevistadigital.com.ar\/blog\/wp-content\/uploads\/WhatsApp-Image-2024-08-11-at-12.21.02-e1723391218677.jpeg?fit=718%2C998&ssl=1&resize=350%2C200","width":350,"height":200,"srcset":"https:\/\/i0.wp.com\/larevistadigital.com.ar\/blog\/wp-content\/uploads\/WhatsApp-Image-2024-08-11-at-12.21.02-e1723391218677.jpeg?fit=718%2C998&ssl=1&resize=350%2C200 1x, https:\/\/i0.wp.com\/larevistadigital.com.ar\/blog\/wp-content\/uploads\/WhatsApp-Image-2024-08-11-at-12.21.02-e1723391218677.jpeg?fit=718%2C998&ssl=1&resize=525%2C300 1.5x, https:\/\/i0.wp.com\/larevistadigital.com.ar\/blog\/wp-content\/uploads\/WhatsApp-Image-2024-08-11-at-12.21.02-e1723391218677.jpeg?fit=718%2C998&ssl=1&resize=700%2C400 2x"},"classes":[]}],"_links":{"self":[{"href":"https:\/\/larevistadigital.com.ar\/blog\/wp-json\/wp\/v2\/posts\/39879","targetHints":{"allow":["GET"]}}],"collection":[{"href":"https:\/\/larevistadigital.com.ar\/blog\/wp-json\/wp\/v2\/posts"}],"about":[{"href":"https:\/\/larevistadigital.com.ar\/blog\/wp-json\/wp\/v2\/types\/post"}],"author":[{"embeddable":true,"href":"https:\/\/larevistadigital.com.ar\/blog\/wp-json\/wp\/v2\/users\/3"}],"replies":[{"embeddable":true,"href":"https:\/\/larevistadigital.com.ar\/blog\/wp-json\/wp\/v2\/comments?post=39879"}],"version-history":[{"count":1,"href":"https:\/\/larevistadigital.com.ar\/blog\/wp-json\/wp\/v2\/posts\/39879\/revisions"}],"predecessor-version":[{"id":39881,"href":"https:\/\/larevistadigital.com.ar\/blog\/wp-json\/wp\/v2\/posts\/39879\/revisions\/39881"}],"wp:featuredmedia":[{"embeddable":true,"href":"https:\/\/larevistadigital.com.ar\/blog\/wp-json\/wp\/v2\/media\/39880"}],"wp:attachment":[{"href":"https:\/\/larevistadigital.com.ar\/blog\/wp-json\/wp\/v2\/media?parent=39879"}],"wp:term":[{"taxonomy":"category","embeddable":true,"href":"https:\/\/larevistadigital.com.ar\/blog\/wp-json\/wp\/v2\/categories?post=39879"},{"taxonomy":"post_tag","embeddable":true,"href":"https:\/\/larevistadigital.com.ar\/blog\/wp-json\/wp\/v2\/tags?post=39879"}],"curies":[{"name":"wp","href":"https:\/\/api.w.org\/{rel}","templated":true}]}}