{"id":39882,"date":"2025-05-25T22:19:02","date_gmt":"2025-05-26T01:19:02","guid":{"rendered":"https:\/\/larevistadigital.com.ar\/blog\/?p=39882"},"modified":"2025-05-25T22:19:02","modified_gmt":"2025-05-26T01:19:02","slug":"detienen-a-una-mujer-que-al-intentar-suicidarse-termino-matando-a-su-hija-de-dos-anos","status":"publish","type":"post","link":"https:\/\/larevistadigital.com.ar\/blog\/detienen-a-una-mujer-que-al-intentar-suicidarse-termino-matando-a-su-hija-de-dos-anos\/","title":{"rendered":"Detienen a una mujer que al intentar suicidarse, termin\u00f3 matando a su hija de dos a\u00f1os"},"content":{"rendered":"<h2 class=\"fparrafo ctext fz18 lh25\">Una mujer de 35 a\u00f1os fue arrestada en Coronel Su\u00e1rez, acusada del asesinato de su hija de apenas dos a\u00f1os. El tr\u00e1gico episodio ocurri\u00f3 en una vivienda de esa ciudad del sudoeste bonaerense, y la causa fue calificada como \u00abhomicidio agravado por el v\u00ednculo\u00bb.<\/h2>\n<p>25 de Mayo de 2025<\/p>\n<p><strong>CORONEL SUAREZ &#8211;\u00a0 <\/strong>Seg\u00fan la investigaci\u00f3n, la mujer,\u00a0Antonela Culotta\u00a0de 35 a\u00f1os,\u00a0\u00a0habr\u00eda intentado suicidarse junto a su hija al abrir las hornallas de gas de la cocina, al tiempo que\u00a0avis\u00f3\u00a0de su intenci\u00f3n\u00a0a una conocida a trav\u00e9s de redes sociales..<\/p>\n<blockquote>\n<h3 class=\"p\">Como resultado de la inhalaci\u00f3n de gases, la menor falleci\u00f3, mientras que su madre perdi\u00f3 el conocimiento pero fue hallada con vida por los equipos de emergencia que acudieron al lugar.<\/h3>\n<\/blockquote>\n<p class=\"p\">Seg\u00fan medios de la regi\u00f3n, el caso sali\u00f3 a la luz luego de que una allegada diera aviso a la polic\u00eda, tras ver una publicaci\u00f3n en redes sociales donde la mujer manifestaba su intenci\u00f3n de quitarse la vida junto a su hija.<\/p>\n<p class=\"p\">Gracias a ese aviso, los servicios de emergencia llegaron a tiempo para rescatar a la mujer, quien ahora permanece detenida mientras avanza la investigaci\u00f3n judicial.\u00a0<b>(InfoGEI)Ac<\/b><\/p>\n","protected":false},"excerpt":{"rendered":"<div class=\"mh-excerpt\"><p>Una mujer de 35 a\u00f1os fue arrestada en Coronel Su\u00e1rez, acusada del asesinato de su hija de apenas dos a\u00f1os. El tr\u00e1gico episodio ocurri\u00f3 en una vivienda de esa ciudad del sudoeste bonaerense, y la <a class=\"mh-excerpt-more\" href=\"https:\/\/larevistadigital.com.ar\/blog\/detienen-a-una-mujer-que-al-intentar-suicidarse-termino-matando-a-su-hija-de-dos-anos\/\" title=\"Detienen a una mujer que al intentar suicidarse, termin\u00f3 matando a su hija de dos a\u00f1os\">[Leer M\u00e1s]<\/a><\/p>\n<\/div>","protected":false},"author":3,"featured_media":39883,"comment_status":"open","ping_status":"open","sticky":false,"template":"","format":"standard","meta":{"_jetpack_memberships_contains_paid_content":false,"footnotes":"","jetpack_publicize_message":"","jetpack_publicize_feature_enabled":true,"jetpack_social_post_already_shared":true,"jetpack_social_options":{"image_generator_settings":{"template":"highway","default_image_id":0,"font":"","enabled":false},"version":2}},"categories":[44,51],"tags":[],"class_list":{"0":"post-39882","1":"post","2":"type-post","3":"status-publish","4":"format-standard","5":"has-post-thumbnail","7":"category-policiales","8":"category-regionales"},"jetpack_publicize_connections":[],"jetpack_featured_media_url":"https:\/\/i0.wp.com\/larevistadigital.com.ar\/blog\/wp-content\/uploads\/20250524160450_coronel-suarez-intento-suicidio.jpg?fit=880%2C512&ssl=1","jetpack_sharing_enabled":true,"jetpack_shortlink":"https:\/\/wp.me\/p8qtrQ-ang","jetpack-related-posts":[{"id":30622,"url":"https:\/\/larevistadigital.com.ar\/blog\/mar-chiquita-imputan-a-una-mujer-por-arengar-a-pelear-a-su-hija-mientras-la-filmaba\/","url_meta":{"origin":39882,"position":0},"title":"MAR CHIQUITA: IMPUTAN A UNA MUJER POR ARENGAR A PELEAR A SU HIJA, MIENTRAS LA FILMABA","author":"Alejandro Sosa Ruda","date":"16 marzo, 2023","format":false,"excerpt":"La causa se origin\u00f3 cuando un hombre de Coronel Vidal denunci\u00f3 una agresi\u00f3n contra su hija de 13 a\u00f1os por parte de una compa\u00f1era. 15 de marzo de 2023 CORONEL VIDAL -\u00a0 Una mujer de 28 a\u00f1os con residencia en Coronel Vidal, partido de\u00a0Mar Chiquita, qued\u00f3 imputada en una causa\u2026","rel":"","context":"En \u00abPOLICIALES\u00bb","block_context":{"text":"POLICIALES","link":"https:\/\/larevistadigital.com.ar\/blog\/category\/policiales\/"},"img":{"alt_text":"","src":"https:\/\/i0.wp.com\/larevistadigital.com.ar\/blog\/wp-content\/uploads\/0aa3c8799850ce245e5c7feb8e0950b686fb78c4.jpg?fit=1140%2C716&ssl=1&resize=350%2C200","width":350,"height":200,"srcset":"https:\/\/i0.wp.com\/larevistadigital.com.ar\/blog\/wp-content\/uploads\/0aa3c8799850ce245e5c7feb8e0950b686fb78c4.jpg?fit=1140%2C716&ssl=1&resize=350%2C200 1x, https:\/\/i0.wp.com\/larevistadigital.com.ar\/blog\/wp-content\/uploads\/0aa3c8799850ce245e5c7feb8e0950b686fb78c4.jpg?fit=1140%2C716&ssl=1&resize=525%2C300 1.5x, https:\/\/i0.wp.com\/larevistadigital.com.ar\/blog\/wp-content\/uploads\/0aa3c8799850ce245e5c7feb8e0950b686fb78c4.jpg?fit=1140%2C716&ssl=1&resize=700%2C400 2x, https:\/\/i0.wp.com\/larevistadigital.com.ar\/blog\/wp-content\/uploads\/0aa3c8799850ce245e5c7feb8e0950b686fb78c4.jpg?fit=1140%2C716&ssl=1&resize=1050%2C600 3x"},"classes":[]},{"id":41767,"url":"https:\/\/larevistadigital.com.ar\/blog\/una-joven-denuncio-haber-estado-cautiva-tres-dias-junto-a-sus-hijos-en-coronel-suarez\/","url_meta":{"origin":39882,"position":1},"title":"Una joven denunci\u00f3 haber estado cautiva tres d\u00edas junto a sus hijos en Coronel Su\u00e1rez","author":"Alejandro Sosa Ruda","date":"3 octubre, 2025","format":false,"excerpt":"En la tarde del martes, una joven de 19 a\u00f1os se present\u00f3 en la Comisar\u00eda de la Mujer y la Familia de Coronel Su\u00e1rez y denunci\u00f3 que estuvo privada de su libertad durante tres d\u00edas junto a sus dos hijos, de 11 meses y 3 a\u00f1os, en una vivienda de\u2026","rel":"","context":"En \u00abINTERES GENERAL\u00bb","block_context":{"text":"INTERES GENERAL","link":"https:\/\/larevistadigital.com.ar\/blog\/category\/interes-general\/"},"img":{"alt_text":"","src":"https:\/\/i0.wp.com\/larevistadigital.com.ar\/blog\/wp-content\/uploads\/20251002191132_detienen-hombre-pareja-comisaria-coronel-suarez.jpg?fit=880%2C512&ssl=1&resize=350%2C200","width":350,"height":200,"srcset":"https:\/\/i0.wp.com\/larevistadigital.com.ar\/blog\/wp-content\/uploads\/20251002191132_detienen-hombre-pareja-comisaria-coronel-suarez.jpg?fit=880%2C512&ssl=1&resize=350%2C200 1x, https:\/\/i0.wp.com\/larevistadigital.com.ar\/blog\/wp-content\/uploads\/20251002191132_detienen-hombre-pareja-comisaria-coronel-suarez.jpg?fit=880%2C512&ssl=1&resize=525%2C300 1.5x, https:\/\/i0.wp.com\/larevistadigital.com.ar\/blog\/wp-content\/uploads\/20251002191132_detienen-hombre-pareja-comisaria-coronel-suarez.jpg?fit=880%2C512&ssl=1&resize=700%2C400 2x"},"classes":[]},{"id":37988,"url":"https:\/\/larevistadigital.com.ar\/blog\/terror-en-berisso-mato-a-su-hijita-de-5-anos-apunalandola-en-el-pecho-y-luego-trato-de-suicidarse\/","url_meta":{"origin":39882,"position":2},"title":"Terror en Berisso: Mat\u00f3 a su hijita de 5 a\u00f1os apu\u00f1al\u00e1ndola en el pecho y luego trat\u00f3 de suicidarse","author":"Alejandro Sosa Ruda","date":"24 noviembre, 2024","format":false,"excerpt":"Detienen a un hombre en Berisso, acusado de matar a la hija de 5 a\u00f1os a pu\u00f1aladas en el pecho 24 de Noviembre de 2024 Berisso.- LA PLATA\u00a0 -\u00a0 \u00a0\u00a0Un demente sujeto, asesin\u00f3 a pu\u00f1aladas a su hija de 5 a\u00f1os, en la localidad de Berisso, para luego intentar suicidarse\u2026","rel":"","context":"En \u00abPOLICIALES\u00bb","block_context":{"text":"POLICIALES","link":"https:\/\/larevistadigital.com.ar\/blog\/category\/policiales\/"},"img":{"alt_text":"","src":"https:\/\/i0.wp.com\/larevistadigital.com.ar\/blog\/wp-content\/uploads\/5a1d8ec76f9d76d92e3d3e6ec7b8c9d200e9ed6b.jpg?fit=1140%2C641&ssl=1&resize=350%2C200","width":350,"height":200,"srcset":"https:\/\/i0.wp.com\/larevistadigital.com.ar\/blog\/wp-content\/uploads\/5a1d8ec76f9d76d92e3d3e6ec7b8c9d200e9ed6b.jpg?fit=1140%2C641&ssl=1&resize=350%2C200 1x, https:\/\/i0.wp.com\/larevistadigital.com.ar\/blog\/wp-content\/uploads\/5a1d8ec76f9d76d92e3d3e6ec7b8c9d200e9ed6b.jpg?fit=1140%2C641&ssl=1&resize=525%2C300 1.5x, https:\/\/i0.wp.com\/larevistadigital.com.ar\/blog\/wp-content\/uploads\/5a1d8ec76f9d76d92e3d3e6ec7b8c9d200e9ed6b.jpg?fit=1140%2C641&ssl=1&resize=700%2C400 2x, https:\/\/i0.wp.com\/larevistadigital.com.ar\/blog\/wp-content\/uploads\/5a1d8ec76f9d76d92e3d3e6ec7b8c9d200e9ed6b.jpg?fit=1140%2C641&ssl=1&resize=1050%2C600 3x"},"classes":[]},{"id":3430,"url":"https:\/\/larevistadigital.com.ar\/blog\/chascomus-joven-intento-suicidarse-prendiendose-fuego\/","url_meta":{"origin":39882,"position":3},"title":"CHASCOM\u00daS: JOVEN INTENT\u00d3 SUICIDARSE PRENDI\u00c9NDOSE FUEGO","author":"Alejandro Sosa Ruda","date":"8 octubre, 2017","format":false,"excerpt":"En un di\u00e1logo mantenido con la FM Por Siempre, una vecina de Chascom\u00fas cont\u00f3 sobre el intento de suicidio de su hija, una joven de 30 a\u00f1os que intento incinerarse. All\u00ed dijo que su hija se encuentra en estado reservado, con un 35% del cuerpo quemado. A su vez, se\u00f1al\u00f3\u2026","rel":"","context":"En \u00abPOLITICA\u00bb","block_context":{"text":"POLITICA","link":"https:\/\/larevistadigital.com.ar\/blog\/category\/politica\/"},"img":{"alt_text":"","src":"https:\/\/i0.wp.com\/larevistadigital.com.ar\/blog\/wp-content\/uploads\/2017\/10\/hospi1-1024x767-111-700x524.jpg?fit=700%2C524&ssl=1&resize=350%2C200","width":350,"height":200,"srcset":"https:\/\/i0.wp.com\/larevistadigital.com.ar\/blog\/wp-content\/uploads\/2017\/10\/hospi1-1024x767-111-700x524.jpg?fit=700%2C524&ssl=1&resize=350%2C200 1x, https:\/\/i0.wp.com\/larevistadigital.com.ar\/blog\/wp-content\/uploads\/2017\/10\/hospi1-1024x767-111-700x524.jpg?fit=700%2C524&ssl=1&resize=525%2C300 1.5x, https:\/\/i0.wp.com\/larevistadigital.com.ar\/blog\/wp-content\/uploads\/2017\/10\/hospi1-1024x767-111-700x524.jpg?fit=700%2C524&ssl=1&resize=700%2C400 2x"},"classes":[]},{"id":23956,"url":"https:\/\/larevistadigital.com.ar\/blog\/pilar-detienen-a-hombre-acusado-de-violar-a-su-pequena-hija\/","url_meta":{"origin":39882,"position":4},"title":"PILAR: DETIENEN A HOMBRE ACUSADO DE VIOLAR A SU PEQUE\u00d1A HIJA","author":"Alejandro Sosa Ruda","date":"12 febrero, 2022","format":false,"excerpt":"La Polic\u00eda detuvo a un hombre acusado de haber violado en reiteradas oportunidades a su peque\u00f1a hija. La menor tiene 8 a\u00f1os y fue ultrajada en reiteradas oportunidades, de acuerdo a la denuncia de la madre. PILAR -\u00a0 La captura se efectu\u00f3 luego de que el sujeto, de 31 a\u00f1os,\u2026","rel":"","context":"En \u00abPOLICIALES\u00bb","block_context":{"text":"POLICIALES","link":"https:\/\/larevistadigital.com.ar\/blog\/category\/policiales\/"},"img":{"alt_text":"","src":"https:\/\/i0.wp.com\/larevistadigital.com.ar\/blog\/wp-content\/uploads\/20220211111148_detenido-violacion-pilar.jpg?fit=880%2C512&ssl=1&resize=350%2C200","width":350,"height":200,"srcset":"https:\/\/i0.wp.com\/larevistadigital.com.ar\/blog\/wp-content\/uploads\/20220211111148_detenido-violacion-pilar.jpg?fit=880%2C512&ssl=1&resize=350%2C200 1x, https:\/\/i0.wp.com\/larevistadigital.com.ar\/blog\/wp-content\/uploads\/20220211111148_detenido-violacion-pilar.jpg?fit=880%2C512&ssl=1&resize=525%2C300 1.5x, https:\/\/i0.wp.com\/larevistadigital.com.ar\/blog\/wp-content\/uploads\/20220211111148_detenido-violacion-pilar.jpg?fit=880%2C512&ssl=1&resize=700%2C400 2x"},"classes":[]},{"id":33583,"url":"https:\/\/larevistadigital.com.ar\/blog\/mato-a-su-mujer-a-punaladas-delante-de-su-hija-y-termino-linchado-por-sus-vecinos\/","url_meta":{"origin":39882,"position":5},"title":"MAT\u00d3 A SU MUJER A PU\u00d1ALADAS DELANTE DE SU HIJA, Y TERMIN\u00d3 LINCHADO POR SUS VECINOS","author":"Alejandro Sosa Ruda","date":"25 septiembre, 2023","format":false,"excerpt":"El asesino, borracho trep\u00f3 la pared y sorprendi\u00f3 a la v\u00edctima en su propia casa, donde dorm\u00eda junto a la menor, de 11 a\u00f1os. 25 de Septiembre de 2023 JUJUY -\u00a0 Una mujer fue v\u00edctima de un atroz asesinato a manos de su expareja durante la jornada del pasado lunes.\u2026","rel":"","context":"En \u00abINTERES GENERAL\u00bb","block_context":{"text":"INTERES GENERAL","link":"https:\/\/larevistadigital.com.ar\/blog\/category\/interes-general\/"},"img":{"alt_text":"","src":"https:\/\/i0.wp.com\/larevistadigital.com.ar\/blog\/wp-content\/uploads\/Captura-de-pantalla-2023-09-25-144648.png?fit=802%2C437&ssl=1&resize=350%2C200","width":350,"height":200,"srcset":"https:\/\/i0.wp.com\/larevistadigital.com.ar\/blog\/wp-content\/uploads\/Captura-de-pantalla-2023-09-25-144648.png?fit=802%2C437&ssl=1&resize=350%2C200 1x, https:\/\/i0.wp.com\/larevistadigital.com.ar\/blog\/wp-content\/uploads\/Captura-de-pantalla-2023-09-25-144648.png?fit=802%2C437&ssl=1&resize=525%2C300 1.5x, https:\/\/i0.wp.com\/larevistadigital.com.ar\/blog\/wp-content\/uploads\/Captura-de-pantalla-2023-09-25-144648.png?fit=802%2C437&ssl=1&resize=700%2C400 2x"},"classes":[]}],"_links":{"self":[{"href":"https:\/\/larevistadigital.com.ar\/blog\/wp-json\/wp\/v2\/posts\/39882","targetHints":{"allow":["GET"]}}],"collection":[{"href":"https:\/\/larevistadigital.com.ar\/blog\/wp-json\/wp\/v2\/posts"}],"about":[{"href":"https:\/\/larevistadigital.com.ar\/blog\/wp-json\/wp\/v2\/types\/post"}],"author":[{"embeddable":true,"href":"https:\/\/larevistadigital.com.ar\/blog\/wp-json\/wp\/v2\/users\/3"}],"replies":[{"embeddable":true,"href":"https:\/\/larevistadigital.com.ar\/blog\/wp-json\/wp\/v2\/comments?post=39882"}],"version-history":[{"count":1,"href":"https:\/\/larevistadigital.com.ar\/blog\/wp-json\/wp\/v2\/posts\/39882\/revisions"}],"predecessor-version":[{"id":39884,"href":"https:\/\/larevistadigital.com.ar\/blog\/wp-json\/wp\/v2\/posts\/39882\/revisions\/39884"}],"wp:featuredmedia":[{"embeddable":true,"href":"https:\/\/larevistadigital.com.ar\/blog\/wp-json\/wp\/v2\/media\/39883"}],"wp:attachment":[{"href":"https:\/\/larevistadigital.com.ar\/blog\/wp-json\/wp\/v2\/media?parent=39882"}],"wp:term":[{"taxonomy":"category","embeddable":true,"href":"https:\/\/larevistadigital.com.ar\/blog\/wp-json\/wp\/v2\/categories?post=39882"},{"taxonomy":"post_tag","embeddable":true,"href":"https:\/\/larevistadigital.com.ar\/blog\/wp-json\/wp\/v2\/tags?post=39882"}],"curies":[{"name":"wp","href":"https:\/\/api.w.org\/{rel}","templated":true}]}}