{"id":39885,"date":"2025-05-25T22:23:06","date_gmt":"2025-05-26T01:23:06","guid":{"rendered":"https:\/\/larevistadigital.com.ar\/blog\/?p=39885"},"modified":"2025-05-25T22:23:06","modified_gmt":"2025-05-26T01:23:06","slug":"confirman-que-el-fentanilo-contaminado-fue-producido-por-laboratorios-ramallo","status":"publish","type":"post","link":"https:\/\/larevistadigital.com.ar\/blog\/confirman-que-el-fentanilo-contaminado-fue-producido-por-laboratorios-ramallo\/","title":{"rendered":"Confirman que el fentanilo contaminado fue producido por Laboratorios Ramallo"},"content":{"rendered":"<h3 class=\"fparrafo ctext fz18 lh25\">La Administraci\u00f3n Nacional de Medicamentos, Alimentos y Tecnolog\u00eda M\u00e9dica (ANMAT) confirm\u00f3 que el fentanilo vinculado a la muerte de 15 pacientes en unidades de terapia intensiva fue fabricado por Laboratorios Ramallo y distribuido por HLB Pharma. Esta informaci\u00f3n fue presentada ante el Juzgado Federal N.\u00ba 3 de La Plata, encabezado por el juez Ernesto Kreplak, y ya forma parte de la causa que investiga los fallecimientos registrados en hospitales de La Plata y Rosario.<\/h3>\n<p>25 De Mayo de 2025<\/p>\n<p><strong>BUENOS AIRES &#8211;\u00a0 <\/strong>La investigaci\u00f3n se centra en el lote 31202 del producto \u201cFentanilo HLB\u201d, reportado inicialmente por el Hospital Italiano de La Plata, donde 14 personas fallecieron y otras 18 desarrollaron cuadros de neumon\u00eda. ANMAT examin\u00f3 una muestra testigo \u2014conservada como referencia y secuestrada en la planta\u2014 en la que se detectaron las mismas bacterias identificadas por el Instituto Malbr\u00e1n en las ampollas utilizadas en dicho hospital.<\/p>\n<p class=\"p\">El informe t\u00e9cnico se\u00f1ala que las bacterias comenzaron a desarrollarse visiblemente tras 24 horas de cultivo, lo que confirma la contaminaci\u00f3n del f\u00e1rmaco y su relaci\u00f3n directa con los s\u00edntomas presentados por los pacientes. Este an\u00e1lisis fue incorporado al expediente judicial bajo el acta N.\u00ba 3 y fue firmado por expertos del INAME-ANMAT y del laboratorio privado encargado de la evaluaci\u00f3n.<\/p>\n<p class=\"p\">Adem\u00e1s, la ANMAT ya hab\u00eda suspendido de forma preventiva las actividades de ambas empresas \u2014HLB Pharma y Laboratorios Ramallo\u2014 debido no solo a la sospecha de contaminaci\u00f3n cruzada, sino tambi\u00e9n a numerosas irregularidades graves, como la falta de condiciones de higiene, uso de envases no autorizados y ausencia de controles en la trazabilidad del proceso productivo.<\/p>\n<p class=\"p\">El 15 de mayo, la justicia llev\u00f3 a cabo allanamientos en ambas instalaciones, donde se incautaron m\u00e1s de 2.000 ampollas de fentanilo, adem\u00e1s de documentaci\u00f3n, envases y otras sustancias relacionadas con este opioide. Ese mismo d\u00eda prest\u00f3 testimonio la titular de ANMAT, N\u00e9lida Agustina Bisio, quien afirm\u00f3 que el lote en cuesti\u00f3n habr\u00eda sido elaborado en diciembre de 2024, antes de que se ordenara el cierre de la planta.<\/p>\n<p class=\"p\"><span style=\"color: #ff0000\"><b>Casos confirmados<\/b><\/span><\/p>\n<p class=\"p\">Seg\u00fan el Bolet\u00edn Epidemiol\u00f3gico Nacional, hasta el momento se han confirmado 54 casos de pacientes afectados en Buenos Aires y Santa Fe, mientras que otros 12 permanecen bajo an\u00e1lisis en la Ciudad Aut\u00f3noma de Buenos Aires y Neuqu\u00e9n.<\/p>\n<p class=\"p\"><span style=\"color: #ff0000\"><b>R<\/b><b>esponsables\u00a0<\/b><b>investigados<\/b><\/span><\/p>\n<p class=\"p\">La justicia investiga si los responsables del laboratorio estaban al tanto de la contaminaci\u00f3n del lote y si existen otros productos comprometidos. Por el momento, sigue vigente la prohibici\u00f3n total de uso, distribuci\u00f3n y comercializaci\u00f3n de todos los medicamentos elaborados por HLB Pharma Group S.A. y Laboratorios Ramallo S.A.\u00a0<b>(InfoGEI)Ac<\/b><\/p>\n","protected":false},"excerpt":{"rendered":"<div class=\"mh-excerpt\"><p>La Administraci\u00f3n Nacional de Medicamentos, Alimentos y Tecnolog\u00eda M\u00e9dica (ANMAT) confirm\u00f3 que el fentanilo vinculado a la muerte de 15 pacientes en unidades de terapia intensiva fue fabricado por Laboratorios Ramallo y distribuido por HLB <a class=\"mh-excerpt-more\" href=\"https:\/\/larevistadigital.com.ar\/blog\/confirman-que-el-fentanilo-contaminado-fue-producido-por-laboratorios-ramallo\/\" title=\"Confirman que el fentanilo contaminado fue producido por Laboratorios Ramallo\">[Leer M\u00e1s]<\/a><\/p>\n<\/div>","protected":false},"author":3,"featured_media":39886,"comment_status":"open","ping_status":"open","sticky":false,"template":"","format":"standard","meta":{"_jetpack_memberships_contains_paid_content":false,"footnotes":"","jetpack_publicize_message":"","jetpack_publicize_feature_enabled":true,"jetpack_social_post_already_shared":true,"jetpack_social_options":{"image_generator_settings":{"template":"highway","default_image_id":0,"font":"","enabled":false},"version":2}},"categories":[50,44],"tags":[303,167,305,304],"class_list":{"0":"post-39885","1":"post","2":"type-post","3":"status-publish","4":"format-standard","5":"has-post-thumbnail","7":"category-interes-general","8":"category-policiales","9":"tag-fentanilo","10":"tag-anmat","11":"tag-hospital-italiano","12":"tag-laboratorios-ramallo"},"jetpack_publicize_connections":[],"jetpack_featured_media_url":"https:\/\/i0.wp.com\/larevistadigital.com.ar\/blog\/wp-content\/uploads\/20250524150156_anmat-fentanilo-laboratorios-ramallo.jpg?fit=880%2C512&ssl=1","jetpack_sharing_enabled":true,"jetpack_shortlink":"https:\/\/wp.me\/p8qtrQ-anj","jetpack-related-posts":[{"id":41022,"url":"https:\/\/larevistadigital.com.ar\/blog\/fentanilo-contaminado-detuvieron-a-ariel-garcia-furfaro-sus-dos-hermanos-su-madre-y-directivos-del-laboratorio-hlb-pharma\/","url_meta":{"origin":39885,"position":0},"title":"Fentanilo contaminado: detuvieron a Ariel Garc\u00eda Furfaro, sus dos hermanos, su madre y directivos del laboratorio HLB Pharma","author":"Alejandro Sosa Ruda","date":"20 agosto, 2025","format":false,"excerpt":"Ariel Garc\u00eda Furfaro, se\u00f1alado como responsable de los lotes de fentanilo que habr\u00edan provocado la muerte de decenas de pacientes, fue detenido junto a directivos y familiares en un megaoperativo de la PSA y Gendarmer\u00eda. 20 de agosto de 2025 Este mi\u00e9rcoles por la noche se concret\u00f3 la detenci\u00f3n de\u2026","rel":"","context":"En \u00abDESTACADAS\u00bb","block_context":{"text":"DESTACADAS","link":"https:\/\/larevistadigital.com.ar\/blog\/category\/destacadas\/"},"img":{"alt_text":"","src":"https:\/\/i0.wp.com\/larevistadigital.com.ar\/blog\/wp-content\/uploads\/Captura-de-pantalla-2025-08-20-232629.jpg?fit=921%2C489&ssl=1&resize=350%2C200","width":350,"height":200,"srcset":"https:\/\/i0.wp.com\/larevistadigital.com.ar\/blog\/wp-content\/uploads\/Captura-de-pantalla-2025-08-20-232629.jpg?fit=921%2C489&ssl=1&resize=350%2C200 1x, https:\/\/i0.wp.com\/larevistadigital.com.ar\/blog\/wp-content\/uploads\/Captura-de-pantalla-2025-08-20-232629.jpg?fit=921%2C489&ssl=1&resize=525%2C300 1.5x, https:\/\/i0.wp.com\/larevistadigital.com.ar\/blog\/wp-content\/uploads\/Captura-de-pantalla-2025-08-20-232629.jpg?fit=921%2C489&ssl=1&resize=700%2C400 2x"},"classes":[]},{"id":34712,"url":"https:\/\/larevistadigital.com.ar\/blog\/anmat-autorizo-la-primera-vacuna-para-prevenir-la-bronquiolitis-en-bebes-menores-de-2-anos\/","url_meta":{"origin":39885,"position":1},"title":"ANMAT AUTORIZ\u00d3 LA PRIMERA VACUNA PARA PREVENIR LA BRONQUIOLITIS EN BEBES MENORES DE 2 A\u00d1OS","author":"Alejandro Sosa Ruda","date":"4 diciembre, 2023","format":false,"excerpt":"Se trata de la inmunizaci\u00f3n nirsevimab desarrollada por los laboratorios Sanofi y AstraZeneca, que tambi\u00e9n ya fue aprobado por la Comisi\u00f3n Europea y la Administraci\u00f3n de Alimentos y Medicamentos de los Estados Unidos (FDA). 4 de Diciembre de 2023 La Administraci\u00f3n Nacional de Medicamentos, Alimentos y Tecnolog\u00eda M\u00e9dica (Anmat) autoriz\u00f3\u2026","rel":"","context":"En \u00abINTERES GENERAL\u00bb","block_context":{"text":"INTERES GENERAL","link":"https:\/\/larevistadigital.com.ar\/blog\/category\/interes-general\/"},"img":{"alt_text":"","src":"https:\/\/i0.wp.com\/larevistadigital.com.ar\/blog\/wp-content\/uploads\/20231203173525_bronq.jpg?fit=880%2C512&ssl=1&resize=350%2C200","width":350,"height":200,"srcset":"https:\/\/i0.wp.com\/larevistadigital.com.ar\/blog\/wp-content\/uploads\/20231203173525_bronq.jpg?fit=880%2C512&ssl=1&resize=350%2C200 1x, https:\/\/i0.wp.com\/larevistadigital.com.ar\/blog\/wp-content\/uploads\/20231203173525_bronq.jpg?fit=880%2C512&ssl=1&resize=525%2C300 1.5x, https:\/\/i0.wp.com\/larevistadigital.com.ar\/blog\/wp-content\/uploads\/20231203173525_bronq.jpg?fit=880%2C512&ssl=1&resize=700%2C400 2x"},"classes":[]},{"id":40962,"url":"https:\/\/larevistadigital.com.ar\/blog\/la-federacion-nacional-fesintras-alerto-que-las-muertes-por-fentanilo-exponen-las-graves-consecuencias-del-desmantelamiento-del-sistema-de-salud\/","url_meta":{"origin":39885,"position":2},"title":"La Federaci\u00f3n Nacional FESINTRAS alert\u00f3 que las muertes por fentanilo \u201cexponen las graves consecuencias del desmantelamiento del sistema de salud\u201d","author":"Alejandro Sosa Ruda","date":"18 agosto, 2025","format":false,"excerpt":"Adem\u00e1s, desde este nuevo nucleamiento sindical, integrado por los gremios CICOP de Buenos Aires, APUAP de Jujuy y APHEC del Hospital Cruce, reclamaron \u201cuna investigaci\u00f3n exhaustiva y la determinaci\u00f3n de responsabilidades pol\u00edticas y penales, incluyendo la del ministro de Salud, Mario Lugones\u201d. 18 de agosto de 2025 Representantes gremiales del\u2026","rel":"","context":"En \u00abINTERES GENERAL\u00bb","block_context":{"text":"INTERES GENERAL","link":"https:\/\/larevistadigital.com.ar\/blog\/category\/interes-general\/"},"img":{"alt_text":"","src":"https:\/\/i0.wp.com\/larevistadigital.com.ar\/blog\/wp-content\/uploads\/mail-10.jpg?fit=1200%2C801&ssl=1&resize=350%2C200","width":350,"height":200,"srcset":"https:\/\/i0.wp.com\/larevistadigital.com.ar\/blog\/wp-content\/uploads\/mail-10.jpg?fit=1200%2C801&ssl=1&resize=350%2C200 1x, https:\/\/i0.wp.com\/larevistadigital.com.ar\/blog\/wp-content\/uploads\/mail-10.jpg?fit=1200%2C801&ssl=1&resize=525%2C300 1.5x, https:\/\/i0.wp.com\/larevistadigital.com.ar\/blog\/wp-content\/uploads\/mail-10.jpg?fit=1200%2C801&ssl=1&resize=700%2C400 2x, https:\/\/i0.wp.com\/larevistadigital.com.ar\/blog\/wp-content\/uploads\/mail-10.jpg?fit=1200%2C801&ssl=1&resize=1050%2C600 3x"},"classes":[]},{"id":21581,"url":"https:\/\/larevistadigital.com.ar\/blog\/atencion-anmat-prohibe-medicamento-por-considerarlo-falsificado\/","url_meta":{"origin":39885,"position":3},"title":"ATENCI\u00d3N: ANMAT PROHIBE MEDICAMENTO, POR CONSIDERARLO FALSIFICADO","author":"Alejandro Sosa Ruda","date":"17 agosto, 2021","format":false,"excerpt":"Este martes la Anmat prohibi\u00f3 la venta y uso de un anest\u00e9sico por considerarlo \"falsificado\". Mir\u00e1 de qu\u00e9 marca de este producto se trata. La Administraci\u00f3n Nacional de Medicamentos, Alimentos y Tecnolog\u00eda M\u00e9dica (Anmat) prohibi\u00f3 este martes el uso, la comercializaci\u00f3n y la distribuci\u00f3n en todo el territorio nacional de\u2026","rel":"","context":"En \u00abINTERES GENERAL\u00bb","block_context":{"text":"INTERES GENERAL","link":"https:\/\/larevistadigital.com.ar\/blog\/category\/interes-general\/"},"img":{"alt_text":"","src":"https:\/\/i0.wp.com\/larevistadigital.com.ar\/blog\/wp-content\/uploads\/c5372d59b25017fa20e46bf9e58a2d34fd268ffe.jpg?fit=1140%2C754&ssl=1&resize=350%2C200","width":350,"height":200,"srcset":"https:\/\/i0.wp.com\/larevistadigital.com.ar\/blog\/wp-content\/uploads\/c5372d59b25017fa20e46bf9e58a2d34fd268ffe.jpg?fit=1140%2C754&ssl=1&resize=350%2C200 1x, https:\/\/i0.wp.com\/larevistadigital.com.ar\/blog\/wp-content\/uploads\/c5372d59b25017fa20e46bf9e58a2d34fd268ffe.jpg?fit=1140%2C754&ssl=1&resize=525%2C300 1.5x, https:\/\/i0.wp.com\/larevistadigital.com.ar\/blog\/wp-content\/uploads\/c5372d59b25017fa20e46bf9e58a2d34fd268ffe.jpg?fit=1140%2C754&ssl=1&resize=700%2C400 2x, https:\/\/i0.wp.com\/larevistadigital.com.ar\/blog\/wp-content\/uploads\/c5372d59b25017fa20e46bf9e58a2d34fd268ffe.jpg?fit=1140%2C754&ssl=1&resize=1050%2C600 3x"},"classes":[]},{"id":37840,"url":"https:\/\/larevistadigital.com.ar\/blog\/rescatan-a-un-trabajador-atrapado-en-silo-de-cereal\/","url_meta":{"origin":39885,"position":4},"title":"Rescatan a un trabajador atrapado en silo de cereal","author":"Alejandro Sosa Ruda","date":"12 noviembre, 2024","format":false,"excerpt":"Un operario de 40 a\u00f1os fue rescatado por sus compa\u00f1eros y Bomberos Voluntarios, tras caer en una celda de acopio de cereal en la planta de silos de la localidad de El Para\u00edso, partido de Ramallo, al noreste de la Provincia de Buenoos Aires. Se encuentra fuera de peligro. 12\u2026","rel":"","context":"En \u00abREGIONALES\u00bb","block_context":{"text":"REGIONALES","link":"https:\/\/larevistadigital.com.ar\/blog\/category\/regionales\/"},"img":{"alt_text":"","src":"https:\/\/i0.wp.com\/larevistadigital.com.ar\/blog\/wp-content\/uploads\/20241111151710_ramallo-rescatan-trabajador-atrapado-silo.jpg?fit=880%2C512&ssl=1&resize=350%2C200","width":350,"height":200,"srcset":"https:\/\/i0.wp.com\/larevistadigital.com.ar\/blog\/wp-content\/uploads\/20241111151710_ramallo-rescatan-trabajador-atrapado-silo.jpg?fit=880%2C512&ssl=1&resize=350%2C200 1x, https:\/\/i0.wp.com\/larevistadigital.com.ar\/blog\/wp-content\/uploads\/20241111151710_ramallo-rescatan-trabajador-atrapado-silo.jpg?fit=880%2C512&ssl=1&resize=525%2C300 1.5x, https:\/\/i0.wp.com\/larevistadigital.com.ar\/blog\/wp-content\/uploads\/20241111151710_ramallo-rescatan-trabajador-atrapado-silo.jpg?fit=880%2C512&ssl=1&resize=700%2C400 2x"},"classes":[]},{"id":39766,"url":"https:\/\/larevistadigital.com.ar\/blog\/facundo-alfonsin-la-inversion-en-medicamentos-e-insumos-medicos-fue-de-71-000-000-en-el-mes-de-abril\/","url_meta":{"origin":39885,"position":5},"title":"Facundo Alfons\u00edn: \u201cla inversi\u00f3n en medicamentos e insumos m\u00e9dicos fue de $71.000.000 en el mes de abril\u201d","author":"Alejandro Sosa Ruda","date":"15 mayo, 2025","format":false,"excerpt":"La Municipalidad de Chascom\u00fas garantiz\u00f3 la entrega de medicamentos a una demanda que crece d\u00eda a d\u00eda. 15 de Mayo de 2025 CHASCOM\u00daS -\u00a0 El gobierno municipal dio a conocer, a trav\u00e9s de su secretario de Hacienda, Juan Facundo Alfons\u00edn, que durante el mes de abril se realiz\u00f3 una inversi\u00f3n\u2026","rel":"","context":"En \u00abINTERES GENERAL\u00bb","block_context":{"text":"INTERES GENERAL","link":"https:\/\/larevistadigital.com.ar\/blog\/category\/interes-general\/"},"img":{"alt_text":"","src":"https:\/\/i0.wp.com\/larevistadigital.com.ar\/blog\/wp-content\/uploads\/68262679b45b2.png?fit=668%2C445&ssl=1&resize=350%2C200","width":350,"height":200,"srcset":"https:\/\/i0.wp.com\/larevistadigital.com.ar\/blog\/wp-content\/uploads\/68262679b45b2.png?fit=668%2C445&ssl=1&resize=350%2C200 1x, https:\/\/i0.wp.com\/larevistadigital.com.ar\/blog\/wp-content\/uploads\/68262679b45b2.png?fit=668%2C445&ssl=1&resize=525%2C300 1.5x"},"classes":[]}],"_links":{"self":[{"href":"https:\/\/larevistadigital.com.ar\/blog\/wp-json\/wp\/v2\/posts\/39885","targetHints":{"allow":["GET"]}}],"collection":[{"href":"https:\/\/larevistadigital.com.ar\/blog\/wp-json\/wp\/v2\/posts"}],"about":[{"href":"https:\/\/larevistadigital.com.ar\/blog\/wp-json\/wp\/v2\/types\/post"}],"author":[{"embeddable":true,"href":"https:\/\/larevistadigital.com.ar\/blog\/wp-json\/wp\/v2\/users\/3"}],"replies":[{"embeddable":true,"href":"https:\/\/larevistadigital.com.ar\/blog\/wp-json\/wp\/v2\/comments?post=39885"}],"version-history":[{"count":1,"href":"https:\/\/larevistadigital.com.ar\/blog\/wp-json\/wp\/v2\/posts\/39885\/revisions"}],"predecessor-version":[{"id":39887,"href":"https:\/\/larevistadigital.com.ar\/blog\/wp-json\/wp\/v2\/posts\/39885\/revisions\/39887"}],"wp:featuredmedia":[{"embeddable":true,"href":"https:\/\/larevistadigital.com.ar\/blog\/wp-json\/wp\/v2\/media\/39886"}],"wp:attachment":[{"href":"https:\/\/larevistadigital.com.ar\/blog\/wp-json\/wp\/v2\/media?parent=39885"}],"wp:term":[{"taxonomy":"category","embeddable":true,"href":"https:\/\/larevistadigital.com.ar\/blog\/wp-json\/wp\/v2\/categories?post=39885"},{"taxonomy":"post_tag","embeddable":true,"href":"https:\/\/larevistadigital.com.ar\/blog\/wp-json\/wp\/v2\/tags?post=39885"}],"curies":[{"name":"wp","href":"https:\/\/api.w.org\/{rel}","templated":true}]}}