{"id":39977,"date":"2025-06-06T09:16:41","date_gmt":"2025-06-06T12:16:41","guid":{"rendered":"https:\/\/larevistadigital.com.ar\/blog\/?p=39977"},"modified":"2025-06-06T09:16:41","modified_gmt":"2025-06-06T12:16:41","slug":"chascomus-decision-ninez-2025","status":"publish","type":"post","link":"https:\/\/larevistadigital.com.ar\/blog\/chascomus-decision-ninez-2025\/","title":{"rendered":"Chascom\u00fas: Decisi\u00f3n Ni\u00f1ez 2025"},"content":{"rendered":"<h2 class=\"excerpt\">Chicos del barrio San Cayetano presentar\u00e1n sus proyectos en la Asamblea Local.<\/h2>\n<p>06 de Junio de 2025<\/p>\n<div id=\"miDiv1\" class=\"text\">\n<p><strong>CHASCOM\u00daS &#8211;<\/strong>\u00a0 El pr\u00f3ximo jueves 12 a las 14.30 hs. en las instalaciones del CIC 30 de Mayo, se llevar\u00e1 a cabo la Asamblea Local, abierta al p\u00fablico, donde ni\u00f1os y adolescentes pertenecientes a distintas organizaciones, presentar\u00e1n los fundamentos de sus proyectos y los someter\u00e1n a votaci\u00f3n para definir los seleccionados.<\/p>\n<p>Participan el Centro Vespertino 3 con \u00abEl Sanca en movimiento\u00bb; la Biblioteca Popular Baldomero Fern\u00e1ndez Moreno con \u00abEscuela de futbol Gallo Blanco mixta\u00bb; el programa Envi\u00f3n con \u00abM\u00e1s m\u00fasica y freestyle para El Porte\u00f1o\u00bb; y la Escuela Secundaria N\u00b0 3 orientaci\u00f3n Educaci\u00f3n F\u00edsica con \u00abNuestro espacio, nuestro futuro\u201d.<\/p>\n<p>Decisi\u00f3n Ni\u00f1ez es una pol\u00edtica p\u00fablica del Gobierno de la Provincia de Buenos Aires, que busca garantizar el ejercicio del derecho a la participaci\u00f3n de los ni\u00f1os, ni\u00f1as y adolescentes bonaerenses de 8 a 17 a\u00f1os.<\/p>\n<p>Este programa representa el primer presupuesto p\u00fablico y participativo cuyo destino deciden las ni\u00f1eces y adolescencias. Es una oportunidad para conocerlos y escucharlos a trav\u00e9s de espacios colectivos, en donde plantean sus problem\u00e1ticas y realidades, y juntos deciden qu\u00e9 proyecto colectivo les gustar\u00eda sumar a sus barrios o comunidades.<\/p>\n<p>Se trata no s\u00f3lo de escuchar sus voces y opiniones, sino adem\u00e1s, respetar su derecho a la participaci\u00f3n, con la convicci\u00f3n de que los ni\u00f1os, ni\u00f1as y adolescentes deber\u00edan ser parte de las pol\u00edticas p\u00fablicas. Por esto, Decisi\u00f3n Ni\u00f1ez va m\u00e1s all\u00e1, le da valor a sus ideas y las concreta con una inversi\u00f3n para cada proyecto a realizar.<\/p>\n<p>El programa contempla el financiamiento provincial de 250 proyectos, distribuidos en los 25 servicios zonales que conforman las regiones de la provincia de Buenos Aires.<\/p>\n<\/div>\n","protected":false},"excerpt":{"rendered":"<div class=\"mh-excerpt\"><p>Chicos del barrio San Cayetano presentar\u00e1n sus proyectos en la Asamblea Local. 06 de Junio de 2025 CHASCOM\u00daS &#8211;\u00a0 El pr\u00f3ximo jueves 12 a las 14.30 hs. en las instalaciones del CIC 30 de Mayo, <a class=\"mh-excerpt-more\" href=\"https:\/\/larevistadigital.com.ar\/blog\/chascomus-decision-ninez-2025\/\" title=\"Chascom\u00fas: Decisi\u00f3n Ni\u00f1ez 2025\">[Leer M\u00e1s]<\/a><\/p>\n<\/div>","protected":false},"author":3,"featured_media":39978,"comment_status":"open","ping_status":"open","sticky":false,"template":"","format":"standard","meta":{"_jetpack_memberships_contains_paid_content":false,"footnotes":"","jetpack_publicize_message":"","jetpack_publicize_feature_enabled":true,"jetpack_social_post_already_shared":true,"jetpack_social_options":{"image_generator_settings":{"template":"highway","default_image_id":0,"font":"","enabled":false},"version":2}},"categories":[6],"tags":[],"class_list":{"0":"post-39977","1":"post","2":"type-post","3":"status-publish","4":"format-standard","5":"has-post-thumbnail","7":"category-chascomus"},"jetpack_publicize_connections":[],"jetpack_featured_media_url":"https:\/\/i0.wp.com\/larevistadigital.com.ar\/blog\/wp-content\/uploads\/6841d78714aa2.png?fit=668%2C445&ssl=1","jetpack_sharing_enabled":true,"jetpack_shortlink":"https:\/\/wp.me\/p8qtrQ-aoN","jetpack-related-posts":[{"id":40102,"url":"https:\/\/larevistadigital.com.ar\/blog\/chascomus-ninos-ninas-y-adolescentes-presentaron-tres-proyectos-comunitarios-en-la-asamblea-local-de-decision-ninez\/","url_meta":{"origin":39977,"position":0},"title":"Chascom\u00fas: Ni\u00f1os, ni\u00f1as y adolescentes presentaron tres proyectos comunitarios en la asamblea local de Decisi\u00f3n Ni\u00f1ez","author":"Alejandro Sosa Ruda","date":"14 junio, 2025","format":false,"excerpt":"Las propuestas fueron seleccionadas para representar a Chascom\u00fas en la instancia regional del programa provincial que promueve la participaci\u00f3n infantil y adolescente. 14 de Junio de 2025 CHASCOM\u00daS -\u00a0 \u00a0En el CIC del barrio 30 de Mayo se realiz\u00f3 el jueves por la tarde la asamblea local del programa Decisi\u00f3n\u2026","rel":"","context":"En \u00abCHASCOM\u00daS\u00bb","block_context":{"text":"CHASCOM\u00daS","link":"https:\/\/larevistadigital.com.ar\/blog\/category\/chascomus\/"},"img":{"alt_text":"","src":"https:\/\/i0.wp.com\/larevistadigital.com.ar\/blog\/wp-content\/uploads\/684c5e83874ea.png?fit=668%2C445&ssl=1&resize=350%2C200","width":350,"height":200,"srcset":"https:\/\/i0.wp.com\/larevistadigital.com.ar\/blog\/wp-content\/uploads\/684c5e83874ea.png?fit=668%2C445&ssl=1&resize=350%2C200 1x, https:\/\/i0.wp.com\/larevistadigital.com.ar\/blog\/wp-content\/uploads\/684c5e83874ea.png?fit=668%2C445&ssl=1&resize=525%2C300 1.5x"},"classes":[]},{"id":42013,"url":"https:\/\/larevistadigital.com.ar\/blog\/chascomus-jovenes-de-envion-participaron-del-cierre-provincial-del-programa-futuro-y-memoria\/","url_meta":{"origin":39977,"position":1},"title":"Chascom\u00fas: J\u00f3venes de Envi\u00f3n participaron del cierre provincial del programa Futuro y Memoria","author":"Alejandro Sosa Ruda","date":"16 octubre, 2025","format":false,"excerpt":"Los grupos de las sedes 30 de Mayo y San Cayetano compartieron una jornada de aprendizaje y encuentro en la Rep\u00fablica de los Ni\u00f1os. 16 de Octubre de 2025 CHASCOM\u00daS -\u00a0 \u00a0El cierre anual del programa provincial Futuro y Memoria, impulsado por la Subsecretar\u00eda de Derechos Humanos de la provincia\u2026","rel":"","context":"En \u00abCHASCOM\u00daS\u00bb","block_context":{"text":"CHASCOM\u00daS","link":"https:\/\/larevistadigital.com.ar\/blog\/category\/chascomus\/"},"img":{"alt_text":"","src":"https:\/\/i0.wp.com\/larevistadigital.com.ar\/blog\/wp-content\/uploads\/68f125c949f9c.png?fit=668%2C445&ssl=1&resize=350%2C200","width":350,"height":200,"srcset":"https:\/\/i0.wp.com\/larevistadigital.com.ar\/blog\/wp-content\/uploads\/68f125c949f9c.png?fit=668%2C445&ssl=1&resize=350%2C200 1x, https:\/\/i0.wp.com\/larevistadigital.com.ar\/blog\/wp-content\/uploads\/68f125c949f9c.png?fit=668%2C445&ssl=1&resize=525%2C300 1.5x"},"classes":[]},{"id":37266,"url":"https:\/\/larevistadigital.com.ar\/blog\/se-llevara-a-cabo-en-el-concejo-deliberante-la-asamblea-decision-ninez\/","url_meta":{"origin":39977,"position":2},"title":"Se llevar\u00e1 a cabo en el Concejo Deliberante la Asamblea Decisi\u00f3n Ni\u00f1ez","author":"Alejandro Sosa Ruda","date":"20 septiembre, 2024","format":false,"excerpt":"Ser\u00e1 el pr\u00f3ximo mi\u00e9rcoles en el Honorable Concejo Deliberante 20 de Septiembre de 2024 CHASCOM\u00daS -\u00a0 Los chicos del Centro Vespertino del Barrio San Cayetano presentan a la comunidad un proyecto dise\u00f1ado por ellos mismos en el marco del programa provincial \u201cDecisi\u00f3n Ni\u00f1ez\u201d. Este programa se compone de cuatro instancias:\u2026","rel":"","context":"En \u00abCHASCOM\u00daS\u00bb","block_context":{"text":"CHASCOM\u00daS","link":"https:\/\/larevistadigital.com.ar\/blog\/category\/chascomus\/"},"img":{"alt_text":"","src":"https:\/\/i0.wp.com\/larevistadigital.com.ar\/blog\/wp-content\/uploads\/66ec58d11a744.png?fit=668%2C445&ssl=1&resize=350%2C200","width":350,"height":200,"srcset":"https:\/\/i0.wp.com\/larevistadigital.com.ar\/blog\/wp-content\/uploads\/66ec58d11a744.png?fit=668%2C445&ssl=1&resize=350%2C200 1x, https:\/\/i0.wp.com\/larevistadigital.com.ar\/blog\/wp-content\/uploads\/66ec58d11a744.png?fit=668%2C445&ssl=1&resize=525%2C300 1.5x"},"classes":[]},{"id":43642,"url":"https:\/\/larevistadigital.com.ar\/blog\/desarrollo-social-reunion-para-coordinar-acciones-del-programa-decision-ninez-en-chascomus\/","url_meta":{"origin":39977,"position":3},"title":"Desarrollo Social: Reuni\u00f3n para coordinar acciones del programa Decisi\u00f3n Ni\u00f1ez en Chascom\u00fas","author":"Alejandro Sosa Ruda","date":"29 enero, 2026","format":false,"excerpt":"En el encuentro se avanz\u00f3 en el trabajo conjunto para el fortalecimiento de pol\u00edticas p\u00fablicas orientadas a las infancias y adolescencias. 29 de enero de 2026 CHASCOM\u00daS\u00a0 -\u00a0 \u00a0 Autoridades municipales y representantes del Organismo Provincial de la Ni\u00f1ez y Adolescencia mantuvieron un encuentro para avanzar en la implementaci\u00f3n local\u2026","rel":"","context":"En \u00abCHASCOM\u00daS\u00bb","block_context":{"text":"CHASCOM\u00daS","link":"https:\/\/larevistadigital.com.ar\/blog\/category\/chascomus\/"},"img":{"alt_text":"","src":"https:\/\/i0.wp.com\/larevistadigital.com.ar\/blog\/wp-content\/uploads\/697b9908d0111.png?fit=668%2C445&ssl=1&resize=350%2C200","width":350,"height":200,"srcset":"https:\/\/i0.wp.com\/larevistadigital.com.ar\/blog\/wp-content\/uploads\/697b9908d0111.png?fit=668%2C445&ssl=1&resize=350%2C200 1x, https:\/\/i0.wp.com\/larevistadigital.com.ar\/blog\/wp-content\/uploads\/697b9908d0111.png?fit=668%2C445&ssl=1&resize=525%2C300 1.5x"},"classes":[]},{"id":34000,"url":"https:\/\/larevistadigital.com.ar\/blog\/chascomus-asamblea-en-la-escuela-501\/","url_meta":{"origin":39977,"position":4},"title":"CHASCOM\u00daS: ASAMBLEA EN LA ESCUELA 501","author":"Alejandro Sosa Ruda","date":"12 octubre, 2023","format":false,"excerpt":"Se realizar\u00e1 el pr\u00f3ximo 20 de otubre . 12 de Octubre de 2023 CHASCOM\u00daS -\u00a0 La Comisi\u00f3n Directiva de la Asociaci\u00f3n Cooperadora de la Escuela Especial 501. tiene el agrado de invitarlos a la Asamblea General Ordinaria, que se realizar\u00e1 el viernes 20 de octubre de 2023 a las 16:30\u2026","rel":"","context":"En \u00abCHASCOM\u00daS\u00bb","block_context":{"text":"CHASCOM\u00daS","link":"https:\/\/larevistadigital.com.ar\/blog\/category\/chascomus\/"},"img":{"alt_text":"","src":"https:\/\/i0.wp.com\/larevistadigital.com.ar\/blog\/wp-content\/uploads\/WhatsApp-Image-2023-10-10-at-13.11.51.jpeg?fit=537%2C325&ssl=1&resize=350%2C200","width":350,"height":200,"srcset":"https:\/\/i0.wp.com\/larevistadigital.com.ar\/blog\/wp-content\/uploads\/WhatsApp-Image-2023-10-10-at-13.11.51.jpeg?fit=537%2C325&ssl=1&resize=350%2C200 1x, https:\/\/i0.wp.com\/larevistadigital.com.ar\/blog\/wp-content\/uploads\/WhatsApp-Image-2023-10-10-at-13.11.51.jpeg?fit=537%2C325&ssl=1&resize=525%2C300 1.5x"},"classes":[]},{"id":37323,"url":"https:\/\/larevistadigital.com.ar\/blog\/chascomus-decision-ninez-en-el-honorable-concejo-deliberante\/","url_meta":{"origin":39977,"position":5},"title":"Chascom\u00fas: Decisi\u00f3n Ni\u00f1ez en el Honorable Concejo Deliberante","author":"Alejandro Sosa Ruda","date":"26 septiembre, 2024","format":false,"excerpt":"Chicos y chicas de \u201cEl Sanca en Movimiento\u201d presentaron su proyecto ante la comunidad y autoridades municipales. 26 de Septiembre de 2024 CHASCOM\u00daS -\u00a0 Ayer por la tarde los chicos y chicas que participan del programa Decisi\u00f3n Ni\u00f1ez, presentaron el proyecto ante el Honorable Concejo Deliberante, autoridades municipales y la\u2026","rel":"","context":"En \u00abINTERES GENERAL\u00bb","block_context":{"text":"INTERES GENERAL","link":"https:\/\/larevistadigital.com.ar\/blog\/category\/interes-general\/"},"img":{"alt_text":"","src":"https:\/\/i0.wp.com\/larevistadigital.com.ar\/blog\/wp-content\/uploads\/66f59a2fac88d.png?fit=668%2C445&ssl=1&resize=350%2C200","width":350,"height":200,"srcset":"https:\/\/i0.wp.com\/larevistadigital.com.ar\/blog\/wp-content\/uploads\/66f59a2fac88d.png?fit=668%2C445&ssl=1&resize=350%2C200 1x, https:\/\/i0.wp.com\/larevistadigital.com.ar\/blog\/wp-content\/uploads\/66f59a2fac88d.png?fit=668%2C445&ssl=1&resize=525%2C300 1.5x"},"classes":[]}],"_links":{"self":[{"href":"https:\/\/larevistadigital.com.ar\/blog\/wp-json\/wp\/v2\/posts\/39977","targetHints":{"allow":["GET"]}}],"collection":[{"href":"https:\/\/larevistadigital.com.ar\/blog\/wp-json\/wp\/v2\/posts"}],"about":[{"href":"https:\/\/larevistadigital.com.ar\/blog\/wp-json\/wp\/v2\/types\/post"}],"author":[{"embeddable":true,"href":"https:\/\/larevistadigital.com.ar\/blog\/wp-json\/wp\/v2\/users\/3"}],"replies":[{"embeddable":true,"href":"https:\/\/larevistadigital.com.ar\/blog\/wp-json\/wp\/v2\/comments?post=39977"}],"version-history":[{"count":1,"href":"https:\/\/larevistadigital.com.ar\/blog\/wp-json\/wp\/v2\/posts\/39977\/revisions"}],"predecessor-version":[{"id":39979,"href":"https:\/\/larevistadigital.com.ar\/blog\/wp-json\/wp\/v2\/posts\/39977\/revisions\/39979"}],"wp:featuredmedia":[{"embeddable":true,"href":"https:\/\/larevistadigital.com.ar\/blog\/wp-json\/wp\/v2\/media\/39978"}],"wp:attachment":[{"href":"https:\/\/larevistadigital.com.ar\/blog\/wp-json\/wp\/v2\/media?parent=39977"}],"wp:term":[{"taxonomy":"category","embeddable":true,"href":"https:\/\/larevistadigital.com.ar\/blog\/wp-json\/wp\/v2\/categories?post=39977"},{"taxonomy":"post_tag","embeddable":true,"href":"https:\/\/larevistadigital.com.ar\/blog\/wp-json\/wp\/v2\/tags?post=39977"}],"curies":[{"name":"wp","href":"https:\/\/api.w.org\/{rel}","templated":true}]}}