{"id":39983,"date":"2025-06-06T15:47:10","date_gmt":"2025-06-06T18:47:10","guid":{"rendered":"https:\/\/larevistadigital.com.ar\/blog\/?p=39983"},"modified":"2025-06-06T15:47:10","modified_gmt":"2025-06-06T18:47:10","slug":"chascomus-preparativos-para-la-apertura-del-hotel-de-utedyc","status":"publish","type":"post","link":"https:\/\/larevistadigital.com.ar\/blog\/chascomus-preparativos-para-la-apertura-del-hotel-de-utedyc\/","title":{"rendered":"Chascom\u00fas: Preparativos para la apertura del Hotel de Utedyc"},"content":{"rendered":"<h2 class=\"excerpt\">El intendente Javier Gast\u00f3n se reuni\u00f3 con representantes del gremio para coordinar los actos de inauguraci\u00f3n.<\/h2>\n<p>6 de Junio de 2025<\/p>\n<div id=\"miDiv1\" class=\"text\">\n<p><span><strong>CHASCOM\u00daS-\u00a0<\/strong> \u00a0El intendente <strong>Javier Gast\u00f3n<\/strong> mantuvo un encuentro con referentes de la <strong>Uni\u00f3n Trabajadores de Entidades Deportivas y Civiles (UTEDYC)<\/strong>, con el objetivo de avanzar en la organizaci\u00f3n de los actos inaugurales del hotel que la organizaci\u00f3n sindical abrir\u00e1 en la ciudad.<\/span><\/p>\n<blockquote>\n<h3><span>Durante la reuni\u00f3n, de la que tambi\u00e9n participaron el secretario de Gobierno, Cipriano P\u00e9rez del Cerro, y la subsecretaria de Desarrollo Tur\u00edstico y Producci\u00f3n, Jimena Arano, dialogaron sobre los detalles de la ceremonia de apertura, que se prev\u00e9 para fines de junio.\u00a0<\/span><\/h3>\n<\/blockquote>\n<p><span>Se espera una importante concurrencia de visitantes, ya que el sindicato tiene alcance nacional y congrega a m\u00e1s de 160 mil afiliados en todo el pa\u00eds.<\/span><\/p>\n<p><span>El nuevo hotel, ubicado en Santa Fe y avenida Costanera Espa\u00f1a, frente a la laguna, cuenta con una superficie superior a los 2.500 metros cuadrados y ofrecer\u00e1 36 habitaciones, restaurante, bar, piscina, sala de juegos, un espacio destinado a ni\u00f1os y otras \u00e1reas de servicio. Se trata de un edificio moderno emplazado en una zona privilegiada que aportar\u00e1 al fortalecimiento urbano de la ciudad.<\/span><\/p>\n<p><span>El intendente <strong>Gast\u00f3n<\/strong> destac\u00f3 que esta nueva infraestructura tendr\u00e1 un impacto positivo para Chascom\u00fas, tanto en t\u00e9rminos de incentivo al turismo como de oportunidades de empleo para vecinos y vecinas.<\/span><\/p>\n<\/div>\n","protected":false},"excerpt":{"rendered":"<div class=\"mh-excerpt\"><p>El intendente Javier Gast\u00f3n se reuni\u00f3 con representantes del gremio para coordinar los actos de inauguraci\u00f3n. 6 de Junio de 2025 CHASCOM\u00daS-\u00a0 \u00a0El intendente Javier Gast\u00f3n mantuvo un encuentro con referentes de la Uni\u00f3n Trabajadores <a class=\"mh-excerpt-more\" href=\"https:\/\/larevistadigital.com.ar\/blog\/chascomus-preparativos-para-la-apertura-del-hotel-de-utedyc\/\" title=\"Chascom\u00fas: Preparativos para la apertura del Hotel de Utedyc\">[Leer M\u00e1s]<\/a><\/p>\n<\/div>","protected":false},"author":3,"featured_media":39984,"comment_status":"open","ping_status":"open","sticky":false,"template":"","format":"standard","meta":{"_jetpack_memberships_contains_paid_content":false,"footnotes":"","jetpack_publicize_message":"","jetpack_publicize_feature_enabled":true,"jetpack_social_post_already_shared":true,"jetpack_social_options":{"image_generator_settings":{"template":"highway","default_image_id":0,"font":"","enabled":false},"version":2}},"categories":[41],"tags":[],"class_list":{"0":"post-39983","1":"post","2":"type-post","3":"status-publish","4":"format-standard","5":"has-post-thumbnail","7":"category-destacadas"},"jetpack_publicize_connections":[],"jetpack_featured_media_url":"https:\/\/i0.wp.com\/larevistadigital.com.ar\/blog\/wp-content\/uploads\/684324096ef36-1.png?fit=668%2C445&ssl=1","jetpack_sharing_enabled":true,"jetpack_shortlink":"https:\/\/wp.me\/p8qtrQ-aoT","jetpack-related-posts":[{"id":6125,"url":"https:\/\/larevistadigital.com.ar\/blog\/destacable-gesto-del-intendente-de-chascomus-javier-gaston-y-su-bloque-de-concejales\/","url_meta":{"origin":39983,"position":0},"title":"DESTACABLE GESTO DEL INTENDENTE DE CHASCOM\u00daS, JAVIER GAST\u00d3N Y SU BLOQUE DE CONCEJALES","author":"Alejandro Sosa Ruda","date":"3 agosto, 2018","format":false,"excerpt":"El intendente de Chascom\u00fas, Javier Gast\u00f3n y el bloque de concejales de Unidad por Chascom\u00fas, se hicieron presentes en el Congreso Nacional a efectos de apoyar a los Bomberos Voluntarios de la ciudad y el pa\u00eds en su reclamo para que no se quiten los subsidios para el equipamiento y\u2026","rel":"","context":"En \u00abCHASCOM\u00daS\u00bb","block_context":{"text":"CHASCOM\u00daS","link":"https:\/\/larevistadigital.com.ar\/blog\/category\/chascomus\/"},"img":{"alt_text":"","src":"https:\/\/i0.wp.com\/larevistadigital.com.ar\/blog\/wp-content\/uploads\/2018\/08\/Screenshot_1.jpg?fit=670%2C556&ssl=1&resize=350%2C200","width":350,"height":200,"srcset":"https:\/\/i0.wp.com\/larevistadigital.com.ar\/blog\/wp-content\/uploads\/2018\/08\/Screenshot_1.jpg?fit=670%2C556&ssl=1&resize=350%2C200 1x, https:\/\/i0.wp.com\/larevistadigital.com.ar\/blog\/wp-content\/uploads\/2018\/08\/Screenshot_1.jpg?fit=670%2C556&ssl=1&resize=525%2C300 1.5x"},"classes":[]},{"id":29589,"url":"https:\/\/larevistadigital.com.ar\/blog\/chascomus-el-intendente-acompano-los-actos-por-la-creacion-de-la-policia-bonaerense\/","url_meta":{"origin":39983,"position":1},"title":"CHASCOM\u00daS: EL INTENDENTE ACOMPA\u00d1\u00d3 LOS ACTOS POR LA CREACI\u00d3N DE LA POLIC\u00cdA BONAERENSE","author":"Alejandro Sosa Ruda","date":"23 diciembre, 2022","format":false,"excerpt":"El intendente municipal Javier Gast\u00f3n, estuvo junto a la Secretaria de Seguridad Comunal Mariela Moscarellla en el acto de conmemoraci\u00f3n de los 201 a\u00f1os de la creaci\u00f3n de la Polic\u00eda Provincial, donde se entregaron reconocimientos y distinciones. CHASCOM\u00daS -\u00a0 En un muy emotivo acto, donde se percibi\u00f3 la gran camarader\u00eda\u2026","rel":"","context":"En \u00abCHASCOM\u00daS\u00bb","block_context":{"text":"CHASCOM\u00daS","link":"https:\/\/larevistadigital.com.ar\/blog\/category\/chascomus\/"},"img":{"alt_text":"","src":"https:\/\/i0.wp.com\/larevistadigital.com.ar\/blog\/wp-content\/uploads\/2022_12_23_00_27_06_1031904.jpg?fit=600%2C401&ssl=1&resize=350%2C200","width":350,"height":200,"srcset":"https:\/\/i0.wp.com\/larevistadigital.com.ar\/blog\/wp-content\/uploads\/2022_12_23_00_27_06_1031904.jpg?fit=600%2C401&ssl=1&resize=350%2C200 1x, https:\/\/i0.wp.com\/larevistadigital.com.ar\/blog\/wp-content\/uploads\/2022_12_23_00_27_06_1031904.jpg?fit=600%2C401&ssl=1&resize=525%2C300 1.5x"},"classes":[]},{"id":9660,"url":"https:\/\/larevistadigital.com.ar\/blog\/finalmente-utedyc-se-hara-cargo-del-viejo-hotel-riviera-con-una-nueva-propuesta\/","url_meta":{"origin":39983,"position":2},"title":"FINALMENTE UTEDYC SE HAR\u00c1 CARGO DEL VIEJO HOTEL RIVIERA, CON UNA NUEVA PROPUESTA","author":"Alejandro Sosa Ruda","date":"11 abril, 2019","format":false,"excerpt":"Tras la adquisici\u00f3n del ex Hotel Riviera De acuerdo a lo que se ha podido conocer, el gremio UTEDYC realizar\u00eda una inversi\u00f3n millonaria para construir un hotel de jerarqu\u00eda luego de adquirir el edificio que fuera del Hotel Riviera, que ser\u00eda demolido. Cabe recordar, que la construcci\u00f3n actual, ubicada en\u2026","rel":"","context":"En \u00abCHASCOM\u00daS\u00bb","block_context":{"text":"CHASCOM\u00daS","link":"https:\/\/larevistadigital.com.ar\/blog\/category\/chascomus\/"},"img":{"alt_text":"","src":"https:\/\/i0.wp.com\/larevistadigital.com.ar\/blog\/wp-content\/uploads\/2019\/04\/hotel_11deabrilde2019_elfuerte.jpg?fit=737%2C415&ssl=1&resize=350%2C200","width":350,"height":200,"srcset":"https:\/\/i0.wp.com\/larevistadigital.com.ar\/blog\/wp-content\/uploads\/2019\/04\/hotel_11deabrilde2019_elfuerte.jpg?fit=737%2C415&ssl=1&resize=350%2C200 1x, https:\/\/i0.wp.com\/larevistadigital.com.ar\/blog\/wp-content\/uploads\/2019\/04\/hotel_11deabrilde2019_elfuerte.jpg?fit=737%2C415&ssl=1&resize=525%2C300 1.5x, https:\/\/i0.wp.com\/larevistadigital.com.ar\/blog\/wp-content\/uploads\/2019\/04\/hotel_11deabrilde2019_elfuerte.jpg?fit=737%2C415&ssl=1&resize=700%2C400 2x"},"classes":[]},{"id":13656,"url":"https:\/\/larevistadigital.com.ar\/blog\/javier-gaston-asumio-su-segundo-mandato-como-intendente-de-chascomus\/","url_meta":{"origin":39983,"position":3},"title":"JAVIER GAST\u00d3N ASUMI\u00d3 SU SEGUNDO MANDATO COMO INTENDENTE DE CHASCOM\u00daS","author":"Alejandro Sosa Ruda","date":"13 diciembre, 2019","format":false,"excerpt":"Previamente el Intendente realiz\u00f3 la jura correspondiente en el Honorable Concejo Deliberante, donde estuvo acompa\u00f1ado por su familia, equipo de trabajo, concejales y p\u00fablico en general. Luego, en la plaza, lleg\u00f3 el momento de la Orquesta Filarm\u00f3nica Municipal, creada en 2017, que interpret\u00f3 las estrofas del Himno Nacional. Continuando con\u2026","rel":"","context":"En \u00abDESTACADAS\u00bb","block_context":{"text":"DESTACADAS","link":"https:\/\/larevistadigital.com.ar\/blog\/category\/destacadas\/"},"img":{"alt_text":"","src":"https:\/\/i0.wp.com\/larevistadigital.com.ar\/blog\/wp-content\/uploads\/78869289_2860712707282929_6023469827643932672_o.jpg?fit=960%2C639&ssl=1&resize=350%2C200","width":350,"height":200,"srcset":"https:\/\/i0.wp.com\/larevistadigital.com.ar\/blog\/wp-content\/uploads\/78869289_2860712707282929_6023469827643932672_o.jpg?fit=960%2C639&ssl=1&resize=350%2C200 1x, https:\/\/i0.wp.com\/larevistadigital.com.ar\/blog\/wp-content\/uploads\/78869289_2860712707282929_6023469827643932672_o.jpg?fit=960%2C639&ssl=1&resize=525%2C300 1.5x, https:\/\/i0.wp.com\/larevistadigital.com.ar\/blog\/wp-content\/uploads\/78869289_2860712707282929_6023469827643932672_o.jpg?fit=960%2C639&ssl=1&resize=700%2C400 2x"},"classes":[]},{"id":15266,"url":"https:\/\/larevistadigital.com.ar\/blog\/olvido-involuntario-el-gobierno-local-no-invito-al-gremio-bancario-a-la-reunion-en-el-brazzola-con-el-ministro-de-salud\/","url_meta":{"origin":39983,"position":4},"title":"\u00bfOLVIDO INVOLUNTARIO? EL GOBIERNO LOCAL NO INVIT\u00d3 AL GREMIO BANCARIO A LA REUNI\u00d3N EN EL BRAZZOLA CON EL MINISTRO DE SALUD","author":"Alejandro Sosa Ruda","date":"21 mayo, 2020","format":false,"excerpt":"Desde el gobierno de Javier Gast\u00f3n se invit\u00f3 a los gremios, pero no al de los Bancarios, lo que ha causado molestias en el sindicato que se ha sentido desairado. La reuni\u00f3n fue ayer por la ma\u00f1ana, y participaron El Intendente Javier Gast\u00f3n; y autoridades provinciales, como el Director de\u2026","rel":"","context":"En \u00abDESTACADAS\u00bb","block_context":{"text":"DESTACADAS","link":"https:\/\/larevistadigital.com.ar\/blog\/category\/destacadas\/"},"img":{"alt_text":"","src":"https:\/\/i0.wp.com\/larevistadigital.com.ar\/blog\/wp-content\/uploads\/ppp.png?fit=809%2C1118&ssl=1&resize=350%2C200","width":350,"height":200,"srcset":"https:\/\/i0.wp.com\/larevistadigital.com.ar\/blog\/wp-content\/uploads\/ppp.png?fit=809%2C1118&ssl=1&resize=350%2C200 1x, https:\/\/i0.wp.com\/larevistadigital.com.ar\/blog\/wp-content\/uploads\/ppp.png?fit=809%2C1118&ssl=1&resize=525%2C300 1.5x, https:\/\/i0.wp.com\/larevistadigital.com.ar\/blog\/wp-content\/uploads\/ppp.png?fit=809%2C1118&ssl=1&resize=700%2C400 2x"},"classes":[]},{"id":37869,"url":"https:\/\/larevistadigital.com.ar\/blog\/chascomus-el-intendente-gaston-recorrio-la-obra-del-parador-lamadrid\/","url_meta":{"origin":39983,"position":5},"title":"Chascom\u00fas: El intendente Gast\u00f3n recorri\u00f3 la obra del Parador Lamadrid","author":"Alejandro Sosa Ruda","date":"13 noviembre, 2024","format":false,"excerpt":"Javier Gast\u00f3n visit\u00f3 la obra de puesta en valor que se encuentra en su etapa final. 13 de Noviembre de 2024 CHASCOM\u00daS -\u00a0 Las obras de recuperaci\u00f3n y puesta en valor del edificio ubicado en Av. Costanera Espa\u00f1a y Av. Tte. Gral. Juan Domingo Per\u00f3n, se encuentran pr\u00f3ximas a finalizar,\u2026","rel":"","context":"En \u00abCHASCOM\u00daS\u00bb","block_context":{"text":"CHASCOM\u00daS","link":"https:\/\/larevistadigital.com.ar\/blog\/category\/chascomus\/"},"img":{"alt_text":"","src":"https:\/\/i0.wp.com\/larevistadigital.com.ar\/blog\/wp-content\/uploads\/6734ec3219551.png?fit=668%2C445&ssl=1&resize=350%2C200","width":350,"height":200,"srcset":"https:\/\/i0.wp.com\/larevistadigital.com.ar\/blog\/wp-content\/uploads\/6734ec3219551.png?fit=668%2C445&ssl=1&resize=350%2C200 1x, https:\/\/i0.wp.com\/larevistadigital.com.ar\/blog\/wp-content\/uploads\/6734ec3219551.png?fit=668%2C445&ssl=1&resize=525%2C300 1.5x"},"classes":[]}],"_links":{"self":[{"href":"https:\/\/larevistadigital.com.ar\/blog\/wp-json\/wp\/v2\/posts\/39983","targetHints":{"allow":["GET"]}}],"collection":[{"href":"https:\/\/larevistadigital.com.ar\/blog\/wp-json\/wp\/v2\/posts"}],"about":[{"href":"https:\/\/larevistadigital.com.ar\/blog\/wp-json\/wp\/v2\/types\/post"}],"author":[{"embeddable":true,"href":"https:\/\/larevistadigital.com.ar\/blog\/wp-json\/wp\/v2\/users\/3"}],"replies":[{"embeddable":true,"href":"https:\/\/larevistadigital.com.ar\/blog\/wp-json\/wp\/v2\/comments?post=39983"}],"version-history":[{"count":1,"href":"https:\/\/larevistadigital.com.ar\/blog\/wp-json\/wp\/v2\/posts\/39983\/revisions"}],"predecessor-version":[{"id":39985,"href":"https:\/\/larevistadigital.com.ar\/blog\/wp-json\/wp\/v2\/posts\/39983\/revisions\/39985"}],"wp:featuredmedia":[{"embeddable":true,"href":"https:\/\/larevistadigital.com.ar\/blog\/wp-json\/wp\/v2\/media\/39984"}],"wp:attachment":[{"href":"https:\/\/larevistadigital.com.ar\/blog\/wp-json\/wp\/v2\/media?parent=39983"}],"wp:term":[{"taxonomy":"category","embeddable":true,"href":"https:\/\/larevistadigital.com.ar\/blog\/wp-json\/wp\/v2\/categories?post=39983"},{"taxonomy":"post_tag","embeddable":true,"href":"https:\/\/larevistadigital.com.ar\/blog\/wp-json\/wp\/v2\/tags?post=39983"}],"curies":[{"name":"wp","href":"https:\/\/api.w.org\/{rel}","templated":true}]}}