{"id":40016,"date":"2025-06-09T09:41:50","date_gmt":"2025-06-09T12:41:50","guid":{"rendered":"https:\/\/larevistadigital.com.ar\/blog\/?p=40016"},"modified":"2025-06-09T09:41:50","modified_gmt":"2025-06-09T12:41:50","slug":"absolucion-con-impacto-un-jurado-popular-declaro-inocente-a-una-policia-acusada-de-abuso-en-mar-del-plata","status":"publish","type":"post","link":"https:\/\/larevistadigital.com.ar\/blog\/absolucion-con-impacto-un-jurado-popular-declaro-inocente-a-una-policia-acusada-de-abuso-en-mar-del-plata\/","title":{"rendered":"Absoluci\u00f3n con impacto: un jurado popular declar\u00f3 inocente a una polic\u00eda acusada de abuso en Mar del Plata"},"content":{"rendered":"<p data-start=\"239\" data-end=\"522\"><strong data-start=\"239\" data-end=\"522\">\u00a0de La decisi\u00f3n fue un\u00e1nime y definitiva. La acusada, una mujer polic\u00eda de 35 a\u00f1os, enfrentaba cargos grav\u00edsimos: abuso sexual con acceso carnal agravado y corrupci\u00f3n de menores. Pero tras dos jornadas de audiencias, el jurado popular no encontr\u00f3 pruebas suficientes para condenarla.<\/strong><\/p>\n<p data-start=\"239\" data-end=\"522\">09 de Junio de 2025<\/p>\n<p data-start=\"524\" data-end=\"955\"><strong>MAR DEL PLATA &#8211;<\/strong>\u00a0 \u00a0El caso, que estremeci\u00f3 a Mar del Plata, giraba en torno a una acusaci\u00f3n de abuso sexual contra un ni\u00f1o de 11 a\u00f1os, presuntamente cometido entre diciembre de 2018 y marzo de 2019. Los hechos, seg\u00fan la fiscal\u00eda, habr\u00edan ocurrido en la vivienda de la imputada, ubicada en el barrio San Mart\u00edn. La denunciante era su propia familia: la t\u00eda materna del menor, que habr\u00eda aprovechado el v\u00ednculo y la convivencia para cometer los abusos.<\/p>\n<blockquote>\n<h3 data-start=\"957\" data-end=\"1180\">Pero el jurado popular, compuesto por 12 ciudadanos convocados a participar en este proceso bajo la figura del juicio por jurados, consider\u00f3 de forma un\u00e1nime que las pruebas presentadas no eran suficientes para una condena.<\/h3>\n<\/blockquote>\n<p data-start=\"1182\" data-end=\"1560\">Durante el debate oral, la defensa \u2013integrada por los abogados Mart\u00edn Bernat y Agust\u00edn Robbio\u2013 insisti\u00f3 en que no exist\u00eda evidencia concreta para probar los hechos denunciados. En la misma l\u00ednea, el juez del Tribunal en lo Criminal N\u00b0 3, Juan Manuel Sueyro, explic\u00f3 que, una vez emitido el veredicto de \u201cno culpabilidad\u201d, la causa quedaba cerrada: el fallo no puede ser apelado.<\/p>\n<p data-start=\"1562\" data-end=\"1887\"><strong data-start=\"1562\" data-end=\"1628\">El momento m\u00e1s doloroso se vivi\u00f3 tras la lectura del veredicto<\/strong>. Los familiares del menor, presentes en la sala, rompieron en llanto al conocer la decisi\u00f3n. M\u00e1s all\u00e1 del fallo judicial, qued\u00f3 a la vista el profundo drama humano que atraviesa a ambas familias y la huella emocional de un proceso tan sensible como complejo.<\/p>\n<p data-start=\"1910\" data-end=\"2353\">El juicio por jurados busca democratizar la justicia, devolviendo al ciudadano un rol protag\u00f3nico en decisiones clave. Sin embargo, casos como este exponen la tensi\u00f3n entre la necesidad de probar los hechos con rigor y la carga emocional que implica juzgar temas tan delicados. En medio del dolor, queda flotando una pregunta dif\u00edcil: \u00bfalcanzan las herramientas actuales para esclarecer estos cr\u00edmenes sin revictimizar ni condenar sin pruebas?<\/p>\n","protected":false},"excerpt":{"rendered":"<div class=\"mh-excerpt\"><p>\u00a0de La decisi\u00f3n fue un\u00e1nime y definitiva. La acusada, una mujer polic\u00eda de 35 a\u00f1os, enfrentaba cargos grav\u00edsimos: abuso sexual con acceso carnal agravado y corrupci\u00f3n de menores. Pero tras dos jornadas de audiencias, el <a class=\"mh-excerpt-more\" href=\"https:\/\/larevistadigital.com.ar\/blog\/absolucion-con-impacto-un-jurado-popular-declaro-inocente-a-una-policia-acusada-de-abuso-en-mar-del-plata\/\" title=\"Absoluci\u00f3n con impacto: un jurado popular declar\u00f3 inocente a una polic\u00eda acusada de abuso en Mar del Plata\">[Leer M\u00e1s]<\/a><\/p>\n<\/div>","protected":false},"author":3,"featured_media":40017,"comment_status":"open","ping_status":"open","sticky":false,"template":"","format":"standard","meta":{"_jetpack_memberships_contains_paid_content":false,"footnotes":"","jetpack_publicize_message":"","jetpack_publicize_feature_enabled":true,"jetpack_social_post_already_shared":true,"jetpack_social_options":{"image_generator_settings":{"template":"highway","default_image_id":0,"font":"","enabled":false},"version":2}},"categories":[50],"tags":[],"class_list":{"0":"post-40016","1":"post","2":"type-post","3":"status-publish","4":"format-standard","5":"has-post-thumbnail","7":"category-interes-general"},"jetpack_publicize_connections":[],"jetpack_featured_media_url":"https:\/\/i0.wp.com\/larevistadigital.com.ar\/blog\/wp-content\/uploads\/NOTA-3.png?fit=1140%2C623&ssl=1","jetpack_sharing_enabled":true,"jetpack_shortlink":"https:\/\/wp.me\/p8qtrQ-apq","jetpack-related-posts":[{"id":23827,"url":"https:\/\/larevistadigital.com.ar\/blog\/chacal-en-mar-del-plata-cumplia-prision-domiciliaria-y-abuso-de-su-bisnieta-de-3-meses\/","url_meta":{"origin":40016,"position":0},"title":"CHACAL EN MAR DEL PLATA: CUMPL\u00cdA PRISI\u00d3N DOMICILIARIA Y ABUS\u00d3 DE SU BISNIETA DE 3 MESES","author":"Alejandro Sosa Ruda","date":"5 febrero, 2022","format":false,"excerpt":"Los m\u00e9dicos que revisaron a la menor confirmaron que presentaba lesiones, por lo que de inmediato dieron intervenci\u00f3n a la Polic\u00eda. Con el informe de los profesionales y los antecedentes penales del hombre, la fiscal de turno Mar\u00eda Florencia Salas pidi\u00f3 la inmediata detenci\u00f3n del hombre. MAR DEL PLATA -\u00a0\u2026","rel":"","context":"En \u00abPOLICIALES\u00bb","block_context":{"text":"POLICIALES","link":"https:\/\/larevistadigital.com.ar\/blog\/category\/policiales\/"},"img":{"alt_text":"","src":"https:\/\/i0.wp.com\/larevistadigital.com.ar\/blog\/wp-content\/uploads\/20220204180112_maternoinfantil-1024x695-810x550-1.jpg?fit=880%2C512&ssl=1&resize=350%2C200","width":350,"height":200,"srcset":"https:\/\/i0.wp.com\/larevistadigital.com.ar\/blog\/wp-content\/uploads\/20220204180112_maternoinfantil-1024x695-810x550-1.jpg?fit=880%2C512&ssl=1&resize=350%2C200 1x, https:\/\/i0.wp.com\/larevistadigital.com.ar\/blog\/wp-content\/uploads\/20220204180112_maternoinfantil-1024x695-810x550-1.jpg?fit=880%2C512&ssl=1&resize=525%2C300 1.5x, https:\/\/i0.wp.com\/larevistadigital.com.ar\/blog\/wp-content\/uploads\/20220204180112_maternoinfantil-1024x695-810x550-1.jpg?fit=880%2C512&ssl=1&resize=700%2C400 2x"},"classes":[]},{"id":43436,"url":"https:\/\/larevistadigital.com.ar\/blog\/aprehendieron-a-dos-hombres-tras-el-abuso-de-una-joven-en-pleno-microcentro-de-mar-del-plata\/","url_meta":{"origin":40016,"position":1},"title":"Aprehendieron a dos hombres tras el abuso de una joven en pleno microcentro de Mar del Plata","author":"Alejandro Sosa Ruda","date":"18 enero, 2026","format":false,"excerpt":"El hecho ocurri\u00f3 en una zona muy concurrida por turistas. Uno de los acusados qued\u00f3 imputado por abuso sexual simple y fue trasladado a la Unidad Penal de Bat\u00e1n. 18 de enero de 2026 MAR DEL PLATA -\u00a0 \u00a0Dos hombres en situaci\u00f3n de calle fueron aprehendidos por personal policial minutos\u2026","rel":"","context":"En \u00abPOLICIALES\u00bb","block_context":{"text":"POLICIALES","link":"https:\/\/larevistadigital.com.ar\/blog\/category\/policiales\/"},"img":{"alt_text":"","src":"https:\/\/i0.wp.com\/larevistadigital.com.ar\/blog\/wp-content\/uploads\/Captura-de-pantalla-2026-01-18-140153.jpg?fit=814%2C419&ssl=1&resize=350%2C200","width":350,"height":200,"srcset":"https:\/\/i0.wp.com\/larevistadigital.com.ar\/blog\/wp-content\/uploads\/Captura-de-pantalla-2026-01-18-140153.jpg?fit=814%2C419&ssl=1&resize=350%2C200 1x, https:\/\/i0.wp.com\/larevistadigital.com.ar\/blog\/wp-content\/uploads\/Captura-de-pantalla-2026-01-18-140153.jpg?fit=814%2C419&ssl=1&resize=525%2C300 1.5x, https:\/\/i0.wp.com\/larevistadigital.com.ar\/blog\/wp-content\/uploads\/Captura-de-pantalla-2026-01-18-140153.jpg?fit=814%2C419&ssl=1&resize=700%2C400 2x"},"classes":[]},{"id":31602,"url":"https:\/\/larevistadigital.com.ar\/blog\/atrapan-a-un-sujeto-que-abuso-de-sus-dos-sobrinas\/","url_meta":{"origin":40016,"position":2},"title":"ATRAPAN A UN SUJETO QUE ABUS\u00d3 DE SUS DOS SOBRINAS","author":"Alejandro Sosa Ruda","date":"16 mayo, 2023","format":false,"excerpt":"Los hechos se remontan al a\u00f1o 2015 e incluso, en uno de los casos, algo m\u00e1s atr\u00e1s. Los ataques sexuales ocurr\u00edan dentro de una misma vivienda familiar. 16 de mayo de 2023 BENITO JUAREZ -\u00a0 Un hombre de 29 a\u00f1os fue capturado en la localidad de Benito Ju\u00e1rez, provincia de\u2026","rel":"","context":"En \u00abPOLICIALES\u00bb","block_context":{"text":"POLICIALES","link":"https:\/\/larevistadigital.com.ar\/blog\/category\/policiales\/"},"img":{"alt_text":"","src":"https:\/\/i0.wp.com\/larevistadigital.com.ar\/blog\/wp-content\/uploads\/ABUSADOR.png?fit=806%2C445&ssl=1&resize=350%2C200","width":350,"height":200,"srcset":"https:\/\/i0.wp.com\/larevistadigital.com.ar\/blog\/wp-content\/uploads\/ABUSADOR.png?fit=806%2C445&ssl=1&resize=350%2C200 1x, https:\/\/i0.wp.com\/larevistadigital.com.ar\/blog\/wp-content\/uploads\/ABUSADOR.png?fit=806%2C445&ssl=1&resize=525%2C300 1.5x, https:\/\/i0.wp.com\/larevistadigital.com.ar\/blog\/wp-content\/uploads\/ABUSADOR.png?fit=806%2C445&ssl=1&resize=700%2C400 2x"},"classes":[]},{"id":24731,"url":"https:\/\/larevistadigital.com.ar\/blog\/mar-del-plata-detienen-a-individuo-que-abuso-dos-anos-de-la-nieta-de-su-pareja\/","url_meta":{"origin":40016,"position":3},"title":"MAR DEL PLATA: DETIENEN A INDIVIDUO QUE ABUS\u00d3 DOS A\u00d1OS DE LA NIETA DE SU PAREJA","author":"Alejandro Sosa Ruda","date":"21 marzo, 2022","format":false,"excerpt":"Lo acusan de hechos cometidos entre 2014 y 2016 hasta que la v\u00edctima cumpli\u00f3 11 a\u00f1os. Qued\u00f3 alojado en la Unidad Penal 44 de Bat\u00e1n. MAR DEL PLATA -\u00a0 Un\u00a0hombre de 76 a\u00f1os\u00a0acusado de haber abusado sexualmente de la nieta de su pareja fue detenido en las \u00faltimas horas y\u2026","rel":"","context":"En \u00abPOLICIALES\u00bb","block_context":{"text":"POLICIALES","link":"https:\/\/larevistadigital.com.ar\/blog\/category\/policiales\/"},"img":{"alt_text":"","src":"https:\/\/i0.wp.com\/larevistadigital.com.ar\/blog\/wp-content\/uploads\/Captura-de-pantalla-2022-03-21-193550.jpg?fit=921%2C781&ssl=1&resize=350%2C200","width":350,"height":200,"srcset":"https:\/\/i0.wp.com\/larevistadigital.com.ar\/blog\/wp-content\/uploads\/Captura-de-pantalla-2022-03-21-193550.jpg?fit=921%2C781&ssl=1&resize=350%2C200 1x, https:\/\/i0.wp.com\/larevistadigital.com.ar\/blog\/wp-content\/uploads\/Captura-de-pantalla-2022-03-21-193550.jpg?fit=921%2C781&ssl=1&resize=525%2C300 1.5x, https:\/\/i0.wp.com\/larevistadigital.com.ar\/blog\/wp-content\/uploads\/Captura-de-pantalla-2022-03-21-193550.jpg?fit=921%2C781&ssl=1&resize=700%2C400 2x"},"classes":[]},{"id":26804,"url":"https:\/\/larevistadigital.com.ar\/blog\/mar-del-plata-una-nena-de-12-anos-fue-violada-y-se-encuentra-en-estado-critico\/","url_meta":{"origin":40016,"position":4},"title":"MAR DEL PLATA: UNA NENA DE 12 A\u00d1OS FUE VIOLADA Y SE ENCUENTRA EN ESTADO CR\u00cdTICO","author":"Alejandro Sosa Ruda","date":"22 julio, 2022","format":false,"excerpt":"La nena se descompens\u00f3 el domingo y en el hospital los m\u00e9dicos constataron que hab\u00eda sido v\u00edctima de un abuso sexual. \u201cEst\u00e1 en estado cr\u00edtico, corre riesgo su vida. Hay que esperar y pedirle a Dios\u201c, dijo su t\u00eda. MAR DEL PLATA -\u00a0 Una chica de 12 a\u00f1os\u00a0se encuentra internada\u2026","rel":"","context":"En \u00abPOLICIALES\u00bb","block_context":{"text":"POLICIALES","link":"https:\/\/larevistadigital.com.ar\/blog\/category\/policiales\/"},"img":{"alt_text":"","src":"https:\/\/i0.wp.com\/larevistadigital.com.ar\/blog\/wp-content\/uploads\/79c4752447b66908d3f7f07cdc10191591dba352.jpg?fit=1140%2C670&ssl=1&resize=350%2C200","width":350,"height":200,"srcset":"https:\/\/i0.wp.com\/larevistadigital.com.ar\/blog\/wp-content\/uploads\/79c4752447b66908d3f7f07cdc10191591dba352.jpg?fit=1140%2C670&ssl=1&resize=350%2C200 1x, https:\/\/i0.wp.com\/larevistadigital.com.ar\/blog\/wp-content\/uploads\/79c4752447b66908d3f7f07cdc10191591dba352.jpg?fit=1140%2C670&ssl=1&resize=525%2C300 1.5x, https:\/\/i0.wp.com\/larevistadigital.com.ar\/blog\/wp-content\/uploads\/79c4752447b66908d3f7f07cdc10191591dba352.jpg?fit=1140%2C670&ssl=1&resize=700%2C400 2x, https:\/\/i0.wp.com\/larevistadigital.com.ar\/blog\/wp-content\/uploads\/79c4752447b66908d3f7f07cdc10191591dba352.jpg?fit=1140%2C670&ssl=1&resize=1050%2C600 3x"},"classes":[]},{"id":42338,"url":"https:\/\/larevistadigital.com.ar\/blog\/mar-del-plata-detuvieron-a-un-feriante-acusado-de-violar-a-una-mujer\/","url_meta":{"origin":40016,"position":5},"title":"Mar del Plata: detuvieron a un feriante acusado de violar a una mujer","author":"Alejandro Sosa Ruda","date":"1 noviembre, 2025","format":false,"excerpt":"La v\u00edctima, de 47 a\u00f1os, denunci\u00f3 que fue abusada en dos oportunidades por un hombre con antecedentes penales por delitos sexuales. El acusado fue arrestado y qued\u00f3 a disposici\u00f3n de la Justicia. 01 de Noviembre de 2025 MAR DEL PLATA -\u00a0 \u00a0Una mujer de 47 a\u00f1os fue v\u00edctima de una\u2026","rel":"","context":"En \u00abPOLICIALES\u00bb","block_context":{"text":"POLICIALES","link":"https:\/\/larevistadigital.com.ar\/blog\/category\/policiales\/"},"img":{"alt_text":"","src":"https:\/\/i0.wp.com\/larevistadigital.com.ar\/blog\/wp-content\/uploads\/una-mujer-fue-rescatada-la-policia-la-plata.jpg?fit=1200%2C675&ssl=1&resize=350%2C200","width":350,"height":200,"srcset":"https:\/\/i0.wp.com\/larevistadigital.com.ar\/blog\/wp-content\/uploads\/una-mujer-fue-rescatada-la-policia-la-plata.jpg?fit=1200%2C675&ssl=1&resize=350%2C200 1x, https:\/\/i0.wp.com\/larevistadigital.com.ar\/blog\/wp-content\/uploads\/una-mujer-fue-rescatada-la-policia-la-plata.jpg?fit=1200%2C675&ssl=1&resize=525%2C300 1.5x, https:\/\/i0.wp.com\/larevistadigital.com.ar\/blog\/wp-content\/uploads\/una-mujer-fue-rescatada-la-policia-la-plata.jpg?fit=1200%2C675&ssl=1&resize=700%2C400 2x, https:\/\/i0.wp.com\/larevistadigital.com.ar\/blog\/wp-content\/uploads\/una-mujer-fue-rescatada-la-policia-la-plata.jpg?fit=1200%2C675&ssl=1&resize=1050%2C600 3x"},"classes":[]}],"_links":{"self":[{"href":"https:\/\/larevistadigital.com.ar\/blog\/wp-json\/wp\/v2\/posts\/40016","targetHints":{"allow":["GET"]}}],"collection":[{"href":"https:\/\/larevistadigital.com.ar\/blog\/wp-json\/wp\/v2\/posts"}],"about":[{"href":"https:\/\/larevistadigital.com.ar\/blog\/wp-json\/wp\/v2\/types\/post"}],"author":[{"embeddable":true,"href":"https:\/\/larevistadigital.com.ar\/blog\/wp-json\/wp\/v2\/users\/3"}],"replies":[{"embeddable":true,"href":"https:\/\/larevistadigital.com.ar\/blog\/wp-json\/wp\/v2\/comments?post=40016"}],"version-history":[{"count":1,"href":"https:\/\/larevistadigital.com.ar\/blog\/wp-json\/wp\/v2\/posts\/40016\/revisions"}],"predecessor-version":[{"id":40018,"href":"https:\/\/larevistadigital.com.ar\/blog\/wp-json\/wp\/v2\/posts\/40016\/revisions\/40018"}],"wp:featuredmedia":[{"embeddable":true,"href":"https:\/\/larevistadigital.com.ar\/blog\/wp-json\/wp\/v2\/media\/40017"}],"wp:attachment":[{"href":"https:\/\/larevistadigital.com.ar\/blog\/wp-json\/wp\/v2\/media?parent=40016"}],"wp:term":[{"taxonomy":"category","embeddable":true,"href":"https:\/\/larevistadigital.com.ar\/blog\/wp-json\/wp\/v2\/categories?post=40016"},{"taxonomy":"post_tag","embeddable":true,"href":"https:\/\/larevistadigital.com.ar\/blog\/wp-json\/wp\/v2\/tags?post=40016"}],"curies":[{"name":"wp","href":"https:\/\/api.w.org\/{rel}","templated":true}]}}