{"id":40019,"date":"2025-06-09T15:41:57","date_gmt":"2025-06-09T18:41:57","guid":{"rendered":"https:\/\/larevistadigital.com.ar\/blog\/?p=40019"},"modified":"2025-06-09T15:41:57","modified_gmt":"2025-06-09T18:41:57","slug":"chascomus-se-corrio-la-segunda-carrera-de-calle-del-ano","status":"publish","type":"post","link":"https:\/\/larevistadigital.com.ar\/blog\/chascomus-se-corrio-la-segunda-carrera-de-calle-del-ano\/","title":{"rendered":"Chascom\u00fas: Se corri\u00f3 la segunda carrera de calle del a\u00f1o"},"content":{"rendered":"<h3 class=\"excerpt\">Ayer por la ma\u00f1ana m\u00e1s de 150 corredores recorrieron el circuito sobre de Av. Costanera<\/h3>\n<div id=\"miDiv1\" class=\"text\">\n<p>Gran convocatoria en la segunda Carrera de Calle del a\u00f1o, que organiza la Municipalidad de Chascom\u00fas a trav\u00e9s de la Subsecretar\u00eda de Deportes.<\/p>\n<p>Con recorridos de 5 y 15 km, hubo chascomunenses en el podio. Se trata de la tercera fecha del calendario de running 2025. La pr\u00f3xima ser\u00e1 el Duatl\u00f3n el pr\u00f3ximo 10 de agosto.<\/p>\n<p>Generales:<\/p>\n<p>15K<\/p>\n<p>1ero. Devecchi, H\u00e9ctor &#8211; 54&#8217;24\u00bb &#8211; Chascom\u00fas<\/p>\n<p>2do. Moreno, Marco Antonio &#8211; 54&#8217;59\u00bb &#8211; Santa Teresita<\/p>\n<p>3ero. Lescano, Lucas Javier &#8211; 57&#8242; &#8211; Chascom\u00fas<\/p>\n<p>5K<\/p>\n<p>1ero. Antonena, Ra\u00fal &#8211; 16&#8217;35\u00bb &#8211; Jeppener<\/p>\n<p>2do Sives, Alexis &#8211; 17&#8217;14\u00bb &#8211; Chascom\u00fas<\/p>\n<p>3ero Reynoso, Luis &#8211; 17&#8217;3\u00bb &#8211; Chascom\u00fas<\/p>\n<\/div>\n","protected":false},"excerpt":{"rendered":"<div class=\"mh-excerpt\"><p>Ayer por la ma\u00f1ana m\u00e1s de 150 corredores recorrieron el circuito sobre de Av. Costanera Gran convocatoria en la segunda Carrera de Calle del a\u00f1o, que organiza la Municipalidad de Chascom\u00fas a trav\u00e9s de la <a class=\"mh-excerpt-more\" href=\"https:\/\/larevistadigital.com.ar\/blog\/chascomus-se-corrio-la-segunda-carrera-de-calle-del-ano\/\" title=\"Chascom\u00fas: Se corri\u00f3 la segunda carrera de calle del a\u00f1o\">[Leer M\u00e1s]<\/a><\/p>\n<\/div>","protected":false},"author":3,"featured_media":40020,"comment_status":"open","ping_status":"open","sticky":false,"template":"","format":"standard","meta":{"_jetpack_memberships_contains_paid_content":false,"footnotes":"","jetpack_publicize_message":"","jetpack_publicize_feature_enabled":true,"jetpack_social_post_already_shared":true,"jetpack_social_options":{"image_generator_settings":{"template":"highway","default_image_id":0,"font":"","enabled":false},"version":2}},"categories":[6,8],"tags":[],"class_list":{"0":"post-40019","1":"post","2":"type-post","3":"status-publish","4":"format-standard","5":"has-post-thumbnail","7":"category-chascomus","8":"category-deportes"},"jetpack_publicize_connections":[],"jetpack_featured_media_url":"https:\/\/i0.wp.com\/larevistadigital.com.ar\/blog\/wp-content\/uploads\/6847191f1e8c4.png?fit=668%2C445&ssl=1","jetpack_sharing_enabled":true,"jetpack_shortlink":"https:\/\/wp.me\/p8qtrQ-apt","jetpack-related-posts":[{"id":39597,"url":"https:\/\/larevistadigital.com.ar\/blog\/chascomus-se-viene-la-primera-carrera-de-calle\/","url_meta":{"origin":40019,"position":0},"title":"Chascom\u00fas: Se viene la primera carrera de calle","author":"Alejandro Sosa Ruda","date":"30 abril, 2025","format":false,"excerpt":"Se encuentra abierta la inscripci\u00f3n para los 5K y 10K de Chascom\u00fas. 30 de Abril de 2025 CHASCOM\u00daS -\u00a0 Ya tiene fecha la primera carrera de calle del a\u00f1o en sus versiones 5K y 10 K. La cita es el pr\u00f3ximo 11 de mayo a partir de las 9 hs,\u2026","rel":"","context":"En \u00abCHASCOM\u00daS\u00bb","block_context":{"text":"CHASCOM\u00daS","link":"https:\/\/larevistadigital.com.ar\/blog\/category\/chascomus\/"},"img":{"alt_text":"","src":"https:\/\/i0.wp.com\/larevistadigital.com.ar\/blog\/wp-content\/uploads\/681257a8872f5.png?fit=668%2C445&ssl=1&resize=350%2C200","width":350,"height":200,"srcset":"https:\/\/i0.wp.com\/larevistadigital.com.ar\/blog\/wp-content\/uploads\/681257a8872f5.png?fit=668%2C445&ssl=1&resize=350%2C200 1x, https:\/\/i0.wp.com\/larevistadigital.com.ar\/blog\/wp-content\/uploads\/681257a8872f5.png?fit=668%2C445&ssl=1&resize=525%2C300 1.5x"},"classes":[]},{"id":39710,"url":"https:\/\/larevistadigital.com.ar\/blog\/este-domingo-se-corre-la-primera-carrera-de-calle\/","url_meta":{"origin":40019,"position":1},"title":"Este domingo se corre la primera carrera de calle","author":"Alejandro Sosa Ruda","date":"8 mayo, 2025","format":false,"excerpt":"Todav\u00eda hay tiempo para inscribirse a los 5K o 10K de Chascom\u00fas Ya tiene fecha la primera carrera de calle del a\u00f1o en sus versiones 5K y 10 K. La cita es el pr\u00f3ximo 11 de mayo a partir de las 9 hs, con l\u00ednea de largada en Lastra 1.\u2026","rel":"","context":"En \u00abCHASCOM\u00daS\u00bb","block_context":{"text":"CHASCOM\u00daS","link":"https:\/\/larevistadigital.com.ar\/blog\/category\/chascomus\/"},"img":{"alt_text":"","src":"https:\/\/i0.wp.com\/larevistadigital.com.ar\/blog\/wp-content\/uploads\/681ce30682f53.png?fit=668%2C445&ssl=1&resize=350%2C200","width":350,"height":200,"srcset":"https:\/\/i0.wp.com\/larevistadigital.com.ar\/blog\/wp-content\/uploads\/681ce30682f53.png?fit=668%2C445&ssl=1&resize=350%2C200 1x, https:\/\/i0.wp.com\/larevistadigital.com.ar\/blog\/wp-content\/uploads\/681ce30682f53.png?fit=668%2C445&ssl=1&resize=525%2C300 1.5x"},"classes":[]},{"id":37852,"url":"https:\/\/larevistadigital.com.ar\/blog\/running-se-desarrollo-la-ultima-carrera-del-ano\/","url_meta":{"origin":40019,"position":2},"title":"Running: se desarroll\u00f3 la \u00faltima carrera del a\u00f1o","author":"Alejandro Sosa Ruda","date":"12 noviembre, 2024","format":false,"excerpt":"Gran convocatoria en el circuito de 5 y 15 km de la ciudad. 12 De Noviembre de 2024 CHASCOM\u00daS -\u00a0 El domingo se corri\u00f3 la \u00faltima carrera de calle del calendario running 2024 organizado por la Municipalidad de Chascom\u00fas a trav\u00e9s de la Subsecretar\u00eda de Deportes. La misma se disput\u00f3\u2026","rel":"","context":"En \u00abDEPORTES\u00bb","block_context":{"text":"DEPORTES","link":"https:\/\/larevistadigital.com.ar\/blog\/category\/deportes\/"},"img":{"alt_text":"","src":"https:\/\/i0.wp.com\/larevistadigital.com.ar\/blog\/wp-content\/uploads\/673397c9ab93c.png?fit=668%2C445&ssl=1&resize=350%2C200","width":350,"height":200,"srcset":"https:\/\/i0.wp.com\/larevistadigital.com.ar\/blog\/wp-content\/uploads\/673397c9ab93c.png?fit=668%2C445&ssl=1&resize=350%2C200 1x, https:\/\/i0.wp.com\/larevistadigital.com.ar\/blog\/wp-content\/uploads\/673397c9ab93c.png?fit=668%2C445&ssl=1&resize=525%2C300 1.5x"},"classes":[]},{"id":41454,"url":"https:\/\/larevistadigital.com.ar\/blog\/chascomus-se-corrieron-los-21k\/","url_meta":{"origin":40019,"position":3},"title":"Chascom\u00fas: Se corrieron los 21K","author":"Alejandro Sosa Ruda","date":"15 septiembre, 2025","format":false,"excerpt":"M\u00e1s de 250 corredores participaron de la carrera de calle organizada por la Municipalidad de Chascom\u00fas. 15 de septirmbre de 2025 CHASCOM\u00daS\u00a0 -\u00a0 \u00a0Gran convocatoria en la carrera m\u00e1s importante de running que organiza el \u00e1rea de Deportes municipal. Los corredores largaron desde Mitre y Cramer para recorrer distancias de\u2026","rel":"","context":"En \u00abCHASCOM\u00daS\u00bb","block_context":{"text":"CHASCOM\u00daS","link":"https:\/\/larevistadigital.com.ar\/blog\/category\/chascomus\/"},"img":{"alt_text":"","src":"https:\/\/i0.wp.com\/larevistadigital.com.ar\/blog\/wp-content\/uploads\/68c850b5e9395.png?fit=668%2C445&ssl=1&resize=350%2C200","width":350,"height":200,"srcset":"https:\/\/i0.wp.com\/larevistadigital.com.ar\/blog\/wp-content\/uploads\/68c850b5e9395.png?fit=668%2C445&ssl=1&resize=350%2C200 1x, https:\/\/i0.wp.com\/larevistadigital.com.ar\/blog\/wp-content\/uploads\/68c850b5e9395.png?fit=668%2C445&ssl=1&resize=525%2C300 1.5x"},"classes":[]},{"id":36704,"url":"https:\/\/larevistadigital.com.ar\/blog\/el-poligono-local-fue-sede-de-los-juegos-bonaerenses\/","url_meta":{"origin":40019,"position":4},"title":"EL POL\u00cdGONO LOCAL FUE SEDE DE LOS JUEGOS BONAERENSES","author":"Alejandro Sosa Ruda","date":"17 julio, 2024","format":false,"excerpt":"Tiradores de La Plata, Berisso y Chascom\u00fas disputaron la Etapa Regional. 16 de Julio de 2024 CHASCOM\u00daS -\u00a0 El pasado domingo tiradores de La Plata, Berisso y Chascom\u00fas disputaron la Etapa Regional de Tiro Deportivo correspondiente a los Juegos Bonaerenses. Si bien s\u00f3lo el ganador de cada categor\u00eda avanza a\u2026","rel":"","context":"En \u00abCHASCOM\u00daS\u00bb","block_context":{"text":"CHASCOM\u00daS","link":"https:\/\/larevistadigital.com.ar\/blog\/category\/chascomus\/"},"img":{"alt_text":"","src":"https:\/\/i0.wp.com\/larevistadigital.com.ar\/blog\/wp-content\/uploads\/WhatsApp-Image-2024-07-16-at-08.45.11.jpeg?fit=1200%2C794&ssl=1&resize=350%2C200","width":350,"height":200,"srcset":"https:\/\/i0.wp.com\/larevistadigital.com.ar\/blog\/wp-content\/uploads\/WhatsApp-Image-2024-07-16-at-08.45.11.jpeg?fit=1200%2C794&ssl=1&resize=350%2C200 1x, https:\/\/i0.wp.com\/larevistadigital.com.ar\/blog\/wp-content\/uploads\/WhatsApp-Image-2024-07-16-at-08.45.11.jpeg?fit=1200%2C794&ssl=1&resize=525%2C300 1.5x, https:\/\/i0.wp.com\/larevistadigital.com.ar\/blog\/wp-content\/uploads\/WhatsApp-Image-2024-07-16-at-08.45.11.jpeg?fit=1200%2C794&ssl=1&resize=700%2C400 2x, https:\/\/i0.wp.com\/larevistadigital.com.ar\/blog\/wp-content\/uploads\/WhatsApp-Image-2024-07-16-at-08.45.11.jpeg?fit=1200%2C794&ssl=1&resize=1050%2C600 3x"},"classes":[]},{"id":37362,"url":"https:\/\/larevistadigital.com.ar\/blog\/trail-running-chascomus\/","url_meta":{"origin":40019,"position":5},"title":"Trail Running Chascom\u00fas","author":"Alejandro Sosa Ruda","date":"30 septiembre, 2024","format":false,"excerpt":"Mil quinientos atletas locales y de otras ciudades participaron de la carrera de aventura que tuvo lugar el domingo 01 de Octubre de 2024 CHASCOM\u00daS -\u00a0 La competencia organizada por Iloverunn por s\u00e9ptimo a\u00f1o consecutivo, ofreci\u00f3 un ambiente natural sobre la laguna, intercalando sectores con senderos, arroyos, humedales y terrenos\u2026","rel":"","context":"En \u00abCHASCOM\u00daS\u00bb","block_context":{"text":"CHASCOM\u00daS","link":"https:\/\/larevistadigital.com.ar\/blog\/category\/chascomus\/"},"img":{"alt_text":"","src":"https:\/\/i0.wp.com\/larevistadigital.com.ar\/blog\/wp-content\/uploads\/66fad86136487.png?fit=668%2C445&ssl=1&resize=350%2C200","width":350,"height":200,"srcset":"https:\/\/i0.wp.com\/larevistadigital.com.ar\/blog\/wp-content\/uploads\/66fad86136487.png?fit=668%2C445&ssl=1&resize=350%2C200 1x, https:\/\/i0.wp.com\/larevistadigital.com.ar\/blog\/wp-content\/uploads\/66fad86136487.png?fit=668%2C445&ssl=1&resize=525%2C300 1.5x"},"classes":[]}],"_links":{"self":[{"href":"https:\/\/larevistadigital.com.ar\/blog\/wp-json\/wp\/v2\/posts\/40019","targetHints":{"allow":["GET"]}}],"collection":[{"href":"https:\/\/larevistadigital.com.ar\/blog\/wp-json\/wp\/v2\/posts"}],"about":[{"href":"https:\/\/larevistadigital.com.ar\/blog\/wp-json\/wp\/v2\/types\/post"}],"author":[{"embeddable":true,"href":"https:\/\/larevistadigital.com.ar\/blog\/wp-json\/wp\/v2\/users\/3"}],"replies":[{"embeddable":true,"href":"https:\/\/larevistadigital.com.ar\/blog\/wp-json\/wp\/v2\/comments?post=40019"}],"version-history":[{"count":1,"href":"https:\/\/larevistadigital.com.ar\/blog\/wp-json\/wp\/v2\/posts\/40019\/revisions"}],"predecessor-version":[{"id":40021,"href":"https:\/\/larevistadigital.com.ar\/blog\/wp-json\/wp\/v2\/posts\/40019\/revisions\/40021"}],"wp:featuredmedia":[{"embeddable":true,"href":"https:\/\/larevistadigital.com.ar\/blog\/wp-json\/wp\/v2\/media\/40020"}],"wp:attachment":[{"href":"https:\/\/larevistadigital.com.ar\/blog\/wp-json\/wp\/v2\/media?parent=40019"}],"wp:term":[{"taxonomy":"category","embeddable":true,"href":"https:\/\/larevistadigital.com.ar\/blog\/wp-json\/wp\/v2\/categories?post=40019"},{"taxonomy":"post_tag","embeddable":true,"href":"https:\/\/larevistadigital.com.ar\/blog\/wp-json\/wp\/v2\/tags?post=40019"}],"curies":[{"name":"wp","href":"https:\/\/api.w.org\/{rel}","templated":true}]}}