{"id":40120,"date":"2025-06-23T15:15:41","date_gmt":"2025-06-23T18:15:41","guid":{"rendered":"https:\/\/larevistadigital.com.ar\/blog\/?p=40120"},"modified":"2025-06-23T15:15:41","modified_gmt":"2025-06-23T18:15:41","slug":"san-clemente-joven-de-26-anos-murio-tras-caer-de-su-moto","status":"publish","type":"post","link":"https:\/\/larevistadigital.com.ar\/blog\/san-clemente-joven-de-26-anos-murio-tras-caer-de-su-moto\/","title":{"rendered":"San Clemente: joven de 26 a\u00f1os muri\u00f3 tras caer de su moto"},"content":{"rendered":"<h2 class=\"nota__hero__summary\">El hecho ocurri\u00f3 en la madrugada del s\u00e1bado en Costanera y calle 4. Sal\u00eda de una cervecer\u00eda y perdi\u00f3 el control del rodado.<\/h2>\n<p>23 de Junio de 2025<\/p>\n<p data-start=\"237\" data-end=\"513\"><strong>SAN CLEMENTE &#8211;<\/strong>\u00a0 El s\u00e1bado por la madrugada, San Clemente del Tuy\u00fa fue escenario de una nueva tragedia vial. Un joven de 26 a\u00f1os perdi\u00f3 la vida tras caer de su motocicleta en la intersecci\u00f3n de Costanera y calle 4, a pocos metros de donde momentos antes hab\u00eda compartido una salida con amigos.<\/p>\n<blockquote>\n<h3 data-start=\"515\" data-end=\"809\">Seg\u00fan se inform\u00f3, la v\u00edctima hab\u00eda salido de una cervecer\u00eda y, al tomar la moto, perdi\u00f3 el control del rodado por causas que a\u00fan son materia de investigaci\u00f3n. La ca\u00edda fue violenta y, pese a que fue trasladado de urgencia al hospital municipal por familiares, falleci\u00f3 poco despu\u00e9s de ingresar.<\/h3>\n<\/blockquote>\n<p data-start=\"811\" data-end=\"1007\">El parte m\u00e9dico detall\u00f3 que el joven presentaba un severo traumatismo tor\u00e1cico. La autopsia luego confirm\u00f3 que la causa de muerte fue un shock hipovol\u00e9mico producto de m\u00faltiples lesiones internas.<\/p>\n<blockquote>\n<h3 data-start=\"1009\" data-end=\"1193\">La Unidad Fiscal de Instrucci\u00f3n Descentralizada N\u00b01 de Mar del Tuy\u00fa interviene en el caso y se esperan los resultados de las pericias accidentol\u00f3gicas a cargo de la Polic\u00eda Cient\u00edfica.<\/h3>\n<\/blockquote>\n<p data-start=\"1195\" data-end=\"1376\">Este doloroso episodio se produce apenas horas despu\u00e9s de otro accidente fatal ocurrido en Lucila del Mar, donde un joven de 22 a\u00f1os muri\u00f3 tras impactar su moto contra un autom\u00f3vil.<\/p>\n<blockquote>\n<h3 data-start=\"1429\" data-end=\"1688\">Ambas tragedias vuelven a poner en primer plano la problem\u00e1tica de la siniestralidad vial en motos, especialmente entre j\u00f3venes. La falta de casco, el exceso de velocidad o la conducci\u00f3n bajo efectos del alcohol son factores presentes en numerosos siniestros.<\/h3>\n<\/blockquote>\n<p data-start=\"1690\" data-end=\"1876\">La prevenci\u00f3n, el uso del casco en todos los casos y el respeto a las normas de tr\u00e1nsito deben dejar de ser recomendaciones para convertirse en reglas inviolables. La vida est\u00e1 en juego.<\/p>\n","protected":false},"excerpt":{"rendered":"<div class=\"mh-excerpt\"><p>El hecho ocurri\u00f3 en la madrugada del s\u00e1bado en Costanera y calle 4. Sal\u00eda de una cervecer\u00eda y perdi\u00f3 el control del rodado. 23 de Junio de 2025 SAN CLEMENTE &#8211;\u00a0 El s\u00e1bado por la <a class=\"mh-excerpt-more\" href=\"https:\/\/larevistadigital.com.ar\/blog\/san-clemente-joven-de-26-anos-murio-tras-caer-de-su-moto\/\" title=\"San Clemente: joven de 26 a\u00f1os muri\u00f3 tras caer de su moto\">[Leer M\u00e1s]<\/a><\/p>\n<\/div>","protected":false},"author":3,"featured_media":40121,"comment_status":"open","ping_status":"open","sticky":false,"template":"","format":"standard","meta":{"_jetpack_memberships_contains_paid_content":false,"footnotes":"","jetpack_publicize_message":"","jetpack_publicize_feature_enabled":true,"jetpack_social_post_already_shared":true,"jetpack_social_options":{"image_generator_settings":{"template":"highway","default_image_id":0,"font":"","enabled":false},"version":2}},"categories":[44,51],"tags":[],"class_list":{"0":"post-40120","1":"post","2":"type-post","3":"status-publish","4":"format-standard","5":"has-post-thumbnail","7":"category-policiales","8":"category-regionales"},"jetpack_publicize_connections":[],"jetpack_featured_media_url":"https:\/\/i0.wp.com\/larevistadigital.com.ar\/blog\/wp-content\/uploads\/f9a5afe159fc11f4d072f6da7bc3ebcaa78c0cf2.jpg?fit=1140%2C760&ssl=1","jetpack_sharing_enabled":true,"jetpack_shortlink":"https:\/\/wp.me\/p8qtrQ-ar6","jetpack-related-posts":[{"id":26949,"url":"https:\/\/larevistadigital.com.ar\/blog\/la-costa-muere-una-joven-en-accidente-en-el-acceso-a-san-clemente\/","url_meta":{"origin":40120,"position":0},"title":"LA COSTA: MUERE UNA JOVEN EN ACCIDENTE EN EL ACCESO A SAN CLEMENTE","author":"Alejandro Sosa Ruda","date":"3 agosto, 2022","format":false,"excerpt":"La v\u00edctima, que ten\u00eda 26 a\u00f1os y era docente, viajaba en un autom\u00f3vil que se despist\u00f3 y dio varios tumbos. PARTIDO DE LA COSTA -\u00a0 Un accidente vial en el acceso a\u00a0San Clemente del Tuy\u00fa, Partido de La Costa, termin\u00f3 la muerte de\u00a0una mujer de 26 a\u00f1os. Ocurri\u00f3 ayer lunes,\u2026","rel":"","context":"En \u00abPOLICIALES\u00bb","block_context":{"text":"POLICIALES","link":"https:\/\/larevistadigital.com.ar\/blog\/category\/policiales\/"},"img":{"alt_text":"","src":"https:\/\/i0.wp.com\/larevistadigital.com.ar\/blog\/wp-content\/uploads\/4eb60dfbbdb241ab50eaacbdfc0e59bab3759e46.jpg?fit=1140%2C700&ssl=1&resize=350%2C200","width":350,"height":200,"srcset":"https:\/\/i0.wp.com\/larevistadigital.com.ar\/blog\/wp-content\/uploads\/4eb60dfbbdb241ab50eaacbdfc0e59bab3759e46.jpg?fit=1140%2C700&ssl=1&resize=350%2C200 1x, https:\/\/i0.wp.com\/larevistadigital.com.ar\/blog\/wp-content\/uploads\/4eb60dfbbdb241ab50eaacbdfc0e59bab3759e46.jpg?fit=1140%2C700&ssl=1&resize=525%2C300 1.5x, https:\/\/i0.wp.com\/larevistadigital.com.ar\/blog\/wp-content\/uploads\/4eb60dfbbdb241ab50eaacbdfc0e59bab3759e46.jpg?fit=1140%2C700&ssl=1&resize=700%2C400 2x, https:\/\/i0.wp.com\/larevistadigital.com.ar\/blog\/wp-content\/uploads\/4eb60dfbbdb241ab50eaacbdfc0e59bab3759e46.jpg?fit=1140%2C700&ssl=1&resize=1050%2C600 3x"},"classes":[]},{"id":40123,"url":"https:\/\/larevistadigital.com.ar\/blog\/tragedia-en-ruta-88-un-conductor-murio-tras-impactar-contra-un-poste\/","url_meta":{"origin":40120,"position":1},"title":"Tragedia en Ruta 88: un conductor muri\u00f3 tras impactar contra un poste","author":"Alejandro Sosa Ruda","date":"23 junio, 2025","format":false,"excerpt":"El accidente ocurri\u00f3 en la madrugada del domingo, a la altura del kil\u00f3metro 7,5. El conductor falleci\u00f3 en el acto. Investigan las causas del siniestro. 23 de Junio de 2025 BUENOS AIRES\u00a0 -\u00a0 \u00a0Un nuevo siniestro vial volvi\u00f3 a te\u00f1ir de luto a la regi\u00f3n. En la madrugada del domingo\u2026","rel":"","context":"En \u00abPOLICIALES\u00bb","block_context":{"text":"POLICIALES","link":"https:\/\/larevistadigital.com.ar\/blog\/category\/policiales\/"},"img":{"alt_text":"","src":"https:\/\/i0.wp.com\/larevistadigital.com.ar\/blog\/wp-content\/uploads\/0118db99d87680891c02329c54031eca013be165.jpg?fit=1140%2C686&ssl=1&resize=350%2C200","width":350,"height":200,"srcset":"https:\/\/i0.wp.com\/larevistadigital.com.ar\/blog\/wp-content\/uploads\/0118db99d87680891c02329c54031eca013be165.jpg?fit=1140%2C686&ssl=1&resize=350%2C200 1x, https:\/\/i0.wp.com\/larevistadigital.com.ar\/blog\/wp-content\/uploads\/0118db99d87680891c02329c54031eca013be165.jpg?fit=1140%2C686&ssl=1&resize=525%2C300 1.5x, https:\/\/i0.wp.com\/larevistadigital.com.ar\/blog\/wp-content\/uploads\/0118db99d87680891c02329c54031eca013be165.jpg?fit=1140%2C686&ssl=1&resize=700%2C400 2x, https:\/\/i0.wp.com\/larevistadigital.com.ar\/blog\/wp-content\/uploads\/0118db99d87680891c02329c54031eca013be165.jpg?fit=1140%2C686&ssl=1&resize=1050%2C600 3x"},"classes":[]},{"id":41780,"url":"https:\/\/larevistadigital.com.ar\/blog\/tragedia-en-la-costanera-un-motociclista-perdio-la-vida-tras-chocar-contra-el-monumento-a-los-caidos-en-malvinas\/","url_meta":{"origin":40120,"position":2},"title":"Tragedia en la Costanera: un motociclista perdi\u00f3 la vida tras chocar contra el Monumento a los Ca\u00eddos en Malvinas","author":"Alejandro Sosa Ruda","date":"6 octubre, 2025","format":false,"excerpt":"Ocurri\u00f3 en la zona del \"Edificio del Turista\" 06 de Octubre 2025 CHASCOM\u00daS\u00a0 -\u00a0 \u00a0En la madrugada de este lunes 6, un tr\u00e1gico accidente en la Avenida Costanera de Chascom\u00fas dej\u00f3 como saldo la muerte de un motociclista. El siniestro ocurri\u00f3 a la altura del Monumento a los Ca\u00eddos en\u2026","rel":"","context":"En \u00abDESTACADAS\u00bb","block_context":{"text":"DESTACADAS","link":"https:\/\/larevistadigital.com.ar\/blog\/category\/destacadas\/"},"img":{"alt_text":"","src":"https:\/\/i0.wp.com\/larevistadigital.com.ar\/blog\/wp-content\/uploads\/ACCIDENTE-MOTO-LAGUNA.jpg?fit=1200%2C604&ssl=1&resize=350%2C200","width":350,"height":200,"srcset":"https:\/\/i0.wp.com\/larevistadigital.com.ar\/blog\/wp-content\/uploads\/ACCIDENTE-MOTO-LAGUNA.jpg?fit=1200%2C604&ssl=1&resize=350%2C200 1x, https:\/\/i0.wp.com\/larevistadigital.com.ar\/blog\/wp-content\/uploads\/ACCIDENTE-MOTO-LAGUNA.jpg?fit=1200%2C604&ssl=1&resize=525%2C300 1.5x, https:\/\/i0.wp.com\/larevistadigital.com.ar\/blog\/wp-content\/uploads\/ACCIDENTE-MOTO-LAGUNA.jpg?fit=1200%2C604&ssl=1&resize=700%2C400 2x, https:\/\/i0.wp.com\/larevistadigital.com.ar\/blog\/wp-content\/uploads\/ACCIDENTE-MOTO-LAGUNA.jpg?fit=1200%2C604&ssl=1&resize=1050%2C600 3x"},"classes":[]},{"id":27090,"url":"https:\/\/larevistadigital.com.ar\/blog\/chascomus-fotos-fatal-accidente-en-la-costanera-con-una-joven-fallecida\/","url_meta":{"origin":40120,"position":3},"title":"CHASCOM\u00daS: [fotos] FATAL ACCIDENTE EN LA COSTANERA, CON UNA JOVEN FALLECIDA","author":"Alejandro Sosa Ruda","date":"13 agosto, 2022","format":false,"excerpt":"Fue por la madrugada, en Costanera entre Lastra y Mu\u00f1iz, donde la v\u00edctima de 17 a\u00f1os circulaba como acompa\u00f1ante en la parte trasera de una moto y colision\u00f3 con un autom\u00f3vil. 13 de agosto de 2022 CHASCOM\u00daS - Durante la madrugada, se produjo un lamentable y luctuoso accidente entre una\u2026","rel":"","context":"En \u00abDESTACADAS\u00bb","block_context":{"text":"DESTACADAS","link":"https:\/\/larevistadigital.com.ar\/blog\/category\/destacadas\/"},"img":{"alt_text":"","src":"https:\/\/i0.wp.com\/larevistadigital.com.ar\/blog\/wp-content\/uploads\/298835278_10227570230776448_3294696304837466845_n.jpg?fit=1200%2C900&ssl=1&resize=350%2C200","width":350,"height":200,"srcset":"https:\/\/i0.wp.com\/larevistadigital.com.ar\/blog\/wp-content\/uploads\/298835278_10227570230776448_3294696304837466845_n.jpg?fit=1200%2C900&ssl=1&resize=350%2C200 1x, https:\/\/i0.wp.com\/larevistadigital.com.ar\/blog\/wp-content\/uploads\/298835278_10227570230776448_3294696304837466845_n.jpg?fit=1200%2C900&ssl=1&resize=525%2C300 1.5x, https:\/\/i0.wp.com\/larevistadigital.com.ar\/blog\/wp-content\/uploads\/298835278_10227570230776448_3294696304837466845_n.jpg?fit=1200%2C900&ssl=1&resize=700%2C400 2x, https:\/\/i0.wp.com\/larevistadigital.com.ar\/blog\/wp-content\/uploads\/298835278_10227570230776448_3294696304837466845_n.jpg?fit=1200%2C900&ssl=1&resize=1050%2C600 3x"},"classes":[]},{"id":41719,"url":"https:\/\/larevistadigital.com.ar\/blog\/tragedia-en-la-plata-un-joven-perdio-la-vida-tras-chocar-en-moto-contra-un-camion\/","url_meta":{"origin":40120,"position":4},"title":"Tragedia en La Plata: un joven perdi\u00f3 la vida tras chocar en moto contra un cami\u00f3n","author":"Alejandro Sosa Ruda","date":"3 octubre, 2025","format":false,"excerpt":"El accidente ocurri\u00f3 en la localidad de Etcheverry, en el cruce de la Ruta 215 y calle 238. La v\u00edctima ten\u00eda 21 a\u00f1os. En lo que va del a\u00f1o, ya murieron m\u00e1s de 60 personas en siniestros viales en la regi\u00f3n. 03 de octubre de 2025 LA PLATA -\u00a0 \u00a0Un\u2026","rel":"","context":"En \u00abPOLICIALES\u00bb","block_context":{"text":"POLICIALES","link":"https:\/\/larevistadigital.com.ar\/blog\/category\/policiales\/"},"img":{"alt_text":"","src":"https:\/\/i0.wp.com\/larevistadigital.com.ar\/blog\/wp-content\/uploads\/Captura-de-pantalla-2025-10-03-133433.jpg?fit=868%2C426&ssl=1&resize=350%2C200","width":350,"height":200,"srcset":"https:\/\/i0.wp.com\/larevistadigital.com.ar\/blog\/wp-content\/uploads\/Captura-de-pantalla-2025-10-03-133433.jpg?fit=868%2C426&ssl=1&resize=350%2C200 1x, https:\/\/i0.wp.com\/larevistadigital.com.ar\/blog\/wp-content\/uploads\/Captura-de-pantalla-2025-10-03-133433.jpg?fit=868%2C426&ssl=1&resize=525%2C300 1.5x, https:\/\/i0.wp.com\/larevistadigital.com.ar\/blog\/wp-content\/uploads\/Captura-de-pantalla-2025-10-03-133433.jpg?fit=868%2C426&ssl=1&resize=700%2C400 2x"},"classes":[]},{"id":18847,"url":"https:\/\/larevistadigital.com.ar\/blog\/brandsen-un-delibery-fue-embestido-por-una-moto-que-se-fugo-esta-en-grave-estado\/","url_meta":{"origin":40120,"position":5},"title":"BRANDSEN: UN DELIBERY FUE EMBESTIDO POR UNA MOTO QUE SE FUG\u00d3. EST\u00c1 EN GRAVE ESTADO","author":"Alejandro Sosa Ruda","date":"13 febrero, 2021","format":false,"excerpt":"Ocurri\u00f3 en pleno centro de la ciudad. El motociclista tras darse a la fuga, perdi\u00f3 el control de su moto y tuvo que ser atendido por el SAME. BRANDSEN - Un joven de 18 a\u00f1os, que presta servicio como delivery para \"Quick\", debi\u00f3 que ser traslado de urgencia al hospital\u2026","rel":"","context":"En \u00abREGIONALES\u00bb","block_context":{"text":"REGIONALES","link":"https:\/\/larevistadigital.com.ar\/blog\/category\/regionales\/"},"img":{"alt_text":"","src":"https:\/\/i0.wp.com\/larevistadigital.com.ar\/blog\/wp-content\/uploads\/20210213_124423_wm-2048x1152-1.jpg?fit=1200%2C675&ssl=1&resize=350%2C200","width":350,"height":200,"srcset":"https:\/\/i0.wp.com\/larevistadigital.com.ar\/blog\/wp-content\/uploads\/20210213_124423_wm-2048x1152-1.jpg?fit=1200%2C675&ssl=1&resize=350%2C200 1x, https:\/\/i0.wp.com\/larevistadigital.com.ar\/blog\/wp-content\/uploads\/20210213_124423_wm-2048x1152-1.jpg?fit=1200%2C675&ssl=1&resize=525%2C300 1.5x, https:\/\/i0.wp.com\/larevistadigital.com.ar\/blog\/wp-content\/uploads\/20210213_124423_wm-2048x1152-1.jpg?fit=1200%2C675&ssl=1&resize=700%2C400 2x, https:\/\/i0.wp.com\/larevistadigital.com.ar\/blog\/wp-content\/uploads\/20210213_124423_wm-2048x1152-1.jpg?fit=1200%2C675&ssl=1&resize=1050%2C600 3x"},"classes":[]}],"_links":{"self":[{"href":"https:\/\/larevistadigital.com.ar\/blog\/wp-json\/wp\/v2\/posts\/40120","targetHints":{"allow":["GET"]}}],"collection":[{"href":"https:\/\/larevistadigital.com.ar\/blog\/wp-json\/wp\/v2\/posts"}],"about":[{"href":"https:\/\/larevistadigital.com.ar\/blog\/wp-json\/wp\/v2\/types\/post"}],"author":[{"embeddable":true,"href":"https:\/\/larevistadigital.com.ar\/blog\/wp-json\/wp\/v2\/users\/3"}],"replies":[{"embeddable":true,"href":"https:\/\/larevistadigital.com.ar\/blog\/wp-json\/wp\/v2\/comments?post=40120"}],"version-history":[{"count":1,"href":"https:\/\/larevistadigital.com.ar\/blog\/wp-json\/wp\/v2\/posts\/40120\/revisions"}],"predecessor-version":[{"id":40122,"href":"https:\/\/larevistadigital.com.ar\/blog\/wp-json\/wp\/v2\/posts\/40120\/revisions\/40122"}],"wp:featuredmedia":[{"embeddable":true,"href":"https:\/\/larevistadigital.com.ar\/blog\/wp-json\/wp\/v2\/media\/40121"}],"wp:attachment":[{"href":"https:\/\/larevistadigital.com.ar\/blog\/wp-json\/wp\/v2\/media?parent=40120"}],"wp:term":[{"taxonomy":"category","embeddable":true,"href":"https:\/\/larevistadigital.com.ar\/blog\/wp-json\/wp\/v2\/categories?post=40120"},{"taxonomy":"post_tag","embeddable":true,"href":"https:\/\/larevistadigital.com.ar\/blog\/wp-json\/wp\/v2\/tags?post=40120"}],"curies":[{"name":"wp","href":"https:\/\/api.w.org\/{rel}","templated":true}]}}