{"id":40123,"date":"2025-06-23T15:30:57","date_gmt":"2025-06-23T18:30:57","guid":{"rendered":"https:\/\/larevistadigital.com.ar\/blog\/?p=40123"},"modified":"2025-06-23T15:30:57","modified_gmt":"2025-06-23T18:30:57","slug":"tragedia-en-ruta-88-un-conductor-murio-tras-impactar-contra-un-poste","status":"publish","type":"post","link":"https:\/\/larevistadigital.com.ar\/blog\/tragedia-en-ruta-88-un-conductor-murio-tras-impactar-contra-un-poste\/","title":{"rendered":"Tragedia en Ruta 88: un conductor muri\u00f3 tras impactar contra un poste"},"content":{"rendered":"<h2 class=\"nota__hero__summary\">El accidente ocurri\u00f3 en la madrugada del domingo, a la altura del kil\u00f3metro 7,5. El conductor falleci\u00f3 en el acto. Investigan las causas del siniestro.<\/h2>\n<p>23 de Junio de 2025<\/p>\n<p data-start=\"213\" data-end=\"536\"><strong>BUENOS AIRES\u00a0 &#8211;\u00a0<\/strong> \u00a0Un nuevo siniestro vial volvi\u00f3 a te\u00f1ir de luto a la regi\u00f3n. En la madrugada del domingo 22 de junio, cerca de las 2 de la ma\u00f1ana, un autom\u00f3vil colision\u00f3 violentamente contra un poste de hormig\u00f3n en la banquina del kil\u00f3metro 7,5 de la Ruta Provincial 88. El conductor, \u00fanico ocupante del veh\u00edculo, perdi\u00f3 la vida en el acto.<\/p>\n<p data-start=\"538\" data-end=\"879\">El llamado de emergencia al 911 moviliz\u00f3 de inmediato a personal del SAME, Bomberos de Bat\u00e1n y efectivos policiales. Al llegar al lugar, los equipos encontraron un Peugeot 208 completamente destruido, con su conductor atrapado entre los hierros retorcidos. Pese a los esfuerzos de los rescatistas, la v\u00edctima ya no presentaba signos vitales.<\/p>\n<blockquote>\n<h3 data-start=\"881\" data-end=\"1103\">La Polic\u00eda Cient\u00edfica trabaj\u00f3 en la escena del hecho para determinar las causas del accidente. El cuerpo fue trasladado a la morgue judicial y, hasta el momento, no se ha confirmado oficialmente la identidad del fallecido.<\/h3>\n<\/blockquote>\n<p data-start=\"1105\" data-end=\"1355\">Las investigaciones se centran en esclarecer qu\u00e9 provoc\u00f3 la p\u00e9rdida de control del veh\u00edculo. Entre las hip\u00f3tesis se analizan el estado de la calzada, la velocidad, posibles distracciones al volante y las condiciones clim\u00e1ticas al momento del impacto.<\/p>\n<p data-start=\"1357\" data-end=\"1732\">Este tr\u00e1gico episodio se suma a otras dos muertes recientes ocurridas en la regi\u00f3n: una en San Clemente del Tuy\u00fa, donde un joven de 26 a\u00f1os perdi\u00f3 la vida al caer de su moto; y otra en Lucila del Mar, donde un motociclista de 22 a\u00f1os falleci\u00f3 tras chocar contra un auto. Tres tragedias en pocos d\u00edas que exponen una vez m\u00e1s la urgencia de reflexionar sobre la seguridad vial.<\/p>\n<p data-start=\"1734\" data-end=\"1976\">Desde <em data-start=\"1740\" data-end=\"1760\">La Revista Digital<\/em>, renovamos el llamado a la conciencia: usar siempre el cintur\u00f3n de seguridad, respetar las velocidades m\u00e1ximas y conducir con extrema prudencia no son simples recomendaciones. Son decisiones que pueden salvar vidas.<\/p>\n","protected":false},"excerpt":{"rendered":"<div class=\"mh-excerpt\"><p>El accidente ocurri\u00f3 en la madrugada del domingo, a la altura del kil\u00f3metro 7,5. El conductor falleci\u00f3 en el acto. Investigan las causas del siniestro. 23 de Junio de 2025 BUENOS AIRES\u00a0 &#8211;\u00a0 \u00a0Un nuevo <a class=\"mh-excerpt-more\" href=\"https:\/\/larevistadigital.com.ar\/blog\/tragedia-en-ruta-88-un-conductor-murio-tras-impactar-contra-un-poste\/\" title=\"Tragedia en Ruta 88: un conductor muri\u00f3 tras impactar contra un poste\">[Leer M\u00e1s]<\/a><\/p>\n<\/div>","protected":false},"author":3,"featured_media":40124,"comment_status":"open","ping_status":"open","sticky":false,"template":"","format":"standard","meta":{"_jetpack_memberships_contains_paid_content":false,"footnotes":"","jetpack_publicize_message":"","jetpack_publicize_feature_enabled":true,"jetpack_social_post_already_shared":true,"jetpack_social_options":{"image_generator_settings":{"template":"highway","default_image_id":0,"font":"","enabled":false},"version":2}},"categories":[44,51],"tags":[],"class_list":{"0":"post-40123","1":"post","2":"type-post","3":"status-publish","4":"format-standard","5":"has-post-thumbnail","7":"category-policiales","8":"category-regionales"},"jetpack_publicize_connections":[],"jetpack_featured_media_url":"https:\/\/i0.wp.com\/larevistadigital.com.ar\/blog\/wp-content\/uploads\/0118db99d87680891c02329c54031eca013be165.jpg?fit=1140%2C686&ssl=1","jetpack_sharing_enabled":true,"jetpack_shortlink":"https:\/\/wp.me\/p8qtrQ-ar9","jetpack-related-posts":[{"id":22846,"url":"https:\/\/larevistadigital.com.ar\/blog\/fatal-accidente-en-la-ruta-11-acceso-a-mar-del-plata\/","url_meta":{"origin":40123,"position":0},"title":"FATAL ACCIDENTE EN LA RUTA 11, ACCESO A MAR DEL PLATA","author":"Alejandro Sosa Ruda","date":"5 diciembre, 2021","format":false,"excerpt":"El conductor de un Fiat Palio, falleci\u00f3 en el siniestro que ocurri\u00f3 este domingo 5\/12 aproximadamente a las 5 de la madrugada. Sucedi\u00f3 a la altura del kil\u00f3metro 503 MAR DEL PLATA -\u00a0 El conductor de un Fiat Palio\u00a0negro falleci\u00f3 este domingo a la madrugada como consecuencia de un fuerte\u2026","rel":"","context":"En \u00abPOLICIALES\u00bb","block_context":{"text":"POLICIALES","link":"https:\/\/larevistadigital.com.ar\/blog\/category\/policiales\/"},"img":{"alt_text":"","src":"https:\/\/i0.wp.com\/larevistadigital.com.ar\/blog\/wp-content\/uploads\/Captura-de-pantalla-2021-12-05-125429.jpg?fit=1016%2C670&ssl=1&resize=350%2C200","width":350,"height":200,"srcset":"https:\/\/i0.wp.com\/larevistadigital.com.ar\/blog\/wp-content\/uploads\/Captura-de-pantalla-2021-12-05-125429.jpg?fit=1016%2C670&ssl=1&resize=350%2C200 1x, https:\/\/i0.wp.com\/larevistadigital.com.ar\/blog\/wp-content\/uploads\/Captura-de-pantalla-2021-12-05-125429.jpg?fit=1016%2C670&ssl=1&resize=525%2C300 1.5x, https:\/\/i0.wp.com\/larevistadigital.com.ar\/blog\/wp-content\/uploads\/Captura-de-pantalla-2021-12-05-125429.jpg?fit=1016%2C670&ssl=1&resize=700%2C400 2x"},"classes":[]},{"id":23692,"url":"https:\/\/larevistadigital.com.ar\/blog\/tragico-choque-frontal-en-la-ruta-88-murio-una-mujer\/","url_meta":{"origin":40123,"position":1},"title":"TR\u00c1GICO CHOQUE FRONTAL EN LA RUTA 88: MURI\u00d3 UNA MUJER","author":"Alejandro Sosa Ruda","date":"30 enero, 2022","format":false,"excerpt":"Sucedi\u00f3 a la madrugada, a la altura del kil\u00f3metro 12 Una mujer de 33 a\u00f1os falleci\u00f3 esta madrugada a la altura del kil\u00f3metro 12 de la Ruta 88 luego de una colisi\u00f3n frontal entre dos veh\u00edculos. El siniestro, entre un\u00a0Chevrolet Onix\u00a0y un\u00a0Chevrolet Agile,\u00a0se produjo pasadas las 3.40 de este domingo\u2026","rel":"","context":"En \u00abPOLICIALES\u00bb","block_context":{"text":"POLICIALES","link":"https:\/\/larevistadigital.com.ar\/blog\/category\/policiales\/"},"img":{"alt_text":"","src":"https:\/\/i0.wp.com\/larevistadigital.com.ar\/blog\/wp-content\/uploads\/Captura-de-pantalla-2022-01-30-120504.jpg?fit=1011%2C623&ssl=1&resize=350%2C200","width":350,"height":200,"srcset":"https:\/\/i0.wp.com\/larevistadigital.com.ar\/blog\/wp-content\/uploads\/Captura-de-pantalla-2022-01-30-120504.jpg?fit=1011%2C623&ssl=1&resize=350%2C200 1x, https:\/\/i0.wp.com\/larevistadigital.com.ar\/blog\/wp-content\/uploads\/Captura-de-pantalla-2022-01-30-120504.jpg?fit=1011%2C623&ssl=1&resize=525%2C300 1.5x, https:\/\/i0.wp.com\/larevistadigital.com.ar\/blog\/wp-content\/uploads\/Captura-de-pantalla-2022-01-30-120504.jpg?fit=1011%2C623&ssl=1&resize=700%2C400 2x"},"classes":[]},{"id":43920,"url":"https:\/\/larevistadigital.com.ar\/blog\/fatal-choque-en-la-ruta-3-un-automovilista-murio-tras-esquivar-carpinchos-y-colisionar-con-un-camion\/","url_meta":{"origin":40123,"position":2},"title":"Fatal choque en la Ruta 3: un automovilista muri\u00f3 tras esquivar carpinchos y colisionar con un cami\u00f3n","author":"Alejandro Sosa Ruda","date":"10 febrero, 2026","format":false,"excerpt":"El siniestro ocurri\u00f3 de madrugada entre Gonzales Chaves y Benito Ju\u00e1rez. El conductor perdi\u00f3 el control del veh\u00edculo, cruz\u00f3 de carril y falleci\u00f3 en el acto. 10 de febrero de 2026 Un tr\u00e1gico accidente vial ocurri\u00f3 durante la madrugada del domingo sobre la Ruta Nacional N\u00ba 3, a la altura\u2026","rel":"","context":"En \u00abPOLICIALES\u00bb","block_context":{"text":"POLICIALES","link":"https:\/\/larevistadigital.com.ar\/blog\/category\/policiales\/"},"img":{"alt_text":"","src":"https:\/\/i0.wp.com\/larevistadigital.com.ar\/blog\/wp-content\/uploads\/5d5e32f53afec5032d50378eaee5624ae3883bca.png?fit=1140%2C726&ssl=1&resize=350%2C200","width":350,"height":200,"srcset":"https:\/\/i0.wp.com\/larevistadigital.com.ar\/blog\/wp-content\/uploads\/5d5e32f53afec5032d50378eaee5624ae3883bca.png?fit=1140%2C726&ssl=1&resize=350%2C200 1x, https:\/\/i0.wp.com\/larevistadigital.com.ar\/blog\/wp-content\/uploads\/5d5e32f53afec5032d50378eaee5624ae3883bca.png?fit=1140%2C726&ssl=1&resize=525%2C300 1.5x, https:\/\/i0.wp.com\/larevistadigital.com.ar\/blog\/wp-content\/uploads\/5d5e32f53afec5032d50378eaee5624ae3883bca.png?fit=1140%2C726&ssl=1&resize=700%2C400 2x, https:\/\/i0.wp.com\/larevistadigital.com.ar\/blog\/wp-content\/uploads\/5d5e32f53afec5032d50378eaee5624ae3883bca.png?fit=1140%2C726&ssl=1&resize=1050%2C600 3x"},"classes":[]},{"id":40581,"url":"https:\/\/larevistadigital.com.ar\/blog\/tragedia-en-la-ruta-226-un-joven-de-21-anos-murio-en-un-brutal-choque-triple\/","url_meta":{"origin":40123,"position":3},"title":"Tragedia en la Ruta 226: un joven de 21 a\u00f1os muri\u00f3 en un brutal choque triple","author":"Alejandro Sosa Ruda","date":"21 julio, 2025","format":false,"excerpt":"El siniestro ocurri\u00f3 en la madrugada del domingo en Tandil. Dos camionetas y un auto se vieron involucrados. La v\u00edctima fatal fue identificada como un joven conductor tandilense. 21 de Julio de 2025 TANDIL -\u00a0 Un tr\u00e1gico accidente vial conmocion\u00f3 a la ciudad de Tandil en la madrugada del domingo.\u2026","rel":"","context":"En \u00abPOLICIALES\u00bb","block_context":{"text":"POLICIALES","link":"https:\/\/larevistadigital.com.ar\/blog\/category\/policiales\/"},"img":{"alt_text":"","src":"https:\/\/i0.wp.com\/larevistadigital.com.ar\/blog\/wp-content\/uploads\/92b7e938d1a1a062faf5f89dce662f6a0d80fa83.jpg?fit=1140%2C563&ssl=1&resize=350%2C200","width":350,"height":200,"srcset":"https:\/\/i0.wp.com\/larevistadigital.com.ar\/blog\/wp-content\/uploads\/92b7e938d1a1a062faf5f89dce662f6a0d80fa83.jpg?fit=1140%2C563&ssl=1&resize=350%2C200 1x, https:\/\/i0.wp.com\/larevistadigital.com.ar\/blog\/wp-content\/uploads\/92b7e938d1a1a062faf5f89dce662f6a0d80fa83.jpg?fit=1140%2C563&ssl=1&resize=525%2C300 1.5x, https:\/\/i0.wp.com\/larevistadigital.com.ar\/blog\/wp-content\/uploads\/92b7e938d1a1a062faf5f89dce662f6a0d80fa83.jpg?fit=1140%2C563&ssl=1&resize=700%2C400 2x, https:\/\/i0.wp.com\/larevistadigital.com.ar\/blog\/wp-content\/uploads\/92b7e938d1a1a062faf5f89dce662f6a0d80fa83.jpg?fit=1140%2C563&ssl=1&resize=1050%2C600 3x"},"classes":[]},{"id":24611,"url":"https:\/\/larevistadigital.com.ar\/blog\/otra-vez-nuevamente-un-auto-choco-contra-un-poste-en-la-ruta-11-ahora-fallecio-un-policia-retirado\/","url_meta":{"origin":40123,"position":4},"title":"OTRA VEZ: NUEVAMENTE UN AUTO CHOC\u00d3 CONTRA UN POSTE EN LA RUTA 11, AHORA FALLECI\u00d3 UN POLIC\u00cdA RETIRADO","author":"Alejandro Sosa Ruda","date":"16 marzo, 2022","format":false,"excerpt":"El accidente se produjo a la altura del kil\u00f3metro 504, en las cercan\u00edas del Grupo de Artiller\u00eda Antia\u00e9reo 601, en Mar del Plata. MAR DEL PLATA -\u00a0 El conductor de un veh\u00edculo utilitario falleci\u00f3 en la noche del martes cuando colision\u00f3 una de las columnas ubicadas en el cantero divisor\u2026","rel":"","context":"En \u00abPOLICIALES\u00bb","block_context":{"text":"POLICIALES","link":"https:\/\/larevistadigital.com.ar\/blog\/category\/policiales\/"},"img":{"alt_text":"","src":"https:\/\/i0.wp.com\/larevistadigital.com.ar\/blog\/wp-content\/uploads\/f2ce65359259d3680baa7d7f4f64a61f54c18d56.jpg?fit=1140%2C646&ssl=1&resize=350%2C200","width":350,"height":200,"srcset":"https:\/\/i0.wp.com\/larevistadigital.com.ar\/blog\/wp-content\/uploads\/f2ce65359259d3680baa7d7f4f64a61f54c18d56.jpg?fit=1140%2C646&ssl=1&resize=350%2C200 1x, https:\/\/i0.wp.com\/larevistadigital.com.ar\/blog\/wp-content\/uploads\/f2ce65359259d3680baa7d7f4f64a61f54c18d56.jpg?fit=1140%2C646&ssl=1&resize=525%2C300 1.5x, https:\/\/i0.wp.com\/larevistadigital.com.ar\/blog\/wp-content\/uploads\/f2ce65359259d3680baa7d7f4f64a61f54c18d56.jpg?fit=1140%2C646&ssl=1&resize=700%2C400 2x, https:\/\/i0.wp.com\/larevistadigital.com.ar\/blog\/wp-content\/uploads\/f2ce65359259d3680baa7d7f4f64a61f54c18d56.jpg?fit=1140%2C646&ssl=1&resize=1050%2C600 3x"},"classes":[]},{"id":21978,"url":"https:\/\/larevistadigital.com.ar\/blog\/murio-un-conductor-al-irse-del-camino-y-salir-despedido-de-su-auto\/","url_meta":{"origin":40123,"position":5},"title":"MURI\u00d3 UN CONDUCTOR AL IRSE DEL CAMINO Y SALIR DESPEDIDO DE SU AUTO","author":"Alejandro Sosa Ruda","date":"15 septiembre, 2021","format":false,"excerpt":"El hecho se produjo cerca de las 7, cuando el conductor de una camioneta se despist\u00f3 y sali\u00f3 despedido del veh\u00edculo. Ocurri\u00f3 a la altura del camping La Serranita. Un\u00a0hombre muri\u00f3\u00a0este mi\u00e9rcoles durante la madrugada en un siniestro vial en la\u00a0ruta 226, a la altura del\u00a0camping La Serranita, seg\u00fan confirmaron\u2026","rel":"","context":"En \u00abPOLICIALES\u00bb","block_context":{"text":"POLICIALES","link":"https:\/\/larevistadigital.com.ar\/blog\/category\/policiales\/"},"img":{"alt_text":"","src":"https:\/\/i0.wp.com\/larevistadigital.com.ar\/blog\/wp-content\/uploads\/Captura-29.png?fit=899%2C521&ssl=1&resize=350%2C200","width":350,"height":200,"srcset":"https:\/\/i0.wp.com\/larevistadigital.com.ar\/blog\/wp-content\/uploads\/Captura-29.png?fit=899%2C521&ssl=1&resize=350%2C200 1x, https:\/\/i0.wp.com\/larevistadigital.com.ar\/blog\/wp-content\/uploads\/Captura-29.png?fit=899%2C521&ssl=1&resize=525%2C300 1.5x, https:\/\/i0.wp.com\/larevistadigital.com.ar\/blog\/wp-content\/uploads\/Captura-29.png?fit=899%2C521&ssl=1&resize=700%2C400 2x"},"classes":[]}],"_links":{"self":[{"href":"https:\/\/larevistadigital.com.ar\/blog\/wp-json\/wp\/v2\/posts\/40123","targetHints":{"allow":["GET"]}}],"collection":[{"href":"https:\/\/larevistadigital.com.ar\/blog\/wp-json\/wp\/v2\/posts"}],"about":[{"href":"https:\/\/larevistadigital.com.ar\/blog\/wp-json\/wp\/v2\/types\/post"}],"author":[{"embeddable":true,"href":"https:\/\/larevistadigital.com.ar\/blog\/wp-json\/wp\/v2\/users\/3"}],"replies":[{"embeddable":true,"href":"https:\/\/larevistadigital.com.ar\/blog\/wp-json\/wp\/v2\/comments?post=40123"}],"version-history":[{"count":1,"href":"https:\/\/larevistadigital.com.ar\/blog\/wp-json\/wp\/v2\/posts\/40123\/revisions"}],"predecessor-version":[{"id":40125,"href":"https:\/\/larevistadigital.com.ar\/blog\/wp-json\/wp\/v2\/posts\/40123\/revisions\/40125"}],"wp:featuredmedia":[{"embeddable":true,"href":"https:\/\/larevistadigital.com.ar\/blog\/wp-json\/wp\/v2\/media\/40124"}],"wp:attachment":[{"href":"https:\/\/larevistadigital.com.ar\/blog\/wp-json\/wp\/v2\/media?parent=40123"}],"wp:term":[{"taxonomy":"category","embeddable":true,"href":"https:\/\/larevistadigital.com.ar\/blog\/wp-json\/wp\/v2\/categories?post=40123"},{"taxonomy":"post_tag","embeddable":true,"href":"https:\/\/larevistadigital.com.ar\/blog\/wp-json\/wp\/v2\/tags?post=40123"}],"curies":[{"name":"wp","href":"https:\/\/api.w.org\/{rel}","templated":true}]}}