{"id":40126,"date":"2025-06-23T15:58:24","date_gmt":"2025-06-23T18:58:24","guid":{"rendered":"https:\/\/larevistadigital.com.ar\/blog\/?p=40126"},"modified":"2025-06-23T15:58:24","modified_gmt":"2025-06-23T18:58:24","slug":"joven-de-17-anos-gravemente-agredido-a-la-salida-de-un-boliche","status":"publish","type":"post","link":"https:\/\/larevistadigital.com.ar\/blog\/joven-de-17-anos-gravemente-agredido-a-la-salida-de-un-boliche\/","title":{"rendered":"Joven de 17 a\u00f1os gravemente agredido a la salida de un boliche"},"content":{"rendered":"<h2 class=\"fparrafo ctext fz18 lh25\">Guido Ruiz, de 17 a\u00f1os, fue brutalmente atacado en grupo al salir del boliche \u201cPorte\u00f1o\u201d en la localidad bonaerense de Col\u00f3n.<\/h2>\n<p>23 de Junio de 2025<\/p>\n<p class=\"fparrafo ctext fz18 lh25\"><strong>Col\u00f3n. ENTRE R\u00cdOS &#8211;\u00a0<\/strong> \u00a0La agresi\u00f3n tuvo lugar hace una semana y la v\u00edctima, con fracturas en mand\u00edbula y nariz, p\u00e9rdida de varias piezas dentales, hematomas faciales y una herida ocular grave, a\u00fan contin\u00faa internada bajo observaci\u00f3n en Rosario. La familia exige justicia, ya que los presuntos agresores permanecen libres. Video.<\/p>\n<blockquote>\n<h3>Su hermana, Guadalupe, se\u00f1al\u00f3 que uno de los atacantes ser\u00eda Gino Ansaloni, hijo del diputado nacional libertario Pablo Ansaloni. <em>\u201cA mi hermano casi lo matan y los agresores siguen libres\u201d<\/em>, declar\u00f3 ante medios locales.<\/h3>\n<\/blockquote>\n<p>El incidente qued\u00f3 registrado por c\u00e1maras de seguridad: se observa al adolescente siendo empujado, golpeado y pateado en el suelo por una patota. <strong><em>\u201cEl hijo del diputado profiri\u00f3 amenazas de muerte mientras mi hermano yac\u00eda indefenso en el piso\u201d<\/em><\/strong>, agreg\u00f3 <strong>Guadalupe<\/strong>.<\/p>\n<blockquote>\n<h3>Seg\u00fan reportan medios locales, el estado de Guido es delicado; adem\u00e1s de las fracturas, podr\u00eda haber sufrido da\u00f1os internos. <em>\u201cNo sabemos si volver\u00e1 a ver\u201d<\/em> y est\u00e1 pendiente una tomograf\u00eda para descartar lesiones cerebrales. Tras su paso por el Hospital Municipal, fue trasladado a una cl\u00ednica en Rosario.<\/h3>\n<\/blockquote>\n<p>Actualmente cursa el secundario en el colegio Santa Marta y juega al f\u00fatbol en el club local. Luego de recibir el alta, deber\u00e1 someterse a un tratamiento ambulatorio para recuperarse de las m\u00faltiples contusiones.<\/p>\n<p>Seg\u00fan supo InfoGEI, la fiscal\u00eda a cargo de la Unidad Fiscal N\u00ba 2 caratul\u00f3 la causa como \u201clesiones graves e intento de homicidio\u201d imputaci\u00f3n basada en el video que documenta la golpiza como prueba clave.\u00a0<b>(InfoGEI)Ac<\/b><\/p>\n","protected":false},"excerpt":{"rendered":"<div class=\"mh-excerpt\"><p>Guido Ruiz, de 17 a\u00f1os, fue brutalmente atacado en grupo al salir del boliche \u201cPorte\u00f1o\u201d en la localidad bonaerense de Col\u00f3n. 23 de Junio de 2025 Col\u00f3n. ENTRE R\u00cdOS &#8211;\u00a0 \u00a0La agresi\u00f3n tuvo lugar hace <a class=\"mh-excerpt-more\" href=\"https:\/\/larevistadigital.com.ar\/blog\/joven-de-17-anos-gravemente-agredido-a-la-salida-de-un-boliche\/\" title=\"Joven de 17 a\u00f1os gravemente agredido a la salida de un boliche\">[Leer M\u00e1s]<\/a><\/p>\n<\/div>","protected":false},"author":3,"featured_media":40127,"comment_status":"open","ping_status":"open","sticky":false,"template":"","format":"standard","meta":{"_jetpack_memberships_contains_paid_content":false,"footnotes":"","jetpack_publicize_message":"","jetpack_publicize_feature_enabled":true,"jetpack_social_post_already_shared":true,"jetpack_social_options":{"image_generator_settings":{"template":"highway","default_image_id":0,"font":"","enabled":false},"version":2}},"categories":[44,51],"tags":[],"class_list":{"0":"post-40126","1":"post","2":"type-post","3":"status-publish","4":"format-standard","5":"has-post-thumbnail","7":"category-policiales","8":"category-regionales"},"jetpack_publicize_connections":[],"jetpack_featured_media_url":"https:\/\/i0.wp.com\/larevistadigital.com.ar\/blog\/wp-content\/uploads\/20250623152846_joven-golpeado-salvajemente-colon.jpg?fit=880%2C512&ssl=1","jetpack_sharing_enabled":true,"jetpack_shortlink":"https:\/\/wp.me\/p8qtrQ-arc","jetpack-related-posts":[{"id":28878,"url":"https:\/\/larevistadigital.com.ar\/blog\/asesinaron-a-mauricio-cordara-chofer-del-vicepresidente-de-osprera-pablo-ansaloni\/","url_meta":{"origin":40126,"position":0},"title":"ASESINARON A MAURICIO CORDARA, CHOFER DEL VICEPRESIDENTE DE OSPRERA, PABLO ANSALONI","author":"Alejandro Sosa Ruda","date":"19 noviembre, 2022","format":false,"excerpt":"Ten\u00eda 45 a\u00f1os y se desempe\u00f1aba como chofer del exdiputado y actual vicepresidente de la obra social de los trabajadores rurales. Fue asesinado en Col\u00f3n, cuando bajaba las valijas del auto en el que hab\u00eda transportado a los hijos de Ansaloni. Recibi\u00f3 varios balazos por parte de un hombre vestido\u2026","rel":"","context":"En \u00abGREMIALES\u00bb","block_context":{"text":"GREMIALES","link":"https:\/\/larevistadigital.com.ar\/blog\/category\/gremiales\/"},"img":{"alt_text":"","src":"https:\/\/i0.wp.com\/larevistadigital.com.ar\/blog\/wp-content\/uploads\/cordara-mauri.jpg?fit=720%2C960&ssl=1&resize=350%2C200","width":350,"height":200,"srcset":"https:\/\/i0.wp.com\/larevistadigital.com.ar\/blog\/wp-content\/uploads\/cordara-mauri.jpg?fit=720%2C960&ssl=1&resize=350%2C200 1x, https:\/\/i0.wp.com\/larevistadigital.com.ar\/blog\/wp-content\/uploads\/cordara-mauri.jpg?fit=720%2C960&ssl=1&resize=525%2C300 1.5x, https:\/\/i0.wp.com\/larevistadigital.com.ar\/blog\/wp-content\/uploads\/cordara-mauri.jpg?fit=720%2C960&ssl=1&resize=700%2C400 2x"},"classes":[]},{"id":29020,"url":"https:\/\/larevistadigital.com.ar\/blog\/allanamientos-en-uatre-y-osprera-secuestran-telefonos-tratando-de-ubicar-al-sicario-que-mato-al-chofer-de-pablo-ansaloni\/","url_meta":{"origin":40126,"position":1},"title":"ALLANAMIENTOS EN UATRE Y OSPRERA: SECUESTRAN TEL\u00c9FONOS TRATANDO DE UBICAR AL SICARIO QUE MAT\u00d3 AL CHOFER DE PABLO ANSALONI","author":"Alejandro Sosa Ruda","date":"23 noviembre, 2022","format":false,"excerpt":"La Fiscal que interviene en el caso orden\u00f3 allanar el edificio en Buenos Aires. Aunque hubo versiones que se\u00f1alaban que buscaban a Jos\u00e9 Voytenco, en la causa hay \"sospechas pero no sospechados\", aseguraron fuentes de la investigaci\u00f3n a La Opini\u00f3n. Fueron a buscar 10 tel\u00e9fonos y secuestraron dos. 23 de\u2026","rel":"","context":"En \u00abINTERES GENERAL\u00bb","block_context":{"text":"INTERES GENERAL","link":"https:\/\/larevistadigital.com.ar\/blog\/category\/interes-general\/"},"img":{"alt_text":"","src":"https:\/\/i0.wp.com\/larevistadigital.com.ar\/blog\/wp-content\/uploads\/sicario.jpg?fit=785%2C421&ssl=1&resize=350%2C200","width":350,"height":200,"srcset":"https:\/\/i0.wp.com\/larevistadigital.com.ar\/blog\/wp-content\/uploads\/sicario.jpg?fit=785%2C421&ssl=1&resize=350%2C200 1x, https:\/\/i0.wp.com\/larevistadigital.com.ar\/blog\/wp-content\/uploads\/sicario.jpg?fit=785%2C421&ssl=1&resize=525%2C300 1.5x, https:\/\/i0.wp.com\/larevistadigital.com.ar\/blog\/wp-content\/uploads\/sicario.jpg?fit=785%2C421&ssl=1&resize=700%2C400 2x"},"classes":[]},{"id":14389,"url":"https:\/\/larevistadigital.com.ar\/blog\/se-puede-decir-lo-de-siempre-golpean-y-roban-en-manada-a-la-salida-de-un-boliche-en-playa-grande\/","url_meta":{"origin":40126,"position":2},"title":"SE PUEDE DECIR: \u00abLO DE SIEMPRE\u00bb GOLPEAN Y ROBAN \u00abEN MANADA\u00bb A LA SALIDA DE UN BOLICHE EN PLAYA GRANDE","author":"Alejandro Sosa Ruda","date":"26 enero, 2020","format":false,"excerpt":"Un adolescente de 16 a\u00f1os qued\u00f3 aprehendido, mientras que el resto de los agresores logr\u00f3 dispersarse y escapar. Desde el Fuero de Responsabilidad Penal Juvenil remarcaron la \"falta de control\" en los ingresos y salidas de los boliches de la zona. Dos j\u00f3venes fueron golpeados por un grupo de unos\u2026","rel":"","context":"En \u00abPOLICIALES\u00bb","block_context":{"text":"POLICIALES","link":"https:\/\/larevistadigital.com.ar\/blog\/category\/policiales\/"},"img":{"alt_text":"","src":"https:\/\/i0.wp.com\/larevistadigital.com.ar\/blog\/wp-content\/uploads\/Screenshot_3-37.jpg?fit=838%2C545&ssl=1&resize=350%2C200","width":350,"height":200,"srcset":"https:\/\/i0.wp.com\/larevistadigital.com.ar\/blog\/wp-content\/uploads\/Screenshot_3-37.jpg?fit=838%2C545&ssl=1&resize=350%2C200 1x, https:\/\/i0.wp.com\/larevistadigital.com.ar\/blog\/wp-content\/uploads\/Screenshot_3-37.jpg?fit=838%2C545&ssl=1&resize=525%2C300 1.5x, https:\/\/i0.wp.com\/larevistadigital.com.ar\/blog\/wp-content\/uploads\/Screenshot_3-37.jpg?fit=838%2C545&ssl=1&resize=700%2C400 2x"},"classes":[]},{"id":23023,"url":"https:\/\/larevistadigital.com.ar\/blog\/mar-del-plata-otra-pelea-a-la-salida-de-un-boliche-en-playa-grande-joven-recibio-un-botellazo\/","url_meta":{"origin":40126,"position":3},"title":"MAR DEL PLATA: OTRA PELEA A LA SALIDA DE UN BOLICHE EN PLAYA GRANDE. JOVEN RECIBI\u00d3 UN BOTELLAZO","author":"Alejandro Sosa Ruda","date":"26 diciembre, 2021","format":false,"excerpt":"La situaci\u00f3n qued\u00f3 grabada en un video tomado por un testigo. El joven estuvo internado en el Hospital Interzonal General de Agudos (HIGA) y su padre public\u00f3 en Facebook las im\u00e1genes de los agresores. MAR DEL PLATA\u00a0 -\u00a0 Ocurri\u00f3 otra vez:\u00a0un joven result\u00f3 gravemente herido durante una pelea que se\u2026","rel":"","context":"En \u00abPOLICIALES\u00bb","block_context":{"text":"POLICIALES","link":"https:\/\/larevistadigital.com.ar\/blog\/category\/policiales\/"},"img":{"alt_text":"","src":"https:\/\/i0.wp.com\/larevistadigital.com.ar\/blog\/wp-content\/uploads\/Captura-de-pantalla-2021-12-26-104039.jpg?fit=896%2C551&ssl=1&resize=350%2C200","width":350,"height":200,"srcset":"https:\/\/i0.wp.com\/larevistadigital.com.ar\/blog\/wp-content\/uploads\/Captura-de-pantalla-2021-12-26-104039.jpg?fit=896%2C551&ssl=1&resize=350%2C200 1x, https:\/\/i0.wp.com\/larevistadigital.com.ar\/blog\/wp-content\/uploads\/Captura-de-pantalla-2021-12-26-104039.jpg?fit=896%2C551&ssl=1&resize=525%2C300 1.5x, https:\/\/i0.wp.com\/larevistadigital.com.ar\/blog\/wp-content\/uploads\/Captura-de-pantalla-2021-12-26-104039.jpg?fit=896%2C551&ssl=1&resize=700%2C400 2x"},"classes":[]},{"id":14906,"url":"https:\/\/larevistadigital.com.ar\/blog\/video-mas-violencia-se-pelearon-en-la-puerta-de-un-boliche-y-uno-los-atropello-con-un-automovil\/","url_meta":{"origin":40126,"position":4},"title":"[VIDEO] M\u00c1S VIOLENCIA: SE PELEARON EN LA PUERTA DE UN BOLICHE, Y UNO LOS ATROPELL\u00d3 CON UN AUTOM\u00d3VIL","author":"Alejandro Sosa Ruda","date":"20 febrero, 2020","format":false,"excerpt":"Ocurri\u00f3 a la salida de un local bailable ubicado en Col\u00f3n y la costa. El conductor escap\u00f3 a toda velocidad. MAR DEL PLATA - Un hecho demencial ocurri\u00f3 en la puerta de un boliche ubicado en Col\u00f3n y la costa:\u00a0mientras un grupo de j\u00f3venes se peleaba en el lugar,\u00a0uno subi\u00f3\u2026","rel":"","context":"En \u00abDESTACADAS\u00bb","block_context":{"text":"DESTACADAS","link":"https:\/\/larevistadigital.com.ar\/blog\/category\/destacadas\/"},"img":{"alt_text":"","src":"https:\/\/i0.wp.com\/larevistadigital.com.ar\/blog\/wp-content\/uploads\/Camara.png?fit=1008%2C631&ssl=1&resize=350%2C200","width":350,"height":200,"srcset":"https:\/\/i0.wp.com\/larevistadigital.com.ar\/blog\/wp-content\/uploads\/Camara.png?fit=1008%2C631&ssl=1&resize=350%2C200 1x, https:\/\/i0.wp.com\/larevistadigital.com.ar\/blog\/wp-content\/uploads\/Camara.png?fit=1008%2C631&ssl=1&resize=525%2C300 1.5x, https:\/\/i0.wp.com\/larevistadigital.com.ar\/blog\/wp-content\/uploads\/Camara.png?fit=1008%2C631&ssl=1&resize=700%2C400 2x"},"classes":[]},{"id":30795,"url":"https:\/\/larevistadigital.com.ar\/blog\/mar-chiquita-imputan-a-dos-menores-por-golpear-y-amenazar-con-cuchillos-a-tres-adultos\/","url_meta":{"origin":40126,"position":5},"title":"MAR CHIQUITA: IMPUTAN A DOS MENORES POR GOLPEAR Y AMENAZAR CON CUCHILLOS A TRES ADULTOS","author":"Alejandro Sosa Ruda","date":"29 marzo, 2023","format":false,"excerpt":"Uno tiene 12 a\u00f1os y otro de 15. Hab\u00edan emboscado a tres personas a la salida de un boliche en Coronel Vidal. 29 de marzo de 2023 MAR CHIQUITA -\u00a0 Dos menores\u00a0de edad,\u00a0uno de 12 a\u00f1os y otro de 15, fueron imputados en una causa por amenazas agravadas y lesiones\u2026","rel":"","context":"En \u00abPOLICIALES\u00bb","block_context":{"text":"POLICIALES","link":"https:\/\/larevistadigital.com.ar\/blog\/category\/policiales\/"},"img":{"alt_text":"","src":"https:\/\/i0.wp.com\/larevistadigital.com.ar\/blog\/wp-content\/uploads\/507e09a3d5e3f3744fd5959ea14ec22f8bc9e02e.png?fit=1140%2C635&ssl=1&resize=350%2C200","width":350,"height":200,"srcset":"https:\/\/i0.wp.com\/larevistadigital.com.ar\/blog\/wp-content\/uploads\/507e09a3d5e3f3744fd5959ea14ec22f8bc9e02e.png?fit=1140%2C635&ssl=1&resize=350%2C200 1x, https:\/\/i0.wp.com\/larevistadigital.com.ar\/blog\/wp-content\/uploads\/507e09a3d5e3f3744fd5959ea14ec22f8bc9e02e.png?fit=1140%2C635&ssl=1&resize=525%2C300 1.5x, https:\/\/i0.wp.com\/larevistadigital.com.ar\/blog\/wp-content\/uploads\/507e09a3d5e3f3744fd5959ea14ec22f8bc9e02e.png?fit=1140%2C635&ssl=1&resize=700%2C400 2x, https:\/\/i0.wp.com\/larevistadigital.com.ar\/blog\/wp-content\/uploads\/507e09a3d5e3f3744fd5959ea14ec22f8bc9e02e.png?fit=1140%2C635&ssl=1&resize=1050%2C600 3x"},"classes":[]}],"_links":{"self":[{"href":"https:\/\/larevistadigital.com.ar\/blog\/wp-json\/wp\/v2\/posts\/40126","targetHints":{"allow":["GET"]}}],"collection":[{"href":"https:\/\/larevistadigital.com.ar\/blog\/wp-json\/wp\/v2\/posts"}],"about":[{"href":"https:\/\/larevistadigital.com.ar\/blog\/wp-json\/wp\/v2\/types\/post"}],"author":[{"embeddable":true,"href":"https:\/\/larevistadigital.com.ar\/blog\/wp-json\/wp\/v2\/users\/3"}],"replies":[{"embeddable":true,"href":"https:\/\/larevistadigital.com.ar\/blog\/wp-json\/wp\/v2\/comments?post=40126"}],"version-history":[{"count":1,"href":"https:\/\/larevistadigital.com.ar\/blog\/wp-json\/wp\/v2\/posts\/40126\/revisions"}],"predecessor-version":[{"id":40128,"href":"https:\/\/larevistadigital.com.ar\/blog\/wp-json\/wp\/v2\/posts\/40126\/revisions\/40128"}],"wp:featuredmedia":[{"embeddable":true,"href":"https:\/\/larevistadigital.com.ar\/blog\/wp-json\/wp\/v2\/media\/40127"}],"wp:attachment":[{"href":"https:\/\/larevistadigital.com.ar\/blog\/wp-json\/wp\/v2\/media?parent=40126"}],"wp:term":[{"taxonomy":"category","embeddable":true,"href":"https:\/\/larevistadigital.com.ar\/blog\/wp-json\/wp\/v2\/categories?post=40126"},{"taxonomy":"post_tag","embeddable":true,"href":"https:\/\/larevistadigital.com.ar\/blog\/wp-json\/wp\/v2\/tags?post=40126"}],"curies":[{"name":"wp","href":"https:\/\/api.w.org\/{rel}","templated":true}]}}