{"id":40150,"date":"2025-06-23T17:25:44","date_gmt":"2025-06-23T20:25:44","guid":{"rendered":"https:\/\/larevistadigital.com.ar\/blog\/?p=40150"},"modified":"2025-06-23T17:25:44","modified_gmt":"2025-06-23T20:25:44","slug":"chascomus-cada-residuo-en-su-lugar","status":"publish","type":"post","link":"https:\/\/larevistadigital.com.ar\/blog\/chascomus-cada-residuo-en-su-lugar\/","title":{"rendered":"Chascom\u00fas: Cada residuo en su lugar"},"content":{"rendered":"<h3 class=\"excerpt\">Es muy importante mantener libre de residuo las bocas de tormentas y las zanjas.<\/h3>\n<p>23 de Junio de 2025<\/p>\n<div id=\"miDiv1\" class=\"text\">\n<p><strong>CHASCOM\u00daS &#8211;<\/strong>\u00a0 Ante el pron\u00f3stico de lluvias es necesario asumir la responsabilidad ciudadana de mantener libres de residuos tanto las bocas de tormenta como las zanjas para que el agua drene sin obst\u00e1culos, fundamentalmente en esta \u00e9poca caracterizada por las hojas secas que se desprenden de los \u00e1rboles.<\/p>\n<p>En este sentido, si el vecino o la vecina est\u00e1 comprometido con el cuidado del ambiente, puede juntar las hojas para agregar al compost, utilizarlas como mulching en la huerta o en las plantas. Si no, puede barrerlas y apilarlas o disponerlas en una bolsa y comunicarse al 147 para que las retiren, al igual que los restos de la poda de arbustos y\/o \u00e1rboles.<\/p>\n<blockquote>\n<h3>En cuanto al descarte de los residuos domiciliarios, el sistema de contenedores permite la separaci\u00f3n y el dep\u00f3sito seguro de basura (verde oscuro) y de reciclables (verde claro), siempre que se mantengan cerrados.<\/h3>\n<\/blockquote>\n<p>De ninguna manera los residuos pueden ser depositados al costado de los contenedores, si est\u00e1n colmados, se debe buscar con capacidad. Asimismo, est\u00e1 prohibido por Ley quemar las hojas secas en la v\u00eda p\u00fablica.<\/p>\n<p>Cumplir con estas pautas m\u00ednimas de convivencia, contribuye al orden y la higiene de la ciudad y, en d\u00edas de lluvia, evita anegamientos de calles o la acumulaci\u00f3n de agua dificultando la circulaci\u00f3n peatonal.<\/p>\n<\/div>\n","protected":false},"excerpt":{"rendered":"<div class=\"mh-excerpt\"><p>Es muy importante mantener libre de residuo las bocas de tormentas y las zanjas. 23 de Junio de 2025 CHASCOM\u00daS &#8211;\u00a0 Ante el pron\u00f3stico de lluvias es necesario asumir la responsabilidad ciudadana de mantener libres <a class=\"mh-excerpt-more\" href=\"https:\/\/larevistadigital.com.ar\/blog\/chascomus-cada-residuo-en-su-lugar\/\" title=\"Chascom\u00fas: Cada residuo en su lugar\">[Leer M\u00e1s]<\/a><\/p>\n<\/div>","protected":false},"author":3,"featured_media":40151,"comment_status":"open","ping_status":"open","sticky":false,"template":"","format":"standard","meta":{"_jetpack_memberships_contains_paid_content":false,"footnotes":"","jetpack_publicize_message":"","jetpack_publicize_feature_enabled":true,"jetpack_social_post_already_shared":true,"jetpack_social_options":{"image_generator_settings":{"template":"highway","default_image_id":0,"font":"","enabled":false},"version":2}},"categories":[6],"tags":[],"class_list":{"0":"post-40150","1":"post","2":"type-post","3":"status-publish","4":"format-standard","5":"has-post-thumbnail","7":"category-chascomus"},"jetpack_publicize_connections":[],"jetpack_featured_media_url":"https:\/\/i0.wp.com\/larevistadigital.com.ar\/blog\/wp-content\/uploads\/68599165988e2.png?fit=668%2C445&ssl=1","jetpack_sharing_enabled":true,"jetpack_shortlink":"https:\/\/wp.me\/p8qtrQ-arA","jetpack-related-posts":[{"id":39816,"url":"https:\/\/larevistadigital.com.ar\/blog\/la-limpieza-de-las-zanjas-es-fundamental-para-la-circulacion-del-agua-pluvial\/","url_meta":{"origin":40150,"position":0},"title":"La limpieza de las zanjas es fundamental para la circulaci\u00f3n del agua pluvial","author":"Alejandro Sosa Ruda","date":"20 mayo, 2025","format":false,"excerpt":"Frente a los eventos clim\u00e1ticos extraordinarios cada vez m\u00e1s frecuentes es necesario mantener los tubos y las zanjas limpios para facilitar el drenaje. 20 de Mayo de 2025 CHASCOM\u00daS -\u00a0 Una de las causas por las que se inundan y\/o se rompen las calles es la falta de escurrimiento del\u2026","rel":"","context":"En \u00abINTERES GENERAL\u00bb","block_context":{"text":"INTERES GENERAL","link":"https:\/\/larevistadigital.com.ar\/blog\/category\/interes-general\/"},"img":{"alt_text":"","src":"https:\/\/i0.wp.com\/larevistadigital.com.ar\/blog\/wp-content\/uploads\/682cae4173980.png?fit=668%2C445&ssl=1&resize=350%2C200","width":350,"height":200,"srcset":"https:\/\/i0.wp.com\/larevistadigital.com.ar\/blog\/wp-content\/uploads\/682cae4173980.png?fit=668%2C445&ssl=1&resize=350%2C200 1x, https:\/\/i0.wp.com\/larevistadigital.com.ar\/blog\/wp-content\/uploads\/682cae4173980.png?fit=668%2C445&ssl=1&resize=525%2C300 1.5x"},"classes":[]},{"id":44735,"url":"https:\/\/larevistadigital.com.ar\/blog\/chascomus-saneamiento-urbano-continuan-los-operativos-en-distintos-barrios-de-la-ciudad\/","url_meta":{"origin":40150,"position":1},"title":"Chascom\u00fas Saneamiento urbano: contin\u00faan los operativos en distintos barrios de la ciudad","author":"Alejandro Sosa Ruda","date":"26 marzo, 2026","format":false,"excerpt":"Retiro de residuos, desmalezamiento y limpieza de desag\u00fces para mejorar la higiene y prevenir plagas. 26 de marzo de 2026 CHASCOM\u00daS -\u00a0 \u00a0La Municipalidad de Chascom\u00fas informa que las cuadrillas del \u00e1rea de Higiene Urbana contin\u00faan con los operativos de saneamiento en distintos barrios de la ciudad. Estas acciones buscan\u2026","rel":"","context":"En \u00abCHASCOM\u00daS\u00bb","block_context":{"text":"CHASCOM\u00daS","link":"https:\/\/larevistadigital.com.ar\/blog\/category\/chascomus\/"},"img":{"alt_text":"","src":"https:\/\/i0.wp.com\/larevistadigital.com.ar\/blog\/wp-content\/uploads\/69c575e651577.png?fit=668%2C445&ssl=1&resize=350%2C200","width":350,"height":200,"srcset":"https:\/\/i0.wp.com\/larevistadigital.com.ar\/blog\/wp-content\/uploads\/69c575e651577.png?fit=668%2C445&ssl=1&resize=350%2C200 1x, https:\/\/i0.wp.com\/larevistadigital.com.ar\/blog\/wp-content\/uploads\/69c575e651577.png?fit=668%2C445&ssl=1&resize=525%2C300 1.5x"},"classes":[]},{"id":35815,"url":"https:\/\/larevistadigital.com.ar\/blog\/alerta-por-intensas-lluvias-y-fuertes-tormentas-para-los-proximos-dias\/","url_meta":{"origin":40150,"position":2},"title":"ALERTA POR INTENSAS LLUVIAS Y FUERTES TORMENTAS PARA LOS PR\u00d3XIMOS D\u00cdAS","author":"Alejandro Sosa Ruda","date":"12 abril, 2024","format":false,"excerpt":"Ante esta situaci\u00f3n, desde la Municipalidad de Chascom\u00fas solicitamos a vecinos y vecinas extremar los cuidados y precauciones. 12 de abril de 2024 CHASCOM\u00daS -\u00a0 El Servicio Meteorol\u00f3gico Nacional emiti\u00f3 una advertencia por fuertes tormentas originadas por un sistema de baja presi\u00f3n, denominado ciclog\u00e9nesis, que se formar\u00e1 en el centro\u2026","rel":"","context":"En \u00abDESTACADAS\u00bb","block_context":{"text":"DESTACADAS","link":"https:\/\/larevistadigital.com.ar\/blog\/category\/destacadas\/"},"img":{"alt_text":"","src":"https:\/\/i0.wp.com\/larevistadigital.com.ar\/blog\/wp-content\/uploads\/2024_04_13_01_32_42_8989745.jpg?fit=600%2C380&ssl=1&resize=350%2C200","width":350,"height":200,"srcset":"https:\/\/i0.wp.com\/larevistadigital.com.ar\/blog\/wp-content\/uploads\/2024_04_13_01_32_42_8989745.jpg?fit=600%2C380&ssl=1&resize=350%2C200 1x, https:\/\/i0.wp.com\/larevistadigital.com.ar\/blog\/wp-content\/uploads\/2024_04_13_01_32_42_8989745.jpg?fit=600%2C380&ssl=1&resize=525%2C300 1.5x"},"classes":[]},{"id":36059,"url":"https:\/\/larevistadigital.com.ar\/blog\/se-inicia-el-periodo-de-poda-del-arbolado-urbano-de-chascomus\/","url_meta":{"origin":40150,"position":3},"title":"SE INICIA EL PER\u00cdODO DE PODA DEL ARBOLADO URBANO DE CHASCOM\u00daS","author":"Alejandro Sosa Ruda","date":"17 mayo, 2024","format":false,"excerpt":"Esta medida busca preservar la salud y la integridad de los \u00e1rboles, as\u00ed como mantener la seguridad de los ciudadanos. 17 de Mayo de 2024 CHASCOM\u00daS -\u00a0 Desde el lunes 20 de mayo hasta el 15 de septiembre estar\u00e1 habilitado el per\u00edodo de poda del arbolado urbano en la ciudad.\u2026","rel":"","context":"En \u00abINTERES GENERAL\u00bb","block_context":{"text":"INTERES GENERAL","link":"https:\/\/larevistadigital.com.ar\/blog\/category\/interes-general\/"},"img":{"alt_text":"","src":"https:\/\/i0.wp.com\/larevistadigital.com.ar\/blog\/wp-content\/uploads\/2024_05_18_02_11_00_7783684.jpg?fit=600%2C401&ssl=1&resize=350%2C200","width":350,"height":200,"srcset":"https:\/\/i0.wp.com\/larevistadigital.com.ar\/blog\/wp-content\/uploads\/2024_05_18_02_11_00_7783684.jpg?fit=600%2C401&ssl=1&resize=350%2C200 1x, https:\/\/i0.wp.com\/larevistadigital.com.ar\/blog\/wp-content\/uploads\/2024_05_18_02_11_00_7783684.jpg?fit=600%2C401&ssl=1&resize=525%2C300 1.5x"},"classes":[]},{"id":43940,"url":"https:\/\/larevistadigital.com.ar\/blog\/chascomus-como-desechar-correctamente-las-ramas-y-producido-del-corte-de-pasto\/","url_meta":{"origin":40150,"position":4},"title":"Chascom\u00fas: C\u00f3mo desechar correctamente las ramas y producido del corte de pasto","author":"Alejandro Sosa Ruda","date":"11 febrero, 2026","format":false,"excerpt":"Si bien no es \u00e9poca de poda, es importante recordar la forma correcta de descartar los restos generados en las tareas de jardiner\u00eda. 10 de febrero de 2026 CHASCOM\u00daS -\u00a0 \u00a0 Muchas veces nos preocupamos por tener ordenado nuestro jard\u00edn y nos olvidamos de cuidar la vereda o \u201cla calle\u201d.\u2026","rel":"","context":"En \u00abCHASCOM\u00daS\u00bb","block_context":{"text":"CHASCOM\u00daS","link":"https:\/\/larevistadigital.com.ar\/blog\/category\/chascomus\/"},"img":{"alt_text":"","src":"https:\/\/i0.wp.com\/larevistadigital.com.ar\/blog\/wp-content\/uploads\/698cbd8b34be1.png?fit=668%2C445&ssl=1&resize=350%2C200","width":350,"height":200,"srcset":"https:\/\/i0.wp.com\/larevistadigital.com.ar\/blog\/wp-content\/uploads\/698cbd8b34be1.png?fit=668%2C445&ssl=1&resize=350%2C200 1x, https:\/\/i0.wp.com\/larevistadigital.com.ar\/blog\/wp-content\/uploads\/698cbd8b34be1.png?fit=668%2C445&ssl=1&resize=525%2C300 1.5x"},"classes":[]},{"id":44878,"url":"https:\/\/larevistadigital.com.ar\/blog\/chascomus-como-sera-la-recoleccion-de-residuos-durante-el-fin-de-semana-largo\/","url_meta":{"origin":40150,"position":5},"title":"Chascom\u00fas: C\u00f3mo ser\u00e1 la recolecci\u00f3n de residuos durante el fin de semana largo","author":"Alejandro Sosa Ruda","date":"1 abril, 2026","format":false,"excerpt":"Para garantizar la limpieza de la ciudad, el personal municipal trabajar\u00e1 durante los feriados. 01 de abril de 2026 CHASCOM\u00daS -\u00a0 La Municipalidad de Chascom\u00fas da a conocer los horarios del servicio de recolecci\u00f3n de residuos durante los pr\u00f3ximos d\u00edas. El jueves y el viernes, s\u00e1bado, se realizar\u00e1 de manera\u2026","rel":"","context":"En \u00abINTERES GENERAL\u00bb","block_context":{"text":"INTERES GENERAL","link":"https:\/\/larevistadigital.com.ar\/blog\/category\/interes-general\/"},"img":{"alt_text":"","src":"https:\/\/i0.wp.com\/larevistadigital.com.ar\/blog\/wp-content\/uploads\/69cd4c5500238.png?fit=668%2C445&ssl=1&resize=350%2C200","width":350,"height":200,"srcset":"https:\/\/i0.wp.com\/larevistadigital.com.ar\/blog\/wp-content\/uploads\/69cd4c5500238.png?fit=668%2C445&ssl=1&resize=350%2C200 1x, https:\/\/i0.wp.com\/larevistadigital.com.ar\/blog\/wp-content\/uploads\/69cd4c5500238.png?fit=668%2C445&ssl=1&resize=525%2C300 1.5x"},"classes":[]}],"_links":{"self":[{"href":"https:\/\/larevistadigital.com.ar\/blog\/wp-json\/wp\/v2\/posts\/40150","targetHints":{"allow":["GET"]}}],"collection":[{"href":"https:\/\/larevistadigital.com.ar\/blog\/wp-json\/wp\/v2\/posts"}],"about":[{"href":"https:\/\/larevistadigital.com.ar\/blog\/wp-json\/wp\/v2\/types\/post"}],"author":[{"embeddable":true,"href":"https:\/\/larevistadigital.com.ar\/blog\/wp-json\/wp\/v2\/users\/3"}],"replies":[{"embeddable":true,"href":"https:\/\/larevistadigital.com.ar\/blog\/wp-json\/wp\/v2\/comments?post=40150"}],"version-history":[{"count":1,"href":"https:\/\/larevistadigital.com.ar\/blog\/wp-json\/wp\/v2\/posts\/40150\/revisions"}],"predecessor-version":[{"id":40152,"href":"https:\/\/larevistadigital.com.ar\/blog\/wp-json\/wp\/v2\/posts\/40150\/revisions\/40152"}],"wp:featuredmedia":[{"embeddable":true,"href":"https:\/\/larevistadigital.com.ar\/blog\/wp-json\/wp\/v2\/media\/40151"}],"wp:attachment":[{"href":"https:\/\/larevistadigital.com.ar\/blog\/wp-json\/wp\/v2\/media?parent=40150"}],"wp:term":[{"taxonomy":"category","embeddable":true,"href":"https:\/\/larevistadigital.com.ar\/blog\/wp-json\/wp\/v2\/categories?post=40150"},{"taxonomy":"post_tag","embeddable":true,"href":"https:\/\/larevistadigital.com.ar\/blog\/wp-json\/wp\/v2\/tags?post=40150"}],"curies":[{"name":"wp","href":"https:\/\/api.w.org\/{rel}","templated":true}]}}