{"id":40301,"date":"2025-07-04T15:58:14","date_gmt":"2025-07-04T18:58:14","guid":{"rendered":"https:\/\/larevistadigital.com.ar\/blog\/?p=40301"},"modified":"2025-07-04T15:58:14","modified_gmt":"2025-07-04T18:58:14","slug":"chascomus-mantenimiento-y-limpieza-de-contenedores-para-cuidar-la-higiene-urbana","status":"publish","type":"post","link":"https:\/\/larevistadigital.com.ar\/blog\/chascomus-mantenimiento-y-limpieza-de-contenedores-para-cuidar-la-higiene-urbana\/","title":{"rendered":"Chascom\u00fas: Mantenimiento y limpieza de contenedores para cuidar la higiene urbana"},"content":{"rendered":"<h3 class=\"excerpt\">La Municipalidad de Chascom\u00fas realiza tareas peri\u00f3dicas de lavado y reparaci\u00f3n para asegurar el correcto funcionamiento del sistema de contenerizaci\u00f3n y prevenir focos de contaminaci\u00f3n.<\/h3>\n<p>04 de Julio de 2025<\/p>\n<div id=\"miDiv1\" class=\"text\">\n<p><strong>CHASCOM\u00daS &#8211;<\/strong>\u00a0 Con el objetivo de preservar los beneficios del sistema de recolecci\u00f3n de residuos, desde la Secretar\u00eda de Obras P\u00fablicas, Servicios y Ambiente se llevan a cabo tareas peri\u00f3dicas de limpieza, desinfecci\u00f3n y mantenimiento de los contenedores.<\/p>\n<blockquote>\n<h3>Estas labores buscan garantizar condiciones sanitarias adecuadas y evitar posibles focos de contaminaci\u00f3n.<\/h3>\n<\/blockquote>\n<p>Los trabajos incluyen el lavado peri\u00f3dico de las unidades, tanto en su interior como en el exterior, con productos que aseguran su desinfecci\u00f3n. Adem\u00e1s, se realiza la reparaci\u00f3n de tapas, el recambio de ruedas da\u00f1adas y la reposici\u00f3n de vinilos que recubren los equipos.<\/p>\n<blockquote>\n<h3>Estas acciones tambi\u00e9n tienen como finalidad asegurar el correcto funcionamiento del mecanismo de vaciado que emplean los camiones recolectores.<\/h3>\n<\/blockquote>\n<p>La contenerizaci\u00f3n del sistema de recolecci\u00f3n de residuos implementada por el gobierno municipal reemplaz\u00f3 a la recolecci\u00f3n puerta a puerta y cambi\u00f3 de manera positiva el ambiente y el espacio p\u00fablico de la ciudad.<\/p>\n<blockquote>\n<h3>La limpieza de estos equipos y el mantenimiento es una tarea que debe realizarse entre todos.<\/h3>\n<\/blockquote>\n<p>En ese sentido, se solicita que los residuos domiciliarios sean depositados en los contenedores entre las 18 y las 20 horas, de lunes a s\u00e1bado. Este horario permite programar la limpieza de los recipientes luego del retiro de los residuos, evitando complicaciones durante las tareas de saneamiento.<\/p>\n<p>En cuanto al uso de los contenedores, los equipos de color verde oscuro est\u00e1n destinados \u00fanicamente al dep\u00f3sito de bolsas con residuos domiciliarios. All\u00ed se deben descartar materiales como servilletas, envases, colillas de cigarrillo, comida condimentada, huesos, l\u00e1cteos, pa\u00f1ales y toallitas higi\u00e9nicas. Se debe respetar su capacidad (si est\u00e1 lleno, buscar otro cercano), mantener la tapa cerrada y nunca dejar las bolsas afuera.<\/p>\n<p>En los equipos de color verde claro se deben depositar papeles, cartones, pl\u00e1sticos, vidrios, latas limpias y secas. Es imprescindible cerrar la tapa para que los papeles y los cartones no se mojen ya que pierden valor y utilidad.<\/p>\n<\/div>\n","protected":false},"excerpt":{"rendered":"<div class=\"mh-excerpt\"><p>La Municipalidad de Chascom\u00fas realiza tareas peri\u00f3dicas de lavado y reparaci\u00f3n para asegurar el correcto funcionamiento del sistema de contenerizaci\u00f3n y prevenir focos de contaminaci\u00f3n. 04 de Julio de 2025 CHASCOM\u00daS &#8211;\u00a0 Con el objetivo <a class=\"mh-excerpt-more\" href=\"https:\/\/larevistadigital.com.ar\/blog\/chascomus-mantenimiento-y-limpieza-de-contenedores-para-cuidar-la-higiene-urbana\/\" title=\"Chascom\u00fas: Mantenimiento y limpieza de contenedores para cuidar la higiene urbana\">[Leer M\u00e1s]<\/a><\/p>\n<\/div>","protected":false},"author":3,"featured_media":40302,"comment_status":"open","ping_status":"open","sticky":false,"template":"","format":"standard","meta":{"_jetpack_memberships_contains_paid_content":false,"footnotes":"","jetpack_publicize_message":"","jetpack_publicize_feature_enabled":true,"jetpack_social_post_already_shared":true,"jetpack_social_options":{"image_generator_settings":{"template":"highway","default_image_id":0,"font":"","enabled":false},"version":2}},"categories":[6],"tags":[],"class_list":{"0":"post-40301","1":"post","2":"type-post","3":"status-publish","4":"format-standard","5":"has-post-thumbnail","7":"category-chascomus"},"jetpack_publicize_connections":[],"jetpack_featured_media_url":"https:\/\/i0.wp.com\/larevistadigital.com.ar\/blog\/wp-content\/uploads\/686816c81af59.png?fit=668%2C445&ssl=1","jetpack_sharing_enabled":true,"jetpack_shortlink":"https:\/\/wp.me\/p8qtrQ-au1","jetpack-related-posts":[{"id":42649,"url":"https:\/\/larevistadigital.com.ar\/blog\/chascomus-limpieza-en-el-barrio-30-de-mayo-tras-detectarse-depositos-de-basura-en-bulevares-y-esquinas\/","url_meta":{"origin":40301,"position":0},"title":"Chascom\u00fas: Limpieza en el barrio 30 de Mayo tras detectarse dep\u00f3sitos de basura en bulevares y esquinas","author":"Alejandro Sosa Ruda","date":"29 noviembre, 2025","format":false,"excerpt":"Reclamos vecinales motivaron un operativo municipal para recuperar espacios afectados por residuos arrojados de manera indebida. 29 de Noviembre de 2025 CHASCOM\u00daS -\u00a0 \u00a0La Municipalidad de Chascom\u00fas llev\u00f3 adelante tareas de limpieza y recuperaci\u00f3n del espacio p\u00fablico en el barrio 30 de Mayo, luego de que residentes de la zona\u2026","rel":"","context":"En \u00abCHASCOM\u00daS\u00bb","block_context":{"text":"CHASCOM\u00daS","link":"https:\/\/larevistadigital.com.ar\/blog\/category\/chascomus\/"},"img":{"alt_text":"","src":"https:\/\/i0.wp.com\/larevistadigital.com.ar\/blog\/wp-content\/uploads\/6929da405dbb7.png?fit=668%2C445&ssl=1&resize=350%2C200","width":350,"height":200,"srcset":"https:\/\/i0.wp.com\/larevistadigital.com.ar\/blog\/wp-content\/uploads\/6929da405dbb7.png?fit=668%2C445&ssl=1&resize=350%2C200 1x, https:\/\/i0.wp.com\/larevistadigital.com.ar\/blog\/wp-content\/uploads\/6929da405dbb7.png?fit=668%2C445&ssl=1&resize=525%2C300 1.5x"},"classes":[]},{"id":37231,"url":"https:\/\/larevistadigital.com.ar\/blog\/chascomus-mantenimiento-constante-de-las-camaras-de-seguridad\/","url_meta":{"origin":40301,"position":1},"title":"Chascom\u00fas: Mantenimiento constante de las c\u00e1maras de seguridad","author":"Alejandro Sosa Ruda","date":"13 septiembre, 2024","format":false,"excerpt":"Personal municipal lleva adelante tareas de mantenimiento para asegurar el correcto funcionamiento de las c\u00e1maras que cubren tanto el \u00e1rea urbana como la rural. 13 de Septiembre de 2024 CHASCOM\u00daS -\u00a0 La Municipalidad de Chascom\u00fas realiza un trabajo diario de mantenimiento en las c\u00e1maras de seguridad instaladas en distintos puntos\u2026","rel":"","context":"En \u00abCHASCOM\u00daS\u00bb","block_context":{"text":"CHASCOM\u00daS","link":"https:\/\/larevistadigital.com.ar\/blog\/category\/chascomus\/"},"img":{"alt_text":"","src":"https:\/\/i0.wp.com\/larevistadigital.com.ar\/blog\/wp-content\/uploads\/66e47c74e1850.png?fit=668%2C445&ssl=1&resize=350%2C200","width":350,"height":200,"srcset":"https:\/\/i0.wp.com\/larevistadigital.com.ar\/blog\/wp-content\/uploads\/66e47c74e1850.png?fit=668%2C445&ssl=1&resize=350%2C200 1x, https:\/\/i0.wp.com\/larevistadigital.com.ar\/blog\/wp-content\/uploads\/66e47c74e1850.png?fit=668%2C445&ssl=1&resize=525%2C300 1.5x"},"classes":[]},{"id":38823,"url":"https:\/\/larevistadigital.com.ar\/blog\/continuan-las-tareas-de-limpieza-y-mantenimiento-en-distintos-barrios-de-la-ciudad\/","url_meta":{"origin":40301,"position":2},"title":"Contin\u00faan las tareas de limpieza y mantenimiento en distintos barrios de la ciudad","author":"Alejandro Sosa Ruda","date":"24 febrero, 2025","format":false,"excerpt":"Personal municipal realiza de manera continua tareas de desmalezamiento y saneamiento en espacios p\u00fablicos. 24 de Febrero de 2025 CHASCOM\u00daS -\u00a0 Como es habitual, la Municipalidad de Chascom\u00fas realiza trabajos de corte de pasto y limpieza en distintos barrios de la ciudad, con el objetivo de mejorar el mantenimiento de\u2026","rel":"","context":"En \u00abCHASCOM\u00daS\u00bb","block_context":{"text":"CHASCOM\u00daS","link":"https:\/\/larevistadigital.com.ar\/blog\/category\/chascomus\/"},"img":{"alt_text":"","src":"https:\/\/i0.wp.com\/larevistadigital.com.ar\/blog\/wp-content\/uploads\/67bca483c59f4.png?fit=668%2C445&ssl=1&resize=350%2C200","width":350,"height":200,"srcset":"https:\/\/i0.wp.com\/larevistadigital.com.ar\/blog\/wp-content\/uploads\/67bca483c59f4.png?fit=668%2C445&ssl=1&resize=350%2C200 1x, https:\/\/i0.wp.com\/larevistadigital.com.ar\/blog\/wp-content\/uploads\/67bca483c59f4.png?fit=668%2C445&ssl=1&resize=525%2C300 1.5x"},"classes":[]},{"id":43525,"url":"https:\/\/larevistadigital.com.ar\/blog\/chascomus-trabajos-en-el-edificio-del-jardin-maternal-y-de-infantes-clarisa-amezaga\/","url_meta":{"origin":40301,"position":3},"title":"Chascom\u00fas: Trabajos en el edificio del Jard\u00edn Maternal y de Infantes \u201cClarisa Am\u00e9zaga\u201d","author":"Alejandro Sosa Ruda","date":"21 enero, 2026","format":false,"excerpt":"Durante el receso escolar, la Municipalidad de Chascom\u00fas realiza las tareas de mantenimiento edilicio y puesta en valor de los establecimientos educativos municipales. 21 de enero de 2026 CHASCOM\u00daS -\u00a0 \u00a0Con el objetivo de garantizar que las instalaciones est\u00e9n en condiciones antes del inicio del ciclo lectivo, personal de la\u2026","rel":"","context":"En \u00abCHASCOM\u00daS\u00bb","block_context":{"text":"CHASCOM\u00daS","link":"https:\/\/larevistadigital.com.ar\/blog\/category\/chascomus\/"},"img":{"alt_text":"","src":"https:\/\/i0.wp.com\/larevistadigital.com.ar\/blog\/wp-content\/uploads\/6971087f24c55.png?fit=668%2C445&ssl=1&resize=350%2C200","width":350,"height":200,"srcset":"https:\/\/i0.wp.com\/larevistadigital.com.ar\/blog\/wp-content\/uploads\/6971087f24c55.png?fit=668%2C445&ssl=1&resize=350%2C200 1x, https:\/\/i0.wp.com\/larevistadigital.com.ar\/blog\/wp-content\/uploads\/6971087f24c55.png?fit=668%2C445&ssl=1&resize=525%2C300 1.5x"},"classes":[]},{"id":42396,"url":"https:\/\/larevistadigital.com.ar\/blog\/chascomus-las-cajas-municipales-permaneceran-cerradas-este-viernes-por-tareas-de-mantenimiento\/","url_meta":{"origin":40301,"position":4},"title":"Chascom\u00fas: Las cajas municipales permanecer\u00e1n cerradas este viernes por tareas de mantenimiento","author":"Alejandro Sosa Ruda","date":"5 noviembre, 2025","format":false,"excerpt":"Se realizar\u00e1n trabajos de reparaci\u00f3n y mejoras en la instalaci\u00f3n el\u00e9ctrica del Palacio Municipal. La atenci\u00f3n volver\u00e1 a la normalidad el lunes 10 en el horario habitual. Este viernes las cajas del Palacio Municipal permanecer\u00e1n cerradas al p\u00fablico debido a trabajos de reparaci\u00f3n y mantenimiento en la instalaci\u00f3n el\u00e9ctrica del\u2026","rel":"","context":"En \u00abCHASCOM\u00daS\u00bb","block_context":{"text":"CHASCOM\u00daS","link":"https:\/\/larevistadigital.com.ar\/blog\/category\/chascomus\/"},"img":{"alt_text":"","src":"https:\/\/i0.wp.com\/larevistadigital.com.ar\/blog\/wp-content\/uploads\/690b82ac9582a.png?fit=668%2C445&ssl=1&resize=350%2C200","width":350,"height":200,"srcset":"https:\/\/i0.wp.com\/larevistadigital.com.ar\/blog\/wp-content\/uploads\/690b82ac9582a.png?fit=668%2C445&ssl=1&resize=350%2C200 1x, https:\/\/i0.wp.com\/larevistadigital.com.ar\/blog\/wp-content\/uploads\/690b82ac9582a.png?fit=668%2C445&ssl=1&resize=525%2C300 1.5x"},"classes":[]},{"id":38408,"url":"https:\/\/larevistadigital.com.ar\/blog\/el-uso-correcto-de-los-contenedores-contribuye-a-un-espacio-publico-mas-limpio\/","url_meta":{"origin":40301,"position":5},"title":"El uso correcto de los contenedores contribuye a un espacio p\u00fablico m\u00e1s limpio","author":"Alejandro Sosa Ruda","date":"8 enero, 2025","format":false,"excerpt":"La colaboraci\u00f3n de toda la comunidad es fundamental para mantener limpias las calles de Chascom\u00fas y contribuir a un ambiente saludable para todos. 08 de Enero de 2025 CHASCOM\u00daS -\u00a0 Chascom\u00fas cuenta con un sistema de contenerizaci\u00f3n destinado a mantener la ciudad limpia y promover el reciclaje. En cada esquina,\u2026","rel":"","context":"En \u00abCHASCOM\u00daS\u00bb","block_context":{"text":"CHASCOM\u00daS","link":"https:\/\/larevistadigital.com.ar\/blog\/category\/chascomus\/"},"img":{"alt_text":"","src":"https:\/\/i0.wp.com\/larevistadigital.com.ar\/blog\/wp-content\/uploads\/677d5f0896782.png?fit=668%2C445&ssl=1&resize=350%2C200","width":350,"height":200,"srcset":"https:\/\/i0.wp.com\/larevistadigital.com.ar\/blog\/wp-content\/uploads\/677d5f0896782.png?fit=668%2C445&ssl=1&resize=350%2C200 1x, https:\/\/i0.wp.com\/larevistadigital.com.ar\/blog\/wp-content\/uploads\/677d5f0896782.png?fit=668%2C445&ssl=1&resize=525%2C300 1.5x"},"classes":[]}],"_links":{"self":[{"href":"https:\/\/larevistadigital.com.ar\/blog\/wp-json\/wp\/v2\/posts\/40301","targetHints":{"allow":["GET"]}}],"collection":[{"href":"https:\/\/larevistadigital.com.ar\/blog\/wp-json\/wp\/v2\/posts"}],"about":[{"href":"https:\/\/larevistadigital.com.ar\/blog\/wp-json\/wp\/v2\/types\/post"}],"author":[{"embeddable":true,"href":"https:\/\/larevistadigital.com.ar\/blog\/wp-json\/wp\/v2\/users\/3"}],"replies":[{"embeddable":true,"href":"https:\/\/larevistadigital.com.ar\/blog\/wp-json\/wp\/v2\/comments?post=40301"}],"version-history":[{"count":1,"href":"https:\/\/larevistadigital.com.ar\/blog\/wp-json\/wp\/v2\/posts\/40301\/revisions"}],"predecessor-version":[{"id":40303,"href":"https:\/\/larevistadigital.com.ar\/blog\/wp-json\/wp\/v2\/posts\/40301\/revisions\/40303"}],"wp:featuredmedia":[{"embeddable":true,"href":"https:\/\/larevistadigital.com.ar\/blog\/wp-json\/wp\/v2\/media\/40302"}],"wp:attachment":[{"href":"https:\/\/larevistadigital.com.ar\/blog\/wp-json\/wp\/v2\/media?parent=40301"}],"wp:term":[{"taxonomy":"category","embeddable":true,"href":"https:\/\/larevistadigital.com.ar\/blog\/wp-json\/wp\/v2\/categories?post=40301"},{"taxonomy":"post_tag","embeddable":true,"href":"https:\/\/larevistadigital.com.ar\/blog\/wp-json\/wp\/v2\/tags?post=40301"}],"curies":[{"name":"wp","href":"https:\/\/api.w.org\/{rel}","templated":true}]}}