{"id":40304,"date":"2025-07-04T16:07:58","date_gmt":"2025-07-04T19:07:58","guid":{"rendered":"https:\/\/larevistadigital.com.ar\/blog\/?p=40304"},"modified":"2025-07-04T16:07:58","modified_gmt":"2025-07-04T19:07:58","slug":"chascomus-de-vacaciones-de-invierno-con-una-agenda-extraordinaria","status":"publish","type":"post","link":"https:\/\/larevistadigital.com.ar\/blog\/chascomus-de-vacaciones-de-invierno-con-una-agenda-extraordinaria\/","title":{"rendered":"\u201cChascom\u00fas de vacaciones de invierno\u201d con una agenda extraordinaria"},"content":{"rendered":"<h3 class=\"excerpt\">La programaci\u00f3n incluye visitas guiadas, exposiciones, teatro, juegos, espect\u00e1culos, danzas, literatura, entre otras actividades, para todas las edades y disfrutar en familia.<\/h3>\n<p>04 De Julio de 2025<\/p>\n<div id=\"miDiv1\" class=\"text\">\n<p><strong>CHASCOM\u00daS-\u00a0<\/strong> \u00a0\u00a1Con gran expectativa Chascom\u00fas se prepara para el inicio de las vacaciones de invierno con muchas actividades recreativas y propuestas para todas las edades, incluso para disfrutar en familia!<\/p>\n<p>Nuestra ciudad ofrece, adem\u00e1s del entorno natural \u00fanico que lo caracteriza, la Feria de Artesanos y Emprendedores, propuestas culturales y gastron\u00f3micas, visitas guiadas dramatizadas, shows, musicales, teatro, magos, juegos, encuentros,<\/p>\n<p>En esta nota te anticipamos, los atractivos para que vayas agendando y no te pierdas nada:<\/p>\n<p><strong>VAMOS AL TEATRO<\/strong><\/p>\n<p>Una amplia cartelera para disfrutar en el Teatro Municipal Brazzola, incluso con tardes de cine.<\/p>\n<p>-Lunes 21: LOS ABUELOS NO MIENTEN. A las 15:00 hs. Valor: $ 12.000.<\/p>\n<p>-Mi\u00e9rcoles 23 &#8211; ELIO (Cine de Disney). A las 15 hs. Platea $ 5.000. Teatro Municipal Brazzola<\/p>\n<p>-Mi\u00e9rcoles 23 &#8211; CINE &#8211; \u00abJurassic World: Rebirth\u00bb. A las 17:30 hs. Platea $ 5.000.<\/p>\n<p>-Viernes 25 &#8211; CINE &#8211; LILO &amp; STITCH (DISNEY). A las 17:30 hs. Platea $ 5.000.<\/p>\n<p>-Viernes 25 &#8211; EL DOCUMENTAL DEL 10. A las 17:30 hs. La entrada: un alimento no perecedero<\/p>\n<p>-S\u00e1bado 26 &#8211; 36\u00b0 FIESTA DE PAYADOR. A las 19 hs.. Valor de la entrada: $6000. Adem\u00e1s, con la entrada se podr\u00e1 participar de importantes sorteos.<\/p>\n<p>-Lunes 28 &#8211; GINGOS POR EL PLANETA TIERRA. A las 15 hs. Valor: $ 12.000<\/p>\n<p>-Mi\u00e9rcoles 30 &#8211; \u00abPETER PAN: A VOLAR CON LA IMAGINACI\u00d3N\u00bb. A las 15 hs. Valor: $ 12.000<\/p>\n<p>-Viernes 1 agosto &#8211; EL SHOW DEL MAGO GUILLERMO. A las 15 hs. Valor: $ 10.000<\/p>\n<p><strong>JUGAMOS EN LA PLAZA<\/strong><\/p>\n<p>Los martes y jueves habr\u00e1 juegos, m\u00fasica y talleres en las plazas. Actividades gratuitas.<\/p>\n<p>-Martes 22 de julio &#8211; PLAZA SAN CAYETANO \u2013 De 14 a 17 hs.<\/p>\n<p>-Jueves 24 de julio &#8211; PLAZA IPORA &#8211; De 14 a 17 hs.<\/p>\n<p>-Martes 29 de julio &#8211; PLAZA GALLO BLANCO \u2013 De 14 a 17 hs.<\/p>\n<p>-Jueves 31 de julio &#8211; PLAZA LA NORIA &#8211; De 14 a 17 hs.<\/p>\n<p><strong>OTRAS ACTIVIDADES: FESTEJOS Y FESTIVIDADES<\/strong><\/p>\n<p>-S\u00e1bado 19 de julio- TALLER DE PRODUCCI\u00d3N DE MASCARAS Y CINE. De 14 a 17 hs. &#8211; SUM Ipor\u00e1.<\/p>\n<p>-Domingo 20 de julio &#8211; FES ROCK \u2013 BANDAS. De 12 a 19 hs. &#8211; CCM Vieja Estaci\u00f3n<\/p>\n<p>-S\u00e1bado 26 de julio &#8211; FUERTE DIVERSI\u00d3N \u2013 De 14 a 17 hs. &#8211; Fuerte San Juan Bautista<\/p>\n<p>-S\u00e1bado 2 de agosto &#8211; 2\u00b0 ENCUENTRO DE CARNAVAL TODO EL A\u00d1O \u2013 A las 12 hs. Plaza Sarmiento.<\/p>\n<p><strong>ESPACIOS PATRIMONIALES Y VISITAS DRAMATIZADAS<\/strong><\/p>\n<p>Pod\u00e9s visitarlos todos los d\u00edas de 10 a 17 horas.<\/p>\n<p>-S\u00e1bado 19 de julio &#8211; Visitas Dramatizadas \u2013 A las 17,30 hs \u2013 CCM Vieja Estaci\u00f3n<\/p>\n<p>-Domingo 20 de julio &#8211; Visitas Dramatizadas \u2013 A las 17,30 hs &#8211; CCM Vieja Estaci\u00f3n<\/p>\n<p><strong>VISITAS GUIADAS<\/strong><\/p>\n<p>-S\u00e1bado 19 de julio \u2013 11 hs &#8211; CASA DE CASCO<\/p>\n<p>-Domingo 20 de julio \u2013 11 hs &#8211; CASA DE CASCO<\/p>\n<p>-Lunes 21 de julio &#8211; 11 hs &#8211; Casa de Casco<\/p>\n<p>14 hs &#8211; Museo Ferroviario<\/p>\n<p>-Martes 22 de julio &#8211; 11 hs &#8211; Museo Pampeano<\/p>\n<p>14 hs &#8211; Ra\u00fal de Chascom\u00fas<\/p>\n<p>-Mi\u00e9rcoles 23 de julio &#8211; 11 hs &#8211; Casco Hist\u00f3rico<\/p>\n<p>14 hs &#8211; Camino de Santiago<\/p>\n<p>-Jueves 24 de julio &#8211; 11 hs &#8211; Museo Pampeano<\/p>\n<p>14 hs &#8211; Ra\u00fal de Chascom\u00fas<\/p>\n<p>-Viernes 25 de julio &#8211; 11 hs &#8211; Casa de Casco<\/p>\n<p>14 hs &#8211; Museo Ferroviario<\/p>\n<p>-S\u00e1bado 26 de julio &#8211; 11 hs &#8211; Camino de Santiago<\/p>\n<p>14 hs &#8211; Casco Hist\u00f3rico<\/p>\n<p>-Domingo 27 de julio &#8211; 11 hs &#8211; Museo Pampeano<\/p>\n<p>16:30 hs &#8211; Tour en la Laguna<\/p>\n<p>-Lunes 28 de julio &#8211; 11 hs Casa de Casco<\/p>\n<p>14 hs Museo Ferroviario<\/p>\n<p>-Martes 29 de julio &#8211; 11 hs &#8211; Museo Pampeano<\/p>\n<p>14 hs &#8211; Ra\u00fal de Chascom\u00fas<\/p>\n<p>-Mi\u00e9rcoles 30 de julio &#8211; 11 hs Casco Hist\u00f3rico<\/p>\n<p>14 hs &#8211; Camino de Santiago<\/p>\n<p>-Jueves 31 de julio &#8211; 11 hs Museo Pampeano<\/p>\n<p>14 hs &#8211; Ra\u00fal de Chascom\u00fas<\/p>\n<p>-Viernes 1 de agosto &#8211; 10:30 hs &#8211; Tour Cementerio San Andr\u00e9s<\/p>\n<p>14 hs &#8211; Museo Ferroviario<\/p>\n<p>-S\u00e1bado 2 de agosto &#8211; 11 hs &#8211; Casco Hist\u00f3rico<\/p>\n<p>-Domingo 3 de agosto &#8211; 11 hs &#8211; Museo Pampeano<\/p>\n<p>14 hs &#8211; Eco Gu\u00eda<\/p>\n<\/div>\n","protected":false},"excerpt":{"rendered":"<div class=\"mh-excerpt\"><p>La programaci\u00f3n incluye visitas guiadas, exposiciones, teatro, juegos, espect\u00e1culos, danzas, literatura, entre otras actividades, para todas las edades y disfrutar en familia. 04 De Julio de 2025 CHASCOM\u00daS-\u00a0 \u00a0\u00a1Con gran expectativa Chascom\u00fas se prepara para <a class=\"mh-excerpt-more\" href=\"https:\/\/larevistadigital.com.ar\/blog\/chascomus-de-vacaciones-de-invierno-con-una-agenda-extraordinaria\/\" title=\"\u201cChascom\u00fas de vacaciones de invierno\u201d con una agenda extraordinaria\">[Leer M\u00e1s]<\/a><\/p>\n<\/div>","protected":false},"author":3,"featured_media":40305,"comment_status":"open","ping_status":"open","sticky":false,"template":"","format":"standard","meta":{"_jetpack_memberships_contains_paid_content":false,"footnotes":"","jetpack_publicize_message":"","jetpack_publicize_feature_enabled":true,"jetpack_social_post_already_shared":true,"jetpack_social_options":{"image_generator_settings":{"template":"highway","default_image_id":0,"font":"","enabled":false},"version":2}},"categories":[6],"tags":[],"class_list":{"0":"post-40304","1":"post","2":"type-post","3":"status-publish","4":"format-standard","5":"has-post-thumbnail","7":"category-chascomus"},"jetpack_publicize_connections":[],"jetpack_featured_media_url":"https:\/\/i0.wp.com\/larevistadigital.com.ar\/blog\/wp-content\/uploads\/686817651f31f.png?fit=668%2C445&ssl=1","jetpack_sharing_enabled":true,"jetpack_shortlink":"https:\/\/wp.me\/p8qtrQ-au4","jetpack-related-posts":[{"id":40432,"url":"https:\/\/larevistadigital.com.ar\/blog\/la-agenda-de-las-vacaciones-de-invierno-esta-a-un-click\/","url_meta":{"origin":40304,"position":0},"title":"La agenda de las vacaciones de invierno est\u00e1 a un click","author":"Alejandro Sosa Ruda","date":"11 julio, 2025","format":false,"excerpt":"Chascom\u00fas se prepara para disfrutar de dos semanas con gran variedad de actividades para disfrutar en familia. 11 de Julio de 2025 CHASCOM\u00daS -\u00a0 \u00a0Las vacaciones de invierno ya se encuentran muy cerca y nuestra ciudad, adem\u00e1s del entorno natural \u00fanico que la caracteriza, tendr\u00e1 una gran cantidad de actividades\u2026","rel":"","context":"En \u00abCHASCOM\u00daS\u00bb","block_context":{"text":"CHASCOM\u00daS","link":"https:\/\/larevistadigital.com.ar\/blog\/category\/chascomus\/"},"img":{"alt_text":"","src":"https:\/\/i0.wp.com\/larevistadigital.com.ar\/blog\/wp-content\/uploads\/68714736ab180.png?fit=668%2C445&ssl=1&resize=350%2C200","width":350,"height":200,"srcset":"https:\/\/i0.wp.com\/larevistadigital.com.ar\/blog\/wp-content\/uploads\/68714736ab180.png?fit=668%2C445&ssl=1&resize=350%2C200 1x, https:\/\/i0.wp.com\/larevistadigital.com.ar\/blog\/wp-content\/uploads\/68714736ab180.png?fit=668%2C445&ssl=1&resize=525%2C300 1.5x"},"classes":[]},{"id":41128,"url":"https:\/\/larevistadigital.com.ar\/blog\/chascomus-propuestas-para-disfrutar-el-finde-semana\/","url_meta":{"origin":40304,"position":1},"title":"Chascom\u00fas: Propuestas para disfrutar el finde semana","author":"Alejandro Sosa Ruda","date":"29 agosto, 2025","format":false,"excerpt":"Visitas guiadas, exposiciones, teatro, freestyle, juegos, cine, espect\u00e1culos, paseos y feria, entre otras actividades. 29 de agosto de 2025 CHASCOM\u00daS -\u00a0 \u00a0Adem\u00e1s de disfrutar de sus hermosos espacios verdes y de la naturaleza tom\u00e1ndose unos mates a orillas de la laguna, Chascom\u00fas tambi\u00e9n te espera con una amplia y variada\u2026","rel":"","context":"En \u00abCHASCOM\u00daS\u00bb","block_context":{"text":"CHASCOM\u00daS","link":"https:\/\/larevistadigital.com.ar\/blog\/category\/chascomus\/"},"img":{"alt_text":"","src":"https:\/\/i0.wp.com\/larevistadigital.com.ar\/blog\/wp-content\/uploads\/68b07fc71fe1b.png?fit=668%2C445&ssl=1&resize=350%2C200","width":350,"height":200,"srcset":"https:\/\/i0.wp.com\/larevistadigital.com.ar\/blog\/wp-content\/uploads\/68b07fc71fe1b.png?fit=668%2C445&ssl=1&resize=350%2C200 1x, https:\/\/i0.wp.com\/larevistadigital.com.ar\/blog\/wp-content\/uploads\/68b07fc71fe1b.png?fit=668%2C445&ssl=1&resize=525%2C300 1.5x"},"classes":[]},{"id":9765,"url":"https:\/\/larevistadigital.com.ar\/blog\/chascomus-variadas-e-interesantes-propuestas-para-semana-santa\/","url_meta":{"origin":40304,"position":2},"title":"CHASCOM\u00daS: VARIADAS E INTERESANTES PROPUESTAS PARA SEMANA SANTA","author":"Alejandro Sosa Ruda","date":"18 abril, 2019","format":false,"excerpt":"En el marco de lo que ser\u00e1 el fin de semana largo de Semana Santa, desde la Secretar\u00eda de Planificaci\u00f3n y Turismo en conjunto con todas las dependencias municipales se organizaron diferentes alternativas para ofrecer a vecinos, turistas y visitantes gran cantidad de propuestas. Visitas guiadas dramatizadas en Casa de\u2026","rel":"","context":"En \u00abCHASCOM\u00daS\u00bb","block_context":{"text":"CHASCOM\u00daS","link":"https:\/\/larevistadigital.com.ar\/blog\/category\/chascomus\/"},"img":{"alt_text":"","src":"https:\/\/i0.wp.com\/larevistadigital.com.ar\/blog\/wp-content\/uploads\/2019\/04\/57503733_2387622537925284_6439676554040573952_n.jpg?fit=600%2C400&ssl=1&resize=350%2C200","width":350,"height":200,"srcset":"https:\/\/i0.wp.com\/larevistadigital.com.ar\/blog\/wp-content\/uploads\/2019\/04\/57503733_2387622537925284_6439676554040573952_n.jpg?fit=600%2C400&ssl=1&resize=350%2C200 1x, https:\/\/i0.wp.com\/larevistadigital.com.ar\/blog\/wp-content\/uploads\/2019\/04\/57503733_2387622537925284_6439676554040573952_n.jpg?fit=600%2C400&ssl=1&resize=525%2C300 1.5x"},"classes":[]},{"id":36132,"url":"https:\/\/larevistadigital.com.ar\/blog\/para-disfrutar-chascomus-todo-el-ano-se-viene-otro-finde-con-muchas-propuestas\/","url_meta":{"origin":40304,"position":3},"title":"PARA DISFRUTAR CHASCOM\u00daS TODO EL A\u00d1O, SE VIENE OTRO FINDE CON MUCHAS PROPUESTAS","author":"Alejandro Sosa Ruda","date":"24 mayo, 2024","format":false,"excerpt":"Los chascomunenses y quienes visiten la ciudad, tendr\u00e1n oportunidad de vivir un fin de semana matizado por los colores patrios, con variadas propuestas para entretenerse a lo grande. 24 de Mayo de 2024 CHASCOM\u00daS -\u00a0 Los que gustan del arte pict\u00f3rico, podr\u00e1n recorrer muestras en distintos espacios patrimoniales como la\u2026","rel":"","context":"En \u00abCHASCOM\u00daS\u00bb","block_context":{"text":"CHASCOM\u00daS","link":"https:\/\/larevistadigital.com.ar\/blog\/category\/chascomus\/"},"img":{"alt_text":"","src":"https:\/\/i0.wp.com\/larevistadigital.com.ar\/blog\/wp-content\/uploads\/2024_05_24_01_33_55_6258994.jpg?fit=600%2C400&ssl=1&resize=350%2C200","width":350,"height":200,"srcset":"https:\/\/i0.wp.com\/larevistadigital.com.ar\/blog\/wp-content\/uploads\/2024_05_24_01_33_55_6258994.jpg?fit=600%2C400&ssl=1&resize=350%2C200 1x, https:\/\/i0.wp.com\/larevistadigital.com.ar\/blog\/wp-content\/uploads\/2024_05_24_01_33_55_6258994.jpg?fit=600%2C400&ssl=1&resize=525%2C300 1.5x"},"classes":[]},{"id":45273,"url":"https:\/\/larevistadigital.com.ar\/blog\/chascomus-nutrida-agenda-recreativa-para-disfrutar-el-fin-de-semana\/","url_meta":{"origin":40304,"position":4},"title":"Chascom\u00fas: Nutrida agenda recreativa para disfrutar el fin de semana","author":"Alejandro Sosa Ruda","date":"23 abril, 2026","format":false,"excerpt":"Con actividades pensadas para todas las edades, Chascom\u00fas se prepara para vivir un nuevo finde donde la cultura, el deporte y el turismo se combinan con el atractivo inigualable de sus paisajes Nuestra ciudad, valorada por la belleza de la laguna y sus espacios verdes, ofrece el escenario ideal para\u2026","rel":"","context":"En \u00abCHASCOM\u00daS\u00bb","block_context":{"text":"CHASCOM\u00daS","link":"https:\/\/larevistadigital.com.ar\/blog\/category\/chascomus\/"},"img":{"alt_text":"","src":"https:\/\/i0.wp.com\/larevistadigital.com.ar\/blog\/wp-content\/uploads\/69ea4f947e6fe.png?fit=668%2C445&ssl=1&resize=350%2C200","width":350,"height":200,"srcset":"https:\/\/i0.wp.com\/larevistadigital.com.ar\/blog\/wp-content\/uploads\/69ea4f947e6fe.png?fit=668%2C445&ssl=1&resize=350%2C200 1x, https:\/\/i0.wp.com\/larevistadigital.com.ar\/blog\/wp-content\/uploads\/69ea4f947e6fe.png?fit=668%2C445&ssl=1&resize=525%2C300 1.5x"},"classes":[]},{"id":37504,"url":"https:\/\/larevistadigital.com.ar\/blog\/100-de-ocupacion-turistica-excelente-fin-de-semana-largo-se-vivio-en-chascomus\/","url_meta":{"origin":40304,"position":5},"title":"100% de ocupaci\u00f3n tur\u00edstica: Excelente fin de semana largo se vivi\u00f3 en Chascom\u00fas","author":"Alejandro Sosa Ruda","date":"14 octubre, 2024","format":false,"excerpt":"Con gran afluencia de turistas, que colmaron las plazas disponibles en nuestra ciudad, Chascom\u00fas vibr\u00f3 al ritmo de una cartelera llena de actividades y espect\u00e1culos. 14 de octubre de 2024 CHASCOM\u00daS -\u00a0 Chascom\u00fas registr\u00f3 una ocupaci\u00f3n hotelera del 100% durante este fin de semana de octubre, lo que genera un\u2026","rel":"","context":"En \u00abDESTACADAS\u00bb","block_context":{"text":"DESTACADAS","link":"https:\/\/larevistadigital.com.ar\/blog\/category\/destacadas\/"},"img":{"alt_text":"","src":"https:\/\/i0.wp.com\/larevistadigital.com.ar\/blog\/wp-content\/uploads\/670d5748b6fca.png?fit=668%2C445&ssl=1&resize=350%2C200","width":350,"height":200,"srcset":"https:\/\/i0.wp.com\/larevistadigital.com.ar\/blog\/wp-content\/uploads\/670d5748b6fca.png?fit=668%2C445&ssl=1&resize=350%2C200 1x, https:\/\/i0.wp.com\/larevistadigital.com.ar\/blog\/wp-content\/uploads\/670d5748b6fca.png?fit=668%2C445&ssl=1&resize=525%2C300 1.5x"},"classes":[]}],"_links":{"self":[{"href":"https:\/\/larevistadigital.com.ar\/blog\/wp-json\/wp\/v2\/posts\/40304","targetHints":{"allow":["GET"]}}],"collection":[{"href":"https:\/\/larevistadigital.com.ar\/blog\/wp-json\/wp\/v2\/posts"}],"about":[{"href":"https:\/\/larevistadigital.com.ar\/blog\/wp-json\/wp\/v2\/types\/post"}],"author":[{"embeddable":true,"href":"https:\/\/larevistadigital.com.ar\/blog\/wp-json\/wp\/v2\/users\/3"}],"replies":[{"embeddable":true,"href":"https:\/\/larevistadigital.com.ar\/blog\/wp-json\/wp\/v2\/comments?post=40304"}],"version-history":[{"count":1,"href":"https:\/\/larevistadigital.com.ar\/blog\/wp-json\/wp\/v2\/posts\/40304\/revisions"}],"predecessor-version":[{"id":40306,"href":"https:\/\/larevistadigital.com.ar\/blog\/wp-json\/wp\/v2\/posts\/40304\/revisions\/40306"}],"wp:featuredmedia":[{"embeddable":true,"href":"https:\/\/larevistadigital.com.ar\/blog\/wp-json\/wp\/v2\/media\/40305"}],"wp:attachment":[{"href":"https:\/\/larevistadigital.com.ar\/blog\/wp-json\/wp\/v2\/media?parent=40304"}],"wp:term":[{"taxonomy":"category","embeddable":true,"href":"https:\/\/larevistadigital.com.ar\/blog\/wp-json\/wp\/v2\/categories?post=40304"},{"taxonomy":"post_tag","embeddable":true,"href":"https:\/\/larevistadigital.com.ar\/blog\/wp-json\/wp\/v2\/tags?post=40304"}],"curies":[{"name":"wp","href":"https:\/\/api.w.org\/{rel}","templated":true}]}}