{"id":40412,"date":"2025-07-10T17:32:19","date_gmt":"2025-07-10T20:32:19","guid":{"rendered":"https:\/\/larevistadigital.com.ar\/blog\/?p=40412"},"modified":"2025-07-10T17:32:19","modified_gmt":"2025-07-10T20:32:19","slug":"centro-de-atencion-primaria-de-la-salud-una-opcion-gratuita-para-toda-la-comunidad","status":"publish","type":"post","link":"https:\/\/larevistadigital.com.ar\/blog\/centro-de-atencion-primaria-de-la-salud-una-opcion-gratuita-para-toda-la-comunidad\/","title":{"rendered":"Centro de Atenci\u00f3n Primaria de la Salud: una opci\u00f3n gratuita para toda la comunidad"},"content":{"rendered":"<h3 class=\"excerpt\">Ubicados en distintos barrios ofrecen atenci\u00f3n m\u00e9dica cercana y descentralizada en distintas especialidades.<\/h3>\n<p>10 de Julio de 2025<\/p>\n<div id=\"miDiv1\" class=\"text\">\n<p><strong>CHASCOM\u00daS &#8211;<\/strong>\u00a0 Chascom\u00fas cuenta con ocho Centros de Atenci\u00f3n Primaria de la Salud (CAPS). Se trata de establecimientos de baja complejidad que brindan atenci\u00f3n ambulatoria. Ubicados de manera estrat\u00e9gica en los distintos barrios, all\u00ed se pueden realizar las primeras consultas y\/o controles, de manera gratuita, \u00e1gil y cercana.<\/p>\n<p>De esta manera, la Municipalidad de Chascom\u00fas fortalece las pol\u00edticas de descentralizaci\u00f3n de la atenci\u00f3n, garantizando el acceso a la salud p\u00fablica a la poblaci\u00f3n y descomprimiendo la demanda que llega al Hospital Municipal, \u00fanico efector con internaci\u00f3n de la ciudad.<\/p>\n<p>Los CAPS atienden de lunes a viernes en el horario de 8 a 16 hs, de manera presencial, a trav\u00e9s de consultas telef\u00f3nicas o mensajes de WhatsApp, de acuerdo al siguiente detalle:<\/p>\n<p>-CAPS \u00abGallo Blanco\u00bb<\/p>\n<p>Domicilio: Estados Unidos esquina Las Flores.<\/p>\n<p>Tel\u00e9fono: 2241-469267.<\/p>\n<p>Especialidades profesionales: Medicina General \u2013 Medicina Cl\u00ednica \u2013 Pediatr\u00eda \u2013 Obstetricia \u2013 Odontolog\u00eda \u2013 Fonoaudiolog\u00eda \u2013 Trabajo Social \u2013 Psicolog\u00eda (Ni\u00f1os- Adolescentes- Adultos) \u2013 Psicopedagog\u00eda \u2013 Enfermer\u00eda \u2013 Promoci\u00f3n de la Salud<\/p>\n<p>-CAPS \u00abBarrio Jard\u00edn\u00bb<\/p>\n<p>Domicilio: Tucum\u00e1n entre Juli\u00e1n Quintana y Casalins.<\/p>\n<p>Tel\u00e9fono: 2241-498087.<\/p>\n<p>Especialidades profesionales: Medicina General \u2013 Obstetricia \u2013 Psicolog\u00eda (Adultos) \u2013 Enfermer\u00eda \u2013 Promoci\u00f3n de la Salud<\/p>\n<p>-CAPS San Luis<\/p>\n<p>Domicilio: Chubut 755, entre Saturnino Justo y Ram\u00f3n Milani.<\/p>\n<p>Tel\u00e9fono: 2241-604874.<\/p>\n<p>Especialidades profesionales: Medicina General \u2013 Medicina Cl\u00ednica \u2013 Obstetricia \u2013 Psicolog\u00eda (Ni\u00f1os- Adolescentes- Adultos) \u2013 Fonoaudiolog\u00eda \u2013 Enfermer\u00eda \u2013 Promoci\u00f3n de la Salud &#8211; Consultorio de diversidad \u2013 Testeos r\u00e1pidos de enfermedades de transmisi\u00f3n sexual<\/p>\n<p>-CAPS \u00abBarrio Ipor\u00e1\u00bb<\/p>\n<p>Domicilio: Sargento Cabral 387 entre Inmigrantes \u00c1rabes y Per\u00fa.<\/p>\n<p>Tel\u00e9fono 2241-588247<\/p>\n<p>Especialidades profesionales: Medicina General \u2013 Obstetricia\u2013 Psicolog\u00eda (Ni\u00f1os- Adolescentes- Adultos) \u2013 Enfermer\u00eda \u2013 Promoci\u00f3n de la Salud &#8211; Testeos r\u00e1pidos de enfermedades de transmisi\u00f3n sexual<\/p>\n<p>-CAPS \u00abEl Porte\u00f1o\u00bb<\/p>\n<p>Domicilio: Lucio Mansilla entre Cacique Pinc\u00e9n y Lautaro.<\/p>\n<p>Tel\u00e9fono 2241-409316.<\/p>\n<p>Especialidades profesionales: Medicina General \u2013 Obstetricia \u2013 Psicolog\u00eda (Ni\u00f1os- Adolescentes- Adultos) \u2013 Enfermer\u00eda \u2013 Promoci\u00f3n de la Salud &#8211; Testeos r\u00e1pidos de enfermedades de transmisi\u00f3n sexual<\/p>\n<p>-CIC \u00abDr. Quint\u00edn\u00bb<\/p>\n<p>Domicilio: Boulevard 5 y calle 2, barrio 30 de Mayo.<\/p>\n<p>Tel\u00e9fono: 2241-588248.<\/p>\n<p>Especialidades profesionales: Medicina General \u2013 Medicina Cl\u00ednica \u2013Pediatr\u00eda \u2013 Obstetricia \u2013 Odontolog\u00eda \u2013 Psicolog\u00eda (Adultos \u2013 Ni\u00f1os) \u2013 Enfermer\u00eda &#8211; Cesaci\u00f3n Tab\u00e1quica<\/p>\n<p>-CAPS \u201cBarrio La Noria\u201d<\/p>\n<p>Domicilio: Grito de Dolores y Brasil.<\/p>\n<p>Tel\u00e9fono: 2241- 604872.<\/p>\n<p>Especialidades profesionales: Medicina General \u2013Pediatr\u00eda \u2013Obstetricia \u2013 Enfermer\u00eda \u2013 Promoci\u00f3n de la Salud &#8211; Testeos r\u00e1pidos de enfermedades de transmisi\u00f3n sexual<\/p>\n<p>-CAPS \u201cBarrio San Cayetano\u201d<\/p>\n<p>Domicilio: Gabino Ezeiza e\/Boloqui y Can\u00e9.<\/p>\n<p>Tel\u00e9fono 2241 51-1430<\/p>\n<p>Especialidades profesionales: Medicina general \u2013 Obstetricia \u2013 Psicolog\u00eda (Ni\u00f1os- Adolescentes) \u2013Enfermer\u00eda \u2013 Promoci\u00f3n de la salud &#8211; Testeos r\u00e1pidos de enfermedades de transmisi\u00f3n sexual<\/p>\n<\/div>\n","protected":false},"excerpt":{"rendered":"<div class=\"mh-excerpt\"><p>Ubicados en distintos barrios ofrecen atenci\u00f3n m\u00e9dica cercana y descentralizada en distintas especialidades. 10 de Julio de 2025 CHASCOM\u00daS &#8211;\u00a0 Chascom\u00fas cuenta con ocho Centros de Atenci\u00f3n Primaria de la Salud (CAPS). Se trata de <a class=\"mh-excerpt-more\" href=\"https:\/\/larevistadigital.com.ar\/blog\/centro-de-atencion-primaria-de-la-salud-una-opcion-gratuita-para-toda-la-comunidad\/\" title=\"Centro de Atenci\u00f3n Primaria de la Salud: una opci\u00f3n gratuita para toda la comunidad\">[Leer M\u00e1s]<\/a><\/p>\n<\/div>","protected":false},"author":3,"featured_media":40413,"comment_status":"open","ping_status":"open","sticky":false,"template":"","format":"standard","meta":{"_jetpack_memberships_contains_paid_content":false,"footnotes":"","jetpack_publicize_message":"","jetpack_publicize_feature_enabled":true,"jetpack_social_post_already_shared":true,"jetpack_social_options":{"image_generator_settings":{"template":"highway","default_image_id":0,"font":"","enabled":false},"version":2}},"categories":[6],"tags":[],"class_list":{"0":"post-40412","1":"post","2":"type-post","3":"status-publish","4":"format-standard","5":"has-post-thumbnail","7":"category-chascomus"},"jetpack_publicize_connections":[],"jetpack_featured_media_url":"https:\/\/i0.wp.com\/larevistadigital.com.ar\/blog\/wp-content\/uploads\/686ff85932e10.png?fit=668%2C445&ssl=1","jetpack_sharing_enabled":true,"jetpack_shortlink":"https:\/\/wp.me\/p8qtrQ-avO","jetpack-related-posts":[{"id":43097,"url":"https:\/\/larevistadigital.com.ar\/blog\/chascomus-los-caps-barriales-mantienen-su-atencion-habitual-durante-el-verano\/","url_meta":{"origin":40412,"position":0},"title":"Chascom\u00fas: Los CAPS barriales mantienen su atenci\u00f3n habitual durante el verano","author":"Alejandro Sosa Ruda","date":"2 enero, 2026","format":false,"excerpt":"Desde los centros barriales se promueve una atenci\u00f3n cercana, accesible y continua, orientada no solo a la atenci\u00f3n de la enfermedad, sino principalmente a la prevenci\u00f3n y al cuidado integral de la salud. 2 de enero de 2026 CHASCOM\u00daS -\u00a0 \u00a0Los Centros de Atenci\u00f3n Primaria de la Salud (CAPS) continuar\u00e1n\u2026","rel":"","context":"En \u00abCHASCOM\u00daS\u00bb","block_context":{"text":"CHASCOM\u00daS","link":"https:\/\/larevistadigital.com.ar\/blog\/category\/chascomus\/"},"img":{"alt_text":"","src":"https:\/\/i0.wp.com\/larevistadigital.com.ar\/blog\/wp-content\/uploads\/695800be06976.png?fit=668%2C445&ssl=1&resize=350%2C200","width":350,"height":200,"srcset":"https:\/\/i0.wp.com\/larevistadigital.com.ar\/blog\/wp-content\/uploads\/695800be06976.png?fit=668%2C445&ssl=1&resize=350%2C200 1x, https:\/\/i0.wp.com\/larevistadigital.com.ar\/blog\/wp-content\/uploads\/695800be06976.png?fit=668%2C445&ssl=1&resize=525%2C300 1.5x"},"classes":[]},{"id":44307,"url":"https:\/\/larevistadigital.com.ar\/blog\/chascomus-los-caps-acercan-la-atencion-y-el-cuidado-de-la-salud-a-toda-la-ciudad\/","url_meta":{"origin":40412,"position":1},"title":"Chascom\u00fas: Los CAPS acercan la atenci\u00f3n y el cuidado de la salud a toda la ciudad","author":"Alejandro Sosa Ruda","date":"5 marzo, 2026","format":false,"excerpt":"Desde los centros barriales se promueve una atenci\u00f3n cercana, accesible y continua, orientada no solo a la atenci\u00f3n de la enfermedad, sino principalmente a la prevenci\u00f3n y al cuidado integral de la salud. 05 de Marzo de 2026 CHASCOM\u00daS -\u00a0 \u00a0Chascom\u00fas cuenta con ocho Centros de Atenci\u00f3n Primaria de la\u2026","rel":"","context":"En \u00abCHASCOM\u00daS\u00bb","block_context":{"text":"CHASCOM\u00daS","link":"https:\/\/larevistadigital.com.ar\/blog\/category\/chascomus\/"},"img":{"alt_text":"","src":"https:\/\/i0.wp.com\/larevistadigital.com.ar\/blog\/wp-content\/uploads\/69a8696589fc7.png?fit=668%2C445&ssl=1&resize=350%2C200","width":350,"height":200,"srcset":"https:\/\/i0.wp.com\/larevistadigital.com.ar\/blog\/wp-content\/uploads\/69a8696589fc7.png?fit=668%2C445&ssl=1&resize=350%2C200 1x, https:\/\/i0.wp.com\/larevistadigital.com.ar\/blog\/wp-content\/uploads\/69a8696589fc7.png?fit=668%2C445&ssl=1&resize=525%2C300 1.5x"},"classes":[]},{"id":28748,"url":"https:\/\/larevistadigital.com.ar\/blog\/el-intendente-javier-gaston-aseguro-que-seguira-acercando-la-salud-a-los-barrios-y-priorizando-las-aps\/","url_meta":{"origin":40412,"position":2},"title":"CHASCOM\u00daS: JAVIER GAST\u00d3N ASEGUR\u00d3 QUE SEGUIR\u00c1 ACERCANDO LA SALUD A LOS BARRIOS Y PRIORIZANDO LAS APS","author":"Alejandro Sosa Ruda","date":"2 noviembre, 2022","format":false,"excerpt":"As\u00ed lo manifest\u00f3 el intendente de Chascom\u00fas tras monitorear los avances en la construcci\u00f3n de los nuevos CAPS en los barrios Ipor\u00e1 y San Cayetano. 02 de noviembre de 2022 CHASCOM\u00daS -\u00a0 El intendente municipal de Chascom\u00fas, Javier Gast\u00f3n, se acerc\u00f3, primeramente, a la sede de Gabino Ezeiza entre Miguel\u2026","rel":"","context":"En \u00abCHASCOM\u00daS\u00bb","block_context":{"text":"CHASCOM\u00daS","link":"https:\/\/larevistadigital.com.ar\/blog\/category\/chascomus\/"},"img":{"alt_text":"","src":"https:\/\/i0.wp.com\/larevistadigital.com.ar\/blog\/wp-content\/uploads\/GASTON-1.png?fit=799%2C553&ssl=1&resize=350%2C200","width":350,"height":200,"srcset":"https:\/\/i0.wp.com\/larevistadigital.com.ar\/blog\/wp-content\/uploads\/GASTON-1.png?fit=799%2C553&ssl=1&resize=350%2C200 1x, https:\/\/i0.wp.com\/larevistadigital.com.ar\/blog\/wp-content\/uploads\/GASTON-1.png?fit=799%2C553&ssl=1&resize=525%2C300 1.5x, https:\/\/i0.wp.com\/larevistadigital.com.ar\/blog\/wp-content\/uploads\/GASTON-1.png?fit=799%2C553&ssl=1&resize=700%2C400 2x"},"classes":[]},{"id":41374,"url":"https:\/\/larevistadigital.com.ar\/blog\/chascomus-te-informamos-en-detalle-sobre-la-campana-de-vacunacion-en-los-barrios\/","url_meta":{"origin":40412,"position":3},"title":"Chascom\u00fas: Te informamos en detalle sobre la campa\u00f1a de vacunaci\u00f3n en los barrios","author":"Alejandro Sosa Ruda","date":"10 septiembre, 2025","format":false,"excerpt":"Una nueva oportunidad para completar el calendario obligatorio para ni\u00f1os, adolescentes y adultos. 10 de Septiembre de 20254 CHASCOM\u00daS\u00a0 -\u00a0 \u00a0La campa\u00f1a de vacunaci\u00f3n masiva contin\u00faa en distintos Centros de Atenci\u00f3n Primaria, con el prop\u00f3sito de facilitar el acceso para que vecinos y vecinas completen el esquema obligatorio, fundamentalmente, ni\u00f1os\u2026","rel":"","context":"En \u00abCHASCOM\u00daS\u00bb","block_context":{"text":"CHASCOM\u00daS","link":"https:\/\/larevistadigital.com.ar\/blog\/category\/chascomus\/"},"img":{"alt_text":"","src":"https:\/\/i0.wp.com\/larevistadigital.com.ar\/blog\/wp-content\/uploads\/68c1a96eb024c.png?fit=668%2C445&ssl=1&resize=350%2C200","width":350,"height":200,"srcset":"https:\/\/i0.wp.com\/larevistadigital.com.ar\/blog\/wp-content\/uploads\/68c1a96eb024c.png?fit=668%2C445&ssl=1&resize=350%2C200 1x, https:\/\/i0.wp.com\/larevistadigital.com.ar\/blog\/wp-content\/uploads\/68c1a96eb024c.png?fit=668%2C445&ssl=1&resize=525%2C300 1.5x"},"classes":[]},{"id":43475,"url":"https:\/\/larevistadigital.com.ar\/blog\/salud-comunitaria-nueva-campana-de-vacunacion-en-los-barrios\/","url_meta":{"origin":40412,"position":4},"title":"Salud Comunitaria: Nueva campa\u00f1a de vacunaci\u00f3n en los barrios","author":"Alejandro Sosa Ruda","date":"19 enero, 2026","format":false,"excerpt":"Este mi\u00e9rcoles y viernes, habr\u00e1 jornadas gratuitas, en el CAPS de San Cayetano y en el CIC 30 de Mayo, respectivamente. De esta manera se favorece el acceso a la salud, m\u00e1s cerca de casa La Municipalidad de Chascom\u00fas ofrece una campa\u00f1a de vacunaci\u00f3n m\u00e1s cerca de casa, realiz\u00e1ndose en\u2026","rel":"","context":"En \u00abCHASCOM\u00daS\u00bb","block_context":{"text":"CHASCOM\u00daS","link":"https:\/\/larevistadigital.com.ar\/blog\/category\/chascomus\/"},"img":{"alt_text":"","src":"https:\/\/i0.wp.com\/larevistadigital.com.ar\/blog\/wp-content\/uploads\/696e727eed5dd.png?fit=668%2C445&ssl=1&resize=350%2C200","width":350,"height":200,"srcset":"https:\/\/i0.wp.com\/larevistadigital.com.ar\/blog\/wp-content\/uploads\/696e727eed5dd.png?fit=668%2C445&ssl=1&resize=350%2C200 1x, https:\/\/i0.wp.com\/larevistadigital.com.ar\/blog\/wp-content\/uploads\/696e727eed5dd.png?fit=668%2C445&ssl=1&resize=525%2C300 1.5x"},"classes":[]},{"id":41279,"url":"https:\/\/larevistadigital.com.ar\/blog\/chascomus-nueva-campana-de-vacunacion-en-diferentes-barrios\/","url_meta":{"origin":40412,"position":5},"title":"Chascom\u00fas: Nueva campa\u00f1a de vacunaci\u00f3n en diferentes barrios","author":"Alejandro Sosa Ruda","date":"3 septiembre, 2025","format":false,"excerpt":"Se busca acercar a los vecinos y las vecinas el acceso a la salud. Habr\u00e1 jornadas gratuitas, durante este mes, en los CAPS de San Cayetano, el Porte\u00f1o, San Luis, La Noria, 30 de Mayo y barrio Jard\u00edn. 03 de septiembre de 2025 CHASCOM\u00daS -\u00a0 \u00a0La Municipalidad de Chascom\u00fas ofrece\u2026","rel":"","context":"En \u00abCHASCOM\u00daS\u00bb","block_context":{"text":"CHASCOM\u00daS","link":"https:\/\/larevistadigital.com.ar\/blog\/category\/chascomus\/"},"img":{"alt_text":"","src":"https:\/\/i0.wp.com\/larevistadigital.com.ar\/blog\/wp-content\/uploads\/68b86fd81e2fb.png?fit=668%2C445&ssl=1&resize=350%2C200","width":350,"height":200,"srcset":"https:\/\/i0.wp.com\/larevistadigital.com.ar\/blog\/wp-content\/uploads\/68b86fd81e2fb.png?fit=668%2C445&ssl=1&resize=350%2C200 1x, https:\/\/i0.wp.com\/larevistadigital.com.ar\/blog\/wp-content\/uploads\/68b86fd81e2fb.png?fit=668%2C445&ssl=1&resize=525%2C300 1.5x"},"classes":[]}],"_links":{"self":[{"href":"https:\/\/larevistadigital.com.ar\/blog\/wp-json\/wp\/v2\/posts\/40412","targetHints":{"allow":["GET"]}}],"collection":[{"href":"https:\/\/larevistadigital.com.ar\/blog\/wp-json\/wp\/v2\/posts"}],"about":[{"href":"https:\/\/larevistadigital.com.ar\/blog\/wp-json\/wp\/v2\/types\/post"}],"author":[{"embeddable":true,"href":"https:\/\/larevistadigital.com.ar\/blog\/wp-json\/wp\/v2\/users\/3"}],"replies":[{"embeddable":true,"href":"https:\/\/larevistadigital.com.ar\/blog\/wp-json\/wp\/v2\/comments?post=40412"}],"version-history":[{"count":1,"href":"https:\/\/larevistadigital.com.ar\/blog\/wp-json\/wp\/v2\/posts\/40412\/revisions"}],"predecessor-version":[{"id":40414,"href":"https:\/\/larevistadigital.com.ar\/blog\/wp-json\/wp\/v2\/posts\/40412\/revisions\/40414"}],"wp:featuredmedia":[{"embeddable":true,"href":"https:\/\/larevistadigital.com.ar\/blog\/wp-json\/wp\/v2\/media\/40413"}],"wp:attachment":[{"href":"https:\/\/larevistadigital.com.ar\/blog\/wp-json\/wp\/v2\/media?parent=40412"}],"wp:term":[{"taxonomy":"category","embeddable":true,"href":"https:\/\/larevistadigital.com.ar\/blog\/wp-json\/wp\/v2\/categories?post=40412"},{"taxonomy":"post_tag","embeddable":true,"href":"https:\/\/larevistadigital.com.ar\/blog\/wp-json\/wp\/v2\/tags?post=40412"}],"curies":[{"name":"wp","href":"https:\/\/api.w.org\/{rel}","templated":true}]}}