{"id":40415,"date":"2025-07-10T17:47:26","date_gmt":"2025-07-10T20:47:26","guid":{"rendered":"https:\/\/larevistadigital.com.ar\/blog\/?p=40415"},"modified":"2025-07-10T17:47:26","modified_gmt":"2025-07-10T20:47:26","slug":"crisis-economica-casi-el-30-de-los-adultos-mayores-recurre-a-la-ayuda-estatal","status":"publish","type":"post","link":"https:\/\/larevistadigital.com.ar\/blog\/crisis-economica-casi-el-30-de-los-adultos-mayores-recurre-a-la-ayuda-estatal\/","title":{"rendered":"Cr\u00edsis econ\u00f3mica&#8230; Casi el 30% de los adultos mayores recurre a la ayuda estatal"},"content":{"rendered":"<h3 class=\"excerpt\">La pol\u00edtica de ajuste del Estado nacional modific\u00f3 la din\u00e1mica social y obliga al gobierno municipal a redoblar esfuerzos para contener la demanda.<\/h3>\n<p>10 de Julio de 2025<\/p>\n<div id=\"miDiv1\" class=\"text\">\n<p><strong>CHASCOM\u00daS &#8211;<\/strong>\u00a0 Mientras el Congreso Nacional est\u00e1 tratando de debatir hoy proyectos de leyes sobre la emergencia en discapacidad, la actualizaci\u00f3n de las jubilaciones y otras cuestiones sobre recursos coparticipables, cuyos vetos ya fueron anunciados, el gobierno municipal redobla esfuerzos para sostener y acompa\u00f1ar a las familias.<\/p>\n<p>Desde el comienzo de su gesti\u00f3n, las medidas implementadas por el gobierno nacional tienen consecuencias directas y visibles en la vida cotidiana de los chascomunenses. Los recortes en \u00e1reas sensibles como la obra p\u00fablica, los subsidios a las tarifas de servicios p\u00fablicos, los programas sociales y educativos, modific\u00f3 la din\u00e1mica local y obliga al gobierno local a multiplicar recursos para contener la creciente demanda.<\/p>\n<blockquote>\n<h3>Es un error obviar este contexto. Si bien el municipio cuenta con recursos propios cuya gesti\u00f3n volvi\u00f3 a ser reconocida d\u00edas atr\u00e1s por su transparencia, hay cuestiones que exceden por lejos las capacidades presupuestarias de la ciudad. Pero veamos c\u00f3mo estas pol\u00edticas repercuten a nivel social y local.<\/h3>\n<\/blockquote>\n<p><strong><span style=\"color: #ff0000\"><em>Obras paralizadas<\/em><\/span><\/strong><\/p>\n<p>La paralizaci\u00f3n de la obra p\u00fablica impacta de lleno en el desarrollo de planes de vivienda, en la infraestructura escolar, y en actividades que aportan a la econom\u00eda local generando, entre otras cosas, empleo y la din\u00e1mica que este sector aporta a la actividad econ\u00f3mica en general.<\/p>\n<p><strong><span style=\"color: #ff0000\"><em>Aumento de la demanda social<\/em><\/span><\/strong><\/p>\n<p>La cuesti\u00f3n de la devaluaci\u00f3n, sumada al \u201csuperavit fiscal\u201d logrado a partir de la desaceleraci\u00f3n del consumo por el congelamiento del salario, el recorte a jubilados, la inflaci\u00f3n mensual y la quita de subsidios, decanta en la p\u00e9rdida de poder adquisitivo.<\/p>\n<p>\u00c9sto se refleja en el incremento sostenido de la demanda en las \u00e1reas sociales del municipio. Seg\u00fan el dato que aporta la Secretar\u00eda de Desarrollo Social, s\u00f3lo considerando la demanda de alimentos, la asistencia directa pas\u00f3\u00a0<strong>de 300 familias a 1520<\/strong>, de las cuales un\u00a0<strong>28,8% son adultos mayores<\/strong>. La situaci\u00f3n exigi\u00f3 un reajuste en las\u00a0<strong>asignaci\u00f3n de las partidas destinadas a pol\u00edticas alimentarias que hoy asciende a m\u00e1s $31.000.000<\/strong>.<\/p>\n<blockquote>\n<h3>Adem\u00e1s de la asistencia directa, se debe tener en cuenta el apoyo que se brinda a comedores y merenderos en el marco del Programa Complemento Alimentario Municipal, uno de los primeros sectores alcanzados por la motosierra que todo destruye.<\/h3>\n<\/blockquote>\n<p><strong><span style=\"color: #ff0000\"><em>Tarifas que asfixian<\/em><\/span><\/strong><\/p>\n<p>La quita de subsidios a las tarifas de servicios p\u00fablicos (gas y luz) volvi\u00f3 impagables las facturas para miles de hogares chascomunenses. Desde OMIC afirman que las consultas y los reclamos por aumentos desmedidos, errores de facturaci\u00f3n o p\u00e9rdida de segmentaci\u00f3n, se triplicaron.<\/p>\n<blockquote>\n<h3>Se trata de un tema muy sensible para el bolsillo de las vecinas y vecinos que cada vez destinan una mayor parte de sus ingresos para pagar estos servicios b\u00e1sicos y otros, cuyas tarifas fueron desreguladas como la telefon\u00eda, la televisi\u00f3n por suscripci\u00f3n o la medicina prepaga.<\/h3>\n<\/blockquote>\n<p>En este escenario, frente al retiro del Estado nacional, la Municipalidad de Chascom\u00fas refuerza su rol como garante de derechos. Se reorganizaron partidas presupuestarias, se fortalecieron \u00e1reas sensibles y se ampli\u00f3 la atenci\u00f3n territorial.<\/p>\n<p><strong><em>\u201cSabemos que son tiempos dif\u00edciles. Pero no estamos cruzados de brazos. Desde el gobierno municipal redoblamos el esfuerzo, con recursos limitados pero con un compromiso claro: estar cerca de quienes m\u00e1s lo necesitan\u201d<\/em><\/strong>, se\u00f1al\u00f3 el intendente Javier Gast\u00f3n.<\/p>\n<\/div>\n","protected":false},"excerpt":{"rendered":"<div class=\"mh-excerpt\"><p>La pol\u00edtica de ajuste del Estado nacional modific\u00f3 la din\u00e1mica social y obliga al gobierno municipal a redoblar esfuerzos para contener la demanda. 10 de Julio de 2025 CHASCOM\u00daS &#8211;\u00a0 Mientras el Congreso Nacional est\u00e1 <a class=\"mh-excerpt-more\" href=\"https:\/\/larevistadigital.com.ar\/blog\/crisis-economica-casi-el-30-de-los-adultos-mayores-recurre-a-la-ayuda-estatal\/\" title=\"Cr\u00edsis econ\u00f3mica&#8230; Casi el 30% de los adultos mayores recurre a la ayuda estatal\">[Leer M\u00e1s]<\/a><\/p>\n<\/div>","protected":false},"author":3,"featured_media":40416,"comment_status":"open","ping_status":"open","sticky":false,"template":"","format":"standard","meta":{"_jetpack_memberships_contains_paid_content":false,"footnotes":"","jetpack_publicize_message":"","jetpack_publicize_feature_enabled":true,"jetpack_social_post_already_shared":true,"jetpack_social_options":{"image_generator_settings":{"template":"highway","default_image_id":0,"font":"","enabled":false},"version":2}},"categories":[6,12],"tags":[],"class_list":{"0":"post-40415","1":"post","2":"type-post","3":"status-publish","4":"format-standard","5":"has-post-thumbnail","7":"category-chascomus","8":"category-politica"},"jetpack_publicize_connections":[],"jetpack_featured_media_url":"https:\/\/i0.wp.com\/larevistadigital.com.ar\/blog\/wp-content\/uploads\/686ffbe6962b8.png?fit=668%2C445&ssl=1","jetpack_sharing_enabled":true,"jetpack_shortlink":"https:\/\/wp.me\/p8qtrQ-avR","jetpack-related-posts":[{"id":6223,"url":"https:\/\/larevistadigital.com.ar\/blog\/javier-gaston-con-los-recortes-del-gobierno-en-chascomus-perdimos-casi-10-millones-de-pesos\/","url_meta":{"origin":40415,"position":0},"title":"JAVIER GAST\u00d3N: \u201cCON LOS RECORTES DEL GOBIERNO EN CHASCOM\u00daS PERDIMOS CASI $10 MILLONES DE PESOS\u201d","author":"Alejandro Sosa Ruda","date":"16 agosto, 2018","format":false,"excerpt":"El Intendente municipal de Chascom\u00fas se refiri\u00f3 al desfinanciamiento realizado por el gobierno nacional con el recorte del Fondo Sojero, que afecta a m\u00e1s de 2200 municipios en todo el pa\u00eds, sumado al 14% del Fondo Educativo realizado a comienzos de a\u00f1o. \u201cEs lamentablemente la decisi\u00f3n del gobierno nacional que\u2026","rel":"","context":"En \u00abPOLITICA\u00bb","block_context":{"text":"POLITICA","link":"https:\/\/larevistadigital.com.ar\/blog\/category\/politica\/"},"img":{"alt_text":"","src":"https:\/\/i0.wp.com\/larevistadigital.com.ar\/blog\/wp-content\/uploads\/2018\/08\/39261438_2018645291489679_6313714590702108672_n.jpg?fit=960%2C640&ssl=1&resize=350%2C200","width":350,"height":200,"srcset":"https:\/\/i0.wp.com\/larevistadigital.com.ar\/blog\/wp-content\/uploads\/2018\/08\/39261438_2018645291489679_6313714590702108672_n.jpg?fit=960%2C640&ssl=1&resize=350%2C200 1x, https:\/\/i0.wp.com\/larevistadigital.com.ar\/blog\/wp-content\/uploads\/2018\/08\/39261438_2018645291489679_6313714590702108672_n.jpg?fit=960%2C640&ssl=1&resize=525%2C300 1.5x, https:\/\/i0.wp.com\/larevistadigital.com.ar\/blog\/wp-content\/uploads\/2018\/08\/39261438_2018645291489679_6313714590702108672_n.jpg?fit=960%2C640&ssl=1&resize=700%2C400 2x"},"classes":[]},{"id":8667,"url":"https:\/\/larevistadigital.com.ar\/blog\/el-diputado-grosso-visito-chascomus-de-la-mano-de-lopez-osornio-y-se-junto-casi-todo-el-peronismo\/","url_meta":{"origin":40415,"position":1},"title":"EL DIPUTADO GROSSO VISIT\u00d3 CHASCOM\u00daS DE LA MANO DE L\u00d3PEZ OSORNIO, Y SE JUNT\u00d3 CASI TODO EL PERONISMO.","author":"Alejandro Sosa Ruda","date":"23 febrero, 2019","format":false,"excerpt":"Con la pr\u00e9dica de construir la unidad del campo nacional, el Diputado Leonardo Grosso, junto al chascomunense Santiago L\u00f3pez Osornio, recorrieron la ciudad visitando actores de la sociedad civil, gremios, pol\u00edtica y al Intendente Gast\u00f3n. La recorrida comenz\u00f3 en el Instituto de Investigaciones Biotecnol\u00f3gico IIBB-INTECH, recibidos por el Director Sergio\u2026","rel":"","context":"En \u00abCHASCOM\u00daS\u00bb","block_context":{"text":"CHASCOM\u00daS","link":"https:\/\/larevistadigital.com.ar\/blog\/category\/chascomus\/"},"img":{"alt_text":"","src":"https:\/\/i0.wp.com\/larevistadigital.com.ar\/blog\/wp-content\/uploads\/2019\/02\/WhatsApp-Image-2019-02-22-at-23.11.38.jpeg?fit=1200%2C801&ssl=1&resize=350%2C200","width":350,"height":200,"srcset":"https:\/\/i0.wp.com\/larevistadigital.com.ar\/blog\/wp-content\/uploads\/2019\/02\/WhatsApp-Image-2019-02-22-at-23.11.38.jpeg?fit=1200%2C801&ssl=1&resize=350%2C200 1x, https:\/\/i0.wp.com\/larevistadigital.com.ar\/blog\/wp-content\/uploads\/2019\/02\/WhatsApp-Image-2019-02-22-at-23.11.38.jpeg?fit=1200%2C801&ssl=1&resize=525%2C300 1.5x, https:\/\/i0.wp.com\/larevistadigital.com.ar\/blog\/wp-content\/uploads\/2019\/02\/WhatsApp-Image-2019-02-22-at-23.11.38.jpeg?fit=1200%2C801&ssl=1&resize=700%2C400 2x, https:\/\/i0.wp.com\/larevistadigital.com.ar\/blog\/wp-content\/uploads\/2019\/02\/WhatsApp-Image-2019-02-22-at-23.11.38.jpeg?fit=1200%2C801&ssl=1&resize=1050%2C600 3x"},"classes":[]},{"id":36104,"url":"https:\/\/larevistadigital.com.ar\/blog\/la-municipalidad-de-chascomus-sostiene-la-inversion-en-combustible-para-las-fuerzas-de-seguridad-provinciales\/","url_meta":{"origin":40415,"position":2},"title":"LA MUNICIPALIDAD DE CHASCOM\u00daS SOSTIENE LA INVERSI\u00d3N EN COMBUSTIBLE PARA LAS FUERZAS DE SEGURIDAD PROVINCIALES","author":"Alejandro Sosa Ruda","date":"22 mayo, 2024","format":false,"excerpt":"Esta determinaci\u00f3n refleja el compromiso para asegurar que las patrullas cuenten con los recursos necesarios para cumplir eficazmente con su labor. 22 de Mayo de 2024 CHASCOM\u00daS -\u00a0 Ante los cambios en las pol\u00edticas p\u00fablicas y sus repercusiones en los municipios, el gobierno que encabeza Javier Gast\u00f3n determin\u00f3 incrementar su\u2026","rel":"","context":"En \u00abCHASCOM\u00daS\u00bb","block_context":{"text":"CHASCOM\u00daS","link":"https:\/\/larevistadigital.com.ar\/blog\/category\/chascomus\/"},"img":{"alt_text":"","src":"https:\/\/i0.wp.com\/larevistadigital.com.ar\/blog\/wp-content\/uploads\/2024_05_22_01_40_04_3279432.jpg?fit=600%2C393&ssl=1&resize=350%2C200","width":350,"height":200,"srcset":"https:\/\/i0.wp.com\/larevistadigital.com.ar\/blog\/wp-content\/uploads\/2024_05_22_01_40_04_3279432.jpg?fit=600%2C393&ssl=1&resize=350%2C200 1x, https:\/\/i0.wp.com\/larevistadigital.com.ar\/blog\/wp-content\/uploads\/2024_05_22_01_40_04_3279432.jpg?fit=600%2C393&ssl=1&resize=525%2C300 1.5x"},"classes":[]},{"id":8089,"url":"https:\/\/larevistadigital.com.ar\/blog\/chascomus-la-cta-confirmo-una-concentracion-contra-el-tarifazo-hoy-a-las-1930hs\/","url_meta":{"origin":40415,"position":3},"title":"CHASCOM\u00daS: LA CTA CONFIRM\u00d3 UNA CONCENTRACI\u00d3N CONTRA EL TARIFAZO HOY A LAS 19:30HS.","author":"Alejandro Sosa Ruda","date":"31 enero, 2019","format":false,"excerpt":"La CTA\u00a0Regional Chascom\u00fas, Lezama, Castelli, Dolores y Tordillo, inform\u00f3 mediante un comunicado que en el d\u00eda de hoy a las 19:30 hs. se llevar\u00e1 a cabo una nueva concentraci\u00f3n para repudiar las pol\u00edticas econ\u00f3micas del Gobierno Nacional y Provincial, como tambi\u00e9n manifestar el malestar por algunas medidas que se han\u2026","rel":"","context":"En \u00abPOLITICA\u00bb","block_context":{"text":"POLITICA","link":"https:\/\/larevistadigital.com.ar\/blog\/category\/politica\/"},"img":{"alt_text":"","src":"https:\/\/i0.wp.com\/larevistadigital.com.ar\/blog\/wp-content\/uploads\/2019\/01\/IMG-20190129-WA0070.jpg?fit=1200%2C852&ssl=1&resize=350%2C200","width":350,"height":200,"srcset":"https:\/\/i0.wp.com\/larevistadigital.com.ar\/blog\/wp-content\/uploads\/2019\/01\/IMG-20190129-WA0070.jpg?fit=1200%2C852&ssl=1&resize=350%2C200 1x, https:\/\/i0.wp.com\/larevistadigital.com.ar\/blog\/wp-content\/uploads\/2019\/01\/IMG-20190129-WA0070.jpg?fit=1200%2C852&ssl=1&resize=525%2C300 1.5x, https:\/\/i0.wp.com\/larevistadigital.com.ar\/blog\/wp-content\/uploads\/2019\/01\/IMG-20190129-WA0070.jpg?fit=1200%2C852&ssl=1&resize=700%2C400 2x, https:\/\/i0.wp.com\/larevistadigital.com.ar\/blog\/wp-content\/uploads\/2019\/01\/IMG-20190129-WA0070.jpg?fit=1200%2C852&ssl=1&resize=1050%2C600 3x"},"classes":[]},{"id":35155,"url":"https:\/\/larevistadigital.com.ar\/blog\/juan-facundo-alfonsin-las-medidas-del-gobierno-nacional-golpearon-en-la-linea-de-flotacion-a-los-municipios\/","url_meta":{"origin":40415,"position":4},"title":"JUAN FACUNDO ALFONS\u00cdN: \u201cLAS MEDIDAS DEL GOBIERNO NACIONAL GOLPEARON EN LA L\u00cdNEA DE FLOTACI\u00d3N A LOS MUNICIPIOS\u201d","author":"Alejandro Sosa Ruda","date":"2 febrero, 2024","format":false,"excerpt":"El secretario de Hacienda de la Municipalidad de Chascom\u00fas remarc\u00f3 la importancia de contar en el corto plazo con la declaraci\u00f3n de emergencia para afrontar la complicada situaci\u00f3n econ\u00f3mica. 2 de febrero de 2023 CHASCOM\u00daS -\u00a0 \u201cEs urgente tomar medidas y avanzar en un plan de emergencia para garantizar la\u2026","rel":"","context":"En \u00abCHASCOM\u00daS\u00bb","block_context":{"text":"CHASCOM\u00daS","link":"https:\/\/larevistadigital.com.ar\/blog\/category\/chascomus\/"},"img":{"alt_text":"","src":"https:\/\/i0.wp.com\/larevistadigital.com.ar\/blog\/wp-content\/uploads\/2024_01_30_01_48_10_2914616.jpg?fit=750%2C501&ssl=1&resize=350%2C200","width":350,"height":200,"srcset":"https:\/\/i0.wp.com\/larevistadigital.com.ar\/blog\/wp-content\/uploads\/2024_01_30_01_48_10_2914616.jpg?fit=750%2C501&ssl=1&resize=350%2C200 1x, https:\/\/i0.wp.com\/larevistadigital.com.ar\/blog\/wp-content\/uploads\/2024_01_30_01_48_10_2914616.jpg?fit=750%2C501&ssl=1&resize=525%2C300 1.5x, https:\/\/i0.wp.com\/larevistadigital.com.ar\/blog\/wp-content\/uploads\/2024_01_30_01_48_10_2914616.jpg?fit=750%2C501&ssl=1&resize=700%2C400 2x"},"classes":[]},{"id":41740,"url":"https:\/\/larevistadigital.com.ar\/blog\/chascomus-convocan-a-personas-con-pensiones-no-contributivas-por-invalidez-a-acercarse-a-la-direccion-de-accesibilidad\/","url_meta":{"origin":40415,"position":5},"title":"Chascom\u00fas: Convocan a personas con pensiones no contributivas por invalidez a acercarse a la Direcci\u00f3n de Accesibilidad","author":"Alejandro Sosa Ruda","date":"3 octubre, 2025","format":false,"excerpt":"Desde la Municipalidad se busca brindar acompa\u00f1amiento en el proceso de auditor\u00edas que realiza el Gobierno Nacional. 03 de Octubre de 2025 El \u00e1rea de Accesibilidad municipal inform\u00f3 que est\u00e1 acompa\u00f1ando a las personas que perciben pensiones no contributivas por invalidez laboral y que hayan recibido citaciones en el marco\u2026","rel":"","context":"En \u00abCHASCOM\u00daS\u00bb","block_context":{"text":"CHASCOM\u00daS","link":"https:\/\/larevistadigital.com.ar\/blog\/category\/chascomus\/"},"img":{"alt_text":"","src":"https:\/\/i0.wp.com\/larevistadigital.com.ar\/blog\/wp-content\/uploads\/68e004ea7be18.png?fit=668%2C445&ssl=1&resize=350%2C200","width":350,"height":200,"srcset":"https:\/\/i0.wp.com\/larevistadigital.com.ar\/blog\/wp-content\/uploads\/68e004ea7be18.png?fit=668%2C445&ssl=1&resize=350%2C200 1x, https:\/\/i0.wp.com\/larevistadigital.com.ar\/blog\/wp-content\/uploads\/68e004ea7be18.png?fit=668%2C445&ssl=1&resize=525%2C300 1.5x"},"classes":[]}],"_links":{"self":[{"href":"https:\/\/larevistadigital.com.ar\/blog\/wp-json\/wp\/v2\/posts\/40415","targetHints":{"allow":["GET"]}}],"collection":[{"href":"https:\/\/larevistadigital.com.ar\/blog\/wp-json\/wp\/v2\/posts"}],"about":[{"href":"https:\/\/larevistadigital.com.ar\/blog\/wp-json\/wp\/v2\/types\/post"}],"author":[{"embeddable":true,"href":"https:\/\/larevistadigital.com.ar\/blog\/wp-json\/wp\/v2\/users\/3"}],"replies":[{"embeddable":true,"href":"https:\/\/larevistadigital.com.ar\/blog\/wp-json\/wp\/v2\/comments?post=40415"}],"version-history":[{"count":1,"href":"https:\/\/larevistadigital.com.ar\/blog\/wp-json\/wp\/v2\/posts\/40415\/revisions"}],"predecessor-version":[{"id":40417,"href":"https:\/\/larevistadigital.com.ar\/blog\/wp-json\/wp\/v2\/posts\/40415\/revisions\/40417"}],"wp:featuredmedia":[{"embeddable":true,"href":"https:\/\/larevistadigital.com.ar\/blog\/wp-json\/wp\/v2\/media\/40416"}],"wp:attachment":[{"href":"https:\/\/larevistadigital.com.ar\/blog\/wp-json\/wp\/v2\/media?parent=40415"}],"wp:term":[{"taxonomy":"category","embeddable":true,"href":"https:\/\/larevistadigital.com.ar\/blog\/wp-json\/wp\/v2\/categories?post=40415"},{"taxonomy":"post_tag","embeddable":true,"href":"https:\/\/larevistadigital.com.ar\/blog\/wp-json\/wp\/v2\/tags?post=40415"}],"curies":[{"name":"wp","href":"https:\/\/api.w.org\/{rel}","templated":true}]}}