{"id":40418,"date":"2025-07-10T17:59:03","date_gmt":"2025-07-10T20:59:03","guid":{"rendered":"https:\/\/larevistadigital.com.ar\/blog\/?p=40418"},"modified":"2025-07-10T17:59:03","modified_gmt":"2025-07-10T20:59:03","slug":"chascomus-se-renuevan-los-primeros-carnets-de-manipulacion-segura-de-alimentos","status":"publish","type":"post","link":"https:\/\/larevistadigital.com.ar\/blog\/chascomus-se-renuevan-los-primeros-carnets-de-manipulacion-segura-de-alimentos\/","title":{"rendered":"Chascom\u00fas: Se renuevan los primeros carnets de manipulaci\u00f3n segura de alimentos"},"content":{"rendered":"<h3 class=\"excerpt\">Fueron gestionados por la Municipalidad de Chascom\u00fas, comprometida con una mejor seguridad alimentaria cada d\u00eda.<\/h3>\n<p>10 de Julio de 2025<\/p>\n<div id=\"miDiv1\" class=\"text\">\n<p><strong>CHASCOM\u00daS &#8211;\u00a0<\/strong> Tal como lo establece el C\u00f3digo Alimentario Argentino en su Art\u00edculo 21: \u201c\u2026la obligatoriedad de poseer un carnet habilitante para toda persona que manipule alimentos en establecimientos donde se elaboren, fraccionen, almacenen, transporten, comercialicen o enajenen. Este carnet, que tiene una validez de 3 a\u00f1os en todo el territorio argentino, se obtiene al aprobar un curso de manipulaci\u00f3n segura de alimentos\u201d.<\/p>\n<blockquote>\n<h3>As\u00ed mismo, dicho art\u00edculo establece que para su renovaci\u00f3n es necesario volver a rendir el examen correspondiente y, una vez aprobado, este se renueva por un periodo de 3 a\u00f1os m\u00e1s.<\/h3>\n<\/blockquote>\n<p>Por tal motivo, solicitamos a todas aquellas personas que ya tengan su carnet habilitante que verifiquen la fecha que aparece en el mismo y constaten su vigencia.<\/p>\n<p>Para la renovaci\u00f3n deben comunicarse con la direcci\u00f3n de Desarrollo Productivo de la Municipalidad de Chascom\u00fas, a trav\u00e9s del n\u00famero 2241-618880 en los horarios de 8 a 14 hs o dirigirse a Maip\u00fa 415 en los horarios de 08 a 13 hs., de lunes a viernes, donde se brindar\u00e1 el material de estudio y una fecha y horario para el examen.<\/p>\n<blockquote>\n<h3>Cabe destacar que la renovaci\u00f3n se solicita en el mes de su fecha de vencimiento. Por ejemplo, si la fecha de vencimiento es el 29 de julio del 2025, los interesados deben acercarse en este mes a solicitar tu renovaci\u00f3n.<\/h3>\n<\/blockquote>\n<p>Desde la Municipalidad de Chascom\u00fas nos seguimos comprometiendo para brindarle a la comunidad una mejor seguridad alimentaria cada d\u00eda.<\/p>\n<\/div>\n","protected":false},"excerpt":{"rendered":"<div class=\"mh-excerpt\"><p>Fueron gestionados por la Municipalidad de Chascom\u00fas, comprometida con una mejor seguridad alimentaria cada d\u00eda. 10 de Julio de 2025 CHASCOM\u00daS &#8211;\u00a0 Tal como lo establece el C\u00f3digo Alimentario Argentino en su Art\u00edculo 21: \u201c\u2026la <a class=\"mh-excerpt-more\" href=\"https:\/\/larevistadigital.com.ar\/blog\/chascomus-se-renuevan-los-primeros-carnets-de-manipulacion-segura-de-alimentos\/\" title=\"Chascom\u00fas: Se renuevan los primeros carnets de manipulaci\u00f3n segura de alimentos\">[Leer M\u00e1s]<\/a><\/p>\n<\/div>","protected":false},"author":3,"featured_media":40419,"comment_status":"open","ping_status":"open","sticky":false,"template":"","format":"standard","meta":{"_jetpack_memberships_contains_paid_content":false,"footnotes":"","jetpack_publicize_message":"","jetpack_publicize_feature_enabled":true,"jetpack_social_post_already_shared":true,"jetpack_social_options":{"image_generator_settings":{"template":"highway","default_image_id":0,"font":"","enabled":false},"version":2}},"categories":[6],"tags":[],"class_list":{"0":"post-40418","1":"post","2":"type-post","3":"status-publish","4":"format-standard","5":"has-post-thumbnail","7":"category-chascomus"},"jetpack_publicize_connections":[],"jetpack_featured_media_url":"https:\/\/i0.wp.com\/larevistadigital.com.ar\/blog\/wp-content\/uploads\/686fff05506d1.png?fit=668%2C445&ssl=1","jetpack_sharing_enabled":true,"jetpack_shortlink":"https:\/\/wp.me\/p8qtrQ-avU","jetpack-related-posts":[{"id":42859,"url":"https:\/\/larevistadigital.com.ar\/blog\/chascomus-mas-de-500-personas-se-capacitaron-en-el-curso-de-manipulacion-segura-alimentos\/","url_meta":{"origin":40418,"position":0},"title":"Chascom\u00fas: M\u00e1s de 500 personas se capacitaron en el curso de manipulaci\u00f3n segura alimentos","author":"Alejandro Sosa Ruda","date":"12 diciembre, 2025","format":false,"excerpt":"Espec\u00edficamente 550 personas recibieron su carnet de manipulaci\u00f3n segura de alimentos que tiene validez a nivel nacional Con el dictado de 30 cursos de manipulaci\u00f3n de alimentos durante todo el presente a\u00f1o, 550 vecinos de distintos barrios, incluso j\u00f3venes de los \u00faltimos a\u00f1os de la escuela secundaria, obtuvieron el carnet\u2026","rel":"","context":"En \u00abCHASCOM\u00daS\u00bb","block_context":{"text":"CHASCOM\u00daS","link":"https:\/\/larevistadigital.com.ar\/blog\/category\/chascomus\/"},"img":{"alt_text":"","src":"https:\/\/i0.wp.com\/larevistadigital.com.ar\/blog\/wp-content\/uploads\/693c56ec007b5.png?fit=668%2C445&ssl=1&resize=350%2C200","width":350,"height":200,"srcset":"https:\/\/i0.wp.com\/larevistadigital.com.ar\/blog\/wp-content\/uploads\/693c56ec007b5.png?fit=668%2C445&ssl=1&resize=350%2C200 1x, https:\/\/i0.wp.com\/larevistadigital.com.ar\/blog\/wp-content\/uploads\/693c56ec007b5.png?fit=668%2C445&ssl=1&resize=525%2C300 1.5x"},"classes":[]},{"id":42070,"url":"https:\/\/larevistadigital.com.ar\/blog\/chascomus-se-entregaron-25-carnets-de-manipulador-de-alimentos-en-la-escuela-secundaria-n9\/","url_meta":{"origin":40418,"position":1},"title":"Chascom\u00fas: Se entregaron 25 carnets de manipulador de alimentos en la Escuela Secundaria N\u00b09","author":"Alejandro Sosa Ruda","date":"17 octubre, 2025","format":false,"excerpt":"Dado el dif\u00edcil contexto econ\u00f3mico que estamos atravesando, la Municipalidad acompa\u00f1a a los j\u00f3venes con valiosas herramientas para que puedan acceder a un empleo formal. 17 de Octubre de 2025 CHASCOM\u00daS\u00a0 -\u00a0 \u00a0 El \u00faltimo jueves, la directora municipal de Desarrollo Productivo, Mar\u00eda Eugenia Pietrantuono, junto a la inspectora jefa\u2026","rel":"","context":"En \u00abCHASCOM\u00daS\u00bb","block_context":{"text":"CHASCOM\u00daS","link":"https:\/\/larevistadigital.com.ar\/blog\/category\/chascomus\/"},"img":{"alt_text":"","src":"https:\/\/i0.wp.com\/larevistadigital.com.ar\/blog\/wp-content\/uploads\/68f26d031e65a.png?fit=668%2C445&ssl=1&resize=350%2C200","width":350,"height":200,"srcset":"https:\/\/i0.wp.com\/larevistadigital.com.ar\/blog\/wp-content\/uploads\/68f26d031e65a.png?fit=668%2C445&ssl=1&resize=350%2C200 1x, https:\/\/i0.wp.com\/larevistadigital.com.ar\/blog\/wp-content\/uploads\/68f26d031e65a.png?fit=668%2C445&ssl=1&resize=525%2C300 1.5x"},"classes":[]},{"id":40144,"url":"https:\/\/larevistadigital.com.ar\/blog\/inscripcion-abierta-para-los-cursos-de-manipulacion-segura-de-alimentos\/","url_meta":{"origin":40418,"position":2},"title":"Inscripci\u00f3n abierta para los cursos de manipulaci\u00f3n segura de alimentos","author":"Alejandro Sosa Ruda","date":"23 junio, 2025","format":false,"excerpt":"Estas capacitaciones son gratuitas y obligatorias no s\u00f3lo para quienes trabajan en el sector alimentario, sino tambi\u00e9n para las instituciones escolares, asociaciones o cooperadoras que participan en los eventos municipales. 23 de Junio de 2025 CHASCOM\u00daS -\u00a0 El objetivo de esta formaci\u00f3n es brindar los conocimientos b\u00e1sicos sobre las buenas\u2026","rel":"","context":"En \u00abCHASCOM\u00daS\u00bb","block_context":{"text":"CHASCOM\u00daS","link":"https:\/\/larevistadigital.com.ar\/blog\/category\/chascomus\/"},"img":{"alt_text":"","src":"https:\/\/i0.wp.com\/larevistadigital.com.ar\/blog\/wp-content\/uploads\/68598ed51e5a2.png?fit=668%2C445&ssl=1&resize=350%2C200","width":350,"height":200,"srcset":"https:\/\/i0.wp.com\/larevistadigital.com.ar\/blog\/wp-content\/uploads\/68598ed51e5a2.png?fit=668%2C445&ssl=1&resize=350%2C200 1x, https:\/\/i0.wp.com\/larevistadigital.com.ar\/blog\/wp-content\/uploads\/68598ed51e5a2.png?fit=668%2C445&ssl=1&resize=525%2C300 1.5x"},"classes":[]},{"id":40254,"url":"https:\/\/larevistadigital.com.ar\/blog\/chascomus-360-grupos-familiares-participan-del-programa-municipal-cosechando-saberes\/","url_meta":{"origin":40418,"position":3},"title":"Chascom\u00fas: 360 grupos familiares participan del programa municipal \u201cCosechando saberes\u201d","author":"Alejandro Sosa Ruda","date":"1 julio, 2025","format":false,"excerpt":"El mismo nace de una propuesta de trabajo articulado entre la Municipalidad de Chascom\u00fas y el INTA Chascom\u00fas. 01 de Julio de 2025 CHASCOM\u00daS -\u00a0 \u00a0El programa \u201cCosechando saberes\u201d busca promover que cada vez m\u00e1s vecinos y vecinas se sumen a la propuesta de producir sus propios alimentos de un\u2026","rel":"","context":"En \u00abCHASCOM\u00daS\u00bb","block_context":{"text":"CHASCOM\u00daS","link":"https:\/\/larevistadigital.com.ar\/blog\/category\/chascomus\/"},"img":{"alt_text":"","src":"https:\/\/i0.wp.com\/larevistadigital.com.ar\/blog\/wp-content\/uploads\/6864190780f90.png?fit=668%2C445&ssl=1&resize=350%2C200","width":350,"height":200,"srcset":"https:\/\/i0.wp.com\/larevistadigital.com.ar\/blog\/wp-content\/uploads\/6864190780f90.png?fit=668%2C445&ssl=1&resize=350%2C200 1x, https:\/\/i0.wp.com\/larevistadigital.com.ar\/blog\/wp-content\/uploads\/6864190780f90.png?fit=668%2C445&ssl=1&resize=525%2C300 1.5x"},"classes":[]},{"id":38567,"url":"https:\/\/larevistadigital.com.ar\/blog\/la-circulacion-de-cuatriciclos-se-encuentra-prohibida-en-el-area-urbana-de-chascomus\/","url_meta":{"origin":40418,"position":4},"title":"La circulaci\u00f3n de cuatriciclos se encuentra prohibida en el \u00e1rea urbana de Chascom\u00fas.","author":"Alejandro Sosa Ruda","date":"29 enero, 2025","format":false,"excerpt":"La normativa vigente establece sanciones econ\u00f3micas para quienes utilicen estos veh\u00edculos. 29 de Enero de 2025 CHASCOM\u00daS -\u00a0 En Chascom\u00fas no est\u00e1 permitida la circulaci\u00f3n de cuatriciclos ni triciclos motorizados en el \u00e1rea urbana, de acuerdo con lo establecido en la ordenanza 5457\/20 (C\u00f3digo Contravencional municipal).\u00a0 Seg\u00fan el art\u00edculo 120\u2026","rel":"","context":"En \u00abCHASCOM\u00daS\u00bb","block_context":{"text":"CHASCOM\u00daS","link":"https:\/\/larevistadigital.com.ar\/blog\/category\/chascomus\/"},"img":{"alt_text":"","src":"https:\/\/i0.wp.com\/larevistadigital.com.ar\/blog\/wp-content\/uploads\/679911b9859ca.png?fit=668%2C445&ssl=1&resize=350%2C200","width":350,"height":200,"srcset":"https:\/\/i0.wp.com\/larevistadigital.com.ar\/blog\/wp-content\/uploads\/679911b9859ca.png?fit=668%2C445&ssl=1&resize=350%2C200 1x, https:\/\/i0.wp.com\/larevistadigital.com.ar\/blog\/wp-content\/uploads\/679911b9859ca.png?fit=668%2C445&ssl=1&resize=525%2C300 1.5x"},"classes":[]},{"id":42016,"url":"https:\/\/larevistadigital.com.ar\/blog\/chascomus-dia-de-la-soberania-alimentaria\/","url_meta":{"origin":40418,"position":5},"title":"Chascom\u00fas: D\u00eda de la soberan\u00eda alimentaria","author":"Alejandro Sosa Ruda","date":"16 octubre, 2025","format":false,"excerpt":"La Municipalidad de Chascom\u00fas organiz\u00f3 actividades destinadas a los beneficiarios del CAM. 16 de Octubre de 2025 CHASCOM\u00daS -\u00a0 Se desarroll\u00f3 una jornada de concientizaci\u00f3n en el Dep\u00f3sito Municipal, destinada a los beneficiarios del Programa Complemento Alimentario Municipal (CAM), el cual entrega mensualmente un m\u00f3dulo con alimentos secos y frescos\u2026","rel":"","context":"En \u00abCHASCOM\u00daS\u00bb","block_context":{"text":"CHASCOM\u00daS","link":"https:\/\/larevistadigital.com.ar\/blog\/category\/chascomus\/"},"img":{"alt_text":"","src":"https:\/\/i0.wp.com\/larevistadigital.com.ar\/blog\/wp-content\/uploads\/68f14e072b891.png?fit=668%2C445&ssl=1&resize=350%2C200","width":350,"height":200,"srcset":"https:\/\/i0.wp.com\/larevistadigital.com.ar\/blog\/wp-content\/uploads\/68f14e072b891.png?fit=668%2C445&ssl=1&resize=350%2C200 1x, https:\/\/i0.wp.com\/larevistadigital.com.ar\/blog\/wp-content\/uploads\/68f14e072b891.png?fit=668%2C445&ssl=1&resize=525%2C300 1.5x"},"classes":[]}],"_links":{"self":[{"href":"https:\/\/larevistadigital.com.ar\/blog\/wp-json\/wp\/v2\/posts\/40418","targetHints":{"allow":["GET"]}}],"collection":[{"href":"https:\/\/larevistadigital.com.ar\/blog\/wp-json\/wp\/v2\/posts"}],"about":[{"href":"https:\/\/larevistadigital.com.ar\/blog\/wp-json\/wp\/v2\/types\/post"}],"author":[{"embeddable":true,"href":"https:\/\/larevistadigital.com.ar\/blog\/wp-json\/wp\/v2\/users\/3"}],"replies":[{"embeddable":true,"href":"https:\/\/larevistadigital.com.ar\/blog\/wp-json\/wp\/v2\/comments?post=40418"}],"version-history":[{"count":1,"href":"https:\/\/larevistadigital.com.ar\/blog\/wp-json\/wp\/v2\/posts\/40418\/revisions"}],"predecessor-version":[{"id":40420,"href":"https:\/\/larevistadigital.com.ar\/blog\/wp-json\/wp\/v2\/posts\/40418\/revisions\/40420"}],"wp:featuredmedia":[{"embeddable":true,"href":"https:\/\/larevistadigital.com.ar\/blog\/wp-json\/wp\/v2\/media\/40419"}],"wp:attachment":[{"href":"https:\/\/larevistadigital.com.ar\/blog\/wp-json\/wp\/v2\/media?parent=40418"}],"wp:term":[{"taxonomy":"category","embeddable":true,"href":"https:\/\/larevistadigital.com.ar\/blog\/wp-json\/wp\/v2\/categories?post=40418"},{"taxonomy":"post_tag","embeddable":true,"href":"https:\/\/larevistadigital.com.ar\/blog\/wp-json\/wp\/v2\/tags?post=40418"}],"curies":[{"name":"wp","href":"https:\/\/api.w.org\/{rel}","templated":true}]}}