{"id":40421,"date":"2025-07-10T18:05:09","date_gmt":"2025-07-10T21:05:09","guid":{"rendered":"https:\/\/larevistadigital.com.ar\/blog\/?p=40421"},"modified":"2025-07-10T18:05:09","modified_gmt":"2025-07-10T21:05:09","slug":"inscripcion-abierta-para-cursar-la-diplomatura-en-bionegocios-en-el-centro-universitario","status":"publish","type":"post","link":"https:\/\/larevistadigital.com.ar\/blog\/inscripcion-abierta-para-cursar-la-diplomatura-en-bionegocios-en-el-centro-universitario\/","title":{"rendered":"Inscripci\u00f3n abierta para cursar la Diplomatura en Bionegocios en el Centro Universitario"},"content":{"rendered":"<h3 class=\"excerpt\">Chascom\u00fas suma una nueva propuesta acad\u00e9mica con orientaci\u00f3n ambiental.<\/h3>\n<p>10 de Julio de 2025<\/p>\n<div id=\"miDiv1\" class=\"text\">\n<p><strong>CHASCOM\u00daS &#8211;\u00a0<\/strong> \u00a0Inscripci\u00f3n abierta para cursar la Diplomatura en Bionegocios en el Centro Universitario<\/p>\n<p>Chascom\u00fas suma una nueva propuesta acad\u00e9mica con orientaci\u00f3n ambiental.<\/p>\n<blockquote>\n<h3>En el segundo cuatrimestre de este a\u00f1o el Centro Universitario Chascom\u00fas comenzar\u00e1 el dictado de la Diplomatura Universitaria en Bionegocios, una formaci\u00f3n que se dicta en conjunto con la Universidad Nacional de San Mart\u00edn (UNSAM).<\/h3>\n<\/blockquote>\n<p>La diplomatura tendr\u00e1 una duraci\u00f3n de un cuatrimestre y se desarrollar\u00e1 bajo modalidad virtual, con algunos encuentros presenciales en horario vespertino.<\/p>\n<blockquote>\n<h3>La propuesta surge tras la firma de un convenio realizada por el intendente Javier Gast\u00f3n y el subsecretario de Infancias y Juventudes Lucio Alfons\u00edn durante su participaci\u00f3n en el 3\u00b0 Encuentro Provincial del programa Puentes, que tuvo lugar en Mar del Plata el mes pasado.<\/h3>\n<\/blockquote>\n<p>La Diplomatura en Bionegocios est\u00e1 orientada a la formaci\u00f3n de profesionales y emprendedores en un \u00e1rea que promueve el desarrollo econ\u00f3mico sostenible.<\/p>\n<p>Un bionegocio, tambi\u00e9n conocido como negocio verde, es una actividad econ\u00f3mica que se basa en el aprovechamiento sostenible de la biodiversidad nativa, con el objetivo de generar valor econ\u00f3mico, social y ambiental. Implica la recolecci\u00f3n, producci\u00f3n, transformaci\u00f3n y comercializaci\u00f3n de bienes y servicios derivados de la naturaleza, bajo criterios de sostenibilidad.<\/p>\n<p>Algunos ejemplos de bionegocios incluyen: producci\u00f3n de alimentos org\u00e1nicos o sostenibles, comercializaci\u00f3n de productos forestales no maderables, desarrollo de biotecnolog\u00eda con fines sostenibles, producci\u00f3n de energ\u00edas renovables a partir de biomasa y turismo de naturaleza que respeta el medio ambiente, entre otros.<\/p>\n<blockquote>\n<h3>Esta nueva carrera se suma a las opciones que actualmente ofrece el Centro Universitario Chascom\u00fas, como la Diplomatura en Iniciaci\u00f3n a la Programaci\u00f3n y An\u00e1lisis de Datos (UBA), la Diplomatura en Medio Ambiente (UTN La Plata), y las tecnicaturas en Producci\u00f3n Digital y Gesti\u00f3n de PyMEs (UNQ).<\/h3>\n<\/blockquote>\n<p>Adem\u00e1s, por segundo a\u00f1o consecutivo, se podr\u00e1 realizar\u00e1 para las seis carreras de Ingenier\u00eda de la Facultad Regional La Plata de la Universidad Tecnol\u00f3gica Nacional (UTN).<\/p>\n<blockquote>\n<h3>La inscripci\u00f3n permanecer\u00e1 abierta hasta el 25 de julio, a trav\u00e9s del siguiente formulario https:\/\/forms.gle\/o21ALssaET5MDvg98.<\/h3>\n<\/blockquote>\n<p>Para m\u00e1s informaci\u00f3n o consultas, est\u00e1n habilitados el correo centrouniversitario@chascomus.gob.ar y el WhatsApp 2241 530739.<\/p>\n<\/div>\n","protected":false},"excerpt":{"rendered":"<div class=\"mh-excerpt\"><p>Chascom\u00fas suma una nueva propuesta acad\u00e9mica con orientaci\u00f3n ambiental. 10 de Julio de 2025 CHASCOM\u00daS &#8211;\u00a0 \u00a0Inscripci\u00f3n abierta para cursar la Diplomatura en Bionegocios en el Centro Universitario Chascom\u00fas suma una nueva propuesta acad\u00e9mica con <a class=\"mh-excerpt-more\" href=\"https:\/\/larevistadigital.com.ar\/blog\/inscripcion-abierta-para-cursar-la-diplomatura-en-bionegocios-en-el-centro-universitario\/\" title=\"Inscripci\u00f3n abierta para cursar la Diplomatura en Bionegocios en el Centro Universitario\">[Leer M\u00e1s]<\/a><\/p>\n<\/div>","protected":false},"author":3,"featured_media":40422,"comment_status":"open","ping_status":"open","sticky":false,"template":"","format":"standard","meta":{"_jetpack_memberships_contains_paid_content":false,"footnotes":"","jetpack_publicize_message":"","jetpack_publicize_feature_enabled":true,"jetpack_social_post_already_shared":true,"jetpack_social_options":{"image_generator_settings":{"template":"highway","default_image_id":0,"font":"","enabled":false},"version":2}},"categories":[50],"tags":[],"class_list":{"0":"post-40421","1":"post","2":"type-post","3":"status-publish","4":"format-standard","5":"has-post-thumbnail","7":"category-interes-general"},"jetpack_publicize_connections":[],"jetpack_featured_media_url":"https:\/\/i0.wp.com\/larevistadigital.com.ar\/blog\/wp-content\/uploads\/686ffa0f77262.png?fit=668%2C445&ssl=1","jetpack_sharing_enabled":true,"jetpack_shortlink":"https:\/\/wp.me\/p8qtrQ-avX","jetpack-related-posts":[{"id":39651,"url":"https:\/\/larevistadigital.com.ar\/blog\/se-realizo-primer-encuentro-presencial-de-la-diplomatura-en-medio-ambiente-en-el-centro-universitario-chascomus\/","url_meta":{"origin":40421,"position":0},"title":"Se realiz\u00f3 primer encuentro presencial de la Diplomatura en Medio Ambiente en el Centro Universitario Chascom\u00fas","author":"Alejandro Sosa Ruda","date":"5 mayo, 2025","format":false,"excerpt":"M\u00e1s de treinta vecinos y vecinas de la ciudad se encuentran cursando la diplomatura, que tiene una duraci\u00f3n de diez meses. 05 de Mayo de 2025 CHASCOM\u00daS -\u00a0 El s\u00e1bado 3 de mayo tuvo lugar el primer encuentro presencial de la Diplomatura en Medio Ambiente en el Centro Universitario Chascom\u00fas\u2026","rel":"","context":"En \u00abSin categor\u00eda\u00bb","block_context":{"text":"Sin categor\u00eda","link":"https:\/\/larevistadigital.com.ar\/blog\/category\/sin-categoria\/"},"img":{"alt_text":"","src":"https:\/\/i0.wp.com\/larevistadigital.com.ar\/blog\/wp-content\/uploads\/6818f044ed7f0.png?fit=668%2C445&ssl=1&resize=350%2C200","width":350,"height":200,"srcset":"https:\/\/i0.wp.com\/larevistadigital.com.ar\/blog\/wp-content\/uploads\/6818f044ed7f0.png?fit=668%2C445&ssl=1&resize=350%2C200 1x, https:\/\/i0.wp.com\/larevistadigital.com.ar\/blog\/wp-content\/uploads\/6818f044ed7f0.png?fit=668%2C445&ssl=1&resize=525%2C300 1.5x"},"classes":[]},{"id":40225,"url":"https:\/\/larevistadigital.com.ar\/blog\/javier-gaston-firmo-un-convenio-para-ampliar-la-oferta-academica-universitaria-en-chascomus\/","url_meta":{"origin":40421,"position":1},"title":"Javier Gast\u00f3n firm\u00f3 un convenio para ampliar la oferta acad\u00e9mica universitaria en Chascom\u00fas","author":"Alejandro Sosa Ruda","date":"30 junio, 2025","format":false,"excerpt":"Durante su participaci\u00f3n en el 3\u00b0 Encuentro Provincial del programa Puentes, el intendente junto al gobernador Axel Kicillof y m\u00e1s de 60 jefes comunalesrubric\u00f3 un acuerdo para el dictado de una nueva diplomatura. 30 de Junio de 2025 CHASCOM\u00daS -\u00a0 \u00a0El intendente Javier Gast\u00f3n y el subsecretario de Infancias y\u2026","rel":"","context":"En \u00abINTERES GENERAL\u00bb","block_context":{"text":"INTERES GENERAL","link":"https:\/\/larevistadigital.com.ar\/blog\/category\/interes-general\/"},"img":{"alt_text":"","src":"https:\/\/i0.wp.com\/larevistadigital.com.ar\/blog\/wp-content\/uploads\/6862bcd751262.png?fit=668%2C445&ssl=1&resize=350%2C200","width":350,"height":200,"srcset":"https:\/\/i0.wp.com\/larevistadigital.com.ar\/blog\/wp-content\/uploads\/6862bcd751262.png?fit=668%2C445&ssl=1&resize=350%2C200 1x, https:\/\/i0.wp.com\/larevistadigital.com.ar\/blog\/wp-content\/uploads\/6862bcd751262.png?fit=668%2C445&ssl=1&resize=525%2C300 1.5x"},"classes":[]},{"id":44474,"url":"https:\/\/larevistadigital.com.ar\/blog\/javier-gaston-y-el-ministro-carlos-bianco-presentaron-una-nueva-carrera-universitaria-para-chascomus\/","url_meta":{"origin":40421,"position":2},"title":"Javier Gast\u00f3n y el ministro Carlos Bianco presentaron una nueva carrera universitaria para Chascom\u00fas","author":"Alejandro Sosa Ruda","date":"12 marzo, 2026","format":false,"excerpt":"Adem\u00e1s, el intendente y el titular de la cartera de Gobierno bonaerense recorrieron las instalaciones del Centro Universitario de Chascom\u00fas, ubicado en el barrio 30 de Mayo, y la obra de ampliaci\u00f3n que se encuentra en marcha. 12 de marzo de 2026 En horas de la tarde de ayer, el\u2026","rel":"","context":"En \u00abSin categor\u00eda\u00bb","block_context":{"text":"Sin categor\u00eda","link":"https:\/\/larevistadigital.com.ar\/blog\/category\/sin-categoria\/"},"img":{"alt_text":"","src":"https:\/\/i0.wp.com\/larevistadigital.com.ar\/blog\/wp-content\/uploads\/69b2f1a68b13c.png?fit=668%2C445&ssl=1&resize=350%2C200","width":350,"height":200,"srcset":"https:\/\/i0.wp.com\/larevistadigital.com.ar\/blog\/wp-content\/uploads\/69b2f1a68b13c.png?fit=668%2C445&ssl=1&resize=350%2C200 1x, https:\/\/i0.wp.com\/larevistadigital.com.ar\/blog\/wp-content\/uploads\/69b2f1a68b13c.png?fit=668%2C445&ssl=1&resize=525%2C300 1.5x"},"classes":[]},{"id":37727,"url":"https:\/\/larevistadigital.com.ar\/blog\/nueva-propuesta-para-el-centro-universitario\/","url_meta":{"origin":40421,"position":3},"title":"Nueva propuesta para el Centro Universitario","author":"Alejandro Sosa Ruda","date":"5 noviembre, 2024","format":false,"excerpt":"La Municipalidad de Chascom\u00fas y la UTN firman un nuevo convenio que ampl\u00eda la oferta educativa del Centro Universitario de Chascom\u00fas 5 de Noviembre de 2024 CHASCOM\u00daS -\u00a0 El intendente Javier Gast\u00f3n y el Decano de la Facultad Regional La Plata de la Universidad Tecnol\u00f3gica Nacional, Ingeniero Luis Agust\u00edn Ricci;\u2026","rel":"","context":"En \u00abINTERES GENERAL\u00bb","block_context":{"text":"INTERES GENERAL","link":"https:\/\/larevistadigital.com.ar\/blog\/category\/interes-general\/"},"img":{"alt_text":"","src":"https:\/\/i0.wp.com\/larevistadigital.com.ar\/blog\/wp-content\/uploads\/6729059a1dd44.png?fit=668%2C445&ssl=1&resize=350%2C200","width":350,"height":200,"srcset":"https:\/\/i0.wp.com\/larevistadigital.com.ar\/blog\/wp-content\/uploads\/6729059a1dd44.png?fit=668%2C445&ssl=1&resize=350%2C200 1x, https:\/\/i0.wp.com\/larevistadigital.com.ar\/blog\/wp-content\/uploads\/6729059a1dd44.png?fit=668%2C445&ssl=1&resize=525%2C300 1.5x"},"classes":[]},{"id":37651,"url":"https:\/\/larevistadigital.com.ar\/blog\/nuevas-carreras-universitarias-en-el-centro-universitario-de-chascomus\/","url_meta":{"origin":40421,"position":4},"title":"Nuevas carreras universitarias en el Centro Universitario de Chascom\u00fas","author":"Alejandro Sosa Ruda","date":"30 octubre, 2024","format":false,"excerpt":"Las mismas tienen como destinatarios a docentes de escuelas t\u00e9cnicas de la Provincia de Buenos Aires. 30 de octubre de 2024 CHASCOM\u00daS -\u00a0 En el d\u00eda de ayer se present\u00f3 y dio inicio a la Diplomatura en Agrobiotecnolog\u00eda que se ofrece con instancias de presencialidad en el Instituto Tecnol\u00f3gico Chascom\u00fas\u2026","rel":"","context":"En \u00abINTERES GENERAL\u00bb","block_context":{"text":"INTERES GENERAL","link":"https:\/\/larevistadigital.com.ar\/blog\/category\/interes-general\/"},"img":{"alt_text":"","src":"https:\/\/i0.wp.com\/larevistadigital.com.ar\/blog\/wp-content\/uploads\/6722736e2b6c3.png?fit=668%2C445&ssl=1&resize=350%2C200","width":350,"height":200,"srcset":"https:\/\/i0.wp.com\/larevistadigital.com.ar\/blog\/wp-content\/uploads\/6722736e2b6c3.png?fit=668%2C445&ssl=1&resize=350%2C200 1x, https:\/\/i0.wp.com\/larevistadigital.com.ar\/blog\/wp-content\/uploads\/6722736e2b6c3.png?fit=668%2C445&ssl=1&resize=525%2C300 1.5x"},"classes":[]},{"id":32306,"url":"https:\/\/larevistadigital.com.ar\/blog\/ya-se-pueden-cursar-dos-carreras-universitarias-en-santa-clara-del-mar\/","url_meta":{"origin":40421,"position":5},"title":"YA SE PUEDEN CURSAR DOS CARRERAS UNIVERSITARIAS EN SANTA CLARA DEL MAR","author":"Alejandro Sosa Ruda","date":"6 julio, 2023","format":false,"excerpt":"V\u00eda el programa Puentes se abri\u00f3 la inscripci\u00f3n a la tecnicatura en Acuicultura y procesamiento pesquero y a la diplomatura en Turismo y desarrollo socioecon\u00f3mico territorial. 5 de julio de 2023 SANTA CLARA DEL MAR -\u00a0 En el partido de Mar Chiquita se encuentra abierta la inscripci\u00f3n a dos carreras\u2026","rel":"","context":"En \u00abREGIONALES\u00bb","block_context":{"text":"REGIONALES","link":"https:\/\/larevistadigital.com.ar\/blog\/category\/regionales\/"},"img":{"alt_text":"","src":"https:\/\/i0.wp.com\/larevistadigital.com.ar\/blog\/wp-content\/uploads\/20230705150452_santa.jpg?fit=880%2C512&ssl=1&resize=350%2C200","width":350,"height":200,"srcset":"https:\/\/i0.wp.com\/larevistadigital.com.ar\/blog\/wp-content\/uploads\/20230705150452_santa.jpg?fit=880%2C512&ssl=1&resize=350%2C200 1x, https:\/\/i0.wp.com\/larevistadigital.com.ar\/blog\/wp-content\/uploads\/20230705150452_santa.jpg?fit=880%2C512&ssl=1&resize=525%2C300 1.5x, https:\/\/i0.wp.com\/larevistadigital.com.ar\/blog\/wp-content\/uploads\/20230705150452_santa.jpg?fit=880%2C512&ssl=1&resize=700%2C400 2x"},"classes":[]}],"_links":{"self":[{"href":"https:\/\/larevistadigital.com.ar\/blog\/wp-json\/wp\/v2\/posts\/40421","targetHints":{"allow":["GET"]}}],"collection":[{"href":"https:\/\/larevistadigital.com.ar\/blog\/wp-json\/wp\/v2\/posts"}],"about":[{"href":"https:\/\/larevistadigital.com.ar\/blog\/wp-json\/wp\/v2\/types\/post"}],"author":[{"embeddable":true,"href":"https:\/\/larevistadigital.com.ar\/blog\/wp-json\/wp\/v2\/users\/3"}],"replies":[{"embeddable":true,"href":"https:\/\/larevistadigital.com.ar\/blog\/wp-json\/wp\/v2\/comments?post=40421"}],"version-history":[{"count":1,"href":"https:\/\/larevistadigital.com.ar\/blog\/wp-json\/wp\/v2\/posts\/40421\/revisions"}],"predecessor-version":[{"id":40423,"href":"https:\/\/larevistadigital.com.ar\/blog\/wp-json\/wp\/v2\/posts\/40421\/revisions\/40423"}],"wp:featuredmedia":[{"embeddable":true,"href":"https:\/\/larevistadigital.com.ar\/blog\/wp-json\/wp\/v2\/media\/40422"}],"wp:attachment":[{"href":"https:\/\/larevistadigital.com.ar\/blog\/wp-json\/wp\/v2\/media?parent=40421"}],"wp:term":[{"taxonomy":"category","embeddable":true,"href":"https:\/\/larevistadigital.com.ar\/blog\/wp-json\/wp\/v2\/categories?post=40421"},{"taxonomy":"post_tag","embeddable":true,"href":"https:\/\/larevistadigital.com.ar\/blog\/wp-json\/wp\/v2\/tags?post=40421"}],"curies":[{"name":"wp","href":"https:\/\/api.w.org\/{rel}","templated":true}]}}