{"id":40426,"date":"2025-07-11T19:22:43","date_gmt":"2025-07-11T22:22:43","guid":{"rendered":"https:\/\/larevistadigital.com.ar\/blog\/?p=40426"},"modified":"2025-07-11T20:09:41","modified_gmt":"2025-07-11T23:09:41","slug":"lito-fernandez-en-la-libertad-avanza-priorizamos-las-ideas-por-sobre-los-nombres","status":"publish","type":"post","link":"https:\/\/larevistadigital.com.ar\/blog\/lito-fernandez-en-la-libertad-avanza-priorizamos-las-ideas-por-sobre-los-nombres\/","title":{"rendered":"Lito Fern\u00e1ndez: \u201cEn La Libertad Avanza priorizamos las ideas por sobre los nombres\u201d"},"content":{"rendered":"<h2 data-start=\"289\" data-end=\"484\"><em><strong data-start=\"289\" data-end=\"484\">El referente de LLA en Chascom\u00fas se refiri\u00f3 a los movimientos internos del espacio, el acuerdo con el PRO y su visi\u00f3n sobre el escenario pol\u00edtico local de cara a las elecciones de septiembre.<\/strong><\/em><\/h2>\n<p data-start=\"289\" data-end=\"484\">11 de Julio de 2025<\/p>\n<p data-start=\"486\" data-end=\"815\"><strong>CHASCOM\u00daS &#8211;\u00a0<\/strong> <strong>Antonio<\/strong> \u201cLito\u201d<strong> Fern\u00e1ndez<\/strong>, referente de La Libertad Avanza en Chascom\u00fas, dialog\u00f3 en las \u00faltimas horas con el periodista <strong>Alejandro \u201cEl Tano\u201d Sosa<\/strong> en el programa<strong> <em data-start=\"645\" data-end=\"662\">Ataque de Radio<\/em>, que se emite por FM 102.7 y el canal de streaming de YouTube @radiopowerch,<\/strong> donde abord\u00f3 temas clave del armado electoral y el panorama pol\u00edtico local.<\/p>\n<blockquote>\n<h3 data-start=\"817\" data-end=\"1268\">En primer lugar, se refiri\u00f3 a la decisi\u00f3n del candidato <strong>Gabriel L\u00f3pez<\/strong> de ceder el primer lugar en la lista a favor del <strong>Dr. \u201cFredy\u201d Toledo<\/strong>, quien finalmente encabezar\u00e1 la n\u00f3mina del espacio para las elecciones del 7 de septiembre. <strong>Fern\u00e1ndez<\/strong> destac\u00f3 el gesto de L\u00f3pez como un acto de madurez pol\u00edtica: <strong><em>\u201cEn La Libertad Avanza priorizamos las ideas por sobre los nombres\u201d<\/em><\/strong>, se\u00f1al\u00f3, elogiando tambi\u00e9n la \u201ccarta abierta\u201d publicada por el ex primer candidato.<\/h3>\n<\/blockquote>\n<p data-start=\"1270\" data-end=\"1704\">Respecto a la estrategia electoral, confirm\u00f3 que, tal como se resolvi\u00f3 en el \u00e1mbito bonaerense, se avanz\u00f3 con un acuerdo con el PRO, representado en Chascom\u00fas por el ex concejal<strong> Augusto Villa<\/strong>. Si bien aclar\u00f3 que a\u00fan no se definieron lugares espec\u00edficos en las listas, sostuvo que el entendimiento se centra en una agenda com\u00fan.<strong><em> \u201cIntentamos sumar tambi\u00e9n al radicalismo, pero por cuestiones provinciales no se pudo concretar\u201d<\/em><\/strong>, lament\u00f3.<\/p>\n<blockquote>\n<h3 data-start=\"1706\" data-end=\"2083\">Al analizar el escenario local, Fern\u00e1ndez opin\u00f3 sobre la reciente alianza entre la UCR, el partido \u201cJuntos por Chascom\u00fas\u201d de Jos\u00e9 Ochoa y Libres del Sur, representado por Beatriz De Le\u00f3n.<em> \u201cSi van juntos, seguramente es porque coinciden en algo. Pero sinceramente, no entiendo esa uni\u00f3n: es como si ma\u00f1ana me aliara con Javier Gast\u00f3n, nuestras ideas son muy distintas\u201d<\/em>, ironiz\u00f3.<\/h3>\n<\/blockquote>\n<p data-start=\"2085\" data-end=\"2290\">M\u00e1s all\u00e1 de las diferencias, <strong>Fern\u00e1ndez<\/strong> se mostr\u00f3 dialoguista: <strong><em>\u201cTengo el tel\u00e9fono de todos, hablo con todos. En pol\u00edtica aprend\u00ed que no hay enemigos, hay adversarios. No mezclo lo personal con lo pol\u00edtico\u201d.<\/em><\/strong><\/p>\n<p data-start=\"2292\" data-end=\"2615\">Por \u00faltimo, hizo un llamado a fortalecer el rol del Concejo Deliberante tras las elecciones:<em><strong> \u201cEspero que los concejales visiten m\u00e1s los barrios, escuchen a los vecinos y presenten proyectos reales. Tambi\u00e9n es fundamental controlar al Ejecutivo: saber ad\u00f3nde van las partidas y c\u00f3mo se usan los recursos p\u00fablicos\u201d<\/strong><\/em>, concluy\u00f3.<\/p>\n","protected":false},"excerpt":{"rendered":"<div class=\"mh-excerpt\"><p>El referente de LLA en Chascom\u00fas se refiri\u00f3 a los movimientos internos del espacio, el acuerdo con el PRO y su visi\u00f3n sobre el escenario pol\u00edtico local de cara a las elecciones de septiembre. 11 <a class=\"mh-excerpt-more\" href=\"https:\/\/larevistadigital.com.ar\/blog\/lito-fernandez-en-la-libertad-avanza-priorizamos-las-ideas-por-sobre-los-nombres\/\" title=\"Lito Fern\u00e1ndez: \u201cEn La Libertad Avanza priorizamos las ideas por sobre los nombres\u201d\">[Leer M\u00e1s]<\/a><\/p>\n<\/div>","protected":false},"author":3,"featured_media":40427,"comment_status":"open","ping_status":"open","sticky":false,"template":"","format":"standard","meta":{"_jetpack_memberships_contains_paid_content":false,"footnotes":"","jetpack_publicize_message":"","jetpack_publicize_feature_enabled":true,"jetpack_social_post_already_shared":true,"jetpack_social_options":{"image_generator_settings":{"template":"highway","default_image_id":0,"font":"","enabled":false},"version":2}},"categories":[247,41,23],"tags":[],"class_list":{"0":"post-40426","1":"post","2":"type-post","3":"status-publish","4":"format-standard","5":"has-post-thumbnail","7":"category-ataque-de-radio","8":"category-destacadas","9":"category-politica-local"},"jetpack_publicize_connections":[],"jetpack_featured_media_url":"https:\/\/i0.wp.com\/larevistadigital.com.ar\/blog\/wp-content\/uploads\/NOTA-LITO-FERNANDEZ.jpg?fit=902%2C455&ssl=1","jetpack_sharing_enabled":true,"jetpack_shortlink":"https:\/\/wp.me\/p8qtrQ-aw2","jetpack-related-posts":[{"id":39306,"url":"https:\/\/larevistadigital.com.ar\/blog\/chascomus-de-la-mano-de-lito-fernandez-se-inauguro-el-nuevo-local-de-la-libertad-avanza\/","url_meta":{"origin":40426,"position":0},"title":"Chascom\u00fas: De la mano de Lito Fernandez se inaugur\u00f3 el nuevo local de La Libertad Avanza","author":"Alejandro Sosa Ruda","date":"5 abril, 2025","format":false,"excerpt":"Finalmente, se inaugur\u00f3 el local de los libertarios, que promete estar abierto y al servicio de los vecinos por mucho tiempo. 05 de Abril de 2025 CHASCOM\u00daS -\u00a0\u00a0Con el compromiso asumido de \"llevar las banderas de la libertad\" hacia todos los rincones del pa\u00eds, en la ciudad de Chascom\u00fas se\u2026","rel":"","context":"En \u00abDESTACADAS\u00bb","block_context":{"text":"DESTACADAS","link":"https:\/\/larevistadigital.com.ar\/blog\/category\/destacadas\/"},"img":{"alt_text":"","src":"https:\/\/i0.wp.com\/larevistadigital.com.ar\/blog\/wp-content\/uploads\/GnyYocGWoAAzyca.jpg?fit=1200%2C903&ssl=1&resize=350%2C200","width":350,"height":200,"srcset":"https:\/\/i0.wp.com\/larevistadigital.com.ar\/blog\/wp-content\/uploads\/GnyYocGWoAAzyca.jpg?fit=1200%2C903&ssl=1&resize=350%2C200 1x, https:\/\/i0.wp.com\/larevistadigital.com.ar\/blog\/wp-content\/uploads\/GnyYocGWoAAzyca.jpg?fit=1200%2C903&ssl=1&resize=525%2C300 1.5x, https:\/\/i0.wp.com\/larevistadigital.com.ar\/blog\/wp-content\/uploads\/GnyYocGWoAAzyca.jpg?fit=1200%2C903&ssl=1&resize=700%2C400 2x, https:\/\/i0.wp.com\/larevistadigital.com.ar\/blog\/wp-content\/uploads\/GnyYocGWoAAzyca.jpg?fit=1200%2C903&ssl=1&resize=1050%2C600 3x"},"classes":[]},{"id":38518,"url":"https:\/\/larevistadigital.com.ar\/blog\/chascomus-lito-fernandez-referente-de-lla-mantuvo-una-importante-reunion-con-los-mas-destacados-dirigentes-del-partido-libertario\/","url_meta":{"origin":40426,"position":1},"title":"Chascom\u00fas: Lito Fern\u00e1ndez, referente de LLA, mantuvo una importante reuni\u00f3n con los m\u00e1s destacados dirigentes del partido libertario","author":"Alejandro Sosa Ruda","date":"23 enero, 2025","format":false,"excerpt":"Se abordaron temas de inter\u00e9s para Chascom\u00fas y la zona, adem\u00e1s de estrat\u00e9gias pol\u00edticas para el a\u00f1o electoral. 23 de Enero de 2024 BUENOS AIRES -\u00a0 El titular de Anses y coordinador de la Libertad Avanza en Chascom\u00fas Antonio Lito Fernandez, mantuvo una reuni\u00f3n de la que participaron: Karina Milei,\u2026","rel":"","context":"En \u00abINTERES GENERAL\u00bb","block_context":{"text":"INTERES GENERAL","link":"https:\/\/larevistadigital.com.ar\/blog\/category\/interes-general\/"},"img":{"alt_text":"","src":"https:\/\/i0.wp.com\/larevistadigital.com.ar\/blog\/wp-content\/uploads\/WhatsApp_Image_2025-01-23_at_10.16.50-q6Yuknf09-transformed.jpeg?fit=960%2C1200&ssl=1&resize=350%2C200","width":350,"height":200,"srcset":"https:\/\/i0.wp.com\/larevistadigital.com.ar\/blog\/wp-content\/uploads\/WhatsApp_Image_2025-01-23_at_10.16.50-q6Yuknf09-transformed.jpeg?fit=960%2C1200&ssl=1&resize=350%2C200 1x, https:\/\/i0.wp.com\/larevistadigital.com.ar\/blog\/wp-content\/uploads\/WhatsApp_Image_2025-01-23_at_10.16.50-q6Yuknf09-transformed.jpeg?fit=960%2C1200&ssl=1&resize=525%2C300 1.5x, https:\/\/i0.wp.com\/larevistadigital.com.ar\/blog\/wp-content\/uploads\/WhatsApp_Image_2025-01-23_at_10.16.50-q6Yuknf09-transformed.jpeg?fit=960%2C1200&ssl=1&resize=700%2C400 2x"},"classes":[]},{"id":39807,"url":"https:\/\/larevistadigital.com.ar\/blog\/comunicado-de-lito-fernandez-y-lla-de-chascomus\/","url_meta":{"origin":40426,"position":2},"title":"Comunicado de Lito Fern\u00e1ndez y LLA de Chascom\u00fas","author":"Alejandro Sosa Ruda","date":"20 mayo, 2025","format":false,"excerpt":"Chascom\u00fas 19 de mayo del 2025 COMUNICADO La sede de La Libertad Avanza quiere saludar y felicitar la enorme elecci\u00f3n que llevaron a cabo los libertarios en la Ciudad Aut\u00f3noma de Buenos Aires. Tambien a todos aquellos partidos pol\u00edticos que participaron, no es importante la posici\u00f3n en el que quedaron\u2026","rel":"","context":"En \u00abINTERES GENERAL\u00bb","block_context":{"text":"INTERES GENERAL","link":"https:\/\/larevistadigital.com.ar\/blog\/category\/interes-general\/"},"img":{"alt_text":"","src":"https:\/\/i0.wp.com\/larevistadigital.com.ar\/blog\/wp-content\/uploads\/LITO-FERNANDEZ-KARIBNA-MILEI-.jpg?fit=839%2C536&ssl=1&resize=350%2C200","width":350,"height":200,"srcset":"https:\/\/i0.wp.com\/larevistadigital.com.ar\/blog\/wp-content\/uploads\/LITO-FERNANDEZ-KARIBNA-MILEI-.jpg?fit=839%2C536&ssl=1&resize=350%2C200 1x, https:\/\/i0.wp.com\/larevistadigital.com.ar\/blog\/wp-content\/uploads\/LITO-FERNANDEZ-KARIBNA-MILEI-.jpg?fit=839%2C536&ssl=1&resize=525%2C300 1.5x, https:\/\/i0.wp.com\/larevistadigital.com.ar\/blog\/wp-content\/uploads\/LITO-FERNANDEZ-KARIBNA-MILEI-.jpg?fit=839%2C536&ssl=1&resize=700%2C400 2x"},"classes":[]},{"id":40700,"url":"https:\/\/larevistadigital.com.ar\/blog\/dirigentes-y-candidatos-de-la-libertad-avanza-de-chascomus-estuvieron-en-la-presentacion-de-la-lista-en-dolores\/","url_meta":{"origin":40426,"position":3},"title":"Dirigentes y candidatos de La Libertad Avanza de Chascom\u00fas, estuvieron en la presentaci\u00f3n de la lista en Dolores.","author":"Alejandro Sosa Ruda","date":"1 agosto, 2025","format":false,"excerpt":"El evento cont\u00f3 con la presencia de distintos dirigentes, incluyendo al candidato a 1er. Senador de la 5ta secci\u00f3n, Guillermo Montenegro. 01 de Agosto de 2025 DOLORES\u00a0 -\u00a0 \u00a0En el d\u00eda de ayer, se realiz\u00f3 la presentaci\u00f3n de candidatos de La Libertad Avanza en la ciudad de Dolores, donde adem\u00e1s\u2026","rel":"","context":"En \u00abINTERES GENERAL\u00bb","block_context":{"text":"INTERES GENERAL","link":"https:\/\/larevistadigital.com.ar\/blog\/category\/interes-general\/"},"img":{"alt_text":"","src":"https:\/\/i0.wp.com\/larevistadigital.com.ar\/blog\/wp-content\/uploads\/WhatsApp-Image-2025-08-01-at-11.12.24.jpeg?fit=814%2C543&ssl=1&resize=350%2C200","width":350,"height":200,"srcset":"https:\/\/i0.wp.com\/larevistadigital.com.ar\/blog\/wp-content\/uploads\/WhatsApp-Image-2025-08-01-at-11.12.24.jpeg?fit=814%2C543&ssl=1&resize=350%2C200 1x, https:\/\/i0.wp.com\/larevistadigital.com.ar\/blog\/wp-content\/uploads\/WhatsApp-Image-2025-08-01-at-11.12.24.jpeg?fit=814%2C543&ssl=1&resize=525%2C300 1.5x, https:\/\/i0.wp.com\/larevistadigital.com.ar\/blog\/wp-content\/uploads\/WhatsApp-Image-2025-08-01-at-11.12.24.jpeg?fit=814%2C543&ssl=1&resize=700%2C400 2x"},"classes":[]},{"id":35415,"url":"https:\/\/larevistadigital.com.ar\/blog\/35415-2\/","url_meta":{"origin":40426,"position":4},"title":"ANTONIO \u00abLITO\u00bb FERN\u00c1NDEZ ASEGUR\u00d3 QUE \u00abHARTMANN TIENE SERIAS POSIBILIDADES DE HACERSE CARGO DEL PAMI\u00bb","author":"Alejandro Sosa Ruda","date":"7 marzo, 2024","format":false,"excerpt":"El referente de La Libertad Avanza en Chascom\u00fas habl\u00f3 de varios temas, y fue terminante acerca de la ordenanza econ\u00f3mica que reclama Javier Gast\u00f3n. 7 de marzo de 2024 CHASCOM\u00daS -\u00a0\u00a0El referente chascomunense de La Libertad Avanza, Antonio \"Lito\" Fern\u00e1ndez, dialog\u00f3 con Alejandro \"El Tano\" Sosa y Carlos Lasserre durante\u2026","rel":"","context":"En \u00abINTERES GENERAL\u00bb","block_context":{"text":"INTERES GENERAL","link":"https:\/\/larevistadigital.com.ar\/blog\/category\/interes-general\/"},"img":{"alt_text":"","src":"https:\/\/i0.wp.com\/larevistadigital.com.ar\/blog\/wp-content\/uploads\/WhatsApp-Image-2024-03-07-at-09.46.43-e1709815857429.jpeg?fit=719%2C754&ssl=1&resize=350%2C200","width":350,"height":200,"srcset":"https:\/\/i0.wp.com\/larevistadigital.com.ar\/blog\/wp-content\/uploads\/WhatsApp-Image-2024-03-07-at-09.46.43-e1709815857429.jpeg?fit=719%2C754&ssl=1&resize=350%2C200 1x, https:\/\/i0.wp.com\/larevistadigital.com.ar\/blog\/wp-content\/uploads\/WhatsApp-Image-2024-03-07-at-09.46.43-e1709815857429.jpeg?fit=719%2C754&ssl=1&resize=525%2C300 1.5x, https:\/\/i0.wp.com\/larevistadigital.com.ar\/blog\/wp-content\/uploads\/WhatsApp-Image-2024-03-07-at-09.46.43-e1709815857429.jpeg?fit=719%2C754&ssl=1&resize=700%2C400 2x"},"classes":[]},{"id":38611,"url":"https:\/\/larevistadigital.com.ar\/blog\/antonio-lito-fernandez-confirmo-que-encabezara-la-lista-a-concejal-de-la-libertad-avanza\/","url_meta":{"origin":40426,"position":5},"title":"Antonio \u00abLito\u00bb Fern\u00e1ndez confirm\u00f3 que encabezar\u00e1 la lista a concejal de La Libertad Avanza","author":"Alejandro Sosa Ruda","date":"6 febrero, 2025","format":false,"excerpt":"El Coordinador de La Libertad Avanza, asegur\u00f3 que el concejo est\u00e1 cada vez peor y que la gente debe elegir algo distinto. 06 de Febrero de 2025 CHASCOM\u00daS -\u00a0 Javier Hartmann, Referente y Antonio \u201cLito\u201d Fern\u00e1ndez, Coordinador de La Libertad Avanza de Chascom\u00fas compartieron mesa y una entrevista con Alejandro\u2026","rel":"","context":"En \u00abINTERES GENERAL\u00bb","block_context":{"text":"INTERES GENERAL","link":"https:\/\/larevistadigital.com.ar\/blog\/category\/interes-general\/"},"img":{"alt_text":"","src":"https:\/\/i0.wp.com\/larevistadigital.com.ar\/blog\/wp-content\/uploads\/LITO-FERNANDEZ-1.jpg?fit=856%2C480&ssl=1&resize=350%2C200","width":350,"height":200,"srcset":"https:\/\/i0.wp.com\/larevistadigital.com.ar\/blog\/wp-content\/uploads\/LITO-FERNANDEZ-1.jpg?fit=856%2C480&ssl=1&resize=350%2C200 1x, https:\/\/i0.wp.com\/larevistadigital.com.ar\/blog\/wp-content\/uploads\/LITO-FERNANDEZ-1.jpg?fit=856%2C480&ssl=1&resize=525%2C300 1.5x, https:\/\/i0.wp.com\/larevistadigital.com.ar\/blog\/wp-content\/uploads\/LITO-FERNANDEZ-1.jpg?fit=856%2C480&ssl=1&resize=700%2C400 2x"},"classes":[]}],"_links":{"self":[{"href":"https:\/\/larevistadigital.com.ar\/blog\/wp-json\/wp\/v2\/posts\/40426","targetHints":{"allow":["GET"]}}],"collection":[{"href":"https:\/\/larevistadigital.com.ar\/blog\/wp-json\/wp\/v2\/posts"}],"about":[{"href":"https:\/\/larevistadigital.com.ar\/blog\/wp-json\/wp\/v2\/types\/post"}],"author":[{"embeddable":true,"href":"https:\/\/larevistadigital.com.ar\/blog\/wp-json\/wp\/v2\/users\/3"}],"replies":[{"embeddable":true,"href":"https:\/\/larevistadigital.com.ar\/blog\/wp-json\/wp\/v2\/comments?post=40426"}],"version-history":[{"count":1,"href":"https:\/\/larevistadigital.com.ar\/blog\/wp-json\/wp\/v2\/posts\/40426\/revisions"}],"predecessor-version":[{"id":40428,"href":"https:\/\/larevistadigital.com.ar\/blog\/wp-json\/wp\/v2\/posts\/40426\/revisions\/40428"}],"wp:featuredmedia":[{"embeddable":true,"href":"https:\/\/larevistadigital.com.ar\/blog\/wp-json\/wp\/v2\/media\/40427"}],"wp:attachment":[{"href":"https:\/\/larevistadigital.com.ar\/blog\/wp-json\/wp\/v2\/media?parent=40426"}],"wp:term":[{"taxonomy":"category","embeddable":true,"href":"https:\/\/larevistadigital.com.ar\/blog\/wp-json\/wp\/v2\/categories?post=40426"},{"taxonomy":"post_tag","embeddable":true,"href":"https:\/\/larevistadigital.com.ar\/blog\/wp-json\/wp\/v2\/tags?post=40426"}],"curies":[{"name":"wp","href":"https:\/\/api.w.org\/{rel}","templated":true}]}}