{"id":40432,"date":"2025-07-11T21:20:22","date_gmt":"2025-07-12T00:20:22","guid":{"rendered":"https:\/\/larevistadigital.com.ar\/blog\/?p=40432"},"modified":"2025-07-11T21:20:22","modified_gmt":"2025-07-12T00:20:22","slug":"la-agenda-de-las-vacaciones-de-invierno-esta-a-un-click","status":"publish","type":"post","link":"https:\/\/larevistadigital.com.ar\/blog\/la-agenda-de-las-vacaciones-de-invierno-esta-a-un-click\/","title":{"rendered":"La agenda de las vacaciones de invierno est\u00e1 a un click"},"content":{"rendered":"<h3 class=\"excerpt\">Chascom\u00fas se prepara para disfrutar de dos semanas con gran variedad de actividades para disfrutar en familia.<\/h3>\n<p>11 de Julio de 2025<\/p>\n<div id=\"miDiv1\" class=\"text\">\n<p><strong>CHASCOM\u00daS &#8211;\u00a0<\/strong> \u00a0Las vacaciones de invierno ya se encuentran muy cerca y nuestra ciudad, adem\u00e1s del entorno natural \u00fanico que la caracteriza, tendr\u00e1 una gran cantidad de actividades y propuestas para que cada d\u00eda sea disfrutado a pleno.<\/p>\n<p>Para conocer toda la agenda de actividades, se encuentra disponible el sitio web https:\/\/vacaciones.chascomus.gob.ar\/, donde diariamente se podr\u00e1 acceder a la programaci\u00f3n completa que incluye visitas guiadas, exposiciones, teatro, juegos, espect\u00e1culos, danzas, literatura y mucho m\u00e1s.<\/p>\n<p><span style=\"color: #ff0000\"><strong>VAMOS AL TEATRO<\/strong><\/span><\/p>\n<p>Una amplia cartelera para disfrutar en el Teatro Municipal Brazzola, incluso con tardes de cine.<\/p>\n<p>-Lunes 21: LOS ABUELOS NO MIENTEN. A las 15:00 hs. Valor: $ 12.000.<\/p>\n<p>-Mi\u00e9rcoles 23 &#8211; ELIO (Cine de Disney). A las 15 hs. Platea $ 5.000. Teatro Municipal Brazzola<\/p>\n<p>-Mi\u00e9rcoles 23 &#8211; CINE &#8211; \u00abJurassic World: Rebirth\u00bb. A las 17:30 hs. Platea $ 5.000.<\/p>\n<p>-Viernes 25 &#8211; CINE &#8211; LILO &amp; STITCH (DISNEY). A las 17:30 hs. Platea $ 5.000.<\/p>\n<p>-Viernes 25 &#8211; EL DOCUMENTAL DEL 10. A las 17:30 hs. La entrada: un alimento no perecedero<\/p>\n<p>-S\u00e1bado 26 &#8211; 36\u00b0 FIESTA DE PAYADOR. A las 19 hs.. Valor de la entrada: $6000. Adem\u00e1s, con la entrada se podr\u00e1 participar de importantes sorteos.<\/p>\n<p>-Lunes 28 &#8211; GINGOS POR EL PLANETA TIERRA. A las 15 hs. Valor: $ 12.000<\/p>\n<p>-Mi\u00e9rcoles 30 &#8211; \u00abPETER PAN: A VOLAR CON LA IMAGINACI\u00d3N\u00bb. A las 15 hs. Valor: $ 12.000<\/p>\n<p>-Viernes 1 agosto &#8211; EL SHOW DEL MAGO GUILLERMO. A las 15 hs. Valor: $ 10.000<\/p>\n<p><span style=\"color: #ff0000\"><strong>JUGAMOS EN LA PLAZA<\/strong><\/span><\/p>\n<p>Los martes y jueves habr\u00e1 juegos, m\u00fasica y talleres en las plazas. Actividades gratuitas.<\/p>\n<p>-Martes 22 de julio &#8211; PLAZA SAN CAYETANO \u2013 De 14 a 17 hs.<\/p>\n<p>-Jueves 24 de julio &#8211; PLAZA IPORA &#8211; De 14 a 17 hs.<\/p>\n<p>-Martes 29 de julio &#8211; PLAZA GALLO BLANCO \u2013 De 14 a 17 hs.<\/p>\n<p>-Jueves 31 de julio &#8211; PLAZA LA NORIA &#8211; De 14 a 17 hs.<\/p>\n<p><span style=\"color: #ff0000\"><strong>OTRAS ACTIVIDADES: FESTEJOS Y FESTIVIDADES<\/strong><\/span><\/p>\n<p>-S\u00e1bado 19 de julio- TALLER DE PRODUCCI\u00d3N DE MASCARAS Y CINE. De 14 a 17 hs. &#8211; SUM Ipor\u00e1.<\/p>\n<p>-Domingo 20 de julio &#8211; FES ROCK \u2013 BANDAS. De 12 a 19 hs. &#8211; CCM Vieja Estaci\u00f3n<\/p>\n<p>-S\u00e1bado 26 de julio &#8211; FUERTE DIVERSI\u00d3N \u2013 De 14 a 17 hs. &#8211; Fuerte San Juan Bautista<\/p>\n<p>-S\u00e1bado 2 de agosto &#8211; 2\u00b0 ENCUENTRO DE CARNAVAL TODO EL A\u00d1O \u2013 A las 12 hs. Plaza Sarmiento.<\/p>\n<p>-Domingo 3 de agosto \u2013 Festival Sakura &#8211; a las 14.30 horas en el Museo Pampeano<\/p>\n<p><span style=\"color: #ff0000\"><strong>ESPACIOS PATRIMONIALES Y VISITAS DRAMATIZADAS<\/strong><\/span><\/p>\n<p>Pod\u00e9s visitarlos todos los d\u00edas de 10 a 17 horas.<\/p>\n<p>-S\u00e1bado 19 de julio &#8211; Visitas Dramatizadas \u2013 A las 17,30 hs \u2013 CCM Vieja Estaci\u00f3n<\/p>\n<p>-Domingo 20 de julio &#8211; Visitas Dramatizadas \u2013 A las 17,30 hs &#8211; CCM Vieja Estaci\u00f3n<\/p>\n<p><span style=\"color: #ff0000\"><strong>VISITAS GUIADAS<\/strong><\/span><\/p>\n<p>-S\u00e1bado 19 de julio \u2013 11 hs &#8211; CASA DE CASCO<\/p>\n<p>-Domingo 20 de julio \u2013 11 hs &#8211; CASA DE CASCO<\/p>\n<p>-Lunes 21 de julio &#8211; 11 hs &#8211; Casa de Casco<\/p>\n<p>14 hs &#8211; Museo Ferroviario<\/p>\n<p>-Martes 22 de julio &#8211; 11 hs &#8211; Museo Pampeano<\/p>\n<p>14 hs &#8211; Ra\u00fal de Chascom\u00fas<\/p>\n<p>-Mi\u00e9rcoles 23 de julio &#8211; 11 hs &#8211; Casco Hist\u00f3rico<\/p>\n<p>14 hs &#8211; Camino de Santiago<\/p>\n<p>-Jueves 24 de julio &#8211; 11 hs &#8211; Museo Pampeano<\/p>\n<p>14 hs &#8211; Ra\u00fal de Chascom\u00fas<\/p>\n<p>-Viernes 25 de julio &#8211; 11 hs &#8211; Casa de Casco<\/p>\n<p>14 hs &#8211; Museo Ferroviario<\/p>\n<p>-S\u00e1bado 26 de julio &#8211; 11 hs &#8211; Camino de Santiago<\/p>\n<p>14 hs &#8211; Casco Hist\u00f3rico<\/p>\n<p>-Domingo 27 de julio &#8211; 11 hs &#8211; Museo Pampeano<\/p>\n<p>16:30 hs &#8211; Tour en la Laguna<\/p>\n<p>-Lunes 28 de julio &#8211; 11 hs Casa de Casco<\/p>\n<p>14 hs Museo Ferroviario<\/p>\n<p>-Martes 29 de julio &#8211; 11 hs &#8211; Museo Pampeano<\/p>\n<p>14 hs &#8211; Ra\u00fal de Chascom\u00fas<\/p>\n<p>-Mi\u00e9rcoles 30 de julio &#8211; 11 hs Casco Hist\u00f3rico<\/p>\n<p>14 hs &#8211; Camino de Santiago<\/p>\n<p>-Jueves 31 de julio &#8211; 11 hs Museo Pampeano<\/p>\n<p>14 hs &#8211; Ra\u00fal de Chascom\u00fas<\/p>\n<p>-Viernes 1 de agosto &#8211; 10:30 hs &#8211; Tour Cementerio San Andr\u00e9s<\/p>\n<p>14 hs &#8211; Museo Ferroviario<\/p>\n<p>-S\u00e1bado 2 de agosto &#8211; 11 hs &#8211; Casco Hist\u00f3rico<\/p>\n<p>-Domingo 3 de agosto &#8211; 11 hs &#8211; Museo Pampeano<\/p>\n<p>14 hs &#8211; Eco Gu\u00eda<\/p>\n<\/div>\n","protected":false},"excerpt":{"rendered":"<div class=\"mh-excerpt\"><p>Chascom\u00fas se prepara para disfrutar de dos semanas con gran variedad de actividades para disfrutar en familia. 11 de Julio de 2025 CHASCOM\u00daS &#8211;\u00a0 \u00a0Las vacaciones de invierno ya se encuentran muy cerca y nuestra <a class=\"mh-excerpt-more\" href=\"https:\/\/larevistadigital.com.ar\/blog\/la-agenda-de-las-vacaciones-de-invierno-esta-a-un-click\/\" title=\"La agenda de las vacaciones de invierno est\u00e1 a un click\">[Leer M\u00e1s]<\/a><\/p>\n<\/div>","protected":false},"author":3,"featured_media":40433,"comment_status":"open","ping_status":"open","sticky":false,"template":"","format":"standard","meta":{"_jetpack_memberships_contains_paid_content":false,"footnotes":"","jetpack_publicize_message":"","jetpack_publicize_feature_enabled":true,"jetpack_social_post_already_shared":true,"jetpack_social_options":{"image_generator_settings":{"template":"highway","default_image_id":0,"font":"","enabled":false},"version":2}},"categories":[6],"tags":[],"class_list":{"0":"post-40432","1":"post","2":"type-post","3":"status-publish","4":"format-standard","5":"has-post-thumbnail","7":"category-chascomus"},"jetpack_publicize_connections":[],"jetpack_featured_media_url":"https:\/\/i0.wp.com\/larevistadigital.com.ar\/blog\/wp-content\/uploads\/68714736ab180.png?fit=668%2C445&ssl=1","jetpack_sharing_enabled":true,"jetpack_shortlink":"https:\/\/wp.me\/p8qtrQ-aw8","jetpack-related-posts":[{"id":40304,"url":"https:\/\/larevistadigital.com.ar\/blog\/chascomus-de-vacaciones-de-invierno-con-una-agenda-extraordinaria\/","url_meta":{"origin":40432,"position":0},"title":"\u201cChascom\u00fas de vacaciones de invierno\u201d con una agenda extraordinaria","author":"Alejandro Sosa Ruda","date":"4 julio, 2025","format":false,"excerpt":"La programaci\u00f3n incluye visitas guiadas, exposiciones, teatro, juegos, espect\u00e1culos, danzas, literatura, entre otras actividades, para todas las edades y disfrutar en familia. 04 De Julio de 2025 CHASCOM\u00daS-\u00a0 \u00a0\u00a1Con gran expectativa Chascom\u00fas se prepara para el inicio de las vacaciones de invierno con muchas actividades recreativas y propuestas para todas\u2026","rel":"","context":"En \u00abCHASCOM\u00daS\u00bb","block_context":{"text":"CHASCOM\u00daS","link":"https:\/\/larevistadigital.com.ar\/blog\/category\/chascomus\/"},"img":{"alt_text":"","src":"https:\/\/i0.wp.com\/larevistadigital.com.ar\/blog\/wp-content\/uploads\/686817651f31f.png?fit=668%2C445&ssl=1&resize=350%2C200","width":350,"height":200,"srcset":"https:\/\/i0.wp.com\/larevistadigital.com.ar\/blog\/wp-content\/uploads\/686817651f31f.png?fit=668%2C445&ssl=1&resize=350%2C200 1x, https:\/\/i0.wp.com\/larevistadigital.com.ar\/blog\/wp-content\/uploads\/686817651f31f.png?fit=668%2C445&ssl=1&resize=525%2C300 1.5x"},"classes":[]},{"id":36159,"url":"https:\/\/larevistadigital.com.ar\/blog\/chascomus-prepara-un-gran-festejo-por-el-245-aniversario-de-nuestra-fundacion\/","url_meta":{"origin":40432,"position":1},"title":"CHASCOM\u00daS PREPARA UN GRAN FESTEJO POR EL 245\u00b0 ANIVERSARIO DE NUESTRA FUNDACI\u00d3N","author":"Alejandro Sosa Ruda","date":"28 mayo, 2024","format":false,"excerpt":"Encabezado por el Intendente Javier Gast\u00f3n, el acto oficial ser\u00e1 el domingo a las 15 horas, para luego disfrutar del cumplea\u00f1os en la plaza con numerosas actividades, chocolate, juegos y shows en vivo, entre otras atractivas propuestas. 28 de Mayo de 2024 CHASCOM\u00daS -\u00a0 Las actividades que se ofrecer\u00e1n en\u2026","rel":"","context":"En \u00abCHASCOM\u00daS\u00bb","block_context":{"text":"CHASCOM\u00daS","link":"https:\/\/larevistadigital.com.ar\/blog\/category\/chascomus\/"},"img":{"alt_text":"","src":"https:\/\/i0.wp.com\/larevistadigital.com.ar\/blog\/wp-content\/uploads\/2024_05_29_01_40_37_3867038.jpg?fit=600%2C422&ssl=1&resize=350%2C200","width":350,"height":200,"srcset":"https:\/\/i0.wp.com\/larevistadigital.com.ar\/blog\/wp-content\/uploads\/2024_05_29_01_40_37_3867038.jpg?fit=600%2C422&ssl=1&resize=350%2C200 1x, https:\/\/i0.wp.com\/larevistadigital.com.ar\/blog\/wp-content\/uploads\/2024_05_29_01_40_37_3867038.jpg?fit=600%2C422&ssl=1&resize=525%2C300 1.5x"},"classes":[]},{"id":41128,"url":"https:\/\/larevistadigital.com.ar\/blog\/chascomus-propuestas-para-disfrutar-el-finde-semana\/","url_meta":{"origin":40432,"position":2},"title":"Chascom\u00fas: Propuestas para disfrutar el finde semana","author":"Alejandro Sosa Ruda","date":"29 agosto, 2025","format":false,"excerpt":"Visitas guiadas, exposiciones, teatro, freestyle, juegos, cine, espect\u00e1culos, paseos y feria, entre otras actividades. 29 de agosto de 2025 CHASCOM\u00daS -\u00a0 \u00a0Adem\u00e1s de disfrutar de sus hermosos espacios verdes y de la naturaleza tom\u00e1ndose unos mates a orillas de la laguna, Chascom\u00fas tambi\u00e9n te espera con una amplia y variada\u2026","rel":"","context":"En \u00abCHASCOM\u00daS\u00bb","block_context":{"text":"CHASCOM\u00daS","link":"https:\/\/larevistadigital.com.ar\/blog\/category\/chascomus\/"},"img":{"alt_text":"","src":"https:\/\/i0.wp.com\/larevistadigital.com.ar\/blog\/wp-content\/uploads\/68b07fc71fe1b.png?fit=668%2C445&ssl=1&resize=350%2C200","width":350,"height":200,"srcset":"https:\/\/i0.wp.com\/larevistadigital.com.ar\/blog\/wp-content\/uploads\/68b07fc71fe1b.png?fit=668%2C445&ssl=1&resize=350%2C200 1x, https:\/\/i0.wp.com\/larevistadigital.com.ar\/blog\/wp-content\/uploads\/68b07fc71fe1b.png?fit=668%2C445&ssl=1&resize=525%2C300 1.5x"},"classes":[]},{"id":39918,"url":"https:\/\/larevistadigital.com.ar\/blog\/teatro-brazzola-gala-aniversario-de-chascomus\/","url_meta":{"origin":40432,"position":3},"title":"Teatro Brazzola: Gala aniversario de Chascom\u00fas","author":"Alejandro Sosa Ruda","date":"29 mayo, 2025","format":false,"excerpt":"La cita es en las v\u00edsperas del 30 de mayo, desde las 20 horas, en el Teatro Municipal Brazzola. 29 de Mayo de 2025 CHASCOM\u00daS -\u00a0 \u00a0En el marco de los actos celebratorios por el 246\u00b0 aniversario de la fundaci\u00f3n de Chascom\u00fas, este jueves 29 de mayo, la Orquesta Filarm\u00f3nica\u2026","rel":"","context":"En \u00abCHASCOM\u00daS\u00bb","block_context":{"text":"CHASCOM\u00daS","link":"https:\/\/larevistadigital.com.ar\/blog\/category\/chascomus\/"},"img":{"alt_text":"","src":"https:\/\/i0.wp.com\/larevistadigital.com.ar\/blog\/wp-content\/uploads\/6837486f2a7e0.png?fit=668%2C445&ssl=1&resize=350%2C200","width":350,"height":200,"srcset":"https:\/\/i0.wp.com\/larevistadigital.com.ar\/blog\/wp-content\/uploads\/6837486f2a7e0.png?fit=668%2C445&ssl=1&resize=350%2C200 1x, https:\/\/i0.wp.com\/larevistadigital.com.ar\/blog\/wp-content\/uploads\/6837486f2a7e0.png?fit=668%2C445&ssl=1&resize=525%2C300 1.5x"},"classes":[]},{"id":36692,"url":"https:\/\/larevistadigital.com.ar\/blog\/chascomus-operativos-de-prevencion-en-las-vacaciones-de-invierno\/","url_meta":{"origin":40432,"position":4},"title":"CHASCOM\u00daS: OPERATIVOS DE PREVENCI\u00d3N EN LAS VACACIONES DE INVIERNO","author":"Alejandro Sosa Ruda","date":"15 julio, 2024","format":false,"excerpt":"Estos controles, en los accesos y en la estaci\u00f3n ferroautomotor, se mantendr\u00e1n durante los fines de semana del receso invernal. 15 de Julio de 2024 CHASCOM\u00daS -\u00a0 Ante la afluencia de turistas y visitantes a la ciudad por el inicio de las vacaciones, se llevan a cabo diversos operativos preventivos\u2026","rel":"","context":"En \u00abDESTACADAS\u00bb","block_context":{"text":"DESTACADAS","link":"https:\/\/larevistadigital.com.ar\/blog\/category\/destacadas\/"},"img":{"alt_text":"","src":"https:\/\/i0.wp.com\/larevistadigital.com.ar\/blog\/wp-content\/uploads\/6695541a44573.png?fit=668%2C445&ssl=1&resize=350%2C200","width":350,"height":200,"srcset":"https:\/\/i0.wp.com\/larevistadigital.com.ar\/blog\/wp-content\/uploads\/6695541a44573.png?fit=668%2C445&ssl=1&resize=350%2C200 1x, https:\/\/i0.wp.com\/larevistadigital.com.ar\/blog\/wp-content\/uploads\/6695541a44573.png?fit=668%2C445&ssl=1&resize=525%2C300 1.5x"},"classes":[]},{"id":40734,"url":"https:\/\/larevistadigital.com.ar\/blog\/chascomus-el-barrio-gallo-blanco-se-lleno-de-risas-en-una-gran-jornada-infantil\/","url_meta":{"origin":40432,"position":5},"title":"Chascom\u00fas: El Barrio Gallo Blanco se llen\u00f3 de risas en una gran jornada infantil","author":"Alejandro Sosa Ruda","date":"4 agosto, 2025","format":false,"excerpt":"La oferta cultural se llev\u00f3 adelante en la sociedad de fomento, en el marco del cierre del programa Vacaciones Divertidas, gestionado por el Vicepresidente del Instituto Cultural, Cote Rossi. 04 de agosto de 2025 CHASCOM\u00daS\u00a0 -\u00a0 La tarde del domingo 3 de agosto, la Sociedad de Fomento del Barrio Jard\u00edn\u2026","rel":"","context":"En \u00abINTERES GENERAL\u00bb","block_context":{"text":"INTERES GENERAL","link":"https:\/\/larevistadigital.com.ar\/blog\/category\/interes-general\/"},"img":{"alt_text":"","src":"https:\/\/i0.wp.com\/larevistadigital.com.ar\/blog\/wp-content\/uploads\/O4A2988-scaled.jpg?fit=1200%2C800&ssl=1&resize=350%2C200","width":350,"height":200,"srcset":"https:\/\/i0.wp.com\/larevistadigital.com.ar\/blog\/wp-content\/uploads\/O4A2988-scaled.jpg?fit=1200%2C800&ssl=1&resize=350%2C200 1x, https:\/\/i0.wp.com\/larevistadigital.com.ar\/blog\/wp-content\/uploads\/O4A2988-scaled.jpg?fit=1200%2C800&ssl=1&resize=525%2C300 1.5x, https:\/\/i0.wp.com\/larevistadigital.com.ar\/blog\/wp-content\/uploads\/O4A2988-scaled.jpg?fit=1200%2C800&ssl=1&resize=700%2C400 2x, https:\/\/i0.wp.com\/larevistadigital.com.ar\/blog\/wp-content\/uploads\/O4A2988-scaled.jpg?fit=1200%2C800&ssl=1&resize=1050%2C600 3x"},"classes":[]}],"_links":{"self":[{"href":"https:\/\/larevistadigital.com.ar\/blog\/wp-json\/wp\/v2\/posts\/40432","targetHints":{"allow":["GET"]}}],"collection":[{"href":"https:\/\/larevistadigital.com.ar\/blog\/wp-json\/wp\/v2\/posts"}],"about":[{"href":"https:\/\/larevistadigital.com.ar\/blog\/wp-json\/wp\/v2\/types\/post"}],"author":[{"embeddable":true,"href":"https:\/\/larevistadigital.com.ar\/blog\/wp-json\/wp\/v2\/users\/3"}],"replies":[{"embeddable":true,"href":"https:\/\/larevistadigital.com.ar\/blog\/wp-json\/wp\/v2\/comments?post=40432"}],"version-history":[{"count":1,"href":"https:\/\/larevistadigital.com.ar\/blog\/wp-json\/wp\/v2\/posts\/40432\/revisions"}],"predecessor-version":[{"id":40434,"href":"https:\/\/larevistadigital.com.ar\/blog\/wp-json\/wp\/v2\/posts\/40432\/revisions\/40434"}],"wp:featuredmedia":[{"embeddable":true,"href":"https:\/\/larevistadigital.com.ar\/blog\/wp-json\/wp\/v2\/media\/40433"}],"wp:attachment":[{"href":"https:\/\/larevistadigital.com.ar\/blog\/wp-json\/wp\/v2\/media?parent=40432"}],"wp:term":[{"taxonomy":"category","embeddable":true,"href":"https:\/\/larevistadigital.com.ar\/blog\/wp-json\/wp\/v2\/categories?post=40432"},{"taxonomy":"post_tag","embeddable":true,"href":"https:\/\/larevistadigital.com.ar\/blog\/wp-json\/wp\/v2\/tags?post=40432"}],"curies":[{"name":"wp","href":"https:\/\/api.w.org\/{rel}","templated":true}]}}