{"id":40435,"date":"2025-07-11T21:22:47","date_gmt":"2025-07-12T00:22:47","guid":{"rendered":"https:\/\/larevistadigital.com.ar\/blog\/?p=40435"},"modified":"2025-07-11T21:22:47","modified_gmt":"2025-07-12T00:22:47","slug":"ante-la-baja-en-el-turismo-la-municipalidad-impulsa-medidas-para-dinamizar-la-actividad-en-chascomus","status":"publish","type":"post","link":"https:\/\/larevistadigital.com.ar\/blog\/ante-la-baja-en-el-turismo-la-municipalidad-impulsa-medidas-para-dinamizar-la-actividad-en-chascomus\/","title":{"rendered":"Ante la baja en el turismo, la Municipalidad impulsa medidas para dinamizar la actividad en Chascom\u00fas"},"content":{"rendered":"<h3 class=\"excerpt\">El fuerte descenso del movimiento tur\u00edstico registrado en todo el pa\u00eds, tambi\u00e9n impacta en lo local, afectando al comercio, los servicios y el empleo.<\/h3>\n<p>11 de Julio de 20254<\/p>\n<div id=\"miDiv1\" class=\"text\">\n<p><strong>CHASCOM\u00daS &#8211;<\/strong>\u00a0 \u00a0La ocupaci\u00f3n hotelera en Chascom\u00fas durante los fines de semana largos de junio disminuy\u00f3 el 11,1% respecto al mismo per\u00edodo del a\u00f1o anterior, de acuerdo con los relevamientos realizados desde el gobierno municipal.<\/p>\n<blockquote>\n<h3>Este descenso es parte de la tendencia nacional que registra una reducci\u00f3n del 16,6% en la cantidad de turistas movilizados y una ca\u00edda del 27,9% en el consumo relacionado con esta actividad.<\/h3>\n<\/blockquote>\n<p>La ca\u00edda impacta de manera directa en la econom\u00eda local, en la que la actividad tur\u00edstica es una de las principales fuentes de empleo e ingresos para comerciantes, prestadores y emprendedores.<\/p>\n<blockquote>\n<h3>Ante este panorama y las perspectivas de una crisis que podr\u00eda profundizarse a\u00fan m\u00e1s como consecuencia del actual contexto econ\u00f3mico nacional, desde el gobierno municipal, se llevan adelante medidas para que en Chascom\u00fas el impacto de esta situaci\u00f3n sea el menor posible en la actividad econ\u00f3mica local.<\/h3>\n<\/blockquote>\n<p>Las medidas apuntan a dinamizar la econom\u00eda local trabajando en conjunto con los sectores que dependen del movimiento tur\u00edstico para sostener sus fuentes de trabajo.<\/p>\n<blockquote>\n<h3>Entre las principales iniciativas se destaca la promoci\u00f3n a trav\u00e9s de la presencia en ferias y eventos \u2013como la reciente \u201cCaminos y Sabores\u201d- y por medio de campa\u00f1as de difusi\u00f3n tur\u00edstica a nivel provincial y nacional para dar a conocer los atractivos naturales, culturales y gastron\u00f3micos locales.<\/h3>\n<\/blockquote>\n<p>A esto se suman los eventos y actividades culturales, como ferias, festivales, muestras, talleres, visitas guiadas y dramatizadas, eventos deportivos, circuitos tur\u00edsticos, congresos y reuniones que se desarrollan durante todo el a\u00f1o.<\/p>\n<blockquote>\n<h3>Adem\u00e1s, se llevan a cabo continuas obras de mantenimiento y embellecimiento de espacios p\u00fablicos y zonas tur\u00edsticas.<\/h3>\n<\/blockquote>\n<p>Como parte de las acciones, desde el municipio se acompa\u00f1a con capacitaciones, asistencia t\u00e9cnica y facilidades para que comercios y prestadores puedan adaptarse a la demanda y ofrecer servicios de calidad.<\/p>\n<\/div>\n","protected":false},"excerpt":{"rendered":"<div class=\"mh-excerpt\"><p>El fuerte descenso del movimiento tur\u00edstico registrado en todo el pa\u00eds, tambi\u00e9n impacta en lo local, afectando al comercio, los servicios y el empleo. 11 de Julio de 20254 CHASCOM\u00daS &#8211;\u00a0 \u00a0La ocupaci\u00f3n hotelera en <a class=\"mh-excerpt-more\" href=\"https:\/\/larevistadigital.com.ar\/blog\/ante-la-baja-en-el-turismo-la-municipalidad-impulsa-medidas-para-dinamizar-la-actividad-en-chascomus\/\" title=\"Ante la baja en el turismo, la Municipalidad impulsa medidas para dinamizar la actividad en Chascom\u00fas\">[Leer M\u00e1s]<\/a><\/p>\n<\/div>","protected":false},"author":3,"featured_media":40436,"comment_status":"open","ping_status":"open","sticky":false,"template":"","format":"standard","meta":{"_jetpack_memberships_contains_paid_content":false,"footnotes":"","jetpack_publicize_message":"","jetpack_publicize_feature_enabled":true,"jetpack_social_post_already_shared":true,"jetpack_social_options":{"image_generator_settings":{"template":"highway","default_image_id":0,"font":"","enabled":false},"version":2}},"categories":[6],"tags":[],"class_list":{"0":"post-40435","1":"post","2":"type-post","3":"status-publish","4":"format-standard","5":"has-post-thumbnail","7":"category-chascomus"},"jetpack_publicize_connections":[],"jetpack_featured_media_url":"https:\/\/i0.wp.com\/larevistadigital.com.ar\/blog\/wp-content\/uploads\/6871483cc0aa8.png?fit=668%2C445&ssl=1","jetpack_sharing_enabled":true,"jetpack_shortlink":"https:\/\/wp.me\/p8qtrQ-awb","jetpack-related-posts":[{"id":44806,"url":"https:\/\/larevistadigital.com.ar\/blog\/la-caida-del-consumo-a-nivel-nacional-impacta-en-el-comercio-local\/","url_meta":{"origin":40435,"position":0},"title":"La ca\u00edda del consumo a nivel nacional impacta en el comercio local","author":"Alejandro Sosa Ruda","date":"30 marzo, 2026","format":false,"excerpt":"El retroceso en las ventas, vinculado al contexto econ\u00f3mico general, comienza a reflejarse con fuerza en la actividad comercial de la ciudad. 30 de marzo de 2026 CHASCOM\u00daS -\u00a0 \u00a0El consumo masivo en Argentina contin\u00faa mostrando signos de debilidad en el inicio del a\u00f1o. Seg\u00fan datos de la consultora Scentia\u2026","rel":"","context":"En \u00abCHASCOM\u00daS\u00bb","block_context":{"text":"CHASCOM\u00daS","link":"https:\/\/larevistadigital.com.ar\/blog\/category\/chascomus\/"},"img":{"alt_text":"","src":"https:\/\/i0.wp.com\/larevistadigital.com.ar\/blog\/wp-content\/uploads\/69cabd7825332.png?fit=668%2C445&ssl=1&resize=350%2C200","width":350,"height":200,"srcset":"https:\/\/i0.wp.com\/larevistadigital.com.ar\/blog\/wp-content\/uploads\/69cabd7825332.png?fit=668%2C445&ssl=1&resize=350%2C200 1x, https:\/\/i0.wp.com\/larevistadigital.com.ar\/blog\/wp-content\/uploads\/69cabd7825332.png?fit=668%2C445&ssl=1&resize=525%2C300 1.5x"},"classes":[]},{"id":36933,"url":"https:\/\/larevistadigital.com.ar\/blog\/chascomus-continua-la-baja-en-la-actividad-comercial-minorista-que-afecta-a-la-economia-local\/","url_meta":{"origin":40435,"position":1},"title":"CHASCOM\u00daS: CONTIN\u00daA LA BAJA EN LA ACTIVIDAD COMERCIAL MINORISTA QUE AFECTA A LA ECONOM\u00cdA LOCAL","author":"Alejandro Sosa Ruda","date":"11 agosto, 2024","format":false,"excerpt":"Los \u00faltimos relevamientos indican que las pymes enfrentan una ca\u00edda del 15,7% en julio. Mientras que en Chascom\u00fas hubo un leve repunte durante las vacaciones de invierno, el panorama general contin\u00faa siendo preocupante. 11 de Agosto de 2024 CHASCOM\u00daS -\u00a0 Las ventas minoristas de las pymes tuvieron una nueva baja\u2026","rel":"","context":"En \u00abCHASCOM\u00daS\u00bb","block_context":{"text":"CHASCOM\u00daS","link":"https:\/\/larevistadigital.com.ar\/blog\/category\/chascomus\/"},"img":{"alt_text":"","src":"https:\/\/i0.wp.com\/larevistadigital.com.ar\/blog\/wp-content\/uploads\/66b765275385e.png?fit=668%2C445&ssl=1&resize=350%2C200","width":350,"height":200,"srcset":"https:\/\/i0.wp.com\/larevistadigital.com.ar\/blog\/wp-content\/uploads\/66b765275385e.png?fit=668%2C445&ssl=1&resize=350%2C200 1x, https:\/\/i0.wp.com\/larevistadigital.com.ar\/blog\/wp-content\/uploads\/66b765275385e.png?fit=668%2C445&ssl=1&resize=525%2C300 1.5x"},"classes":[]},{"id":35843,"url":"https:\/\/larevistadigital.com.ar\/blog\/la-caida-en-las-ventas-minoristas-afecta-a-la-economia-local\/","url_meta":{"origin":40435,"position":2},"title":"LA CA\u00cdDA EN LAS VENTAS MINORISTAS AFECTA A LA ECONOM\u00cdA LOCAL","author":"Alejandro Sosa Ruda","date":"16 abril, 2024","format":false,"excerpt":"La Confederaci\u00f3n Argentina de la Mediana Empresa (CAME) inform\u00f3 una fuerte disminuci\u00f3n en las operaciones de los comercios minoristas durante el mes de marzo,que impacta negativamente en la din\u00e1mica econ\u00f3mica de la ciudad. 16 de abril de 2024 CHASCOM\u00daS -\u00a0 En su informe mensual correspondiente a marzo, la Confederaci\u00f3n Argentina\u2026","rel":"","context":"En \u00abCHASCOM\u00daS\u00bb","block_context":{"text":"CHASCOM\u00daS","link":"https:\/\/larevistadigital.com.ar\/blog\/category\/chascomus\/"},"img":{"alt_text":"","src":"https:\/\/i0.wp.com\/larevistadigital.com.ar\/blog\/wp-content\/uploads\/bbx_467407452_1_20171221_092044.jpg?fit=800%2C579&ssl=1&resize=350%2C200","width":350,"height":200,"srcset":"https:\/\/i0.wp.com\/larevistadigital.com.ar\/blog\/wp-content\/uploads\/bbx_467407452_1_20171221_092044.jpg?fit=800%2C579&ssl=1&resize=350%2C200 1x, https:\/\/i0.wp.com\/larevistadigital.com.ar\/blog\/wp-content\/uploads\/bbx_467407452_1_20171221_092044.jpg?fit=800%2C579&ssl=1&resize=525%2C300 1.5x, https:\/\/i0.wp.com\/larevistadigital.com.ar\/blog\/wp-content\/uploads\/bbx_467407452_1_20171221_092044.jpg?fit=800%2C579&ssl=1&resize=700%2C400 2x"},"classes":[]},{"id":42106,"url":"https:\/\/larevistadigital.com.ar\/blog\/chascomus-relevamiento-de-interesados-en-habilitar-fabricas-de-chacinados-de-pequena-escala\/","url_meta":{"origin":40435,"position":3},"title":"Chascom\u00fas: Relevamiento de interesados en habilitar f\u00e1bricas de chacinados de peque\u00f1a escala","author":"Alejandro Sosa Ruda","date":"20 octubre, 2025","format":false,"excerpt":"Se busca promover la producci\u00f3n local, la seguridad alimentaria y la generaci\u00f3n de empleo en el territorio. 20 de Octubre de 2025 CHASCOM\u00daS -\u00a0 \u00a0El \u00e1rea de Desarrollo Productivo Municipal junto al \u00e1rea de Bromatolog\u00eda informa que se encuentran realizando un relevamiento de personas y emprendimientos interesados en habilitar f\u00e1bricas\u2026","rel":"","context":"En \u00abCHASCOM\u00daS\u00bb","block_context":{"text":"CHASCOM\u00daS","link":"https:\/\/larevistadigital.com.ar\/blog\/category\/chascomus\/"},"img":{"alt_text":"","src":"https:\/\/i0.wp.com\/larevistadigital.com.ar\/blog\/wp-content\/uploads\/68f67c9a7f831.png?fit=668%2C445&ssl=1&resize=350%2C200","width":350,"height":200,"srcset":"https:\/\/i0.wp.com\/larevistadigital.com.ar\/blog\/wp-content\/uploads\/68f67c9a7f831.png?fit=668%2C445&ssl=1&resize=350%2C200 1x, https:\/\/i0.wp.com\/larevistadigital.com.ar\/blog\/wp-content\/uploads\/68f67c9a7f831.png?fit=668%2C445&ssl=1&resize=525%2C300 1.5x"},"classes":[]},{"id":42010,"url":"https:\/\/larevistadigital.com.ar\/blog\/chascomus-nueva-capacitacion-para-el-mundo-del-trabajo-en-la-escuela-n-9\/","url_meta":{"origin":40435,"position":4},"title":"Chascom\u00fas:  Nueva capacitaci\u00f3n para el mundo del trabajo en la Escuela N\u00b0 9","author":"Alejandro Sosa Ruda","date":"16 octubre, 2025","format":false,"excerpt":"Ofrece a los estudiantes de quinto a\u00f1o herramientas y habilidades claves para su futura inserci\u00f3n laboral. 16 de Octubre de 2025 CHASCOM\u00daS -\u00a0 \u00a0La Municipalidad de Chascom\u00fas ofreci\u00f3 en la Escuela de Educaci\u00f3n Secundaria N 9, ubicada en el barrio El Porte\u00f1o, un nuevo encuentro del ciclo \u201cHerramientas y Habilidades\u2026","rel":"","context":"En \u00abCHASCOM\u00daS\u00bb","block_context":{"text":"CHASCOM\u00daS","link":"https:\/\/larevistadigital.com.ar\/blog\/category\/chascomus\/"},"img":{"alt_text":"","src":"https:\/\/i0.wp.com\/larevistadigital.com.ar\/blog\/wp-content\/uploads\/68f12867797ed.png?fit=668%2C445&ssl=1&resize=350%2C200","width":350,"height":200,"srcset":"https:\/\/i0.wp.com\/larevistadigital.com.ar\/blog\/wp-content\/uploads\/68f12867797ed.png?fit=668%2C445&ssl=1&resize=350%2C200 1x, https:\/\/i0.wp.com\/larevistadigital.com.ar\/blog\/wp-content\/uploads\/68f12867797ed.png?fit=668%2C445&ssl=1&resize=525%2C300 1.5x"},"classes":[]},{"id":7413,"url":"https:\/\/larevistadigital.com.ar\/blog\/chascomus-bomberos-encuentran-una-persona-fallecida-caida-en-un-pozo-de-bano\/","url_meta":{"origin":40435,"position":5},"title":"CHASCOM\u00daS: BOMBEROS ENCUENTRAN UNA PERSONA FALLECIDA, CAIDA EN UN POZO DE BA\u00d1O","author":"Alejandro Sosa Ruda","date":"27 diciembre, 2018","format":false,"excerpt":"Pasadas las 18 hs., se llama a los Bomberos Voluntarios de Chascom\u00fas, para pedir auxilio por una persona que se encontraba caida en un pozo. Al llegar al lugar se constat\u00f3 que el individuo estaba fallecido. La polic\u00eda realiza las actuaciones de rigor, para determinar lo ocurrido (NOTICIA EN DESARROLLO)\u2026","rel":"","context":"En \u00abDESTACADAS\u00bb","block_context":{"text":"DESTACADAS","link":"https:\/\/larevistadigital.com.ar\/blog\/category\/destacadas\/"},"img":{"alt_text":"","src":"https:\/\/i0.wp.com\/larevistadigital.com.ar\/blog\/wp-content\/uploads\/2018\/12\/43286859_2309581579277764_5207489164538281984_n.jpg?fit=960%2C720&ssl=1&resize=350%2C200","width":350,"height":200,"srcset":"https:\/\/i0.wp.com\/larevistadigital.com.ar\/blog\/wp-content\/uploads\/2018\/12\/43286859_2309581579277764_5207489164538281984_n.jpg?fit=960%2C720&ssl=1&resize=350%2C200 1x, https:\/\/i0.wp.com\/larevistadigital.com.ar\/blog\/wp-content\/uploads\/2018\/12\/43286859_2309581579277764_5207489164538281984_n.jpg?fit=960%2C720&ssl=1&resize=525%2C300 1.5x, https:\/\/i0.wp.com\/larevistadigital.com.ar\/blog\/wp-content\/uploads\/2018\/12\/43286859_2309581579277764_5207489164538281984_n.jpg?fit=960%2C720&ssl=1&resize=700%2C400 2x"},"classes":[]}],"_links":{"self":[{"href":"https:\/\/larevistadigital.com.ar\/blog\/wp-json\/wp\/v2\/posts\/40435","targetHints":{"allow":["GET"]}}],"collection":[{"href":"https:\/\/larevistadigital.com.ar\/blog\/wp-json\/wp\/v2\/posts"}],"about":[{"href":"https:\/\/larevistadigital.com.ar\/blog\/wp-json\/wp\/v2\/types\/post"}],"author":[{"embeddable":true,"href":"https:\/\/larevistadigital.com.ar\/blog\/wp-json\/wp\/v2\/users\/3"}],"replies":[{"embeddable":true,"href":"https:\/\/larevistadigital.com.ar\/blog\/wp-json\/wp\/v2\/comments?post=40435"}],"version-history":[{"count":1,"href":"https:\/\/larevistadigital.com.ar\/blog\/wp-json\/wp\/v2\/posts\/40435\/revisions"}],"predecessor-version":[{"id":40437,"href":"https:\/\/larevistadigital.com.ar\/blog\/wp-json\/wp\/v2\/posts\/40435\/revisions\/40437"}],"wp:featuredmedia":[{"embeddable":true,"href":"https:\/\/larevistadigital.com.ar\/blog\/wp-json\/wp\/v2\/media\/40436"}],"wp:attachment":[{"href":"https:\/\/larevistadigital.com.ar\/blog\/wp-json\/wp\/v2\/media?parent=40435"}],"wp:term":[{"taxonomy":"category","embeddable":true,"href":"https:\/\/larevistadigital.com.ar\/blog\/wp-json\/wp\/v2\/categories?post=40435"},{"taxonomy":"post_tag","embeddable":true,"href":"https:\/\/larevistadigital.com.ar\/blog\/wp-json\/wp\/v2\/tags?post=40435"}],"curies":[{"name":"wp","href":"https:\/\/api.w.org\/{rel}","templated":true}]}}