{"id":40636,"date":"2025-07-27T18:50:20","date_gmt":"2025-07-27T21:50:20","guid":{"rendered":"https:\/\/larevistadigital.com.ar\/blog\/?p=40636"},"modified":"2025-07-27T18:50:20","modified_gmt":"2025-07-27T21:50:20","slug":"el-pj-chascomus-realizo-un-acto-en-homenaje-a-eva-peron-al-conmemorarse-73-anos-de-su-fallecimiento","status":"publish","type":"post","link":"https:\/\/larevistadigital.com.ar\/blog\/el-pj-chascomus-realizo-un-acto-en-homenaje-a-eva-peron-al-conmemorarse-73-anos-de-su-fallecimiento\/","title":{"rendered":"El PJ Chascomus realiz\u00f3 un acto en homenaje a Eva Per\u00f3n al conmemorarse 73 a\u00f1os de su fallecimiento."},"content":{"rendered":"<h2>Pese al fr\u00edo, dirigentes y militantes se reunieron en un emotivo acto frente a la figura de Evita<\/h2>\n<p>27 de Julio de 2025<\/p>\n<p><strong>CHASCOM\u00daS &#8211;<\/strong>\u00a0 \u00a0Durante la tarde del s\u00e1bado 26 de julio se llev\u00f3 a cabo un acto conmemorativo a la figura de <strong>Evita<\/strong>, emblema del justicialismo en Argentina.<br \/>\nEn el busto ubicado en la plazoleta que lleva su nombre se congregaron vecinos adherentes al peronismo, convocados por el consejo partidario que preside <strong>Alfredo Mach\u00edn<\/strong>. All\u00ed se coloc\u00f3 una ofrenda floral y se expresaron palabras alusivas por parte de dirigentes de diferentes espacios que conforman el peronismo a nivel local.<\/p>\n","protected":false},"excerpt":{"rendered":"<div class=\"mh-excerpt\"><p>Pese al fr\u00edo, dirigentes y militantes se reunieron en un emotivo acto frente a la figura de Evita 27 de Julio de 2025 CHASCOM\u00daS &#8211;\u00a0 \u00a0Durante la tarde del s\u00e1bado 26 de julio se llev\u00f3 <a class=\"mh-excerpt-more\" href=\"https:\/\/larevistadigital.com.ar\/blog\/el-pj-chascomus-realizo-un-acto-en-homenaje-a-eva-peron-al-conmemorarse-73-anos-de-su-fallecimiento\/\" title=\"El PJ Chascomus realiz\u00f3 un acto en homenaje a Eva Per\u00f3n al conmemorarse 73 a\u00f1os de su fallecimiento.\">[Leer M\u00e1s]<\/a><\/p>\n<\/div>","protected":false},"author":3,"featured_media":40637,"comment_status":"open","ping_status":"open","sticky":false,"template":"","format":"standard","meta":{"_jetpack_memberships_contains_paid_content":false,"footnotes":"","jetpack_publicize_message":"","jetpack_publicize_feature_enabled":true,"jetpack_social_post_already_shared":true,"jetpack_social_options":{"image_generator_settings":{"template":"highway","default_image_id":0,"font":"","enabled":false},"version":2}},"categories":[6,50,23],"tags":[],"class_list":{"0":"post-40636","1":"post","2":"type-post","3":"status-publish","4":"format-standard","5":"has-post-thumbnail","7":"category-chascomus","8":"category-interes-general","9":"category-politica-local"},"jetpack_publicize_connections":[],"jetpack_featured_media_url":"https:\/\/i0.wp.com\/larevistadigital.com.ar\/blog\/wp-content\/uploads\/homenaje-a-Evita.jpg?fit=1600%2C1200&ssl=1","jetpack_sharing_enabled":true,"jetpack_shortlink":"https:\/\/wp.me\/p8qtrQ-azq","jetpack-related-posts":[{"id":46702,"url":"https:\/\/larevistadigital.com.ar\/blog\/el-peronismo-de-chascomus-homenajeo-a-eva-peron-con-un-acto-e-inauguro-una-nueva-senalizacion-en-el-paseo-que-lleva-su-nombre\/","url_meta":{"origin":40636,"position":0},"title":"El peronismo de Chascom\u00fas homenaje\u00f3 a Eva Per\u00f3n con un acto e inaugur\u00f3 una nueva se\u00f1alizaci\u00f3n en el paseo que lleva su nombre","author":"Alejandro Sosa Ruda","date":"26 julio, 2026","format":false,"excerpt":"En un nuevo aniversario del paso a la inmortalidad de Eva Per\u00f3n, el Partido Justicialista de Chascom\u00fas realiz\u00f3 un acto conmemorativo en la Costanera. Durante la jornada se inaugur\u00f3 una nueva se\u00f1alizaci\u00f3n del paseo que lleva el nombre de \"Evita\" y participaron representantes de los distintos sectores del peronismo local.\u2026","rel":"","context":"En \u00abDESTACADAS\u00bb","block_context":{"text":"DESTACADAS","link":"https:\/\/larevistadigital.com.ar\/blog\/category\/destacadas\/"},"img":{"alt_text":"","src":"https:\/\/i0.wp.com\/larevistadigital.com.ar\/blog\/wp-content\/uploads\/3-10.jpg?fit=853%2C568&ssl=1&resize=350%2C200","width":350,"height":200,"srcset":"https:\/\/i0.wp.com\/larevistadigital.com.ar\/blog\/wp-content\/uploads\/3-10.jpg?fit=853%2C568&ssl=1&resize=350%2C200 1x, https:\/\/i0.wp.com\/larevistadigital.com.ar\/blog\/wp-content\/uploads\/3-10.jpg?fit=853%2C568&ssl=1&resize=525%2C300 1.5x, https:\/\/i0.wp.com\/larevistadigital.com.ar\/blog\/wp-content\/uploads\/3-10.jpg?fit=853%2C568&ssl=1&resize=700%2C400 2x"},"classes":[]},{"id":11564,"url":"https:\/\/larevistadigital.com.ar\/blog\/chascomus-acto-por-el-67-aniversario-del-fallecimiento-de-eva-duarte-de-peron\/","url_meta":{"origin":40636,"position":1},"title":"CHASCOM\u00daS: ACTO POR EL 67\u00b0 ANIVERSARIO DEL FALLECIMIENTO DE EVA DUARTE DE PER\u00d3N","author":"Alejandro Sosa Ruda","date":"28 julio, 2019","format":false,"excerpt":"El presidente del Partido Justicialista de Chascom\u00fas, Gabriel Macchi participo junto a dirigentes y militantes del acto por el 67\u00b0 aniversario del fallecimiento de Eva Duarte de Per\u00f3n, la recordada \"Evita\". Entre otros, lo acompa\u00f1aron \u00a0Norberto Liwski, la precandidata a concejal Mar\u00eda Eugenia Ludue\u00f1a, Lorena Herrera, y militantes peronistas. Macchi\u2026","rel":"","context":"En \u00abINTERES GENERAL\u00bb","block_context":{"text":"INTERES GENERAL","link":"https:\/\/larevistadigital.com.ar\/blog\/category\/interes-general\/"},"img":{"alt_text":"","src":"https:\/\/i0.wp.com\/larevistadigital.com.ar\/blog\/wp-content\/uploads\/bbx_35647273_1_monumento_evita.jpg?fit=800%2C579&ssl=1&resize=350%2C200","width":350,"height":200,"srcset":"https:\/\/i0.wp.com\/larevistadigital.com.ar\/blog\/wp-content\/uploads\/bbx_35647273_1_monumento_evita.jpg?fit=800%2C579&ssl=1&resize=350%2C200 1x, https:\/\/i0.wp.com\/larevistadigital.com.ar\/blog\/wp-content\/uploads\/bbx_35647273_1_monumento_evita.jpg?fit=800%2C579&ssl=1&resize=525%2C300 1.5x, https:\/\/i0.wp.com\/larevistadigital.com.ar\/blog\/wp-content\/uploads\/bbx_35647273_1_monumento_evita.jpg?fit=800%2C579&ssl=1&resize=700%2C400 2x"},"classes":[]},{"id":32592,"url":"https:\/\/larevistadigital.com.ar\/blog\/chascomus-el-partido-justicialista-homenajeara-manana-a-eva-peron\/","url_meta":{"origin":40636,"position":2},"title":"CHASCOM\u00daS: EL PARTIDO JUSTICIALISTA HOMENAJEAR\u00c1 MA\u00d1ANA A EVA PERON","author":"Alejandro Sosa Ruda","date":"26 julio, 2023","format":false,"excerpt":"El acto se llevar\u00e1 a cabo a las 16,30 horas. 25 de julio de 2023 CHASCOM\u00daS -\u00a0 El d\u00eda de ma\u00f1ana, mi\u00e9rcoles 26 de julio de 2023 se cumplir\u00e1n 71 a\u00f1os del fallecimiento de Eva Per\u00f3n, y el Partido Justicialista de Chascom\u00fas realizar\u00e1 un homenaje a la l\u00edder de los\u2026","rel":"","context":"En \u00abINTERES GENERAL\u00bb","block_context":{"text":"INTERES GENERAL","link":"https:\/\/larevistadigital.com.ar\/blog\/category\/interes-general\/"},"img":{"alt_text":"","src":"https:\/\/i0.wp.com\/larevistadigital.com.ar\/blog\/wp-content\/uploads\/363441014_666857208808069_6647322409174583381_n.jpg?fit=675%2C1200&ssl=1&resize=350%2C200","width":350,"height":200,"srcset":"https:\/\/i0.wp.com\/larevistadigital.com.ar\/blog\/wp-content\/uploads\/363441014_666857208808069_6647322409174583381_n.jpg?fit=675%2C1200&ssl=1&resize=350%2C200 1x, https:\/\/i0.wp.com\/larevistadigital.com.ar\/blog\/wp-content\/uploads\/363441014_666857208808069_6647322409174583381_n.jpg?fit=675%2C1200&ssl=1&resize=525%2C300 1.5x"},"classes":[]},{"id":6912,"url":"https:\/\/larevistadigital.com.ar\/blog\/javier-gaston-encabezo-el-acto-de-emplazamiento-del-busto-de-evita\/","url_meta":{"origin":40636,"position":3},"title":"JAVIER GAST\u00d3N ENCABEZ\u00d3 EL ACTO DE EMPLAZAMIENTO DEL BUSTO DE EVITA","author":"Alejandro Sosa Ruda","date":"18 octubre, 2018","format":false,"excerpt":"En el marco de la conmemoraci\u00f3n por el d\u00eda de la Lealtad, el intendente municipal particip\u00f3 de un emotivo acto en el que se restituy\u00f3 a su atril original el busto de Eva Duarte de Per\u00f3n. Acompa\u00f1ado por el ex jefe comunal, Miguel \u00c1ngel Tocci, y en una clara expresi\u00f3n\u2026","rel":"","context":"En \u00abPOLITICA\u00bb","block_context":{"text":"POLITICA","link":"https:\/\/larevistadigital.com.ar\/blog\/category\/politica\/"},"img":{"alt_text":"","src":"https:\/\/i0.wp.com\/larevistadigital.com.ar\/blog\/wp-content\/uploads\/2018\/10\/44283502_2109452362408971_6528249779095339008_o.jpg?fit=1200%2C800&ssl=1&resize=350%2C200","width":350,"height":200,"srcset":"https:\/\/i0.wp.com\/larevistadigital.com.ar\/blog\/wp-content\/uploads\/2018\/10\/44283502_2109452362408971_6528249779095339008_o.jpg?fit=1200%2C800&ssl=1&resize=350%2C200 1x, https:\/\/i0.wp.com\/larevistadigital.com.ar\/blog\/wp-content\/uploads\/2018\/10\/44283502_2109452362408971_6528249779095339008_o.jpg?fit=1200%2C800&ssl=1&resize=525%2C300 1.5x, https:\/\/i0.wp.com\/larevistadigital.com.ar\/blog\/wp-content\/uploads\/2018\/10\/44283502_2109452362408971_6528249779095339008_o.jpg?fit=1200%2C800&ssl=1&resize=700%2C400 2x, https:\/\/i0.wp.com\/larevistadigital.com.ar\/blog\/wp-content\/uploads\/2018\/10\/44283502_2109452362408971_6528249779095339008_o.jpg?fit=1200%2C800&ssl=1&resize=1050%2C600 3x"},"classes":[]},{"id":35509,"url":"https:\/\/larevistadigital.com.ar\/blog\/historico-el-peronismo-inauguro-su-nueva-sede-en-chascomus-con-la-presencia-del-presidente-del-pj-provincial-maximo-kirchner\/","url_meta":{"origin":40636,"position":4},"title":"HIST\u00d3RICO: EL PERONISMO INAUGUR\u00d3 SU NUEVA SEDE EN CHASCOM\u00daS, CON LA PRESENCIA DEL PRESIDENTE DEL PJ PROVINCIAL, M\u00c1XIMO KIRCHNER","author":"Alejandro Sosa Ruda","date":"12 marzo, 2024","format":false,"excerpt":"Con la indispensable conducci\u00f3n de Cote Rossi, la presidencia partidaria de Alfredo Machin, y la presencia de dirigentes, referentes y militantes, se cumpli\u00f3 con uno de los m\u00e1s grandes anhelos de los peronistas de Chascom\u00fas: tener la casa partidaria propia. 11 de marzo de 2024 CHASCOM\u00daS -\u00a0\u00a0El acto estaba previsto\u2026","rel":"","context":"En \u00abDESTACADAS\u00bb","block_context":{"text":"DESTACADAS","link":"https:\/\/larevistadigital.com.ar\/blog\/category\/destacadas\/"},"img":{"alt_text":"","src":"https:\/\/i0.wp.com\/larevistadigital.com.ar\/blog\/wp-content\/uploads\/corte-cinta.jpg?fit=799%2C527&ssl=1&resize=350%2C200","width":350,"height":200,"srcset":"https:\/\/i0.wp.com\/larevistadigital.com.ar\/blog\/wp-content\/uploads\/corte-cinta.jpg?fit=799%2C527&ssl=1&resize=350%2C200 1x, https:\/\/i0.wp.com\/larevistadigital.com.ar\/blog\/wp-content\/uploads\/corte-cinta.jpg?fit=799%2C527&ssl=1&resize=525%2C300 1.5x, https:\/\/i0.wp.com\/larevistadigital.com.ar\/blog\/wp-content\/uploads\/corte-cinta.jpg?fit=799%2C527&ssl=1&resize=700%2C400 2x"},"classes":[]},{"id":12801,"url":"https:\/\/larevistadigital.com.ar\/blog\/12801-2\/","url_meta":{"origin":40636,"position":5},"title":"NUTRIDO ENCUENTRO PERONISTA PARA APOYAR A GASTON, KICILLOF Y FERNANDEZ\u00bb","author":"Alejandro Sosa Ruda","date":"25 octubre, 2019","format":false,"excerpt":"Referentes del peronismo de la ciudad de Chascomus realizaron un encuentro de militantes, vecinos y dirigentes sociales para brindar\u00a0\u201cratificar su apoyo a la candidatura del Intendente Javier Chapa Gast\u00f3n, y las candidaturas a Presidente de Alberto Fern\u00e1ndez y Axel kicillof en la provincia\u201d seg\u00fan informaron los organizadores. Convocados por un\u2026","rel":"","context":"En \u00abCHASCOM\u00daS\u00bb","block_context":{"text":"CHASCOM\u00daS","link":"https:\/\/larevistadigital.com.ar\/blog\/category\/chascomus\/"},"img":{"alt_text":"","src":"https:\/\/i0.wp.com\/larevistadigital.com.ar\/blog\/wp-content\/uploads\/WhatsApp-Image-2019-10-24-at-14.17.21.jpeg?fit=1024%2C768&ssl=1&resize=350%2C200","width":350,"height":200,"srcset":"https:\/\/i0.wp.com\/larevistadigital.com.ar\/blog\/wp-content\/uploads\/WhatsApp-Image-2019-10-24-at-14.17.21.jpeg?fit=1024%2C768&ssl=1&resize=350%2C200 1x, https:\/\/i0.wp.com\/larevistadigital.com.ar\/blog\/wp-content\/uploads\/WhatsApp-Image-2019-10-24-at-14.17.21.jpeg?fit=1024%2C768&ssl=1&resize=525%2C300 1.5x, https:\/\/i0.wp.com\/larevistadigital.com.ar\/blog\/wp-content\/uploads\/WhatsApp-Image-2019-10-24-at-14.17.21.jpeg?fit=1024%2C768&ssl=1&resize=700%2C400 2x"},"classes":[]}],"_links":{"self":[{"href":"https:\/\/larevistadigital.com.ar\/blog\/wp-json\/wp\/v2\/posts\/40636","targetHints":{"allow":["GET"]}}],"collection":[{"href":"https:\/\/larevistadigital.com.ar\/blog\/wp-json\/wp\/v2\/posts"}],"about":[{"href":"https:\/\/larevistadigital.com.ar\/blog\/wp-json\/wp\/v2\/types\/post"}],"author":[{"embeddable":true,"href":"https:\/\/larevistadigital.com.ar\/blog\/wp-json\/wp\/v2\/users\/3"}],"replies":[{"embeddable":true,"href":"https:\/\/larevistadigital.com.ar\/blog\/wp-json\/wp\/v2\/comments?post=40636"}],"version-history":[{"count":1,"href":"https:\/\/larevistadigital.com.ar\/blog\/wp-json\/wp\/v2\/posts\/40636\/revisions"}],"predecessor-version":[{"id":40638,"href":"https:\/\/larevistadigital.com.ar\/blog\/wp-json\/wp\/v2\/posts\/40636\/revisions\/40638"}],"wp:featuredmedia":[{"embeddable":true,"href":"https:\/\/larevistadigital.com.ar\/blog\/wp-json\/wp\/v2\/media\/40637"}],"wp:attachment":[{"href":"https:\/\/larevistadigital.com.ar\/blog\/wp-json\/wp\/v2\/media?parent=40636"}],"wp:term":[{"taxonomy":"category","embeddable":true,"href":"https:\/\/larevistadigital.com.ar\/blog\/wp-json\/wp\/v2\/categories?post=40636"},{"taxonomy":"post_tag","embeddable":true,"href":"https:\/\/larevistadigital.com.ar\/blog\/wp-json\/wp\/v2\/tags?post=40636"}],"curies":[{"name":"wp","href":"https:\/\/api.w.org\/{rel}","templated":true}]}}