{"id":408,"date":"2017-02-23T13:02:49","date_gmt":"2017-02-23T13:02:49","guid":{"rendered":"https:\/\/larevistadigital.com.ar\/blog\/?p=408"},"modified":"2017-02-23T13:02:49","modified_gmt":"2017-02-23T13:02:49","slug":"ritual-belleza-las-novias","status":"publish","type":"post","link":"https:\/\/larevistadigital.com.ar\/blog\/ritual-belleza-las-novias\/","title":{"rendered":"El ritual de belleza para las novias"},"content":{"rendered":"<h2 class=\"subtitulo\">Los tratamientos est\u00e9ticos que debes tener en cuenta para estar radiante el d\u00eda de tu boda.<\/h2>\n<p class=\"byline\">por <a href=\"http:\/\/www.mujerhoy.com\/autores\/araceli-nicolas-1189.html\">ARACELI NICOL\u00c1S<\/a><\/p>\n<p class=\"fecha\"><time>22 FEB 2017<\/time><\/p>\n<p class=\"fecha\"><a href=\"https:\/\/i0.wp.com\/larevistadigital.com.ar\/blog\/wp-content\/uploads\/2017\/02\/novia-belleza-tratamientos.jpg?ssl=1\"><img data-recalc-dims=\"1\" loading=\"lazy\" decoding=\"async\" class=\"wp-image-409 alignleft\" src=\"https:\/\/i0.wp.com\/larevistadigital.com.ar\/blog\/wp-content\/uploads\/2017\/02\/novia-belleza-tratamientos.jpg?resize=355%2C267&#038;ssl=1\" alt=\"\" width=\"355\" height=\"267\" srcset=\"https:\/\/i0.wp.com\/larevistadigital.com.ar\/blog\/wp-content\/uploads\/2017\/02\/novia-belleza-tratamientos.jpg?resize=300%2C225&amp;ssl=1 300w, https:\/\/i0.wp.com\/larevistadigital.com.ar\/blog\/wp-content\/uploads\/2017\/02\/novia-belleza-tratamientos.jpg?resize=326%2C245&amp;ssl=1 326w, https:\/\/i0.wp.com\/larevistadigital.com.ar\/blog\/wp-content\/uploads\/2017\/02\/novia-belleza-tratamientos.jpg?resize=80%2C60&amp;ssl=1 80w, https:\/\/i0.wp.com\/larevistadigital.com.ar\/blog\/wp-content\/uploads\/2017\/02\/novia-belleza-tratamientos.jpg?w=644&amp;ssl=1 644w\" sizes=\"auto, (max-width: 355px) 100vw, 355px\" \/><\/a><\/p>\n<p class=\"fecha\">De la misma manera que nunca se deja a la improvisaci\u00f3n el lugar de celebraci\u00f3n, las invitaciones, o el vestido de la boda, hay que pensar en los tratamientos de belleza que la novia necesita para estar radiante el gran d\u00eda.<\/p>\n<div class=\"entradilla\">\n<p>Adem\u00e1s de elegir el peinado y el maquillaje perfectos para complementar el vestido, toda novia que quiera brillar el d\u00eda B tendr\u00e1 que someterse a algunos <strong>tratamientos de belleza<\/strong>, seg\u00fan las necesidades personales.<\/p>\n<aside class=\"comp_apoyo derecha\">\n<header>\n<h3 class=\"epigrafe\"><\/h3>\n<\/header>\n<article class=\"apoyo\n                             noticia\"><\/article>\n<article class=\"apoyo\n                             noticia\"><\/p>\n<figure><\/figure>\n<\/article>\n<\/aside>\n<p>Lo m\u00e1s acertado es establecer un calendario de belleza. Casi todos los centros est\u00e9ticos tienen <strong>paquetes especiales para novias<\/strong> con tratamientos faciales (para combatir el acn\u00e9, eliminar manchas, reafirmar, dar luminosidad\u2026), tratamientos corporales (anticelul\u00edticos, reductores, hidratantes, reafirmantes\u2026), manicuras y pedicuras, tratamientos de cejas y pesta\u00f1as, adem\u00e1s del l\u00e1ser para eliminar el vello.<\/p>\n<p>No hay que olvidar el <strong>pelo<\/strong>, el peinado que elijas quedar\u00e1 mejor si tu cabello est\u00e1 sano, bien nutrido y con la coloraci\u00f3n perfecta, pregunta en tu peluquer\u00eda por los tratamientos m\u00e1s recomendables seg\u00fan tu tipo de pelo..<\/p>\n<h3 class=\"ladillo\">Para un rostro luminoso y radiante<\/h3>\n<p>L\u00f3gicamente los tratamientos faciales para las novias tienen que <strong>personalizarse<\/strong> seg\u00fan las necesidades de cada una. No es lo mismo casarse a los 25 que a los 40. Los m\u00e1s demandados suelen ser el <strong>peeling qu\u00edmico<\/strong> que sirve para tratar las secuelas del acn\u00e9, las manchas y las peque\u00f1as arrugas, y que da, adem\u00e1s, una gran luminosidad al rostro. Este tratamiento debe realizarse al menos 3 meses antes de la boda. Aunque tambi\u00e9n existen peelings medios que pueden utilizarse unos d\u00edas antes de la boda porque no son agresivos.<\/p>\n<p>Otro tratamiento con el que se consigue m\u00e1s luminosidad e hidrataci\u00f3n es la <strong>mesoterapia facial con vitaminas y \u00e1cido hialur\u00f3nico<\/strong>, que estimula la creaci\u00f3n de col\u00e1geno, incrementando la hidrataci\u00f3n y luminosidad. Adem\u00e1s mejora la elasticidad y combate la flacidez y el envejecimiento.<\/p>\n<p>En la semana anterior a la boda conviene realizar un <strong>tratamiento facial con efecto flash<\/strong>, que no es invasivo y que suele incluir una limpieza, un peeling suave, radiofrecuencia, mascarilla, velo de col\u00e1geno&#8230;<\/p>\n<h3 class=\"ladillo\">Tratamientos de belleza para un cuerpo 10<\/h3>\n<p>Es habitual que muchas novias quieran perder algo de peso para el d\u00eda B. Lo m\u00e1s recomendable es ponerse en manos de un buen nutricionista <strong>unos meses antes de la boda<\/strong>, y combinar una dieta sana y equilibrada con la pr\u00e1ctica de ejercicio.<\/p>\n<p>Adem\u00e1s si existe un problema de <strong>grasa localizada<\/strong> en ciertas partes del cuerpo como el abdomen, las cartucheras, etc. se puede acudir a un centro est\u00e9tico.<\/p>\n<p><strong>Liposucciones, ondas ac\u00fasticas de choque, vacumterapia<\/strong>, masajes combinados con aparatolog\u00eda y manuales, drenaje linf\u00e1tico\u2026 son los tratamientos corporales m\u00e1s demandados y eficaces para reducir algunos cent\u00edmetros, la celulitis o luchar contra la flacidez en los brazos, de cara al d\u00eda B. Es necesario empezar con ellos entre 3 y 6 meses antes de la boda para conseguir los resultados deseados.<\/p>\n<div class=\"comp_listado bullet\">\n<p class=\"epigrafe\">\n<\/div>\n<\/div>\n","protected":false},"excerpt":{"rendered":"<div class=\"mh-excerpt\"><p>Los tratamientos est\u00e9ticos que debes tener en cuenta para estar radiante el d\u00eda de tu boda. por ARACELI NICOL\u00c1S 22 FEB 2017 De la misma manera que nunca se deja a la improvisaci\u00f3n el lugar <a class=\"mh-excerpt-more\" href=\"https:\/\/larevistadigital.com.ar\/blog\/ritual-belleza-las-novias\/\" title=\"El ritual de belleza para las novias\">[Leer M\u00e1s]<\/a><\/p>\n<\/div>","protected":false},"author":2,"featured_media":409,"comment_status":"open","ping_status":"open","sticky":false,"template":"","format":"standard","meta":{"_jetpack_memberships_contains_paid_content":false,"footnotes":"","jetpack_publicize_message":"El ritual de belleza para las novias","jetpack_publicize_feature_enabled":true,"jetpack_social_post_already_shared":true,"jetpack_social_options":{"image_generator_settings":{"template":"highway","default_image_id":0,"font":"","enabled":false},"version":2}},"categories":[35,31],"tags":[],"class_list":{"0":"post-408","1":"post","2":"type-post","3":"status-publish","4":"format-standard","5":"has-post-thumbnail","7":"category-mujer","8":"category-suplementos"},"jetpack_publicize_connections":[],"jetpack_featured_media_url":"https:\/\/i0.wp.com\/larevistadigital.com.ar\/blog\/wp-content\/uploads\/2017\/02\/novia-belleza-tratamientos.jpg?fit=644%2C482&ssl=1","jetpack_sharing_enabled":true,"jetpack_shortlink":"https:\/\/wp.me\/p8qtrQ-6A","jetpack-related-posts":[{"id":44931,"url":"https:\/\/larevistadigital.com.ar\/blog\/el-misterio-del-parque-primavesi-la-leyenda-de-la-novia-que-aparece-entre-las-sombras\/","url_meta":{"origin":408,"position":0},"title":"El misterio del Parque Primavesi: la leyenda de la novia que aparece entre las sombras","author":"Alejandro Sosa Ruda","date":"5 abril, 2026","format":false,"excerpt":"Una historia inquietante sobre una joven vestida de blanco que deambula por las noches revive uno de los relatos m\u00e1s oscuros y persistentes de Mar del Plata. 05 de abril de 2026 En el coraz\u00f3n de la ciudad, el Parque Primavesi es mucho m\u00e1s que un espacio verde elegido por\u2026","rel":"","context":"En \u00abREGIONALES\u00bb","block_context":{"text":"REGIONALES","link":"https:\/\/larevistadigital.com.ar\/blog\/category\/regionales\/"},"img":{"alt_text":"","src":"https:\/\/i0.wp.com\/larevistadigital.com.ar\/blog\/wp-content\/uploads\/Captura-de-pantalla-2026-04-05-224403.jpg?fit=733%2C398&ssl=1&resize=350%2C200","width":350,"height":200,"srcset":"https:\/\/i0.wp.com\/larevistadigital.com.ar\/blog\/wp-content\/uploads\/Captura-de-pantalla-2026-04-05-224403.jpg?fit=733%2C398&ssl=1&resize=350%2C200 1x, https:\/\/i0.wp.com\/larevistadigital.com.ar\/blog\/wp-content\/uploads\/Captura-de-pantalla-2026-04-05-224403.jpg?fit=733%2C398&ssl=1&resize=525%2C300 1.5x, https:\/\/i0.wp.com\/larevistadigital.com.ar\/blog\/wp-content\/uploads\/Captura-de-pantalla-2026-04-05-224403.jpg?fit=733%2C398&ssl=1&resize=700%2C400 2x"},"classes":[]},{"id":14226,"url":"https:\/\/larevistadigital.com.ar\/blog\/grabo-a-su-novia-teniendo-sexo-con-su-cunado-y-puso-el-video-en-la-fiesta-de-casamiento\/","url_meta":{"origin":408,"position":1},"title":"GRAB\u00d3 A SU NOVIA, TENIENDO SEXO CON SU CU\u00d1ADO Y PUSO EL VIDEO EN LA FIESTA DE CASAMIENTO","author":"Alejandro Sosa Ruda","date":"16 enero, 2020","format":false,"excerpt":"La secuencia, ocurrida en China, se viraliz\u00f3 r\u00e1pidamente por las redes sociales. En las im\u00e1genes se puede ver el inicio de la ceremonia y su abrupto final tras la difusi\u00f3n del video en la pantalla gigante detr\u00e1s de novios. \"\u00bfCre\u00edas que no me iba a enterar?\", le recrimin\u00f3 el hombre\u2026","rel":"","context":"En \u00abLO V\u00cd EN INTERNET\u00bb","block_context":{"text":"LO V\u00cd EN INTERNET","link":"https:\/\/larevistadigital.com.ar\/blog\/category\/lo-vi-en-internet\/"},"img":{"alt_text":"","src":"https:\/\/i0.wp.com\/larevistadigital.com.ar\/blog\/wp-content\/uploads\/Screenshot_1-84.jpg?fit=932%2C525&ssl=1&resize=350%2C200","width":350,"height":200,"srcset":"https:\/\/i0.wp.com\/larevistadigital.com.ar\/blog\/wp-content\/uploads\/Screenshot_1-84.jpg?fit=932%2C525&ssl=1&resize=350%2C200 1x, https:\/\/i0.wp.com\/larevistadigital.com.ar\/blog\/wp-content\/uploads\/Screenshot_1-84.jpg?fit=932%2C525&ssl=1&resize=525%2C300 1.5x, https:\/\/i0.wp.com\/larevistadigital.com.ar\/blog\/wp-content\/uploads\/Screenshot_1-84.jpg?fit=932%2C525&ssl=1&resize=700%2C400 2x"},"classes":[]},{"id":36561,"url":"https:\/\/larevistadigital.com.ar\/blog\/kicillof-y-kreplak-anunciaron-la-ampliacion-de-la-cobertura-de-medicamentos-oncologicos\/","url_meta":{"origin":408,"position":2},"title":"KICILLOF Y KREPLAK ANUNCIARON LA AMPLIACI\u00d3N DE LA COBERTURA DE MEDICAMENTOS ONCOL\u00d3GICOS","author":"Alejandro Sosa Ruda","date":"3 julio, 2024","format":false,"excerpt":"La Provincia invertir\u00e1 $12.000 millones para brindar m\u00e1s y mejores tratamientos contra el c\u00e1ncer. 03 de Julio de 2024 BUENOS AIRES -\u00a0 El gobernador Axel Kicillof anunci\u00f3 este martes junto al ministro de Salud, Nicol\u00e1s Kreplak, la ampliaci\u00f3n del vadem\u00e9cum provincial de medicamentos oncol\u00f3gicos, que con una inversi\u00f3n de $12.000\u2026","rel":"","context":"En \u00abDESTACADAS\u00bb","block_context":{"text":"DESTACADAS","link":"https:\/\/larevistadigital.com.ar\/blog\/category\/destacadas\/"},"img":{"alt_text":"","src":"https:\/\/i0.wp.com\/larevistadigital.com.ar\/blog\/wp-content\/uploads\/DAE3236.jpg?fit=743%2C530&ssl=1&resize=350%2C200","width":350,"height":200,"srcset":"https:\/\/i0.wp.com\/larevistadigital.com.ar\/blog\/wp-content\/uploads\/DAE3236.jpg?fit=743%2C530&ssl=1&resize=350%2C200 1x, https:\/\/i0.wp.com\/larevistadigital.com.ar\/blog\/wp-content\/uploads\/DAE3236.jpg?fit=743%2C530&ssl=1&resize=525%2C300 1.5x, https:\/\/i0.wp.com\/larevistadigital.com.ar\/blog\/wp-content\/uploads\/DAE3236.jpg?fit=743%2C530&ssl=1&resize=700%2C400 2x"},"classes":[]},{"id":27734,"url":"https:\/\/larevistadigital.com.ar\/blog\/condenaron-a-prision-a-un-dentista-por-arreglar-caries-falsas\/","url_meta":{"origin":408,"position":3},"title":"CONDENARON A PRISI\u00d3N A UN DENTISTA POR ARREGLAR CARIES FALSAS","author":"Alejandro Sosa Ruda","date":"13 septiembre, 2022","format":false,"excerpt":"Un odont\u00f3logo fue sentenciado a cumplir ocho a\u00f1os de c\u00e1rcel por someter a miles de pacientes a pasar por tratamientos de conducto que no eran necesarios. 13 de septiembre de 2022 FRANCIA -\u00a0 La justicia de Marsella, en Francia, conden\u00f3 a ocho a\u00f1os de c\u00e1rcel a un dentista que se\u2026","rel":"","context":"En \u00abCURIOSAS\u00bb","block_context":{"text":"CURIOSAS","link":"https:\/\/larevistadigital.com.ar\/blog\/category\/curiosas\/"},"img":{"alt_text":"","src":"https:\/\/i0.wp.com\/larevistadigital.com.ar\/blog\/wp-content\/uploads\/DENTISTA.png?fit=619%2C342&ssl=1&resize=350%2C200","width":350,"height":200,"srcset":"https:\/\/i0.wp.com\/larevistadigital.com.ar\/blog\/wp-content\/uploads\/DENTISTA.png?fit=619%2C342&ssl=1&resize=350%2C200 1x, https:\/\/i0.wp.com\/larevistadigital.com.ar\/blog\/wp-content\/uploads\/DENTISTA.png?fit=619%2C342&ssl=1&resize=525%2C300 1.5x"},"classes":[]},{"id":17245,"url":"https:\/\/larevistadigital.com.ar\/blog\/la-ucr-presento-un-proyecto-de-consulta-popular-por-el-tema-del-basurero-regional-en-chascomus\/","url_meta":{"origin":408,"position":4},"title":"LA UCR PRESENT\u00d3 UN PROYECTO DE CONSULTA POPULAR POR EL TEMA DEL \u00abBASURERO REGIONAL EN CHASCOM\u00daS\u00bb","author":"Alejandro Sosa Ruda","date":"27 octubre, 2020","format":false,"excerpt":"Mientras que desde el Departamento Ejecutivo de Chascom\u00fas se pretende hacer aprobar una ordenanza en la sesi\u00f3n del d\u00eda jueves pr\u00f3ximo, donde se lo faculte a contratar o acordar lo que desee con respecto del tema de traer la basura de otros distritos a Chascom\u00fas, sin posibilidad de discusi\u00f3n por\u2026","rel":"","context":"En \u00abINTERES GENERAL\u00bb","block_context":{"text":"INTERES GENERAL","link":"https:\/\/larevistadigital.com.ar\/blog\/category\/interes-general\/"},"img":{"alt_text":"","src":"https:\/\/i0.wp.com\/larevistadigital.com.ar\/blog\/wp-content\/uploads\/consulta-popular.jpeg?fit=750%2C375&ssl=1&resize=350%2C200","width":350,"height":200,"srcset":"https:\/\/i0.wp.com\/larevistadigital.com.ar\/blog\/wp-content\/uploads\/consulta-popular.jpeg?fit=750%2C375&ssl=1&resize=350%2C200 1x, https:\/\/i0.wp.com\/larevistadigital.com.ar\/blog\/wp-content\/uploads\/consulta-popular.jpeg?fit=750%2C375&ssl=1&resize=525%2C300 1.5x, https:\/\/i0.wp.com\/larevistadigital.com.ar\/blog\/wp-content\/uploads\/consulta-popular.jpeg?fit=750%2C375&ssl=1&resize=700%2C400 2x"},"classes":[]},{"id":5153,"url":"https:\/\/larevistadigital.com.ar\/blog\/la-vuelta-los-valles-calchaquies-saltenos\/","url_meta":{"origin":408,"position":5},"title":"La vuelta a los Valles Calchaqu\u00edes salte\u00f1os","author":"admin","date":"1 marzo, 2018","format":false,"excerpt":"Un camino que sube y que baja por las monta\u00f1as, que cruza r\u00edos y atraviesa rectas interminables e inquietantes cornisas, que descubre a su paso pueblitos encantadores. La entrada norte a los Valles Calchaqu\u00edes es toda una experiencia. Un viaje por paisajes naturales y culturales donde se descubren lugares de\u2026","rel":"","context":"En \u00abTURISMO\u00bb","block_context":{"text":"TURISMO","link":"https:\/\/larevistadigital.com.ar\/blog\/category\/turismo\/"},"img":{"alt_text":"","src":"https:\/\/i0.wp.com\/larevistadigital.com.ar\/blog\/wp-content\/uploads\/2018\/03\/1495835891448-cachi_7.jpg?fit=1200%2C514&ssl=1&resize=350%2C200","width":350,"height":200,"srcset":"https:\/\/i0.wp.com\/larevistadigital.com.ar\/blog\/wp-content\/uploads\/2018\/03\/1495835891448-cachi_7.jpg?fit=1200%2C514&ssl=1&resize=350%2C200 1x, https:\/\/i0.wp.com\/larevistadigital.com.ar\/blog\/wp-content\/uploads\/2018\/03\/1495835891448-cachi_7.jpg?fit=1200%2C514&ssl=1&resize=525%2C300 1.5x, https:\/\/i0.wp.com\/larevistadigital.com.ar\/blog\/wp-content\/uploads\/2018\/03\/1495835891448-cachi_7.jpg?fit=1200%2C514&ssl=1&resize=700%2C400 2x, https:\/\/i0.wp.com\/larevistadigital.com.ar\/blog\/wp-content\/uploads\/2018\/03\/1495835891448-cachi_7.jpg?fit=1200%2C514&ssl=1&resize=1050%2C600 3x"},"classes":[]}],"_links":{"self":[{"href":"https:\/\/larevistadigital.com.ar\/blog\/wp-json\/wp\/v2\/posts\/408","targetHints":{"allow":["GET"]}}],"collection":[{"href":"https:\/\/larevistadigital.com.ar\/blog\/wp-json\/wp\/v2\/posts"}],"about":[{"href":"https:\/\/larevistadigital.com.ar\/blog\/wp-json\/wp\/v2\/types\/post"}],"author":[{"embeddable":true,"href":"https:\/\/larevistadigital.com.ar\/blog\/wp-json\/wp\/v2\/users\/2"}],"replies":[{"embeddable":true,"href":"https:\/\/larevistadigital.com.ar\/blog\/wp-json\/wp\/v2\/comments?post=408"}],"version-history":[{"count":1,"href":"https:\/\/larevistadigital.com.ar\/blog\/wp-json\/wp\/v2\/posts\/408\/revisions"}],"predecessor-version":[{"id":410,"href":"https:\/\/larevistadigital.com.ar\/blog\/wp-json\/wp\/v2\/posts\/408\/revisions\/410"}],"wp:featuredmedia":[{"embeddable":true,"href":"https:\/\/larevistadigital.com.ar\/blog\/wp-json\/wp\/v2\/media\/409"}],"wp:attachment":[{"href":"https:\/\/larevistadigital.com.ar\/blog\/wp-json\/wp\/v2\/media?parent=408"}],"wp:term":[{"taxonomy":"category","embeddable":true,"href":"https:\/\/larevistadigital.com.ar\/blog\/wp-json\/wp\/v2\/categories?post=408"},{"taxonomy":"post_tag","embeddable":true,"href":"https:\/\/larevistadigital.com.ar\/blog\/wp-json\/wp\/v2\/tags?post=408"}],"curies":[{"name":"wp","href":"https:\/\/api.w.org\/{rel}","templated":true}]}}