{"id":40910,"date":"2025-08-14T10:02:31","date_gmt":"2025-08-14T13:02:31","guid":{"rendered":"https:\/\/larevistadigital.com.ar\/blog\/?p=40910"},"modified":"2025-09-12T15:47:31","modified_gmt":"2025-09-12T18:47:31","slug":"guillermo-montenegro-visito-chascomus-y-compartio-una-jornada-de-dialogo-y-camaraderia","status":"publish","type":"post","link":"https:\/\/larevistadigital.com.ar\/blog\/guillermo-montenegro-visito-chascomus-y-compartio-una-jornada-de-dialogo-y-camaraderia\/","title":{"rendered":"Guillermo Montenegro visit\u00f3 Chascom\u00fas y comparti\u00f3 una jornada de di\u00e1logo y camarader\u00eda"},"content":{"rendered":"<h2><em>Con un clima de entusiasmo y energ\u00eda positiva, el flamante candidato a primer senador por la Quinta Secci\u00f3n Electoral, Guillermo Montenegro, visit\u00f3 este jueves Chascom\u00fas.<\/em><\/h2>\n<p>14 de Agosto de 2025<\/p>\n<p><strong>CHASCOM\u00daS &#8211; <\/strong>La actividad comenz\u00f3 pasadas las 10 de la ma\u00f1ana de ayer en el local de La Libertad Avanza, donde <strong>Montenegro<\/strong> fue recibido por una gran cantidad de vecinos, junto a los candidatos a concejales <strong>Freddy Toledo<\/strong>, <strong>Gabriela Manzzoni<\/strong> y <strong>Gabriel L\u00f3pez<\/strong>, entre otros.<\/p>\n<p data-start=\"642\" data-end=\"997\">El encuentro cont\u00f3 con la presencia destacada del diputado <strong>Gast\u00f3n Abonjo<\/strong>, as\u00ed como de los candidatos a senadores <strong>Cecilia Mart\u00ednez, Luj\u00e1n Fiego y Mat\u00edas De Urraza<\/strong>. Tambi\u00e9n participaron el coordinador local de LLA, <strong>Antonio \u201cLito\u201d Fern\u00e1ndez<\/strong> \u2014quien brind\u00f3 un discurso valorando el trabajo en equipo y el compromiso militante\u2014 y el referente <strong>Javier Hartmann<\/strong>.<\/p>\n<p data-start=\"999\" data-end=\"1350\"><strong>Montenegro<\/strong> dirigi\u00f3 unas palabras efusivas a los presentes, destacando la importancia de escuchar a la comunidad y fortalecer la representaci\u00f3n regional. Luego, la comitiva recorri\u00f3 comercios del centro, dialog\u00f3 con comerciantes y vecinos, y concluy\u00f3 la jornada en la Plaza Independencia, donde se continuaron los intercambios en un marco distendido.<\/p>\n<p data-start=\"1352\" data-end=\"1573\">Desde La Libertad Avanza Chascom\u00fas expresaron su agradecimiento por el respaldo recibido y por el acompa\u00f1amiento de dirigentes provinciales y locales en esta jornada que reforz\u00f3 el esp\u00edritu de unidad dentro del espacio.<\/p>\n","protected":false},"excerpt":{"rendered":"<div class=\"mh-excerpt\"><p>Con un clima de entusiasmo y energ\u00eda positiva, el flamante candidato a primer senador por la Quinta Secci\u00f3n Electoral, Guillermo Montenegro, visit\u00f3 este jueves Chascom\u00fas. 14 de Agosto de 2025 CHASCOM\u00daS &#8211; La actividad comenz\u00f3 <a class=\"mh-excerpt-more\" href=\"https:\/\/larevistadigital.com.ar\/blog\/guillermo-montenegro-visito-chascomus-y-compartio-una-jornada-de-dialogo-y-camaraderia\/\" title=\"Guillermo Montenegro visit\u00f3 Chascom\u00fas y comparti\u00f3 una jornada de di\u00e1logo y camarader\u00eda\">[Leer M\u00e1s]<\/a><\/p>\n<\/div>","protected":false},"author":3,"featured_media":40911,"comment_status":"open","ping_status":"open","sticky":false,"template":"","format":"standard","meta":{"_jetpack_memberships_contains_paid_content":false,"footnotes":"","jetpack_publicize_message":"","jetpack_publicize_feature_enabled":true,"jetpack_social_post_already_shared":true,"jetpack_social_options":{"image_generator_settings":{"template":"highway","default_image_id":0,"font":"","enabled":false},"version":2}},"categories":[41,23,1],"tags":[314],"class_list":{"0":"post-40910","1":"post","2":"type-post","3":"status-publish","4":"format-standard","5":"has-post-thumbnail","7":"category-destacadas","8":"category-politica-local","9":"category-sin-categoria","10":"tag-agosto"},"jetpack_publicize_connections":[],"jetpack_featured_media_url":"https:\/\/i0.wp.com\/larevistadigital.com.ar\/blog\/wp-content\/uploads\/WhatsApp-Image-2025-08-13-at-20.13.39.jpeg?fit=894%2C512&ssl=1","jetpack_sharing_enabled":true,"jetpack_shortlink":"https:\/\/wp.me\/p8qtrQ-aDQ","jetpack-related-posts":[{"id":3245,"url":"https:\/\/larevistadigital.com.ar\/blog\/chascomus-guillermo-montenegro-y-ramiro-ferrante-visitaron-el-nuevo-centro-de-monitoreo-de-la-ciudad\/","url_meta":{"origin":40910,"position":0},"title":"CHASCOM\u00daS: GUILLERMO MONTENEGRO Y RAMIRO FERRANTE VISITARON EL NUEVO CENTRO DE MONITOREO DE LA CIUDAD","author":"Alejandro Sosa Ruda","date":"5 septiembre, 2017","format":false,"excerpt":"Guillermo Montengro y Ramiro Ferrante, candidatos de Cambiemos a Diputado Nacional y Concejal \u00a0respectivamente, visitaron hoy el nuevo Centro de Monitoreo de la ciudad, ubicado en la esquina de Juli\u00e1n Quintana y Arenales. \u00a0 Recibidos por el Secretario de Seguridad Ciudadana de Chascom\u00fas, Santiago Muscarello, y junto a Soledad Nivio,\u2026","rel":"","context":"En \u00abDESTACADAS\u00bb","block_context":{"text":"DESTACADAS","link":"https:\/\/larevistadigital.com.ar\/blog\/category\/destacadas\/"},"img":{"alt_text":"","src":"https:\/\/i0.wp.com\/larevistadigital.com.ar\/blog\/wp-content\/uploads\/2017\/09\/Foto-2-Ferrante-Montenegro.jpg?fit=1040%2C585&ssl=1&resize=350%2C200","width":350,"height":200,"srcset":"https:\/\/i0.wp.com\/larevistadigital.com.ar\/blog\/wp-content\/uploads\/2017\/09\/Foto-2-Ferrante-Montenegro.jpg?fit=1040%2C585&ssl=1&resize=350%2C200 1x, https:\/\/i0.wp.com\/larevistadigital.com.ar\/blog\/wp-content\/uploads\/2017\/09\/Foto-2-Ferrante-Montenegro.jpg?fit=1040%2C585&ssl=1&resize=525%2C300 1.5x, https:\/\/i0.wp.com\/larevistadigital.com.ar\/blog\/wp-content\/uploads\/2017\/09\/Foto-2-Ferrante-Montenegro.jpg?fit=1040%2C585&ssl=1&resize=700%2C400 2x"},"classes":[]},{"id":40700,"url":"https:\/\/larevistadigital.com.ar\/blog\/dirigentes-y-candidatos-de-la-libertad-avanza-de-chascomus-estuvieron-en-la-presentacion-de-la-lista-en-dolores\/","url_meta":{"origin":40910,"position":1},"title":"Dirigentes y candidatos de La Libertad Avanza de Chascom\u00fas, estuvieron en la presentaci\u00f3n de la lista en Dolores.","author":"Alejandro Sosa Ruda","date":"1 agosto, 2025","format":false,"excerpt":"El evento cont\u00f3 con la presencia de distintos dirigentes, incluyendo al candidato a 1er. Senador de la 5ta secci\u00f3n, Guillermo Montenegro. 01 de Agosto de 2025 DOLORES\u00a0 -\u00a0 \u00a0En el d\u00eda de ayer, se realiz\u00f3 la presentaci\u00f3n de candidatos de La Libertad Avanza en la ciudad de Dolores, donde adem\u00e1s\u2026","rel":"","context":"En \u00abINTERES GENERAL\u00bb","block_context":{"text":"INTERES GENERAL","link":"https:\/\/larevistadigital.com.ar\/blog\/category\/interes-general\/"},"img":{"alt_text":"","src":"https:\/\/i0.wp.com\/larevistadigital.com.ar\/blog\/wp-content\/uploads\/WhatsApp-Image-2025-08-01-at-11.12.24.jpeg?fit=814%2C543&ssl=1&resize=350%2C200","width":350,"height":200,"srcset":"https:\/\/i0.wp.com\/larevistadigital.com.ar\/blog\/wp-content\/uploads\/WhatsApp-Image-2025-08-01-at-11.12.24.jpeg?fit=814%2C543&ssl=1&resize=350%2C200 1x, https:\/\/i0.wp.com\/larevistadigital.com.ar\/blog\/wp-content\/uploads\/WhatsApp-Image-2025-08-01-at-11.12.24.jpeg?fit=814%2C543&ssl=1&resize=525%2C300 1.5x, https:\/\/i0.wp.com\/larevistadigital.com.ar\/blog\/wp-content\/uploads\/WhatsApp-Image-2025-08-01-at-11.12.24.jpeg?fit=814%2C543&ssl=1&resize=700%2C400 2x"},"classes":[]},{"id":31902,"url":"https:\/\/larevistadigital.com.ar\/blog\/de-la-mano-de-ricardo-chambers-visito-chascomus-el-diputado-del-po-guillermo-kane\/","url_meta":{"origin":40910,"position":2},"title":"DE LA MANO DE RICARDO CHAMBERS, VISIT\u00d3 CHASCOM\u00daS EL DIPUTADO DEL PO GUILLERMO KANE","author":"Alejandro Sosa Ruda","date":"10 junio, 2023","format":false,"excerpt":"Recorri\u00f3 medios, visit\u00f3 a la militancia local de PO y reafirmaron la lista que en las pr\u00f3ximas PASO encabeza Ricardo E. Chambers. 10 de junio de 2023 CHASCOM\u00daS\u00a0 -\u00a0 El pasado lunes visit\u00f3 la ciudad de Chascom\u00fas el Diputado por el Partido Obrero Guillermo Kane. Desde La Plata, y en\u2026","rel":"","context":"En \u00abPOLITICA\u00bb","block_context":{"text":"POLITICA","link":"https:\/\/larevistadigital.com.ar\/blog\/category\/politica\/"},"img":{"alt_text":"Diputado Guillermo Kane","src":"https:\/\/i0.wp.com\/larevistadigital.com.ar\/blog\/wp-content\/uploads\/1916.jpeg?fit=1200%2C801&ssl=1&resize=350%2C200","width":350,"height":200,"srcset":"https:\/\/i0.wp.com\/larevistadigital.com.ar\/blog\/wp-content\/uploads\/1916.jpeg?fit=1200%2C801&ssl=1&resize=350%2C200 1x, https:\/\/i0.wp.com\/larevistadigital.com.ar\/blog\/wp-content\/uploads\/1916.jpeg?fit=1200%2C801&ssl=1&resize=525%2C300 1.5x, https:\/\/i0.wp.com\/larevistadigital.com.ar\/blog\/wp-content\/uploads\/1916.jpeg?fit=1200%2C801&ssl=1&resize=700%2C400 2x, https:\/\/i0.wp.com\/larevistadigital.com.ar\/blog\/wp-content\/uploads\/1916.jpeg?fit=1200%2C801&ssl=1&resize=1050%2C600 3x"},"classes":[]},{"id":32704,"url":"https:\/\/larevistadigital.com.ar\/blog\/gente-de-patricia-bullrich-martin-yeza-visito-la-ciudad-de-chascomus-y-se-encontro-con-gustavo-lopez\/","url_meta":{"origin":40910,"position":3},"title":"\u00abGENTE DE PATRICIA BULLRICH\u00bb MARTIN YEZA VISIT\u00d3 LA CIUDAD DE CHASCOM\u00daS Y SE ENCONTR\u00d3 CON GUSTAVO L\u00d3PEZ","author":"Alejandro Sosa Ruda","date":"1 agosto, 2023","format":false,"excerpt":"La visita fue en apoyo al precandidato a intendente Gustavo L\u00f3pez, ya que ambos acompa\u00f1an la candidatura de Patricia Bullrich. 1\u00b0 de agosto de 2023 CHASCOM\u00daS -\u00a0 Estuvo visitando nuestra ciudad el precandidato a Diputado Nacional y actual intendente de Pinamar Mart\u00edn Yeza, quien fuera recibido por el precandidato a\u2026","rel":"","context":"En \u00abPOLITICA\u00bb","block_context":{"text":"POLITICA","link":"https:\/\/larevistadigital.com.ar\/blog\/category\/politica\/"},"img":{"alt_text":"","src":"https:\/\/i0.wp.com\/larevistadigital.com.ar\/blog\/wp-content\/uploads\/Captura-de-pantalla-2023-08-01-193834.jpg?fit=800%2C525&ssl=1&resize=350%2C200","width":350,"height":200,"srcset":"https:\/\/i0.wp.com\/larevistadigital.com.ar\/blog\/wp-content\/uploads\/Captura-de-pantalla-2023-08-01-193834.jpg?fit=800%2C525&ssl=1&resize=350%2C200 1x, https:\/\/i0.wp.com\/larevistadigital.com.ar\/blog\/wp-content\/uploads\/Captura-de-pantalla-2023-08-01-193834.jpg?fit=800%2C525&ssl=1&resize=525%2C300 1.5x, https:\/\/i0.wp.com\/larevistadigital.com.ar\/blog\/wp-content\/uploads\/Captura-de-pantalla-2023-08-01-193834.jpg?fit=800%2C525&ssl=1&resize=700%2C400 2x"},"classes":[]},{"id":13175,"url":"https:\/\/larevistadigital.com.ar\/blog\/mar-del-plata-bonfatti-sera-el-secretario-de-gobierno-de-guillermo-montenegro\/","url_meta":{"origin":40910,"position":4},"title":"MAR DEL PLATA: BONFATTI SER\u00c1 EL SECRETARIO DE GOBIERNO DE GUILLERMO MONTENEGRO","author":"Alejandro Sosa Ruda","date":"12 noviembre, 2019","format":false,"excerpt":"Lo anunciar\u00e1 el intendente electo. El concejal, que termina su mandato el 10 de diciembre, tendr\u00e1 un rol protag\u00f3nico en la futura administraci\u00f3n. MAR DEL PLATA - Santiago Bonifatti terminar\u00e1 su mandato de concejal el 10 de diciembre pero no se alejar\u00e1 de la Municipalidad: el intendente electo, Guillermo Montenegro,\u00a0lo\u2026","rel":"","context":"En \u00abREGIONALES\u00bb","block_context":{"text":"REGIONALES","link":"https:\/\/larevistadigital.com.ar\/blog\/category\/regionales\/"},"img":{"alt_text":"","src":"https:\/\/i0.wp.com\/larevistadigital.com.ar\/blog\/wp-content\/uploads\/Screenshot_1-64.jpg?fit=1008%2C714&ssl=1&resize=350%2C200","width":350,"height":200,"srcset":"https:\/\/i0.wp.com\/larevistadigital.com.ar\/blog\/wp-content\/uploads\/Screenshot_1-64.jpg?fit=1008%2C714&ssl=1&resize=350%2C200 1x, https:\/\/i0.wp.com\/larevistadigital.com.ar\/blog\/wp-content\/uploads\/Screenshot_1-64.jpg?fit=1008%2C714&ssl=1&resize=525%2C300 1.5x, https:\/\/i0.wp.com\/larevistadigital.com.ar\/blog\/wp-content\/uploads\/Screenshot_1-64.jpg?fit=1008%2C714&ssl=1&resize=700%2C400 2x"},"classes":[]},{"id":42132,"url":"https:\/\/larevistadigital.com.ar\/blog\/multiples-denuncias-de-municipales-acorralan-al-intendente-montenegro-en-mar-del-plata\/","url_meta":{"origin":40910,"position":5},"title":"M\u00faltiples denuncias de municipales acorralan al intendente Montenegro en Mar del Plata","author":"Alejandro Sosa Ruda","date":"20 octubre, 2025","format":false,"excerpt":"Trabajadores del gobierno marplatense acusan al jefe comunal de nombrar arbitrariamente a m\u00e1s de veinte funcionarios jer\u00e1rquicos, una maniobra que, de acuerdo con la organizaci\u00f3n, \u201clesiona\u201d la carrera de cientos de agentes municipales. La gesti\u00f3n del\u00a0intendente\u00a0Guillermo Montenegro\u00a0en el municipio bonaerense de\u00a0General Pueyrred\u00f3n\u00a0(Mar del Plata) atraviesa una nueva pol\u00e9mica y es\u2026","rel":"","context":"En \u00abPOLITICA\u00bb","block_context":{"text":"POLITICA","link":"https:\/\/larevistadigital.com.ar\/blog\/category\/politica\/"},"img":{"alt_text":"","src":"https:\/\/i0.wp.com\/larevistadigital.com.ar\/blog\/wp-content\/uploads\/Captura-de-pantalla-2025-10-20-220507.jpg?fit=730%2C455&ssl=1&resize=350%2C200","width":350,"height":200,"srcset":"https:\/\/i0.wp.com\/larevistadigital.com.ar\/blog\/wp-content\/uploads\/Captura-de-pantalla-2025-10-20-220507.jpg?fit=730%2C455&ssl=1&resize=350%2C200 1x, https:\/\/i0.wp.com\/larevistadigital.com.ar\/blog\/wp-content\/uploads\/Captura-de-pantalla-2025-10-20-220507.jpg?fit=730%2C455&ssl=1&resize=525%2C300 1.5x, https:\/\/i0.wp.com\/larevistadigital.com.ar\/blog\/wp-content\/uploads\/Captura-de-pantalla-2025-10-20-220507.jpg?fit=730%2C455&ssl=1&resize=700%2C400 2x"},"classes":[]}],"_links":{"self":[{"href":"https:\/\/larevistadigital.com.ar\/blog\/wp-json\/wp\/v2\/posts\/40910","targetHints":{"allow":["GET"]}}],"collection":[{"href":"https:\/\/larevistadigital.com.ar\/blog\/wp-json\/wp\/v2\/posts"}],"about":[{"href":"https:\/\/larevistadigital.com.ar\/blog\/wp-json\/wp\/v2\/types\/post"}],"author":[{"embeddable":true,"href":"https:\/\/larevistadigital.com.ar\/blog\/wp-json\/wp\/v2\/users\/3"}],"replies":[{"embeddable":true,"href":"https:\/\/larevistadigital.com.ar\/blog\/wp-json\/wp\/v2\/comments?post=40910"}],"version-history":[{"count":2,"href":"https:\/\/larevistadigital.com.ar\/blog\/wp-json\/wp\/v2\/posts\/40910\/revisions"}],"predecessor-version":[{"id":40917,"href":"https:\/\/larevistadigital.com.ar\/blog\/wp-json\/wp\/v2\/posts\/40910\/revisions\/40917"}],"wp:featuredmedia":[{"embeddable":true,"href":"https:\/\/larevistadigital.com.ar\/blog\/wp-json\/wp\/v2\/media\/40911"}],"wp:attachment":[{"href":"https:\/\/larevistadigital.com.ar\/blog\/wp-json\/wp\/v2\/media?parent=40910"}],"wp:term":[{"taxonomy":"category","embeddable":true,"href":"https:\/\/larevistadigital.com.ar\/blog\/wp-json\/wp\/v2\/categories?post=40910"},{"taxonomy":"post_tag","embeddable":true,"href":"https:\/\/larevistadigital.com.ar\/blog\/wp-json\/wp\/v2\/tags?post=40910"}],"curies":[{"name":"wp","href":"https:\/\/api.w.org\/{rel}","templated":true}]}}